{"id":4442,"date":"2009-12-14T18:37:00","date_gmt":"2009-12-14T18:37:00","guid":{"rendered":""},"modified":"2022-10-06T23:58:12","modified_gmt":"2022-10-06T23:58:12","slug":"abierta-convocatoria-2010-de-academia-del-bafona","status":"publish","type":"post","link":"https:\/\/www.fraczinet.cl\/sitio\/abierta-convocatoria-2010-de-academia-del-bafona\/","title":{"rendered":"Abierta Convocatoria 2010 De Academia del Bafona"},"content":{"rendered":"<div style=\"text-align: justify;\">Hasta el 8 de enero del 2010 se encontrar\u00e1n abiertas las inscripciones para postular a la Academia del Bafona, que ofrece 40 vacantes para danza (20 mujeres &#8211; 20 hombres) y 30 para el \u00e1rea de m\u00fasica.<\/div>\n<div style=\"text-align: justify;\"><\/div>\n<div style=\"text-align: justify;\">Las vacantes ser\u00e1n ocupadas por los postulantes que hayan sido aprobados en una audici\u00f3n personal, entre el 11 y el 15 de enero de 2010, consistente en una prueba te\u00f3rica y pr\u00e1ctica de la disciplina a la que postula y una entrevista.<\/div>\n<div style=\"text-align: justify;\"><\/div>\n<div style=\"text-align: justify;\">Esta convocatoria est\u00e1 dirigida a profesores\/as reci\u00e9n titulados, estudiantes de cuarto y\/o quinto a\u00f1o de la carrera de pedagog\u00eda y estudiosos\/as e interesados\/as en el conocimiento y ense\u00f1anza de materias relacionadas con la danza y la m\u00fasica tradicional, que puedan acreditar su trayectoria.<\/div>\n<div style=\"text-align: justify;\"><\/div>\n<div style=\"text-align: justify;\">Los interesados deben dirigirse junto a su curr\u00edculum a la sede del Ballet Folkl\u00f3rico Nacional, Bafona, Fray Camilo Henr\u00edquez N\u00b0 262, primer subterr\u00e1neo, Santiago, y\/o comunicarse con Myriam Herrera, Encargada Coordinaci\u00f3n Interna de Bafona, Tel\u00e9fono 02-5897934, correo myriam.herrera@consejodelacultura.cl.<\/div>\n<div style=\"text-align: justify;\"><\/div>\n<div style=\"text-align: justify;\">Las clases, que son completamente gratuitas, comenzar\u00e1n el 15 de marzo de 2010. Se realizar\u00e1n los lunes, mi\u00e9rcoles y viernes desde las 15:00 a las 19:00 horas, durante 4 semestres y estar\u00e1n orientadas a entregar sustento te\u00f3rico y pr\u00e1ctico en aspectos musicales y danc\u00edsticos relacionados con el patrimonio cultural intangible de nuestro pa\u00eds, con el fin de aportar al desarrollo cultural en un marco de reconocimiento de la diversidad y salvaguarda de nuestro patrimonio, a la vez de integrarlos como factores de desarrollo humano, tanto en Bafona como, a nivel de otras instituciones.<\/div>\n<div style=\"text-align: justify;\"><\/div>\n<div style=\"text-align: justify;\">En este proceso 2010-2011, la Academia de Bafona, con el fin de reforzar los procesos de ense\u00f1anza y aprendizaje en los aspectos musicales y danc\u00edsticos relacionados con nuestra cultura tradicional, ya no s\u00f3lo preparar\u00e1 a sus alumnos\/as como interpretes en danza o m\u00fasica, sino que tambi\u00e9n ahondar\u00e1 en temas m\u00e1s espec\u00edficos que puedan fortalecer una formaci\u00f3n y perfeccionamiento que aporten al desarrollo de futuros\/as monitores de danza y m\u00fasica tradicionales.<\/div>\n<div style=\"text-align: justify;\"><\/div>\n<div style=\"text-align: justify;\">As\u00ed, el alumno\/a al terminar sus clases en la Academia podr\u00e1 poner en pr\u00e1ctica sus conocimientos, ya sea capacitando a grupos de personas en escuelas, centros comunitarios y talleres municipales, entre otros organismos, o desarrollarse en la compa\u00f1\u00eda Bafona, si se da la posibilidad y el espacio de cargos. <\/div>\n<div style=\"text-align: justify;\"><\/div>\n<div style=\"text-align: justify;\">Fuente: <span style=\"font-weight: bold;\">Municipalidad de Quirihue, \u00c1rea de Cultura<\/span>.<\/div>\n<div style=\"text-align: justify;\"><\/div>\n<div style=\"text-align: justify;\"><\/div>\n<div style=\"text-align: justify;\"><\/div>\n","protected":false},"excerpt":{"rendered":"<p>Hasta el 8 de enero del 2010 se encontrar\u00e1n abiertas las inscripciones para postular a la Academia del Bafona, que ofrece 40 vacantes para danza (20 mujeres &#8211; 20 hombres) y 30 para el \u00e1rea de m\u00fasica. Las vacantes ser\u00e1n ocupadas por los postulantes que hayan sido aprobados en una audici\u00f3n personal, entre el 11 [&hellip;]<\/p>\n","protected":false},"author":1,"featured_media":0,"comment_status":"open","ping_status":"closed","sticky":false,"template":"","format":"standard","meta":{"footnotes":""},"categories":[206,212],"tags":[],"class_list":["post-4442","post","type-post","status-publish","format-standard","hentry","category-concursos","category-danza"],"yoast_head":"<!-- This site is optimized with the Yoast SEO plugin v28.2 - https:\/\/yoast.com\/product\/yoast-seo-wordpress\/ -->\n<title>Abierta Convocatoria 2010 De Academia del Bafona - Nuestro Bio B\u00edo<\/title>\n<meta name=\"robots\" content=\"index, follow, max-snippet:-1, max-image-preview:large, max-video-preview:-1\" \/>\n<link rel=\"canonical\" href=\"https:\/\/www.fraczinet.cl\/sitio\/abierta-convocatoria-2010-de-academia-del-bafona\/\" \/>\n<meta property=\"og:locale\" content=\"es_ES\" \/>\n<meta property=\"og:type\" content=\"article\" \/>\n<meta property=\"og:title\" content=\"Abierta Convocatoria 2010 De Academia del Bafona - Nuestro Bio B\u00edo\" \/>\n<meta property=\"og:description\" content=\"Hasta el 8 de enero del 2010 se encontrar\u00e1n abiertas las inscripciones para postular a la Academia del Bafona, que ofrece 40 vacantes para danza (20 mujeres &#8211; 20 hombres) y 30 para el \u00e1rea de m\u00fasica. Las vacantes ser\u00e1n ocupadas por los postulantes que hayan sido aprobados en una audici\u00f3n personal, entre el 11 [&hellip;]\" \/>\n<meta property=\"og:url\" content=\"https:\/\/www.fraczinet.cl\/sitio\/abierta-convocatoria-2010-de-academia-del-bafona\/\" \/>\n<meta property=\"og:site_name\" content=\"Nuestro Bio B\u00edo\" \/>\n<meta property=\"article:publisher\" content=\"https:\/\/www.facebook.com\/groups\/15721414452\/\" \/>\n<meta property=\"article:published_time\" content=\"2009-12-14T18:37:00+00:00\" \/>\n<meta property=\"article:modified_time\" content=\"2022-10-06T23:58:12+00:00\" \/>\n<meta property=\"og:image\" content=\"https:\/\/www.fraczinet.cl\/sitio\/wp-content\/uploads\/2021\/07\/bannerlogo-1.gif\" \/>\n\t<meta property=\"og:image:width\" content=\"159\" \/>\n\t<meta property=\"og:image:height\" content=\"79\" \/>\n\t<meta property=\"og:image:type\" content=\"image\/gif\" \/>\n<meta name=\"twitter:card\" content=\"summary_large_image\" \/>\n<meta name=\"twitter:creator\" content=\"@nuestrobiobio\" \/>\n<meta name=\"twitter:site\" content=\"@nuestrobiobio\" \/>\n<meta name=\"twitter:label1\" content=\"Escrito por\" \/>\n\t<meta name=\"twitter:data1\" content=\"\" \/>\n\t<meta name=\"twitter:label2\" content=\"Tiempo de lectura\" \/>\n\t<meta name=\"twitter:data2\" content=\"2 minutos\" \/>\n<script type=\"application\/ld+json\" class=\"yoast-schema-graph\">{\"@context\":\"https:\\\/\\\/schema.org\",\"@graph\":[{\"@type\":\"Article\",\"@id\":\"https:\\\/\\\/www.fraczinet.cl\\\/sitio\\\/abierta-convocatoria-2010-de-academia-del-bafona\\\/#article\",\"isPartOf\":{\"@id\":\"https:\\\/\\\/www.fraczinet.cl\\\/sitio\\\/abierta-convocatoria-2010-de-academia-del-bafona\\\/\"},\"author\":{\"name\":\"\",\"@id\":\"\"},\"headline\":\"Abierta Convocatoria 2010 De Academia del Bafona\",\"datePublished\":\"2009-12-14T18:37:00+00:00\",\"dateModified\":\"2022-10-06T23:58:12+00:00\",\"mainEntityOfPage\":{\"@id\":\"https:\\\/\\\/www.fraczinet.cl\\\/sitio\\\/abierta-convocatoria-2010-de-academia-del-bafona\\\/\"},\"wordCount\":417,\"commentCount\":0,\"articleSection\":[\"Concursos\",\"Danza\"],\"inLanguage\":\"es\",\"potentialAction\":[{\"@type\":\"CommentAction\",\"name\":\"Comment\",\"target\":[\"https:\\\/\\\/www.fraczinet.cl\\\/sitio\\\/abierta-convocatoria-2010-de-academia-del-bafona\\\/#respond\"]}]},{\"@type\":\"WebPage\",\"@id\":\"https:\\\/\\\/www.fraczinet.cl\\\/sitio\\\/abierta-convocatoria-2010-de-academia-del-bafona\\\/\",\"url\":\"https:\\\/\\\/www.fraczinet.cl\\\/sitio\\\/abierta-convocatoria-2010-de-academia-del-bafona\\\/\",\"name\":\"Abierta Convocatoria 2010 De Academia del Bafona - Nuestro Bio B\u00edo\",\"isPartOf\":{\"@id\":\"https:\\\/\\\/www.fraczinet.cl\\\/sitio\\\/#website\"},\"datePublished\":\"2009-12-14T18:37:00+00:00\",\"dateModified\":\"2022-10-06T23:58:12+00:00\",\"author\":{\"@id\":\"\"},\"breadcrumb\":{\"@id\":\"https:\\\/\\\/www.fraczinet.cl\\\/sitio\\\/abierta-convocatoria-2010-de-academia-del-bafona\\\/#breadcrumb\"},\"inLanguage\":\"es\",\"potentialAction\":[{\"@type\":\"ReadAction\",\"target\":[\"https:\\\/\\\/www.fraczinet.cl\\\/sitio\\\/abierta-convocatoria-2010-de-academia-del-bafona\\\/\"]}]},{\"@type\":\"BreadcrumbList\",\"@id\":\"https:\\\/\\\/www.fraczinet.cl\\\/sitio\\\/abierta-convocatoria-2010-de-academia-del-bafona\\\/#breadcrumb\",\"itemListElement\":[{\"@type\":\"ListItem\",\"position\":1,\"name\":\"Portada\",\"item\":\"https:\\\/\\\/www.fraczinet.cl\\\/sitio\\\/\"},{\"@type\":\"ListItem\",\"position\":2,\"name\":\"Abierta Convocatoria 2010 De Academia del Bafona\"}]},{\"@type\":\"WebSite\",\"@id\":\"https:\\\/\\\/www.fraczinet.cl\\\/sitio\\\/#website\",\"url\":\"https:\\\/\\\/www.fraczinet.cl\\\/sitio\\\/\",\"name\":\"Nuestro Bio B\u00edo\",\"description\":\"Tierra de Encuentros\",\"potentialAction\":[{\"@type\":\"SearchAction\",\"target\":{\"@type\":\"EntryPoint\",\"urlTemplate\":\"https:\\\/\\\/www.fraczinet.cl\\\/sitio\\\/?s={search_term_string}\"},\"query-input\":{\"@type\":\"PropertyValueSpecification\",\"valueRequired\":true,\"valueName\":\"search_term_string\"}}],\"inLanguage\":\"es\"},{\"@type\":\"Person\",\"@id\":\"\"}]}<\/script>\n<!-- \/ Yoast SEO plugin. -->","yoast_head_json":{"title":"Abierta Convocatoria 2010 De Academia del Bafona - Nuestro Bio B\u00edo","robots":{"index":"index","follow":"follow","max-snippet":"max-snippet:-1","max-image-preview":"max-image-preview:large","max-video-preview":"max-video-preview:-1"},"canonical":"https:\/\/www.fraczinet.cl\/sitio\/abierta-convocatoria-2010-de-academia-del-bafona\/","og_locale":"es_ES","og_type":"article","og_title":"Abierta Convocatoria 2010 De Academia del Bafona - Nuestro Bio B\u00edo","og_description":"Hasta el 8 de enero del 2010 se encontrar\u00e1n abiertas las inscripciones para postular a la Academia del Bafona, que ofrece 40 vacantes para danza (20 mujeres &#8211; 20 hombres) y 30 para el \u00e1rea de m\u00fasica. Las vacantes ser\u00e1n ocupadas por los postulantes que hayan sido aprobados en una audici\u00f3n personal, entre el 11 [&hellip;]","og_url":"https:\/\/www.fraczinet.cl\/sitio\/abierta-convocatoria-2010-de-academia-del-bafona\/","og_site_name":"Nuestro Bio B\u00edo","article_publisher":"https:\/\/www.facebook.com\/groups\/15721414452\/","article_published_time":"2009-12-14T18:37:00+00:00","article_modified_time":"2022-10-06T23:58:12+00:00","og_image":[{"width":159,"height":79,"url":"https:\/\/www.fraczinet.cl\/sitio\/wp-content\/uploads\/2021\/07\/bannerlogo-1.gif","type":"image\/gif"}],"twitter_card":"summary_large_image","twitter_creator":"@nuestrobiobio","twitter_site":"@nuestrobiobio","twitter_misc":{"Escrito por":"","Tiempo de lectura":"2 minutos"},"schema":{"@context":"https:\/\/schema.org","@graph":[{"@type":"Article","@id":"https:\/\/www.fraczinet.cl\/sitio\/abierta-convocatoria-2010-de-academia-del-bafona\/#article","isPartOf":{"@id":"https:\/\/www.fraczinet.cl\/sitio\/abierta-convocatoria-2010-de-academia-del-bafona\/"},"author":{"name":"","@id":""},"headline":"Abierta Convocatoria 2010 De Academia del Bafona","datePublished":"2009-12-14T18:37:00+00:00","dateModified":"2022-10-06T23:58:12+00:00","mainEntityOfPage":{"@id":"https:\/\/www.fraczinet.cl\/sitio\/abierta-convocatoria-2010-de-academia-del-bafona\/"},"wordCount":417,"commentCount":0,"articleSection":["Concursos","Danza"],"inLanguage":"es","potentialAction":[{"@type":"CommentAction","name":"Comment","target":["https:\/\/www.fraczinet.cl\/sitio\/abierta-convocatoria-2010-de-academia-del-bafona\/#respond"]}]},{"@type":"WebPage","@id":"https:\/\/www.fraczinet.cl\/sitio\/abierta-convocatoria-2010-de-academia-del-bafona\/","url":"https:\/\/www.fraczinet.cl\/sitio\/abierta-convocatoria-2010-de-academia-del-bafona\/","name":"Abierta Convocatoria 2010 De Academia del Bafona - Nuestro Bio B\u00edo","isPartOf":{"@id":"https:\/\/www.fraczinet.cl\/sitio\/#website"},"datePublished":"2009-12-14T18:37:00+00:00","dateModified":"2022-10-06T23:58:12+00:00","author":{"@id":""},"breadcrumb":{"@id":"https:\/\/www.fraczinet.cl\/sitio\/abierta-convocatoria-2010-de-academia-del-bafona\/#breadcrumb"},"inLanguage":"es","potentialAction":[{"@type":"ReadAction","target":["https:\/\/www.fraczinet.cl\/sitio\/abierta-convocatoria-2010-de-academia-del-bafona\/"]}]},{"@type":"BreadcrumbList","@id":"https:\/\/www.fraczinet.cl\/sitio\/abierta-convocatoria-2010-de-academia-del-bafona\/#breadcrumb","itemListElement":[{"@type":"ListItem","position":1,"name":"Portada","item":"https:\/\/www.fraczinet.cl\/sitio\/"},{"@type":"ListItem","position":2,"name":"Abierta Convocatoria 2010 De Academia del Bafona"}]},{"@type":"WebSite","@id":"https:\/\/www.fraczinet.cl\/sitio\/#website","url":"https:\/\/www.fraczinet.cl\/sitio\/","name":"Nuestro Bio B\u00edo","description":"Tierra de Encuentros","potentialAction":[{"@type":"SearchAction","target":{"@type":"EntryPoint","urlTemplate":"https:\/\/www.fraczinet.cl\/sitio\/?s={search_term_string}"},"query-input":{"@type":"PropertyValueSpecification","valueRequired":true,"valueName":"search_term_string"}}],"inLanguage":"es"},{"@type":"Person","@id":""}]}},"_links":{"self":[{"href":"https:\/\/www.fraczinet.cl\/sitio\/wp-json\/wp\/v2\/posts\/4442","targetHints":{"allow":["GET"]}}],"collection":[{"href":"https:\/\/www.fraczinet.cl\/sitio\/wp-json\/wp\/v2\/posts"}],"about":[{"href":"https:\/\/www.fraczinet.cl\/sitio\/wp-json\/wp\/v2\/types\/post"}],"author":[{"embeddable":true,"href":"https:\/\/www.fraczinet.cl\/sitio\/wp-json\/wp\/v2\/users\/1"}],"replies":[{"embeddable":true,"href":"https:\/\/www.fraczinet.cl\/sitio\/wp-json\/wp\/v2\/comments?post=4442"}],"version-history":[{"count":1,"href":"https:\/\/www.fraczinet.cl\/sitio\/wp-json\/wp\/v2\/posts\/4442\/revisions"}],"predecessor-version":[{"id":5274,"href":"https:\/\/www.fraczinet.cl\/sitio\/wp-json\/wp\/v2\/posts\/4442\/revisions\/5274"}],"wp:attachment":[{"href":"https:\/\/www.fraczinet.cl\/sitio\/wp-json\/wp\/v2\/media?parent=4442"}],"wp:term":[{"taxonomy":"category","embeddable":true,"href":"https:\/\/www.fraczinet.cl\/sitio\/wp-json\/wp\/v2\/categories?post=4442"},{"taxonomy":"post_tag","embeddable":true,"href":"https:\/\/www.fraczinet.cl\/sitio\/wp-json\/wp\/v2\/tags?post=4442"}],"curies":[{"name":"wp","href":"https:\/\/api.w.org\/{rel}","templated":true}]}}