{"id":4456,"date":"2009-12-08T20:04:00","date_gmt":"2009-12-08T20:04:00","guid":{"rendered":"https:\/\/www.fraczinet.cl\/sitio\/2009\/12\/08\/jornada-artistica-marcara-cierre-del-programa-okupa-y-premiacion-del-concurso-de-historia-local\/"},"modified":"2009-12-08T20:04:00","modified_gmt":"2009-12-08T20:04:00","slug":"jornada-artistica-marcara-cierre-del-programa-okupa-y-premiacion-del-concurso-de-historia-local","status":"publish","type":"post","link":"https:\/\/www.fraczinet.cl\/sitio\/jornada-artistica-marcara-cierre-del-programa-okupa-y-premiacion-del-concurso-de-historia-local\/","title":{"rendered":"Jornada Art\u00edstica Marcar\u00e1 Cierre Del Programa OKUPA Y Premiaci\u00f3n Del Concurso De Historia Local"},"content":{"rendered":"<div style=\"text-align: justify;\">Las dependencias de Balmaceda Arte Joven (Colo Colo #1855, Concepci\u00f3n), ser\u00e1n la sede en la cual los j\u00f3venes de los 11 liceos de la regi\u00f3n beneficiados con el Programa OKUPA, compartir\u00e1n sus logros y conocimientos. Desde las 11 de la ma\u00f1ana del mi\u00e9rcoles 9 de diciembre y hasta las 17:00 horas se podr\u00e1 disfrutar de las presentaciones de los distintos talleres del programa: teatro, m\u00fasica, danza, folklore, percusi\u00f3n, audiovisual y literatura.<\/div>\n<div style=\"text-align: justify;\"><\/div>\n<div style=\"text-align: justify;\">El programa Okupa perteneciente al Consejo Nacional de la Cultura y las Artes se orienta a la promoci\u00f3n y desarrollo de nuevas oportunidades de expresi\u00f3n en los estudiantes de liceos con Jornada Escolar Completa. Por medio de propuestas metodol\u00f3gicas innovadoras los talleristas en conjunto con los docentes desarrollaron la creatividad, en un proceso colectivo y de interacci\u00f3n de lenguajes art\u00edsticos.<\/div>\n<div style=\"text-align: justify;\"><\/div>\n<div style=\"text-align: justify;\">La iniciativa tiene como prop\u00f3sito promover que los j\u00f3venes adquieran una mirada m\u00e1s amplia y cercana respecto del arte, m\u00e1s inclusiva de la cultura y del entorno cultural donde el establecimiento educacional est\u00e9 inserto.<\/div>\n<div style=\"text-align: justify;\"><\/div>\n<div style=\"text-align: justify;\">El 26 de junio se dio inicio al programa que benefici\u00f3 a 11 liceos de la zona y 50 a nivel nacional en las regiones de Valpara\u00edso, Maule, Los R\u00edos, Los Lagos y Metropolitana.<\/div>\n<div style=\"text-align: justify;\"><\/div>\n<div style=\"text-align: justify;\"><span style=\"font-weight: bold;\">Concurso de Historia Local<\/span><\/div>\n<div style=\"text-align: justify;\"><\/div>\n<div style=\"text-align: justify;\">En la ocasi\u00f3n, se realizar\u00e1 adem\u00e1s el reconocimiento a los ganadores del Concurso de Historia Local, certamen en la que participaron m\u00e1s de 120 estudiantes de distintos sectores de nuestra Regi\u00f3n del Bio B\u00edo.<\/div>\n<div style=\"text-align: justify;\"><\/div>\n<div style=\"text-align: justify;\">El primer lugar fue para el relato \u201c\u2018<a href=\"http:\/\/pemucobiobio.blogspot.com\/\">Pemuco<\/a>\u2019, el nombre que surgi\u00f3 del dolor\u201d, de Ang\u00e9lica Rodr\u00edguez S\u00e1ez, alumna de cuarto medio del Liceo Tom\u00e1s Arnaldo Herrera Vega, de <a href=\"http:\/\/pemucobiobio.blogspot.com\/\">Pemuco<\/a>. El segundo lugar, se lo llev\u00f3 Jocelyn Andrea P\u00e9rez Bello, alumna de tercero medio del Liceo A-66 H\u00e9roes de la Concepci\u00f3n. Gracias a su relato \u201cGolpe de Estado, Historia Viva\u201d. El tercer lugar tambi\u00e9n fue para el establecimiento Tom\u00e1s Arnaldo Herrera Vega, de <a href=\"http:\/\/pemucobiobio.blogspot.com\/\">Pemuco<\/a>, con \u201cEl gran secreto\u201d, escrito por la estudiante de 17 a\u00f1os Evelyn Marcela Troncoso Valle.<\/div>\n<div style=\"text-align: justify;\"><\/div>\n<div style=\"text-align: justify;\">En la ceremonia recibir\u00e1n el reconocimiento por su excelencia en el rescate de sus vivencias e historias locales, pero adem\u00e1s gracias a su triunfo en este certamen hist\u00f3rico podr\u00e1n visitar junto a sus cursos el circuito patrimonial Lota Sorprendente, recorrer el Parque Alessandri de Coronel y la Pinacoteca de la Universidad de Concepci\u00f3n, respectivamente.<\/div>\n<div style=\"text-align: justify;\"><\/div>\n<div style=\"text-align: justify;\">Esta iniciativa, impulsada por el Consejo Regional de la Cultura y las Artes, tuvo como objetivo incentivar a los j\u00f3venes a indagar por medio de entrevistas, revisi\u00f3n de archivos, investigaci\u00f3n y recopilaci\u00f3n de la tradici\u00f3n oral de su entorno, los antecedentes para presentarlos en forma de relato o narraci\u00f3n hist\u00f3rica, de esta manera estudiantes de liceos de toda la regi\u00f3n recuperaron vivencias que son parte de su historia.<\/div>\n","protected":false},"excerpt":{"rendered":"<p>Las dependencias de Balmaceda Arte Joven (Colo Colo #1855, Concepci\u00f3n), ser\u00e1n la sede en la cual los j\u00f3venes de los 11 liceos de la regi\u00f3n beneficiados con el Programa OKUPA, compartir\u00e1n sus logros y conocimientos. Desde las 11 de la ma\u00f1ana del mi\u00e9rcoles 9 de diciembre y hasta las 17:00 horas se podr\u00e1 disfrutar de [&hellip;]<\/p>\n","protected":false},"author":1,"featured_media":0,"comment_status":"open","ping_status":"closed","sticky":false,"template":"","format":"standard","meta":{"footnotes":""},"categories":[206,10],"tags":[],"class_list":["post-4456","post","type-post","status-publish","format-standard","hentry","category-concursos","category-historia"],"yoast_head":"<!-- This site is optimized with the Yoast SEO plugin v28.2 - https:\/\/yoast.com\/product\/yoast-seo-wordpress\/ -->\n<title>Jornada Art\u00edstica Marcar\u00e1 Cierre Del Programa OKUPA Y Premiaci\u00f3n Del Concurso De Historia Local - Nuestro Bio B\u00edo<\/title>\n<meta name=\"robots\" content=\"index, follow, max-snippet:-1, max-image-preview:large, max-video-preview:-1\" \/>\n<link rel=\"canonical\" href=\"https:\/\/www.fraczinet.cl\/sitio\/jornada-artistica-marcara-cierre-del-programa-okupa-y-premiacion-del-concurso-de-historia-local\/\" \/>\n<meta property=\"og:locale\" content=\"es_ES\" \/>\n<meta property=\"og:type\" content=\"article\" \/>\n<meta property=\"og:title\" content=\"Jornada Art\u00edstica Marcar\u00e1 Cierre Del Programa OKUPA Y Premiaci\u00f3n Del Concurso De Historia Local - Nuestro Bio B\u00edo\" \/>\n<meta property=\"og:description\" content=\"Las dependencias de Balmaceda Arte Joven (Colo Colo #1855, Concepci\u00f3n), ser\u00e1n la sede en la cual los j\u00f3venes de los 11 liceos de la regi\u00f3n beneficiados con el Programa OKUPA, compartir\u00e1n sus logros y conocimientos. Desde las 11 de la ma\u00f1ana del mi\u00e9rcoles 9 de diciembre y hasta las 17:00 horas se podr\u00e1 disfrutar de [&hellip;]\" \/>\n<meta property=\"og:url\" content=\"https:\/\/www.fraczinet.cl\/sitio\/jornada-artistica-marcara-cierre-del-programa-okupa-y-premiacion-del-concurso-de-historia-local\/\" \/>\n<meta property=\"og:site_name\" content=\"Nuestro Bio B\u00edo\" \/>\n<meta property=\"article:publisher\" content=\"https:\/\/www.facebook.com\/groups\/15721414452\/\" \/>\n<meta property=\"article:published_time\" content=\"2009-12-08T20:04:00+00:00\" \/>\n<meta property=\"og:image\" content=\"https:\/\/www.fraczinet.cl\/sitio\/wp-content\/uploads\/2021\/07\/bannerlogo-1.gif\" \/>\n\t<meta property=\"og:image:width\" content=\"159\" \/>\n\t<meta property=\"og:image:height\" content=\"79\" \/>\n\t<meta property=\"og:image:type\" content=\"image\/gif\" \/>\n<meta name=\"twitter:card\" content=\"summary_large_image\" \/>\n<meta name=\"twitter:creator\" content=\"@nuestrobiobio\" \/>\n<meta name=\"twitter:site\" content=\"@nuestrobiobio\" \/>\n<meta name=\"twitter:label1\" content=\"Escrito por\" \/>\n\t<meta name=\"twitter:data1\" content=\"\" \/>\n\t<meta name=\"twitter:label2\" content=\"Tiempo de lectura\" \/>\n\t<meta name=\"twitter:data2\" content=\"2 minutos\" \/>\n<script type=\"application\/ld+json\" class=\"yoast-schema-graph\">{\"@context\":\"https:\\\/\\\/schema.org\",\"@graph\":[{\"@type\":\"Article\",\"@id\":\"https:\\\/\\\/www.fraczinet.cl\\\/sitio\\\/jornada-artistica-marcara-cierre-del-programa-okupa-y-premiacion-del-concurso-de-historia-local\\\/#article\",\"isPartOf\":{\"@id\":\"https:\\\/\\\/www.fraczinet.cl\\\/sitio\\\/jornada-artistica-marcara-cierre-del-programa-okupa-y-premiacion-del-concurso-de-historia-local\\\/\"},\"author\":{\"name\":\"\",\"@id\":\"\"},\"headline\":\"Jornada Art\u00edstica Marcar\u00e1 Cierre Del Programa OKUPA Y Premiaci\u00f3n Del Concurso De Historia Local\",\"datePublished\":\"2009-12-08T20:04:00+00:00\",\"mainEntityOfPage\":{\"@id\":\"https:\\\/\\\/www.fraczinet.cl\\\/sitio\\\/jornada-artistica-marcara-cierre-del-programa-okupa-y-premiacion-del-concurso-de-historia-local\\\/\"},\"wordCount\":502,\"commentCount\":0,\"articleSection\":[\"Concursos\",\"Historia\"],\"inLanguage\":\"es\",\"potentialAction\":[{\"@type\":\"CommentAction\",\"name\":\"Comment\",\"target\":[\"https:\\\/\\\/www.fraczinet.cl\\\/sitio\\\/jornada-artistica-marcara-cierre-del-programa-okupa-y-premiacion-del-concurso-de-historia-local\\\/#respond\"]}]},{\"@type\":\"WebPage\",\"@id\":\"https:\\\/\\\/www.fraczinet.cl\\\/sitio\\\/jornada-artistica-marcara-cierre-del-programa-okupa-y-premiacion-del-concurso-de-historia-local\\\/\",\"url\":\"https:\\\/\\\/www.fraczinet.cl\\\/sitio\\\/jornada-artistica-marcara-cierre-del-programa-okupa-y-premiacion-del-concurso-de-historia-local\\\/\",\"name\":\"Jornada Art\u00edstica Marcar\u00e1 Cierre Del Programa OKUPA Y Premiaci\u00f3n Del Concurso De Historia Local - Nuestro Bio B\u00edo\",\"isPartOf\":{\"@id\":\"https:\\\/\\\/www.fraczinet.cl\\\/sitio\\\/#website\"},\"datePublished\":\"2009-12-08T20:04:00+00:00\",\"author\":{\"@id\":\"\"},\"breadcrumb\":{\"@id\":\"https:\\\/\\\/www.fraczinet.cl\\\/sitio\\\/jornada-artistica-marcara-cierre-del-programa-okupa-y-premiacion-del-concurso-de-historia-local\\\/#breadcrumb\"},\"inLanguage\":\"es\",\"potentialAction\":[{\"@type\":\"ReadAction\",\"target\":[\"https:\\\/\\\/www.fraczinet.cl\\\/sitio\\\/jornada-artistica-marcara-cierre-del-programa-okupa-y-premiacion-del-concurso-de-historia-local\\\/\"]}]},{\"@type\":\"BreadcrumbList\",\"@id\":\"https:\\\/\\\/www.fraczinet.cl\\\/sitio\\\/jornada-artistica-marcara-cierre-del-programa-okupa-y-premiacion-del-concurso-de-historia-local\\\/#breadcrumb\",\"itemListElement\":[{\"@type\":\"ListItem\",\"position\":1,\"name\":\"Portada\",\"item\":\"https:\\\/\\\/www.fraczinet.cl\\\/sitio\\\/\"},{\"@type\":\"ListItem\",\"position\":2,\"name\":\"Jornada Art\u00edstica Marcar\u00e1 Cierre Del Programa OKUPA Y Premiaci\u00f3n Del Concurso De Historia Local\"}]},{\"@type\":\"WebSite\",\"@id\":\"https:\\\/\\\/www.fraczinet.cl\\\/sitio\\\/#website\",\"url\":\"https:\\\/\\\/www.fraczinet.cl\\\/sitio\\\/\",\"name\":\"Nuestro Bio B\u00edo\",\"description\":\"Tierra de Encuentros\",\"potentialAction\":[{\"@type\":\"SearchAction\",\"target\":{\"@type\":\"EntryPoint\",\"urlTemplate\":\"https:\\\/\\\/www.fraczinet.cl\\\/sitio\\\/?s={search_term_string}\"},\"query-input\":{\"@type\":\"PropertyValueSpecification\",\"valueRequired\":true,\"valueName\":\"search_term_string\"}}],\"inLanguage\":\"es\"},{\"@type\":\"Person\",\"@id\":\"\"}]}<\/script>\n<!-- \/ Yoast SEO plugin. -->","yoast_head_json":{"title":"Jornada Art\u00edstica Marcar\u00e1 Cierre Del Programa OKUPA Y Premiaci\u00f3n Del Concurso De Historia Local - Nuestro Bio B\u00edo","robots":{"index":"index","follow":"follow","max-snippet":"max-snippet:-1","max-image-preview":"max-image-preview:large","max-video-preview":"max-video-preview:-1"},"canonical":"https:\/\/www.fraczinet.cl\/sitio\/jornada-artistica-marcara-cierre-del-programa-okupa-y-premiacion-del-concurso-de-historia-local\/","og_locale":"es_ES","og_type":"article","og_title":"Jornada Art\u00edstica Marcar\u00e1 Cierre Del Programa OKUPA Y Premiaci\u00f3n Del Concurso De Historia Local - Nuestro Bio B\u00edo","og_description":"Las dependencias de Balmaceda Arte Joven (Colo Colo #1855, Concepci\u00f3n), ser\u00e1n la sede en la cual los j\u00f3venes de los 11 liceos de la regi\u00f3n beneficiados con el Programa OKUPA, compartir\u00e1n sus logros y conocimientos. Desde las 11 de la ma\u00f1ana del mi\u00e9rcoles 9 de diciembre y hasta las 17:00 horas se podr\u00e1 disfrutar de [&hellip;]","og_url":"https:\/\/www.fraczinet.cl\/sitio\/jornada-artistica-marcara-cierre-del-programa-okupa-y-premiacion-del-concurso-de-historia-local\/","og_site_name":"Nuestro Bio B\u00edo","article_publisher":"https:\/\/www.facebook.com\/groups\/15721414452\/","article_published_time":"2009-12-08T20:04:00+00:00","og_image":[{"width":159,"height":79,"url":"https:\/\/www.fraczinet.cl\/sitio\/wp-content\/uploads\/2021\/07\/bannerlogo-1.gif","type":"image\/gif"}],"twitter_card":"summary_large_image","twitter_creator":"@nuestrobiobio","twitter_site":"@nuestrobiobio","twitter_misc":{"Escrito por":"","Tiempo de lectura":"2 minutos"},"schema":{"@context":"https:\/\/schema.org","@graph":[{"@type":"Article","@id":"https:\/\/www.fraczinet.cl\/sitio\/jornada-artistica-marcara-cierre-del-programa-okupa-y-premiacion-del-concurso-de-historia-local\/#article","isPartOf":{"@id":"https:\/\/www.fraczinet.cl\/sitio\/jornada-artistica-marcara-cierre-del-programa-okupa-y-premiacion-del-concurso-de-historia-local\/"},"author":{"name":"","@id":""},"headline":"Jornada Art\u00edstica Marcar\u00e1 Cierre Del Programa OKUPA Y Premiaci\u00f3n Del Concurso De Historia Local","datePublished":"2009-12-08T20:04:00+00:00","mainEntityOfPage":{"@id":"https:\/\/www.fraczinet.cl\/sitio\/jornada-artistica-marcara-cierre-del-programa-okupa-y-premiacion-del-concurso-de-historia-local\/"},"wordCount":502,"commentCount":0,"articleSection":["Concursos","Historia"],"inLanguage":"es","potentialAction":[{"@type":"CommentAction","name":"Comment","target":["https:\/\/www.fraczinet.cl\/sitio\/jornada-artistica-marcara-cierre-del-programa-okupa-y-premiacion-del-concurso-de-historia-local\/#respond"]}]},{"@type":"WebPage","@id":"https:\/\/www.fraczinet.cl\/sitio\/jornada-artistica-marcara-cierre-del-programa-okupa-y-premiacion-del-concurso-de-historia-local\/","url":"https:\/\/www.fraczinet.cl\/sitio\/jornada-artistica-marcara-cierre-del-programa-okupa-y-premiacion-del-concurso-de-historia-local\/","name":"Jornada Art\u00edstica Marcar\u00e1 Cierre Del Programa OKUPA Y Premiaci\u00f3n Del Concurso De Historia Local - Nuestro Bio B\u00edo","isPartOf":{"@id":"https:\/\/www.fraczinet.cl\/sitio\/#website"},"datePublished":"2009-12-08T20:04:00+00:00","author":{"@id":""},"breadcrumb":{"@id":"https:\/\/www.fraczinet.cl\/sitio\/jornada-artistica-marcara-cierre-del-programa-okupa-y-premiacion-del-concurso-de-historia-local\/#breadcrumb"},"inLanguage":"es","potentialAction":[{"@type":"ReadAction","target":["https:\/\/www.fraczinet.cl\/sitio\/jornada-artistica-marcara-cierre-del-programa-okupa-y-premiacion-del-concurso-de-historia-local\/"]}]},{"@type":"BreadcrumbList","@id":"https:\/\/www.fraczinet.cl\/sitio\/jornada-artistica-marcara-cierre-del-programa-okupa-y-premiacion-del-concurso-de-historia-local\/#breadcrumb","itemListElement":[{"@type":"ListItem","position":1,"name":"Portada","item":"https:\/\/www.fraczinet.cl\/sitio\/"},{"@type":"ListItem","position":2,"name":"Jornada Art\u00edstica Marcar\u00e1 Cierre Del Programa OKUPA Y Premiaci\u00f3n Del Concurso De Historia Local"}]},{"@type":"WebSite","@id":"https:\/\/www.fraczinet.cl\/sitio\/#website","url":"https:\/\/www.fraczinet.cl\/sitio\/","name":"Nuestro Bio B\u00edo","description":"Tierra de Encuentros","potentialAction":[{"@type":"SearchAction","target":{"@type":"EntryPoint","urlTemplate":"https:\/\/www.fraczinet.cl\/sitio\/?s={search_term_string}"},"query-input":{"@type":"PropertyValueSpecification","valueRequired":true,"valueName":"search_term_string"}}],"inLanguage":"es"},{"@type":"Person","@id":""}]}},"_links":{"self":[{"href":"https:\/\/www.fraczinet.cl\/sitio\/wp-json\/wp\/v2\/posts\/4456","targetHints":{"allow":["GET"]}}],"collection":[{"href":"https:\/\/www.fraczinet.cl\/sitio\/wp-json\/wp\/v2\/posts"}],"about":[{"href":"https:\/\/www.fraczinet.cl\/sitio\/wp-json\/wp\/v2\/types\/post"}],"author":[{"embeddable":true,"href":"https:\/\/www.fraczinet.cl\/sitio\/wp-json\/wp\/v2\/users\/1"}],"replies":[{"embeddable":true,"href":"https:\/\/www.fraczinet.cl\/sitio\/wp-json\/wp\/v2\/comments?post=4456"}],"version-history":[{"count":0,"href":"https:\/\/www.fraczinet.cl\/sitio\/wp-json\/wp\/v2\/posts\/4456\/revisions"}],"wp:attachment":[{"href":"https:\/\/www.fraczinet.cl\/sitio\/wp-json\/wp\/v2\/media?parent=4456"}],"wp:term":[{"taxonomy":"category","embeddable":true,"href":"https:\/\/www.fraczinet.cl\/sitio\/wp-json\/wp\/v2\/categories?post=4456"},{"taxonomy":"post_tag","embeddable":true,"href":"https:\/\/www.fraczinet.cl\/sitio\/wp-json\/wp\/v2\/tags?post=4456"}],"curies":[{"name":"wp","href":"https:\/\/api.w.org\/{rel}","templated":true}]}}