{"id":4457,"date":"2009-12-08T19:38:00","date_gmt":"2009-12-08T19:38:00","guid":{"rendered":"https:\/\/www.fraczinet.cl\/sitio\/2009\/12\/08\/presentacion-del-documental-home-en-la-alianza-francesa\/"},"modified":"2009-12-08T19:38:00","modified_gmt":"2009-12-08T19:38:00","slug":"presentacion-del-documental-home-en-la-alianza-francesa","status":"publish","type":"post","link":"https:\/\/www.fraczinet.cl\/sitio\/2009\/12\/08\/presentacion-del-documental-home-en-la-alianza-francesa\/","title":{"rendered":"Presentaci\u00f3n Del Documental \u00abHome\u00bb En La Alianza Francesa"},"content":{"rendered":"<div style=\"text-align: justify;\"><a href=\"http:\/\/3.bp.blogspot.com\/_2S_RxGRVjis\/Sx6r4JwmW0I\/AAAAAAAAMaA\/lkGss54lkDg\/s1600-h\/Afiche+HOME+concepcion3.JPG\"><img decoding=\"async\" alt=\"\" border=\"0\" id=\"BLOGGER_PHOTO_ID_5412952783326698306\" src=\"https:\/\/3.bp.blogspot.com\/_2S_RxGRVjis\/Sx6r4JwmW0I\/AAAAAAAAMaA\/lkGss54lkDg\/s200\/Afiche+HOME+concepcion3.JPG\" style=\"cursor: hand; cursor: pointer; float: left; height: 200px; margin: 0 10px 10px 0; width: 142px;\" \/><\/a>La Alianza Francesa de Concepci\u00f3n tiene el agrado de invitarles a la exhibici\u00f3n de la pel\u00edcula documental de Yann Arthus-Bertrand, \u00abHome\u00bb, que se realizar\u00e1 el viernes 11 de diciembre, a las 20 hrs en la multisala de la Alianza.<\/div>\n<div style=\"text-align: justify;\"><\/div>\n<div style=\"text-align: justify;\">SINOPSIS:<\/div>\n<div style=\"text-align: justify;\"><\/div>\n<div style=\"text-align: justify;\">HOME<\/div>\n<div style=\"text-align: justify;\"><\/div>\n<div style=\"text-align: justify;\">Estamos viviendo un momento crucial en la historia de la humanidad. Los cient\u00edficos aseguran que apenas tenemos 10 a\u00f1os para cambiar nuestra forma de vida, evitar el agotamiento de recursos naturales e impedir una evoluci\u00f3n catastr\u00f3fica del clima de la Tierra. El precio a pagar si no lo conseguimos ser\u00e1 considerable, pero es demasiado tarde para ser pesimistas. Yann Arthur-Bertrand dirigi\u00f3 el documental HOME rodado en 54 pa\u00edses, y, para que sea difundido lo m\u00e1s ampliamente posible, se puede ver de forma gratuita. <\/div>\n<div style=\"text-align: justify;\"><\/div>\n<div style=\"text-align: justify;\"><span style=\"font-weight: bold;\">El planeta Tierra nos necesita, el cambio es cosa de todos!<\/span><\/div>\n","protected":false},"excerpt":{"rendered":"<p>La Alianza Francesa de Concepci\u00f3n tiene el agrado de invitarles a la exhibici\u00f3n de la pel\u00edcula documental de Yann Arthus-Bertrand, \u00abHome\u00bb, que se realizar\u00e1 el viernes 11 de diciembre, a las 20 hrs en la multisala de la Alianza. SINOPSIS: HOME Estamos viviendo un momento crucial en la historia de la humanidad. Los cient\u00edficos aseguran [&hellip;]<\/p>\n","protected":false},"author":1,"featured_media":0,"comment_status":"open","ping_status":"open","sticky":false,"template":"","format":"standard","meta":{"footnotes":""},"categories":[164],"tags":[],"class_list":["post-4457","post","type-post","status-publish","format-standard","hentry","category-documentales"],"yoast_head":"<!-- This site is optimized with the Yoast SEO plugin v25.0 - https:\/\/yoast.com\/wordpress\/plugins\/seo\/ -->\n<title>Presentaci\u00f3n Del Documental &quot;Home&quot; En La Alianza Francesa - Nuestro Bio B\u00edo<\/title>\n<meta name=\"robots\" content=\"index, follow, max-snippet:-1, max-image-preview:large, max-video-preview:-1\" \/>\n<link rel=\"canonical\" href=\"https:\/\/www.fraczinet.cl\/sitio\/2009\/12\/08\/presentacion-del-documental-home-en-la-alianza-francesa\/\" \/>\n<meta property=\"og:locale\" content=\"es_ES\" \/>\n<meta property=\"og:type\" content=\"article\" \/>\n<meta property=\"og:title\" content=\"Presentaci\u00f3n Del Documental &quot;Home&quot; En La Alianza Francesa - Nuestro Bio B\u00edo\" \/>\n<meta property=\"og:description\" content=\"La Alianza Francesa de Concepci\u00f3n tiene el agrado de invitarles a la exhibici\u00f3n de la pel\u00edcula documental de Yann Arthus-Bertrand, \u00abHome\u00bb, que se realizar\u00e1 el viernes 11 de diciembre, a las 20 hrs en la multisala de la Alianza. SINOPSIS: HOME Estamos viviendo un momento crucial en la historia de la humanidad. Los cient\u00edficos aseguran [&hellip;]\" \/>\n<meta property=\"og:url\" content=\"https:\/\/www.fraczinet.cl\/sitio\/2009\/12\/08\/presentacion-del-documental-home-en-la-alianza-francesa\/\" \/>\n<meta property=\"og:site_name\" content=\"Nuestro Bio B\u00edo\" \/>\n<meta property=\"article:published_time\" content=\"2009-12-08T19:38:00+00:00\" \/>\n<meta property=\"og:image\" content=\"https:\/\/3.bp.blogspot.com\/_2S_RxGRVjis\/Sx6r4JwmW0I\/AAAAAAAAMaA\/lkGss54lkDg\/s200\/Afiche+HOME+concepcion3.JPG\" \/>\n<meta name=\"author\" content=\"admin\" \/>\n<meta name=\"twitter:card\" content=\"summary_large_image\" \/>\n<meta name=\"twitter:creator\" content=\"@nuestrobiobio\" \/>\n<meta name=\"twitter:site\" content=\"@nuestrobiobio\" \/>\n<meta name=\"twitter:label1\" content=\"Escrito por\" \/>\n\t<meta name=\"twitter:data1\" content=\"admin\" \/>\n\t<meta name=\"twitter:label2\" content=\"Tiempo de lectura\" \/>\n\t<meta name=\"twitter:data2\" content=\"1 minuto\" \/>\n<script type=\"application\/ld+json\" class=\"yoast-schema-graph\">{\"@context\":\"https:\/\/schema.org\",\"@graph\":[{\"@type\":\"Article\",\"@id\":\"https:\/\/www.fraczinet.cl\/sitio\/2009\/12\/08\/presentacion-del-documental-home-en-la-alianza-francesa\/#article\",\"isPartOf\":{\"@id\":\"https:\/\/www.fraczinet.cl\/sitio\/2009\/12\/08\/presentacion-del-documental-home-en-la-alianza-francesa\/\"},\"author\":{\"name\":\"admin\",\"@id\":\"https:\/\/www.fraczinet.cl\/sitio\/#\/schema\/person\/bc30f98e9cb10ae7e119dbe14bc93784\"},\"headline\":\"Presentaci\u00f3n Del Documental \u00abHome\u00bb En La Alianza Francesa\",\"datePublished\":\"2009-12-08T19:38:00+00:00\",\"mainEntityOfPage\":{\"@id\":\"https:\/\/www.fraczinet.cl\/sitio\/2009\/12\/08\/presentacion-del-documental-home-en-la-alianza-francesa\/\"},\"wordCount\":149,\"commentCount\":0,\"publisher\":{\"@id\":\"https:\/\/www.fraczinet.cl\/sitio\/#\/schema\/person\/aec8ee4da68df2b9b0eefdad24a0d582\"},\"image\":{\"@id\":\"https:\/\/www.fraczinet.cl\/sitio\/2009\/12\/08\/presentacion-del-documental-home-en-la-alianza-francesa\/#primaryimage\"},\"thumbnailUrl\":\"https:\/\/3.bp.blogspot.com\/_2S_RxGRVjis\/Sx6r4JwmW0I\/AAAAAAAAMaA\/lkGss54lkDg\/s200\/Afiche+HOME+concepcion3.JPG\",\"articleSection\":[\"Documentales\"],\"inLanguage\":\"es\",\"potentialAction\":[{\"@type\":\"CommentAction\",\"name\":\"Comment\",\"target\":[\"https:\/\/www.fraczinet.cl\/sitio\/2009\/12\/08\/presentacion-del-documental-home-en-la-alianza-francesa\/#respond\"]}]},{\"@type\":\"WebPage\",\"@id\":\"https:\/\/www.fraczinet.cl\/sitio\/2009\/12\/08\/presentacion-del-documental-home-en-la-alianza-francesa\/\",\"url\":\"https:\/\/www.fraczinet.cl\/sitio\/2009\/12\/08\/presentacion-del-documental-home-en-la-alianza-francesa\/\",\"name\":\"Presentaci\u00f3n Del Documental \\\"Home\\\" En La Alianza Francesa - Nuestro Bio B\u00edo\",\"isPartOf\":{\"@id\":\"https:\/\/www.fraczinet.cl\/sitio\/#website\"},\"primaryImageOfPage\":{\"@id\":\"https:\/\/www.fraczinet.cl\/sitio\/2009\/12\/08\/presentacion-del-documental-home-en-la-alianza-francesa\/#primaryimage\"},\"image\":{\"@id\":\"https:\/\/www.fraczinet.cl\/sitio\/2009\/12\/08\/presentacion-del-documental-home-en-la-alianza-francesa\/#primaryimage\"},\"thumbnailUrl\":\"https:\/\/3.bp.blogspot.com\/_2S_RxGRVjis\/Sx6r4JwmW0I\/AAAAAAAAMaA\/lkGss54lkDg\/s200\/Afiche+HOME+concepcion3.JPG\",\"datePublished\":\"2009-12-08T19:38:00+00:00\",\"breadcrumb\":{\"@id\":\"https:\/\/www.fraczinet.cl\/sitio\/2009\/12\/08\/presentacion-del-documental-home-en-la-alianza-francesa\/#breadcrumb\"},\"inLanguage\":\"es\",\"potentialAction\":[{\"@type\":\"ReadAction\",\"target\":[\"https:\/\/www.fraczinet.cl\/sitio\/2009\/12\/08\/presentacion-del-documental-home-en-la-alianza-francesa\/\"]}]},{\"@type\":\"ImageObject\",\"inLanguage\":\"es\",\"@id\":\"https:\/\/www.fraczinet.cl\/sitio\/2009\/12\/08\/presentacion-del-documental-home-en-la-alianza-francesa\/#primaryimage\",\"url\":\"https:\/\/3.bp.blogspot.com\/_2S_RxGRVjis\/Sx6r4JwmW0I\/AAAAAAAAMaA\/lkGss54lkDg\/s200\/Afiche+HOME+concepcion3.JPG\",\"contentUrl\":\"https:\/\/3.bp.blogspot.com\/_2S_RxGRVjis\/Sx6r4JwmW0I\/AAAAAAAAMaA\/lkGss54lkDg\/s200\/Afiche+HOME+concepcion3.JPG\"},{\"@type\":\"BreadcrumbList\",\"@id\":\"https:\/\/www.fraczinet.cl\/sitio\/2009\/12\/08\/presentacion-del-documental-home-en-la-alianza-francesa\/#breadcrumb\",\"itemListElement\":[{\"@type\":\"ListItem\",\"position\":1,\"name\":\"Portada\",\"item\":\"https:\/\/www.fraczinet.cl\/sitio\/\"},{\"@type\":\"ListItem\",\"position\":2,\"name\":\"Presentaci\u00f3n Del Documental \u00abHome\u00bb En La Alianza Francesa\"}]},{\"@type\":\"WebSite\",\"@id\":\"https:\/\/www.fraczinet.cl\/sitio\/#website\",\"url\":\"https:\/\/www.fraczinet.cl\/sitio\/\",\"name\":\"Nuestro Bio B\u00edo\",\"description\":\"Tierra de Encuentros\",\"publisher\":{\"@id\":\"https:\/\/www.fraczinet.cl\/sitio\/#\/schema\/person\/aec8ee4da68df2b9b0eefdad24a0d582\"},\"potentialAction\":[{\"@type\":\"SearchAction\",\"target\":{\"@type\":\"EntryPoint\",\"urlTemplate\":\"https:\/\/www.fraczinet.cl\/sitio\/?s={search_term_string}\"},\"query-input\":{\"@type\":\"PropertyValueSpecification\",\"valueRequired\":true,\"valueName\":\"search_term_string\"}}],\"inLanguage\":\"es\"},{\"@type\":[\"Person\",\"Organization\"],\"@id\":\"https:\/\/www.fraczinet.cl\/sitio\/#\/schema\/person\/aec8ee4da68df2b9b0eefdad24a0d582\",\"name\":\"Luis Fernando Fraczinet\",\"image\":{\"@type\":\"ImageObject\",\"inLanguage\":\"es\",\"@id\":\"https:\/\/www.fraczinet.cl\/sitio\/#\/schema\/person\/image\/\",\"url\":\"https:\/\/www.fraczinet.cl\/sitio\/wp-content\/uploads\/2021\/07\/bannerlogo-1.gif\",\"contentUrl\":\"https:\/\/www.fraczinet.cl\/sitio\/wp-content\/uploads\/2021\/07\/bannerlogo-1.gif\",\"width\":159,\"height\":79,\"caption\":\"Luis Fernando Fraczinet\"},\"logo\":{\"@id\":\"https:\/\/www.fraczinet.cl\/sitio\/#\/schema\/person\/image\/\"},\"sameAs\":[\"https:\/\/www.fraczinet.cl\/sitio\/\"]},{\"@type\":\"Person\",\"@id\":\"https:\/\/www.fraczinet.cl\/sitio\/#\/schema\/person\/bc30f98e9cb10ae7e119dbe14bc93784\",\"name\":\"admin\",\"image\":{\"@type\":\"ImageObject\",\"inLanguage\":\"es\",\"@id\":\"https:\/\/www.fraczinet.cl\/sitio\/#\/schema\/person\/image\/\",\"url\":\"https:\/\/secure.gravatar.com\/avatar\/d5ad3cf7ef3b23a2bb5be73be780c86b2fc8545c3ad6b149f3913ff458c00099?s=96&d=mm&r=g\",\"contentUrl\":\"https:\/\/secure.gravatar.com\/avatar\/d5ad3cf7ef3b23a2bb5be73be780c86b2fc8545c3ad6b149f3913ff458c00099?s=96&d=mm&r=g\",\"caption\":\"admin\"},\"sameAs\":[\"https:\/\/www.fraczinet.cl\/sitio\"]}]}<\/script>\n<!-- \/ Yoast SEO plugin. -->","yoast_head_json":{"title":"Presentaci\u00f3n Del Documental \"Home\" En La Alianza Francesa - Nuestro Bio B\u00edo","robots":{"index":"index","follow":"follow","max-snippet":"max-snippet:-1","max-image-preview":"max-image-preview:large","max-video-preview":"max-video-preview:-1"},"canonical":"https:\/\/www.fraczinet.cl\/sitio\/2009\/12\/08\/presentacion-del-documental-home-en-la-alianza-francesa\/","og_locale":"es_ES","og_type":"article","og_title":"Presentaci\u00f3n Del Documental \"Home\" En La Alianza Francesa - Nuestro Bio B\u00edo","og_description":"La Alianza Francesa de Concepci\u00f3n tiene el agrado de invitarles a la exhibici\u00f3n de la pel\u00edcula documental de Yann Arthus-Bertrand, \u00abHome\u00bb, que se realizar\u00e1 el viernes 11 de diciembre, a las 20 hrs en la multisala de la Alianza. SINOPSIS: HOME Estamos viviendo un momento crucial en la historia de la humanidad. Los cient\u00edficos aseguran [&hellip;]","og_url":"https:\/\/www.fraczinet.cl\/sitio\/2009\/12\/08\/presentacion-del-documental-home-en-la-alianza-francesa\/","og_site_name":"Nuestro Bio B\u00edo","article_published_time":"2009-12-08T19:38:00+00:00","og_image":[{"url":"https:\/\/3.bp.blogspot.com\/_2S_RxGRVjis\/Sx6r4JwmW0I\/AAAAAAAAMaA\/lkGss54lkDg\/s200\/Afiche+HOME+concepcion3.JPG","type":"","width":"","height":""}],"author":"admin","twitter_card":"summary_large_image","twitter_creator":"@nuestrobiobio","twitter_site":"@nuestrobiobio","twitter_misc":{"Escrito por":"admin","Tiempo de lectura":"1 minuto"},"schema":{"@context":"https:\/\/schema.org","@graph":[{"@type":"Article","@id":"https:\/\/www.fraczinet.cl\/sitio\/2009\/12\/08\/presentacion-del-documental-home-en-la-alianza-francesa\/#article","isPartOf":{"@id":"https:\/\/www.fraczinet.cl\/sitio\/2009\/12\/08\/presentacion-del-documental-home-en-la-alianza-francesa\/"},"author":{"name":"admin","@id":"https:\/\/www.fraczinet.cl\/sitio\/#\/schema\/person\/bc30f98e9cb10ae7e119dbe14bc93784"},"headline":"Presentaci\u00f3n Del Documental \u00abHome\u00bb En La Alianza Francesa","datePublished":"2009-12-08T19:38:00+00:00","mainEntityOfPage":{"@id":"https:\/\/www.fraczinet.cl\/sitio\/2009\/12\/08\/presentacion-del-documental-home-en-la-alianza-francesa\/"},"wordCount":149,"commentCount":0,"publisher":{"@id":"https:\/\/www.fraczinet.cl\/sitio\/#\/schema\/person\/aec8ee4da68df2b9b0eefdad24a0d582"},"image":{"@id":"https:\/\/www.fraczinet.cl\/sitio\/2009\/12\/08\/presentacion-del-documental-home-en-la-alianza-francesa\/#primaryimage"},"thumbnailUrl":"https:\/\/3.bp.blogspot.com\/_2S_RxGRVjis\/Sx6r4JwmW0I\/AAAAAAAAMaA\/lkGss54lkDg\/s200\/Afiche+HOME+concepcion3.JPG","articleSection":["Documentales"],"inLanguage":"es","potentialAction":[{"@type":"CommentAction","name":"Comment","target":["https:\/\/www.fraczinet.cl\/sitio\/2009\/12\/08\/presentacion-del-documental-home-en-la-alianza-francesa\/#respond"]}]},{"@type":"WebPage","@id":"https:\/\/www.fraczinet.cl\/sitio\/2009\/12\/08\/presentacion-del-documental-home-en-la-alianza-francesa\/","url":"https:\/\/www.fraczinet.cl\/sitio\/2009\/12\/08\/presentacion-del-documental-home-en-la-alianza-francesa\/","name":"Presentaci\u00f3n Del Documental \"Home\" En La Alianza Francesa - Nuestro Bio B\u00edo","isPartOf":{"@id":"https:\/\/www.fraczinet.cl\/sitio\/#website"},"primaryImageOfPage":{"@id":"https:\/\/www.fraczinet.cl\/sitio\/2009\/12\/08\/presentacion-del-documental-home-en-la-alianza-francesa\/#primaryimage"},"image":{"@id":"https:\/\/www.fraczinet.cl\/sitio\/2009\/12\/08\/presentacion-del-documental-home-en-la-alianza-francesa\/#primaryimage"},"thumbnailUrl":"https:\/\/3.bp.blogspot.com\/_2S_RxGRVjis\/Sx6r4JwmW0I\/AAAAAAAAMaA\/lkGss54lkDg\/s200\/Afiche+HOME+concepcion3.JPG","datePublished":"2009-12-08T19:38:00+00:00","breadcrumb":{"@id":"https:\/\/www.fraczinet.cl\/sitio\/2009\/12\/08\/presentacion-del-documental-home-en-la-alianza-francesa\/#breadcrumb"},"inLanguage":"es","potentialAction":[{"@type":"ReadAction","target":["https:\/\/www.fraczinet.cl\/sitio\/2009\/12\/08\/presentacion-del-documental-home-en-la-alianza-francesa\/"]}]},{"@type":"ImageObject","inLanguage":"es","@id":"https:\/\/www.fraczinet.cl\/sitio\/2009\/12\/08\/presentacion-del-documental-home-en-la-alianza-francesa\/#primaryimage","url":"https:\/\/3.bp.blogspot.com\/_2S_RxGRVjis\/Sx6r4JwmW0I\/AAAAAAAAMaA\/lkGss54lkDg\/s200\/Afiche+HOME+concepcion3.JPG","contentUrl":"https:\/\/3.bp.blogspot.com\/_2S_RxGRVjis\/Sx6r4JwmW0I\/AAAAAAAAMaA\/lkGss54lkDg\/s200\/Afiche+HOME+concepcion3.JPG"},{"@type":"BreadcrumbList","@id":"https:\/\/www.fraczinet.cl\/sitio\/2009\/12\/08\/presentacion-del-documental-home-en-la-alianza-francesa\/#breadcrumb","itemListElement":[{"@type":"ListItem","position":1,"name":"Portada","item":"https:\/\/www.fraczinet.cl\/sitio\/"},{"@type":"ListItem","position":2,"name":"Presentaci\u00f3n Del Documental \u00abHome\u00bb En La Alianza Francesa"}]},{"@type":"WebSite","@id":"https:\/\/www.fraczinet.cl\/sitio\/#website","url":"https:\/\/www.fraczinet.cl\/sitio\/","name":"Nuestro Bio B\u00edo","description":"Tierra de Encuentros","publisher":{"@id":"https:\/\/www.fraczinet.cl\/sitio\/#\/schema\/person\/aec8ee4da68df2b9b0eefdad24a0d582"},"potentialAction":[{"@type":"SearchAction","target":{"@type":"EntryPoint","urlTemplate":"https:\/\/www.fraczinet.cl\/sitio\/?s={search_term_string}"},"query-input":{"@type":"PropertyValueSpecification","valueRequired":true,"valueName":"search_term_string"}}],"inLanguage":"es"},{"@type":["Person","Organization"],"@id":"https:\/\/www.fraczinet.cl\/sitio\/#\/schema\/person\/aec8ee4da68df2b9b0eefdad24a0d582","name":"Luis Fernando Fraczinet","image":{"@type":"ImageObject","inLanguage":"es","@id":"https:\/\/www.fraczinet.cl\/sitio\/#\/schema\/person\/image\/","url":"https:\/\/www.fraczinet.cl\/sitio\/wp-content\/uploads\/2021\/07\/bannerlogo-1.gif","contentUrl":"https:\/\/www.fraczinet.cl\/sitio\/wp-content\/uploads\/2021\/07\/bannerlogo-1.gif","width":159,"height":79,"caption":"Luis Fernando Fraczinet"},"logo":{"@id":"https:\/\/www.fraczinet.cl\/sitio\/#\/schema\/person\/image\/"},"sameAs":["https:\/\/www.fraczinet.cl\/sitio\/"]},{"@type":"Person","@id":"https:\/\/www.fraczinet.cl\/sitio\/#\/schema\/person\/bc30f98e9cb10ae7e119dbe14bc93784","name":"admin","image":{"@type":"ImageObject","inLanguage":"es","@id":"https:\/\/www.fraczinet.cl\/sitio\/#\/schema\/person\/image\/","url":"https:\/\/secure.gravatar.com\/avatar\/d5ad3cf7ef3b23a2bb5be73be780c86b2fc8545c3ad6b149f3913ff458c00099?s=96&d=mm&r=g","contentUrl":"https:\/\/secure.gravatar.com\/avatar\/d5ad3cf7ef3b23a2bb5be73be780c86b2fc8545c3ad6b149f3913ff458c00099?s=96&d=mm&r=g","caption":"admin"},"sameAs":["https:\/\/www.fraczinet.cl\/sitio"]}]}},"_links":{"self":[{"href":"https:\/\/www.fraczinet.cl\/sitio\/wp-json\/wp\/v2\/posts\/4457","targetHints":{"allow":["GET"]}}],"collection":[{"href":"https:\/\/www.fraczinet.cl\/sitio\/wp-json\/wp\/v2\/posts"}],"about":[{"href":"https:\/\/www.fraczinet.cl\/sitio\/wp-json\/wp\/v2\/types\/post"}],"author":[{"embeddable":true,"href":"https:\/\/www.fraczinet.cl\/sitio\/wp-json\/wp\/v2\/users\/1"}],"replies":[{"embeddable":true,"href":"https:\/\/www.fraczinet.cl\/sitio\/wp-json\/wp\/v2\/comments?post=4457"}],"version-history":[{"count":0,"href":"https:\/\/www.fraczinet.cl\/sitio\/wp-json\/wp\/v2\/posts\/4457\/revisions"}],"wp:attachment":[{"href":"https:\/\/www.fraczinet.cl\/sitio\/wp-json\/wp\/v2\/media?parent=4457"}],"wp:term":[{"taxonomy":"category","embeddable":true,"href":"https:\/\/www.fraczinet.cl\/sitio\/wp-json\/wp\/v2\/categories?post=4457"},{"taxonomy":"post_tag","embeddable":true,"href":"https:\/\/www.fraczinet.cl\/sitio\/wp-json\/wp\/v2\/tags?post=4457"}],"curies":[{"name":"wp","href":"https:\/\/api.w.org\/{rel}","templated":true}]}}