{"id":4466,"date":"2009-12-05T11:43:00","date_gmt":"2009-12-05T11:43:00","guid":{"rendered":"https:\/\/www.fraczinet.cl\/sitio\/2009\/12\/05\/proyecto-trabaja-el-desarrollo-del-arte-del-movimiento-y-el-ritmo\/"},"modified":"2022-10-05T22:10:07","modified_gmt":"2022-10-05T22:10:07","slug":"proyecto-trabaja-el-desarrollo-del-arte-del-movimiento-y-el-ritmo","status":"publish","type":"post","link":"https:\/\/www.fraczinet.cl\/sitio\/2009\/12\/05\/proyecto-trabaja-el-desarrollo-del-arte-del-movimiento-y-el-ritmo\/","title":{"rendered":"Proyecto Trabaja El Desarrollo Del Arte Del Movimiento Y El Ritmo"},"content":{"rendered":"<div style=\"text-align: justify;\"><a href=\"http:\/\/4.bp.blogspot.com\/_2S_RxGRVjis\/SxpH9h6JQEI\/AAAAAAAAMOg\/eCyOxkd5lJM\/s1600-h\/afiche+final.JPG\" style=\"clear: left; float: left; margin-bottom: 1em; margin-right: 1em;\"><img decoding=\"async\" alt=\"\" border=\"0\" id=\"BLOGGER_PHOTO_ID_5411717024638910530\" src=\"https:\/\/4.bp.blogspot.com\/_2S_RxGRVjis\/SxpH9h6JQEI\/AAAAAAAAMOg\/eCyOxkd5lJM\/s400\/afiche+final.JPG\" style=\"height: 400px; width: 256px;\" \/><\/a>Hoy s\u00e1bado 05 de diciembre a las 17:00 hrs, en el Teatro Sala Dos de la ciudad de Concepci\u00f3n, se realizar\u00e1 la muestra del proceso realizado con los ni\u00f1os beneficiados del proyecto: \u201c<span style=\"font-weight: bold;\">Programa piloto: Desarrollo del arte del movimiento y el ritmo en escuelas especiales y vulnerables<\/span>\u201d. Proyecto financiado por el FONDART regional fue realizado durante el segundo semestre del presente a\u00f1o, con alumnos de la Escuela Especial Chile Espa\u00f1a de Concepci\u00f3n, y con la Escuela Art\u00edstica Enrique Soro Barriga de San Pedro de la Paz. <\/div>\n<div style=\"text-align: justify;\"><\/div>\n<div style=\"text-align: justify;\">Este proyecto estuvo a cargo de los profesionales, Viviana Campos B. directora general del Ex Centro de Danza Calauc\u00e1n; Pamela Hernand\u00e9z G, fonoaudi\u00f3loga y profesora de movimiento; Joel Inzunza Leal, core\u00f3grafo, bailar\u00edn y profesor de movimiento; Aaron Concha F. m\u00fasico percusionista y profesor de ritmo, y la inserci\u00f3n profesional de Elisa Quiroz, psic\u00f3loga; Fabiola Ot\u00e1rola, Kinesi\u00f3loga; y Micaela Brain, psic\u00f3loga. <\/div>\n<div style=\"text-align: justify;\"><\/div>\n<div style=\"text-align: justify;\">El  objetivo fundamental de este proyecto es evaluar el efecto que talleres art\u00edsticos de movimiento y ritmo,  tienen  en el desarrollo integral de los alumnos, abordando principalmente las \u00e1reas de: autoestima, capacidad de trabajar en equipo, habilidad para expresar emociones, pensamientos e ideas a trav\u00e9s de otras formas de comunicaci\u00f3n diferentes al lenguaje y desarrollo psicomotriz. <\/div>\n<div style=\"text-align: justify;\"><\/div>\n<div style=\"text-align: justify;\">En esta presentaci\u00f3n, cada grupo de ni\u00f1os ofrecer\u00e1 al p\u00fablico, esquemas y ejercicios desarrollados durante el taller, que encierran el gusto y el placer del movimiento y el ritmo corporal.<\/div>\n<p><\/p>\n","protected":false},"excerpt":{"rendered":"<p>Hoy s\u00e1bado 05 de diciembre a las 17:00 hrs, en el Teatro Sala Dos de la ciudad de Concepci\u00f3n, se realizar\u00e1 la muestra del proceso realizado con los ni\u00f1os beneficiados del proyecto: \u201cPrograma piloto: Desarrollo del arte del movimiento y el ritmo en escuelas especiales y vulnerables\u201d. Proyecto financiado por el FONDART regional fue realizado [&hellip;]<\/p>\n","protected":false},"author":1,"featured_media":0,"comment_status":"open","ping_status":"open","sticky":false,"template":"","format":"standard","meta":{"footnotes":""},"categories":[212],"tags":[],"class_list":["post-4466","post","type-post","status-publish","format-standard","hentry","category-danza"],"yoast_head":"<!-- This site is optimized with the Yoast SEO plugin v25.0 - https:\/\/yoast.com\/wordpress\/plugins\/seo\/ -->\n<title>Proyecto Trabaja El Desarrollo Del Arte Del Movimiento Y El Ritmo - Nuestro Bio B\u00edo<\/title>\n<meta name=\"robots\" content=\"index, follow, max-snippet:-1, max-image-preview:large, max-video-preview:-1\" \/>\n<link rel=\"canonical\" href=\"https:\/\/www.fraczinet.cl\/sitio\/2009\/12\/05\/proyecto-trabaja-el-desarrollo-del-arte-del-movimiento-y-el-ritmo\/\" \/>\n<meta property=\"og:locale\" content=\"es_ES\" \/>\n<meta property=\"og:type\" content=\"article\" \/>\n<meta property=\"og:title\" content=\"Proyecto Trabaja El Desarrollo Del Arte Del Movimiento Y El Ritmo - Nuestro Bio B\u00edo\" \/>\n<meta property=\"og:description\" content=\"Hoy s\u00e1bado 05 de diciembre a las 17:00 hrs, en el Teatro Sala Dos de la ciudad de Concepci\u00f3n, se realizar\u00e1 la muestra del proceso realizado con los ni\u00f1os beneficiados del proyecto: \u201cPrograma piloto: Desarrollo del arte del movimiento y el ritmo en escuelas especiales y vulnerables\u201d. Proyecto financiado por el FONDART regional fue realizado [&hellip;]\" \/>\n<meta property=\"og:url\" content=\"https:\/\/www.fraczinet.cl\/sitio\/2009\/12\/05\/proyecto-trabaja-el-desarrollo-del-arte-del-movimiento-y-el-ritmo\/\" \/>\n<meta property=\"og:site_name\" content=\"Nuestro Bio B\u00edo\" \/>\n<meta property=\"article:published_time\" content=\"2009-12-05T11:43:00+00:00\" \/>\n<meta property=\"article:modified_time\" content=\"2022-10-05T22:10:07+00:00\" \/>\n<meta property=\"og:image\" content=\"https:\/\/4.bp.blogspot.com\/_2S_RxGRVjis\/SxpH9h6JQEI\/AAAAAAAAMOg\/eCyOxkd5lJM\/s400\/afiche+final.JPG\" \/>\n<meta name=\"author\" content=\"admin\" \/>\n<meta name=\"twitter:card\" content=\"summary_large_image\" \/>\n<meta name=\"twitter:creator\" content=\"@nuestrobiobio\" \/>\n<meta name=\"twitter:site\" content=\"@nuestrobiobio\" \/>\n<meta name=\"twitter:label1\" content=\"Escrito por\" \/>\n\t<meta name=\"twitter:data1\" content=\"admin\" \/>\n\t<meta name=\"twitter:label2\" content=\"Tiempo de lectura\" \/>\n\t<meta name=\"twitter:data2\" content=\"1 minuto\" \/>\n<script type=\"application\/ld+json\" class=\"yoast-schema-graph\">{\"@context\":\"https:\/\/schema.org\",\"@graph\":[{\"@type\":\"Article\",\"@id\":\"https:\/\/www.fraczinet.cl\/sitio\/2009\/12\/05\/proyecto-trabaja-el-desarrollo-del-arte-del-movimiento-y-el-ritmo\/#article\",\"isPartOf\":{\"@id\":\"https:\/\/www.fraczinet.cl\/sitio\/2009\/12\/05\/proyecto-trabaja-el-desarrollo-del-arte-del-movimiento-y-el-ritmo\/\"},\"author\":{\"name\":\"admin\",\"@id\":\"https:\/\/www.fraczinet.cl\/sitio\/#\/schema\/person\/bc30f98e9cb10ae7e119dbe14bc93784\"},\"headline\":\"Proyecto Trabaja El Desarrollo Del Arte Del Movimiento Y El Ritmo\",\"datePublished\":\"2009-12-05T11:43:00+00:00\",\"dateModified\":\"2022-10-05T22:10:07+00:00\",\"mainEntityOfPage\":{\"@id\":\"https:\/\/www.fraczinet.cl\/sitio\/2009\/12\/05\/proyecto-trabaja-el-desarrollo-del-arte-del-movimiento-y-el-ritmo\/\"},\"wordCount\":265,\"commentCount\":0,\"publisher\":{\"@id\":\"https:\/\/www.fraczinet.cl\/sitio\/#\/schema\/person\/aec8ee4da68df2b9b0eefdad24a0d582\"},\"image\":{\"@id\":\"https:\/\/www.fraczinet.cl\/sitio\/2009\/12\/05\/proyecto-trabaja-el-desarrollo-del-arte-del-movimiento-y-el-ritmo\/#primaryimage\"},\"thumbnailUrl\":\"https:\/\/4.bp.blogspot.com\/_2S_RxGRVjis\/SxpH9h6JQEI\/AAAAAAAAMOg\/eCyOxkd5lJM\/s400\/afiche+final.JPG\",\"articleSection\":[\"Danza\"],\"inLanguage\":\"es\",\"potentialAction\":[{\"@type\":\"CommentAction\",\"name\":\"Comment\",\"target\":[\"https:\/\/www.fraczinet.cl\/sitio\/2009\/12\/05\/proyecto-trabaja-el-desarrollo-del-arte-del-movimiento-y-el-ritmo\/#respond\"]}]},{\"@type\":\"WebPage\",\"@id\":\"https:\/\/www.fraczinet.cl\/sitio\/2009\/12\/05\/proyecto-trabaja-el-desarrollo-del-arte-del-movimiento-y-el-ritmo\/\",\"url\":\"https:\/\/www.fraczinet.cl\/sitio\/2009\/12\/05\/proyecto-trabaja-el-desarrollo-del-arte-del-movimiento-y-el-ritmo\/\",\"name\":\"Proyecto Trabaja El Desarrollo Del Arte Del Movimiento Y El Ritmo - Nuestro Bio B\u00edo\",\"isPartOf\":{\"@id\":\"https:\/\/www.fraczinet.cl\/sitio\/#website\"},\"primaryImageOfPage\":{\"@id\":\"https:\/\/www.fraczinet.cl\/sitio\/2009\/12\/05\/proyecto-trabaja-el-desarrollo-del-arte-del-movimiento-y-el-ritmo\/#primaryimage\"},\"image\":{\"@id\":\"https:\/\/www.fraczinet.cl\/sitio\/2009\/12\/05\/proyecto-trabaja-el-desarrollo-del-arte-del-movimiento-y-el-ritmo\/#primaryimage\"},\"thumbnailUrl\":\"https:\/\/4.bp.blogspot.com\/_2S_RxGRVjis\/SxpH9h6JQEI\/AAAAAAAAMOg\/eCyOxkd5lJM\/s400\/afiche+final.JPG\",\"datePublished\":\"2009-12-05T11:43:00+00:00\",\"dateModified\":\"2022-10-05T22:10:07+00:00\",\"breadcrumb\":{\"@id\":\"https:\/\/www.fraczinet.cl\/sitio\/2009\/12\/05\/proyecto-trabaja-el-desarrollo-del-arte-del-movimiento-y-el-ritmo\/#breadcrumb\"},\"inLanguage\":\"es\",\"potentialAction\":[{\"@type\":\"ReadAction\",\"target\":[\"https:\/\/www.fraczinet.cl\/sitio\/2009\/12\/05\/proyecto-trabaja-el-desarrollo-del-arte-del-movimiento-y-el-ritmo\/\"]}]},{\"@type\":\"ImageObject\",\"inLanguage\":\"es\",\"@id\":\"https:\/\/www.fraczinet.cl\/sitio\/2009\/12\/05\/proyecto-trabaja-el-desarrollo-del-arte-del-movimiento-y-el-ritmo\/#primaryimage\",\"url\":\"https:\/\/4.bp.blogspot.com\/_2S_RxGRVjis\/SxpH9h6JQEI\/AAAAAAAAMOg\/eCyOxkd5lJM\/s400\/afiche+final.JPG\",\"contentUrl\":\"https:\/\/4.bp.blogspot.com\/_2S_RxGRVjis\/SxpH9h6JQEI\/AAAAAAAAMOg\/eCyOxkd5lJM\/s400\/afiche+final.JPG\"},{\"@type\":\"BreadcrumbList\",\"@id\":\"https:\/\/www.fraczinet.cl\/sitio\/2009\/12\/05\/proyecto-trabaja-el-desarrollo-del-arte-del-movimiento-y-el-ritmo\/#breadcrumb\",\"itemListElement\":[{\"@type\":\"ListItem\",\"position\":1,\"name\":\"Portada\",\"item\":\"https:\/\/www.fraczinet.cl\/sitio\/\"},{\"@type\":\"ListItem\",\"position\":2,\"name\":\"Proyecto Trabaja El Desarrollo Del Arte Del Movimiento Y El Ritmo\"}]},{\"@type\":\"WebSite\",\"@id\":\"https:\/\/www.fraczinet.cl\/sitio\/#website\",\"url\":\"https:\/\/www.fraczinet.cl\/sitio\/\",\"name\":\"Nuestro Bio B\u00edo\",\"description\":\"Tierra de Encuentros\",\"publisher\":{\"@id\":\"https:\/\/www.fraczinet.cl\/sitio\/#\/schema\/person\/aec8ee4da68df2b9b0eefdad24a0d582\"},\"potentialAction\":[{\"@type\":\"SearchAction\",\"target\":{\"@type\":\"EntryPoint\",\"urlTemplate\":\"https:\/\/www.fraczinet.cl\/sitio\/?s={search_term_string}\"},\"query-input\":{\"@type\":\"PropertyValueSpecification\",\"valueRequired\":true,\"valueName\":\"search_term_string\"}}],\"inLanguage\":\"es\"},{\"@type\":[\"Person\",\"Organization\"],\"@id\":\"https:\/\/www.fraczinet.cl\/sitio\/#\/schema\/person\/aec8ee4da68df2b9b0eefdad24a0d582\",\"name\":\"Luis Fernando Fraczinet\",\"image\":{\"@type\":\"ImageObject\",\"inLanguage\":\"es\",\"@id\":\"https:\/\/www.fraczinet.cl\/sitio\/#\/schema\/person\/image\/\",\"url\":\"https:\/\/www.fraczinet.cl\/sitio\/wp-content\/uploads\/2021\/07\/bannerlogo-1.gif\",\"contentUrl\":\"https:\/\/www.fraczinet.cl\/sitio\/wp-content\/uploads\/2021\/07\/bannerlogo-1.gif\",\"width\":159,\"height\":79,\"caption\":\"Luis Fernando Fraczinet\"},\"logo\":{\"@id\":\"https:\/\/www.fraczinet.cl\/sitio\/#\/schema\/person\/image\/\"},\"sameAs\":[\"https:\/\/www.fraczinet.cl\/sitio\/\"]},{\"@type\":\"Person\",\"@id\":\"https:\/\/www.fraczinet.cl\/sitio\/#\/schema\/person\/bc30f98e9cb10ae7e119dbe14bc93784\",\"name\":\"admin\",\"image\":{\"@type\":\"ImageObject\",\"inLanguage\":\"es\",\"@id\":\"https:\/\/www.fraczinet.cl\/sitio\/#\/schema\/person\/image\/\",\"url\":\"https:\/\/secure.gravatar.com\/avatar\/d5ad3cf7ef3b23a2bb5be73be780c86b2fc8545c3ad6b149f3913ff458c00099?s=96&d=mm&r=g\",\"contentUrl\":\"https:\/\/secure.gravatar.com\/avatar\/d5ad3cf7ef3b23a2bb5be73be780c86b2fc8545c3ad6b149f3913ff458c00099?s=96&d=mm&r=g\",\"caption\":\"admin\"},\"sameAs\":[\"https:\/\/www.fraczinet.cl\/sitio\"]}]}<\/script>\n<!-- \/ Yoast SEO plugin. -->","yoast_head_json":{"title":"Proyecto Trabaja El Desarrollo Del Arte Del Movimiento Y El Ritmo - Nuestro Bio B\u00edo","robots":{"index":"index","follow":"follow","max-snippet":"max-snippet:-1","max-image-preview":"max-image-preview:large","max-video-preview":"max-video-preview:-1"},"canonical":"https:\/\/www.fraczinet.cl\/sitio\/2009\/12\/05\/proyecto-trabaja-el-desarrollo-del-arte-del-movimiento-y-el-ritmo\/","og_locale":"es_ES","og_type":"article","og_title":"Proyecto Trabaja El Desarrollo Del Arte Del Movimiento Y El Ritmo - Nuestro Bio B\u00edo","og_description":"Hoy s\u00e1bado 05 de diciembre a las 17:00 hrs, en el Teatro Sala Dos de la ciudad de Concepci\u00f3n, se realizar\u00e1 la muestra del proceso realizado con los ni\u00f1os beneficiados del proyecto: \u201cPrograma piloto: Desarrollo del arte del movimiento y el ritmo en escuelas especiales y vulnerables\u201d. Proyecto financiado por el FONDART regional fue realizado [&hellip;]","og_url":"https:\/\/www.fraczinet.cl\/sitio\/2009\/12\/05\/proyecto-trabaja-el-desarrollo-del-arte-del-movimiento-y-el-ritmo\/","og_site_name":"Nuestro Bio B\u00edo","article_published_time":"2009-12-05T11:43:00+00:00","article_modified_time":"2022-10-05T22:10:07+00:00","og_image":[{"url":"https:\/\/4.bp.blogspot.com\/_2S_RxGRVjis\/SxpH9h6JQEI\/AAAAAAAAMOg\/eCyOxkd5lJM\/s400\/afiche+final.JPG","type":"","width":"","height":""}],"author":"admin","twitter_card":"summary_large_image","twitter_creator":"@nuestrobiobio","twitter_site":"@nuestrobiobio","twitter_misc":{"Escrito por":"admin","Tiempo de lectura":"1 minuto"},"schema":{"@context":"https:\/\/schema.org","@graph":[{"@type":"Article","@id":"https:\/\/www.fraczinet.cl\/sitio\/2009\/12\/05\/proyecto-trabaja-el-desarrollo-del-arte-del-movimiento-y-el-ritmo\/#article","isPartOf":{"@id":"https:\/\/www.fraczinet.cl\/sitio\/2009\/12\/05\/proyecto-trabaja-el-desarrollo-del-arte-del-movimiento-y-el-ritmo\/"},"author":{"name":"admin","@id":"https:\/\/www.fraczinet.cl\/sitio\/#\/schema\/person\/bc30f98e9cb10ae7e119dbe14bc93784"},"headline":"Proyecto Trabaja El Desarrollo Del Arte Del Movimiento Y El Ritmo","datePublished":"2009-12-05T11:43:00+00:00","dateModified":"2022-10-05T22:10:07+00:00","mainEntityOfPage":{"@id":"https:\/\/www.fraczinet.cl\/sitio\/2009\/12\/05\/proyecto-trabaja-el-desarrollo-del-arte-del-movimiento-y-el-ritmo\/"},"wordCount":265,"commentCount":0,"publisher":{"@id":"https:\/\/www.fraczinet.cl\/sitio\/#\/schema\/person\/aec8ee4da68df2b9b0eefdad24a0d582"},"image":{"@id":"https:\/\/www.fraczinet.cl\/sitio\/2009\/12\/05\/proyecto-trabaja-el-desarrollo-del-arte-del-movimiento-y-el-ritmo\/#primaryimage"},"thumbnailUrl":"https:\/\/4.bp.blogspot.com\/_2S_RxGRVjis\/SxpH9h6JQEI\/AAAAAAAAMOg\/eCyOxkd5lJM\/s400\/afiche+final.JPG","articleSection":["Danza"],"inLanguage":"es","potentialAction":[{"@type":"CommentAction","name":"Comment","target":["https:\/\/www.fraczinet.cl\/sitio\/2009\/12\/05\/proyecto-trabaja-el-desarrollo-del-arte-del-movimiento-y-el-ritmo\/#respond"]}]},{"@type":"WebPage","@id":"https:\/\/www.fraczinet.cl\/sitio\/2009\/12\/05\/proyecto-trabaja-el-desarrollo-del-arte-del-movimiento-y-el-ritmo\/","url":"https:\/\/www.fraczinet.cl\/sitio\/2009\/12\/05\/proyecto-trabaja-el-desarrollo-del-arte-del-movimiento-y-el-ritmo\/","name":"Proyecto Trabaja El Desarrollo Del Arte Del Movimiento Y El Ritmo - Nuestro Bio B\u00edo","isPartOf":{"@id":"https:\/\/www.fraczinet.cl\/sitio\/#website"},"primaryImageOfPage":{"@id":"https:\/\/www.fraczinet.cl\/sitio\/2009\/12\/05\/proyecto-trabaja-el-desarrollo-del-arte-del-movimiento-y-el-ritmo\/#primaryimage"},"image":{"@id":"https:\/\/www.fraczinet.cl\/sitio\/2009\/12\/05\/proyecto-trabaja-el-desarrollo-del-arte-del-movimiento-y-el-ritmo\/#primaryimage"},"thumbnailUrl":"https:\/\/4.bp.blogspot.com\/_2S_RxGRVjis\/SxpH9h6JQEI\/AAAAAAAAMOg\/eCyOxkd5lJM\/s400\/afiche+final.JPG","datePublished":"2009-12-05T11:43:00+00:00","dateModified":"2022-10-05T22:10:07+00:00","breadcrumb":{"@id":"https:\/\/www.fraczinet.cl\/sitio\/2009\/12\/05\/proyecto-trabaja-el-desarrollo-del-arte-del-movimiento-y-el-ritmo\/#breadcrumb"},"inLanguage":"es","potentialAction":[{"@type":"ReadAction","target":["https:\/\/www.fraczinet.cl\/sitio\/2009\/12\/05\/proyecto-trabaja-el-desarrollo-del-arte-del-movimiento-y-el-ritmo\/"]}]},{"@type":"ImageObject","inLanguage":"es","@id":"https:\/\/www.fraczinet.cl\/sitio\/2009\/12\/05\/proyecto-trabaja-el-desarrollo-del-arte-del-movimiento-y-el-ritmo\/#primaryimage","url":"https:\/\/4.bp.blogspot.com\/_2S_RxGRVjis\/SxpH9h6JQEI\/AAAAAAAAMOg\/eCyOxkd5lJM\/s400\/afiche+final.JPG","contentUrl":"https:\/\/4.bp.blogspot.com\/_2S_RxGRVjis\/SxpH9h6JQEI\/AAAAAAAAMOg\/eCyOxkd5lJM\/s400\/afiche+final.JPG"},{"@type":"BreadcrumbList","@id":"https:\/\/www.fraczinet.cl\/sitio\/2009\/12\/05\/proyecto-trabaja-el-desarrollo-del-arte-del-movimiento-y-el-ritmo\/#breadcrumb","itemListElement":[{"@type":"ListItem","position":1,"name":"Portada","item":"https:\/\/www.fraczinet.cl\/sitio\/"},{"@type":"ListItem","position":2,"name":"Proyecto Trabaja El Desarrollo Del Arte Del Movimiento Y El Ritmo"}]},{"@type":"WebSite","@id":"https:\/\/www.fraczinet.cl\/sitio\/#website","url":"https:\/\/www.fraczinet.cl\/sitio\/","name":"Nuestro Bio B\u00edo","description":"Tierra de Encuentros","publisher":{"@id":"https:\/\/www.fraczinet.cl\/sitio\/#\/schema\/person\/aec8ee4da68df2b9b0eefdad24a0d582"},"potentialAction":[{"@type":"SearchAction","target":{"@type":"EntryPoint","urlTemplate":"https:\/\/www.fraczinet.cl\/sitio\/?s={search_term_string}"},"query-input":{"@type":"PropertyValueSpecification","valueRequired":true,"valueName":"search_term_string"}}],"inLanguage":"es"},{"@type":["Person","Organization"],"@id":"https:\/\/www.fraczinet.cl\/sitio\/#\/schema\/person\/aec8ee4da68df2b9b0eefdad24a0d582","name":"Luis Fernando Fraczinet","image":{"@type":"ImageObject","inLanguage":"es","@id":"https:\/\/www.fraczinet.cl\/sitio\/#\/schema\/person\/image\/","url":"https:\/\/www.fraczinet.cl\/sitio\/wp-content\/uploads\/2021\/07\/bannerlogo-1.gif","contentUrl":"https:\/\/www.fraczinet.cl\/sitio\/wp-content\/uploads\/2021\/07\/bannerlogo-1.gif","width":159,"height":79,"caption":"Luis Fernando Fraczinet"},"logo":{"@id":"https:\/\/www.fraczinet.cl\/sitio\/#\/schema\/person\/image\/"},"sameAs":["https:\/\/www.fraczinet.cl\/sitio\/"]},{"@type":"Person","@id":"https:\/\/www.fraczinet.cl\/sitio\/#\/schema\/person\/bc30f98e9cb10ae7e119dbe14bc93784","name":"admin","image":{"@type":"ImageObject","inLanguage":"es","@id":"https:\/\/www.fraczinet.cl\/sitio\/#\/schema\/person\/image\/","url":"https:\/\/secure.gravatar.com\/avatar\/d5ad3cf7ef3b23a2bb5be73be780c86b2fc8545c3ad6b149f3913ff458c00099?s=96&d=mm&r=g","contentUrl":"https:\/\/secure.gravatar.com\/avatar\/d5ad3cf7ef3b23a2bb5be73be780c86b2fc8545c3ad6b149f3913ff458c00099?s=96&d=mm&r=g","caption":"admin"},"sameAs":["https:\/\/www.fraczinet.cl\/sitio"]}]}},"_links":{"self":[{"href":"https:\/\/www.fraczinet.cl\/sitio\/wp-json\/wp\/v2\/posts\/4466","targetHints":{"allow":["GET"]}}],"collection":[{"href":"https:\/\/www.fraczinet.cl\/sitio\/wp-json\/wp\/v2\/posts"}],"about":[{"href":"https:\/\/www.fraczinet.cl\/sitio\/wp-json\/wp\/v2\/types\/post"}],"author":[{"embeddable":true,"href":"https:\/\/www.fraczinet.cl\/sitio\/wp-json\/wp\/v2\/users\/1"}],"replies":[{"embeddable":true,"href":"https:\/\/www.fraczinet.cl\/sitio\/wp-json\/wp\/v2\/comments?post=4466"}],"version-history":[{"count":1,"href":"https:\/\/www.fraczinet.cl\/sitio\/wp-json\/wp\/v2\/posts\/4466\/revisions"}],"predecessor-version":[{"id":14132,"href":"https:\/\/www.fraczinet.cl\/sitio\/wp-json\/wp\/v2\/posts\/4466\/revisions\/14132"}],"wp:attachment":[{"href":"https:\/\/www.fraczinet.cl\/sitio\/wp-json\/wp\/v2\/media?parent=4466"}],"wp:term":[{"taxonomy":"category","embeddable":true,"href":"https:\/\/www.fraczinet.cl\/sitio\/wp-json\/wp\/v2\/categories?post=4466"},{"taxonomy":"post_tag","embeddable":true,"href":"https:\/\/www.fraczinet.cl\/sitio\/wp-json\/wp\/v2\/tags?post=4466"}],"curies":[{"name":"wp","href":"https:\/\/api.w.org\/{rel}","templated":true}]}}