{"id":4467,"date":"2009-12-05T11:35:00","date_gmt":"2009-12-05T11:35:00","guid":{"rendered":"https:\/\/www.fraczinet.cl\/sitio\/2009\/12\/05\/justo-pastor-mellado-dictara-clase-magistral\/"},"modified":"2022-10-06T22:37:45","modified_gmt":"2022-10-06T22:37:45","slug":"justo-pastor-mellado-dictara-clase-magistral","status":"publish","type":"post","link":"https:\/\/www.fraczinet.cl\/sitio\/2009\/12\/05\/justo-pastor-mellado-dictara-clase-magistral\/","title":{"rendered":"Justo Pastor Mellado Dictar\u00e1 Clase Magistral"},"content":{"rendered":"<div style=\"text-align: justify;\"><a href=\"http:\/\/3.bp.blogspot.com\/_2S_RxGRVjis\/SxpGwHt6z2I\/AAAAAAAAMOY\/9NAx-ZArOB0\/s1600-h\/justopastormellado.jpg\"><img decoding=\"async\" alt=\"\" border=\"0\" id=\"BLOGGER_PHOTO_ID_5411715694758383458\" src=\"https:\/\/3.bp.blogspot.com\/_2S_RxGRVjis\/SxpGwHt6z2I\/AAAAAAAAMOY\/9NAx-ZArOB0\/s200\/justopastormellado.jpg\" style=\"cursor: hand; cursor: pointer; float: left; height: 102px; margin: 0 10px 10px 0; width: 143px;\" \/><\/a>En el marco de su visita a su tierra natal para recibir el galard\u00f3n de Premio Regional de Ciencias Sociales 2009, dictar\u00e1 una charla el s\u00e1bado 5 de diciembre desde las 16:00 horas en la Corporaci\u00f3n Campos Deportivos Llacol\u00e9n (Pedro Aguirre Cerda N\u00ba 781 San Pedro de la Paz). <\/div>\n<div style=\"text-align: justify;\"><\/div>\n<div style=\"text-align: justify;\">La clase magistral impartida por el destacado docente, Licenciado y Master en Filosof\u00eda y Doctor en Est\u00e9tica, se denomina \u00abPor una ense\u00f1anza de arte flexible, transversal y diagram\u00e1tica\u00bb. En la ocasi\u00f3n abordar\u00e1 la situaci\u00f3n de la ense\u00f1anza del arte.<\/div>\n<div style=\"text-align: justify;\"><\/div>\n<div style=\"text-align: justify;\">La actividad, abierta a la comunidad, ser\u00e1 parte de la finalizaci\u00f3n que talleristas del Programa Okupa del Consejo Regional de la Cultura y las Artes han recibido en Creatividad e Innovaci\u00f3n por parte de la Direcci\u00f3n de Educaci\u00f3n Continua de la Facultad de Educaci\u00f3n de la Universidad de Concepci\u00f3n.<\/div>\n<div style=\"text-align: justify;\"><\/div>\n<div style=\"text-align: justify;\">El programa Okupa perteneciente al Consejo Nacional de la Cultura y las Artes se orienta a la promoci\u00f3n y desarrollo de nuevas oportunidades de expresi\u00f3n en los estudiantes de liceos con Jornada Escolar Completa. Por medio de propuestas metodol\u00f3gicas innovadoras los talleristas en conjunto con los docentes desarrollan la creatividad, en un proceso colectivo y de interacci\u00f3n de lenguajes art\u00edsticos.<\/div>\n","protected":false},"excerpt":{"rendered":"<p>En el marco de su visita a su tierra natal para recibir el galard\u00f3n de Premio Regional de Ciencias Sociales 2009, dictar\u00e1 una charla el s\u00e1bado 5 de diciembre desde las 16:00 horas en la Corporaci\u00f3n Campos Deportivos Llacol\u00e9n (Pedro Aguirre Cerda N\u00ba 781 San Pedro de la Paz). La clase magistral impartida por el [&hellip;]<\/p>\n","protected":false},"author":1,"featured_media":0,"comment_status":"open","ping_status":"open","sticky":false,"template":"","format":"standard","meta":{"footnotes":""},"categories":[151],"tags":[],"class_list":["post-4467","post","type-post","status-publish","format-standard","hentry","category-educacion"],"yoast_head":"<!-- This site is optimized with the Yoast SEO plugin v25.0 - https:\/\/yoast.com\/wordpress\/plugins\/seo\/ -->\n<title>Justo Pastor Mellado Dictar\u00e1 Clase Magistral - Nuestro Bio B\u00edo<\/title>\n<meta name=\"robots\" content=\"index, follow, max-snippet:-1, max-image-preview:large, max-video-preview:-1\" \/>\n<link rel=\"canonical\" href=\"https:\/\/www.fraczinet.cl\/sitio\/2009\/12\/05\/justo-pastor-mellado-dictara-clase-magistral\/\" \/>\n<meta property=\"og:locale\" content=\"es_ES\" \/>\n<meta property=\"og:type\" content=\"article\" \/>\n<meta property=\"og:title\" content=\"Justo Pastor Mellado Dictar\u00e1 Clase Magistral - Nuestro Bio B\u00edo\" \/>\n<meta property=\"og:description\" content=\"En el marco de su visita a su tierra natal para recibir el galard\u00f3n de Premio Regional de Ciencias Sociales 2009, dictar\u00e1 una charla el s\u00e1bado 5 de diciembre desde las 16:00 horas en la Corporaci\u00f3n Campos Deportivos Llacol\u00e9n (Pedro Aguirre Cerda N\u00ba 781 San Pedro de la Paz). La clase magistral impartida por el [&hellip;]\" \/>\n<meta property=\"og:url\" content=\"https:\/\/www.fraczinet.cl\/sitio\/2009\/12\/05\/justo-pastor-mellado-dictara-clase-magistral\/\" \/>\n<meta property=\"og:site_name\" content=\"Nuestro Bio B\u00edo\" \/>\n<meta property=\"article:published_time\" content=\"2009-12-05T11:35:00+00:00\" \/>\n<meta property=\"article:modified_time\" content=\"2022-10-06T22:37:45+00:00\" \/>\n<meta property=\"og:image\" content=\"https:\/\/3.bp.blogspot.com\/_2S_RxGRVjis\/SxpGwHt6z2I\/AAAAAAAAMOY\/9NAx-ZArOB0\/s200\/justopastormellado.jpg\" \/>\n<meta name=\"author\" content=\"admin\" \/>\n<meta name=\"twitter:card\" content=\"summary_large_image\" \/>\n<meta name=\"twitter:creator\" content=\"@nuestrobiobio\" \/>\n<meta name=\"twitter:site\" content=\"@nuestrobiobio\" \/>\n<meta name=\"twitter:label1\" content=\"Escrito por\" \/>\n\t<meta name=\"twitter:data1\" content=\"admin\" \/>\n\t<meta name=\"twitter:label2\" content=\"Tiempo de lectura\" \/>\n\t<meta name=\"twitter:data2\" content=\"1 minuto\" \/>\n<script type=\"application\/ld+json\" class=\"yoast-schema-graph\">{\"@context\":\"https:\/\/schema.org\",\"@graph\":[{\"@type\":\"Article\",\"@id\":\"https:\/\/www.fraczinet.cl\/sitio\/2009\/12\/05\/justo-pastor-mellado-dictara-clase-magistral\/#article\",\"isPartOf\":{\"@id\":\"https:\/\/www.fraczinet.cl\/sitio\/2009\/12\/05\/justo-pastor-mellado-dictara-clase-magistral\/\"},\"author\":{\"name\":\"admin\",\"@id\":\"https:\/\/www.fraczinet.cl\/sitio\/#\/schema\/person\/bc30f98e9cb10ae7e119dbe14bc93784\"},\"headline\":\"Justo Pastor Mellado Dictar\u00e1 Clase Magistral\",\"datePublished\":\"2009-12-05T11:35:00+00:00\",\"dateModified\":\"2022-10-06T22:37:45+00:00\",\"mainEntityOfPage\":{\"@id\":\"https:\/\/www.fraczinet.cl\/sitio\/2009\/12\/05\/justo-pastor-mellado-dictara-clase-magistral\/\"},\"wordCount\":221,\"commentCount\":0,\"publisher\":{\"@id\":\"https:\/\/www.fraczinet.cl\/sitio\/#\/schema\/person\/aec8ee4da68df2b9b0eefdad24a0d582\"},\"image\":{\"@id\":\"https:\/\/www.fraczinet.cl\/sitio\/2009\/12\/05\/justo-pastor-mellado-dictara-clase-magistral\/#primaryimage\"},\"thumbnailUrl\":\"https:\/\/3.bp.blogspot.com\/_2S_RxGRVjis\/SxpGwHt6z2I\/AAAAAAAAMOY\/9NAx-ZArOB0\/s200\/justopastormellado.jpg\",\"articleSection\":[\"Educaci\u00f3n\"],\"inLanguage\":\"es\",\"potentialAction\":[{\"@type\":\"CommentAction\",\"name\":\"Comment\",\"target\":[\"https:\/\/www.fraczinet.cl\/sitio\/2009\/12\/05\/justo-pastor-mellado-dictara-clase-magistral\/#respond\"]}]},{\"@type\":\"WebPage\",\"@id\":\"https:\/\/www.fraczinet.cl\/sitio\/2009\/12\/05\/justo-pastor-mellado-dictara-clase-magistral\/\",\"url\":\"https:\/\/www.fraczinet.cl\/sitio\/2009\/12\/05\/justo-pastor-mellado-dictara-clase-magistral\/\",\"name\":\"Justo Pastor Mellado Dictar\u00e1 Clase Magistral - Nuestro Bio B\u00edo\",\"isPartOf\":{\"@id\":\"https:\/\/www.fraczinet.cl\/sitio\/#website\"},\"primaryImageOfPage\":{\"@id\":\"https:\/\/www.fraczinet.cl\/sitio\/2009\/12\/05\/justo-pastor-mellado-dictara-clase-magistral\/#primaryimage\"},\"image\":{\"@id\":\"https:\/\/www.fraczinet.cl\/sitio\/2009\/12\/05\/justo-pastor-mellado-dictara-clase-magistral\/#primaryimage\"},\"thumbnailUrl\":\"https:\/\/3.bp.blogspot.com\/_2S_RxGRVjis\/SxpGwHt6z2I\/AAAAAAAAMOY\/9NAx-ZArOB0\/s200\/justopastormellado.jpg\",\"datePublished\":\"2009-12-05T11:35:00+00:00\",\"dateModified\":\"2022-10-06T22:37:45+00:00\",\"breadcrumb\":{\"@id\":\"https:\/\/www.fraczinet.cl\/sitio\/2009\/12\/05\/justo-pastor-mellado-dictara-clase-magistral\/#breadcrumb\"},\"inLanguage\":\"es\",\"potentialAction\":[{\"@type\":\"ReadAction\",\"target\":[\"https:\/\/www.fraczinet.cl\/sitio\/2009\/12\/05\/justo-pastor-mellado-dictara-clase-magistral\/\"]}]},{\"@type\":\"ImageObject\",\"inLanguage\":\"es\",\"@id\":\"https:\/\/www.fraczinet.cl\/sitio\/2009\/12\/05\/justo-pastor-mellado-dictara-clase-magistral\/#primaryimage\",\"url\":\"https:\/\/3.bp.blogspot.com\/_2S_RxGRVjis\/SxpGwHt6z2I\/AAAAAAAAMOY\/9NAx-ZArOB0\/s200\/justopastormellado.jpg\",\"contentUrl\":\"https:\/\/3.bp.blogspot.com\/_2S_RxGRVjis\/SxpGwHt6z2I\/AAAAAAAAMOY\/9NAx-ZArOB0\/s200\/justopastormellado.jpg\"},{\"@type\":\"BreadcrumbList\",\"@id\":\"https:\/\/www.fraczinet.cl\/sitio\/2009\/12\/05\/justo-pastor-mellado-dictara-clase-magistral\/#breadcrumb\",\"itemListElement\":[{\"@type\":\"ListItem\",\"position\":1,\"name\":\"Portada\",\"item\":\"https:\/\/www.fraczinet.cl\/sitio\/\"},{\"@type\":\"ListItem\",\"position\":2,\"name\":\"Justo Pastor Mellado Dictar\u00e1 Clase Magistral\"}]},{\"@type\":\"WebSite\",\"@id\":\"https:\/\/www.fraczinet.cl\/sitio\/#website\",\"url\":\"https:\/\/www.fraczinet.cl\/sitio\/\",\"name\":\"Nuestro Bio B\u00edo\",\"description\":\"Tierra de Encuentros\",\"publisher\":{\"@id\":\"https:\/\/www.fraczinet.cl\/sitio\/#\/schema\/person\/aec8ee4da68df2b9b0eefdad24a0d582\"},\"potentialAction\":[{\"@type\":\"SearchAction\",\"target\":{\"@type\":\"EntryPoint\",\"urlTemplate\":\"https:\/\/www.fraczinet.cl\/sitio\/?s={search_term_string}\"},\"query-input\":{\"@type\":\"PropertyValueSpecification\",\"valueRequired\":true,\"valueName\":\"search_term_string\"}}],\"inLanguage\":\"es\"},{\"@type\":[\"Person\",\"Organization\"],\"@id\":\"https:\/\/www.fraczinet.cl\/sitio\/#\/schema\/person\/aec8ee4da68df2b9b0eefdad24a0d582\",\"name\":\"Luis Fernando Fraczinet\",\"image\":{\"@type\":\"ImageObject\",\"inLanguage\":\"es\",\"@id\":\"https:\/\/www.fraczinet.cl\/sitio\/#\/schema\/person\/image\/\",\"url\":\"https:\/\/www.fraczinet.cl\/sitio\/wp-content\/uploads\/2021\/07\/bannerlogo-1.gif\",\"contentUrl\":\"https:\/\/www.fraczinet.cl\/sitio\/wp-content\/uploads\/2021\/07\/bannerlogo-1.gif\",\"width\":159,\"height\":79,\"caption\":\"Luis Fernando Fraczinet\"},\"logo\":{\"@id\":\"https:\/\/www.fraczinet.cl\/sitio\/#\/schema\/person\/image\/\"},\"sameAs\":[\"https:\/\/www.fraczinet.cl\/sitio\/\"]},{\"@type\":\"Person\",\"@id\":\"https:\/\/www.fraczinet.cl\/sitio\/#\/schema\/person\/bc30f98e9cb10ae7e119dbe14bc93784\",\"name\":\"admin\",\"image\":{\"@type\":\"ImageObject\",\"inLanguage\":\"es\",\"@id\":\"https:\/\/www.fraczinet.cl\/sitio\/#\/schema\/person\/image\/\",\"url\":\"https:\/\/secure.gravatar.com\/avatar\/d5ad3cf7ef3b23a2bb5be73be780c86b2fc8545c3ad6b149f3913ff458c00099?s=96&d=mm&r=g\",\"contentUrl\":\"https:\/\/secure.gravatar.com\/avatar\/d5ad3cf7ef3b23a2bb5be73be780c86b2fc8545c3ad6b149f3913ff458c00099?s=96&d=mm&r=g\",\"caption\":\"admin\"},\"sameAs\":[\"https:\/\/www.fraczinet.cl\/sitio\"]}]}<\/script>\n<!-- \/ Yoast SEO plugin. -->","yoast_head_json":{"title":"Justo Pastor Mellado Dictar\u00e1 Clase Magistral - Nuestro Bio B\u00edo","robots":{"index":"index","follow":"follow","max-snippet":"max-snippet:-1","max-image-preview":"max-image-preview:large","max-video-preview":"max-video-preview:-1"},"canonical":"https:\/\/www.fraczinet.cl\/sitio\/2009\/12\/05\/justo-pastor-mellado-dictara-clase-magistral\/","og_locale":"es_ES","og_type":"article","og_title":"Justo Pastor Mellado Dictar\u00e1 Clase Magistral - Nuestro Bio B\u00edo","og_description":"En el marco de su visita a su tierra natal para recibir el galard\u00f3n de Premio Regional de Ciencias Sociales 2009, dictar\u00e1 una charla el s\u00e1bado 5 de diciembre desde las 16:00 horas en la Corporaci\u00f3n Campos Deportivos Llacol\u00e9n (Pedro Aguirre Cerda N\u00ba 781 San Pedro de la Paz). La clase magistral impartida por el [&hellip;]","og_url":"https:\/\/www.fraczinet.cl\/sitio\/2009\/12\/05\/justo-pastor-mellado-dictara-clase-magistral\/","og_site_name":"Nuestro Bio B\u00edo","article_published_time":"2009-12-05T11:35:00+00:00","article_modified_time":"2022-10-06T22:37:45+00:00","og_image":[{"url":"https:\/\/3.bp.blogspot.com\/_2S_RxGRVjis\/SxpGwHt6z2I\/AAAAAAAAMOY\/9NAx-ZArOB0\/s200\/justopastormellado.jpg","type":"","width":"","height":""}],"author":"admin","twitter_card":"summary_large_image","twitter_creator":"@nuestrobiobio","twitter_site":"@nuestrobiobio","twitter_misc":{"Escrito por":"admin","Tiempo de lectura":"1 minuto"},"schema":{"@context":"https:\/\/schema.org","@graph":[{"@type":"Article","@id":"https:\/\/www.fraczinet.cl\/sitio\/2009\/12\/05\/justo-pastor-mellado-dictara-clase-magistral\/#article","isPartOf":{"@id":"https:\/\/www.fraczinet.cl\/sitio\/2009\/12\/05\/justo-pastor-mellado-dictara-clase-magistral\/"},"author":{"name":"admin","@id":"https:\/\/www.fraczinet.cl\/sitio\/#\/schema\/person\/bc30f98e9cb10ae7e119dbe14bc93784"},"headline":"Justo Pastor Mellado Dictar\u00e1 Clase Magistral","datePublished":"2009-12-05T11:35:00+00:00","dateModified":"2022-10-06T22:37:45+00:00","mainEntityOfPage":{"@id":"https:\/\/www.fraczinet.cl\/sitio\/2009\/12\/05\/justo-pastor-mellado-dictara-clase-magistral\/"},"wordCount":221,"commentCount":0,"publisher":{"@id":"https:\/\/www.fraczinet.cl\/sitio\/#\/schema\/person\/aec8ee4da68df2b9b0eefdad24a0d582"},"image":{"@id":"https:\/\/www.fraczinet.cl\/sitio\/2009\/12\/05\/justo-pastor-mellado-dictara-clase-magistral\/#primaryimage"},"thumbnailUrl":"https:\/\/3.bp.blogspot.com\/_2S_RxGRVjis\/SxpGwHt6z2I\/AAAAAAAAMOY\/9NAx-ZArOB0\/s200\/justopastormellado.jpg","articleSection":["Educaci\u00f3n"],"inLanguage":"es","potentialAction":[{"@type":"CommentAction","name":"Comment","target":["https:\/\/www.fraczinet.cl\/sitio\/2009\/12\/05\/justo-pastor-mellado-dictara-clase-magistral\/#respond"]}]},{"@type":"WebPage","@id":"https:\/\/www.fraczinet.cl\/sitio\/2009\/12\/05\/justo-pastor-mellado-dictara-clase-magistral\/","url":"https:\/\/www.fraczinet.cl\/sitio\/2009\/12\/05\/justo-pastor-mellado-dictara-clase-magistral\/","name":"Justo Pastor Mellado Dictar\u00e1 Clase Magistral - Nuestro Bio B\u00edo","isPartOf":{"@id":"https:\/\/www.fraczinet.cl\/sitio\/#website"},"primaryImageOfPage":{"@id":"https:\/\/www.fraczinet.cl\/sitio\/2009\/12\/05\/justo-pastor-mellado-dictara-clase-magistral\/#primaryimage"},"image":{"@id":"https:\/\/www.fraczinet.cl\/sitio\/2009\/12\/05\/justo-pastor-mellado-dictara-clase-magistral\/#primaryimage"},"thumbnailUrl":"https:\/\/3.bp.blogspot.com\/_2S_RxGRVjis\/SxpGwHt6z2I\/AAAAAAAAMOY\/9NAx-ZArOB0\/s200\/justopastormellado.jpg","datePublished":"2009-12-05T11:35:00+00:00","dateModified":"2022-10-06T22:37:45+00:00","breadcrumb":{"@id":"https:\/\/www.fraczinet.cl\/sitio\/2009\/12\/05\/justo-pastor-mellado-dictara-clase-magistral\/#breadcrumb"},"inLanguage":"es","potentialAction":[{"@type":"ReadAction","target":["https:\/\/www.fraczinet.cl\/sitio\/2009\/12\/05\/justo-pastor-mellado-dictara-clase-magistral\/"]}]},{"@type":"ImageObject","inLanguage":"es","@id":"https:\/\/www.fraczinet.cl\/sitio\/2009\/12\/05\/justo-pastor-mellado-dictara-clase-magistral\/#primaryimage","url":"https:\/\/3.bp.blogspot.com\/_2S_RxGRVjis\/SxpGwHt6z2I\/AAAAAAAAMOY\/9NAx-ZArOB0\/s200\/justopastormellado.jpg","contentUrl":"https:\/\/3.bp.blogspot.com\/_2S_RxGRVjis\/SxpGwHt6z2I\/AAAAAAAAMOY\/9NAx-ZArOB0\/s200\/justopastormellado.jpg"},{"@type":"BreadcrumbList","@id":"https:\/\/www.fraczinet.cl\/sitio\/2009\/12\/05\/justo-pastor-mellado-dictara-clase-magistral\/#breadcrumb","itemListElement":[{"@type":"ListItem","position":1,"name":"Portada","item":"https:\/\/www.fraczinet.cl\/sitio\/"},{"@type":"ListItem","position":2,"name":"Justo Pastor Mellado Dictar\u00e1 Clase Magistral"}]},{"@type":"WebSite","@id":"https:\/\/www.fraczinet.cl\/sitio\/#website","url":"https:\/\/www.fraczinet.cl\/sitio\/","name":"Nuestro Bio B\u00edo","description":"Tierra de Encuentros","publisher":{"@id":"https:\/\/www.fraczinet.cl\/sitio\/#\/schema\/person\/aec8ee4da68df2b9b0eefdad24a0d582"},"potentialAction":[{"@type":"SearchAction","target":{"@type":"EntryPoint","urlTemplate":"https:\/\/www.fraczinet.cl\/sitio\/?s={search_term_string}"},"query-input":{"@type":"PropertyValueSpecification","valueRequired":true,"valueName":"search_term_string"}}],"inLanguage":"es"},{"@type":["Person","Organization"],"@id":"https:\/\/www.fraczinet.cl\/sitio\/#\/schema\/person\/aec8ee4da68df2b9b0eefdad24a0d582","name":"Luis Fernando Fraczinet","image":{"@type":"ImageObject","inLanguage":"es","@id":"https:\/\/www.fraczinet.cl\/sitio\/#\/schema\/person\/image\/","url":"https:\/\/www.fraczinet.cl\/sitio\/wp-content\/uploads\/2021\/07\/bannerlogo-1.gif","contentUrl":"https:\/\/www.fraczinet.cl\/sitio\/wp-content\/uploads\/2021\/07\/bannerlogo-1.gif","width":159,"height":79,"caption":"Luis Fernando Fraczinet"},"logo":{"@id":"https:\/\/www.fraczinet.cl\/sitio\/#\/schema\/person\/image\/"},"sameAs":["https:\/\/www.fraczinet.cl\/sitio\/"]},{"@type":"Person","@id":"https:\/\/www.fraczinet.cl\/sitio\/#\/schema\/person\/bc30f98e9cb10ae7e119dbe14bc93784","name":"admin","image":{"@type":"ImageObject","inLanguage":"es","@id":"https:\/\/www.fraczinet.cl\/sitio\/#\/schema\/person\/image\/","url":"https:\/\/secure.gravatar.com\/avatar\/d5ad3cf7ef3b23a2bb5be73be780c86b2fc8545c3ad6b149f3913ff458c00099?s=96&d=mm&r=g","contentUrl":"https:\/\/secure.gravatar.com\/avatar\/d5ad3cf7ef3b23a2bb5be73be780c86b2fc8545c3ad6b149f3913ff458c00099?s=96&d=mm&r=g","caption":"admin"},"sameAs":["https:\/\/www.fraczinet.cl\/sitio"]}]}},"_links":{"self":[{"href":"https:\/\/www.fraczinet.cl\/sitio\/wp-json\/wp\/v2\/posts\/4467","targetHints":{"allow":["GET"]}}],"collection":[{"href":"https:\/\/www.fraczinet.cl\/sitio\/wp-json\/wp\/v2\/posts"}],"about":[{"href":"https:\/\/www.fraczinet.cl\/sitio\/wp-json\/wp\/v2\/types\/post"}],"author":[{"embeddable":true,"href":"https:\/\/www.fraczinet.cl\/sitio\/wp-json\/wp\/v2\/users\/1"}],"replies":[{"embeddable":true,"href":"https:\/\/www.fraczinet.cl\/sitio\/wp-json\/wp\/v2\/comments?post=4467"}],"version-history":[{"count":1,"href":"https:\/\/www.fraczinet.cl\/sitio\/wp-json\/wp\/v2\/posts\/4467\/revisions"}],"predecessor-version":[{"id":14301,"href":"https:\/\/www.fraczinet.cl\/sitio\/wp-json\/wp\/v2\/posts\/4467\/revisions\/14301"}],"wp:attachment":[{"href":"https:\/\/www.fraczinet.cl\/sitio\/wp-json\/wp\/v2\/media?parent=4467"}],"wp:term":[{"taxonomy":"category","embeddable":true,"href":"https:\/\/www.fraczinet.cl\/sitio\/wp-json\/wp\/v2\/categories?post=4467"},{"taxonomy":"post_tag","embeddable":true,"href":"https:\/\/www.fraczinet.cl\/sitio\/wp-json\/wp\/v2\/tags?post=4467"}],"curies":[{"name":"wp","href":"https:\/\/api.w.org\/{rel}","templated":true}]}}