{"id":4469,"date":"2009-12-04T01:52:00","date_gmt":"2009-12-04T01:52:00","guid":{"rendered":"https:\/\/www.fraczinet.cl\/sitio\/2009\/12\/04\/celebra-navidad-en-el-parque-con-titeres-y-talleres-familiares\/"},"modified":"2022-10-06T00:22:04","modified_gmt":"2022-10-06T00:22:04","slug":"celebra-navidad-en-el-parque-con-titeres-y-talleres-familiares","status":"publish","type":"post","link":"https:\/\/www.fraczinet.cl\/sitio\/2009\/12\/04\/celebra-navidad-en-el-parque-con-titeres-y-talleres-familiares\/","title":{"rendered":"Celebra Navidad En El Parque Con T\u00edteres Y Talleres Familiares"},"content":{"rendered":"<div style=\"text-align: justify;\">Diciembre es un mes lleno de actividades y sorpresas, en especial para los ni\u00f1os, es por esto, que el Parque Educativo Jorge Alessandri en cada uno de sus espacios ha preparado diversos talleres navide\u00f1os. <\/div>\n<div style=\"text-align: justify;\"><\/div>\n<div style=\"text-align: justify;\">El Vivero Educativo todos los s\u00e1bados de diciembre a las 11:00, 15:00 y 17:00 horas tendr\u00e1 el taller \u201cVerde Navidad\u201d, en \u00e9l los ni\u00f1os podr\u00e1n realizar diversas manualidades con algunos elementos del vivero; la Sala del \u00c1rbol todos los s\u00e1bados de diciembre a las 11:00, 15:00 y 17:00 horas tendr\u00e1 el taller \u201cLa caja de los buenos deseos\u201d, aqu\u00ed los ni\u00f1os decorar\u00e1n una caja que ellos mismos realizar\u00e1n en cart\u00f3n; y finalmente Artequin, los d\u00edas s\u00e1bados y domingos a las 11:00, 15:00 y 17:00 horas, realizar\u00e1 una obra de t\u00edteres al aire libre junto con la narraci\u00f3n de una historia, que invita a reflexionar sobre el verdadero sentido y valor de la navidad, para luego continuar con la creaci\u00f3n de tarjetas navide\u00f1as hecha a mano con entretenidos dise\u00f1os tridimensionales inspirados en motivos de narraci\u00f3n. <\/div>\n<div style=\"text-align: justify;\"><\/div>\n<div style=\"text-align: justify;\">Los talleres del Vivero Educativo y Sala del \u00c1rbol ser\u00e1n realizados por estudiantes de educaci\u00f3n parvularia, los cuales tienen un cupo limitado de acuerdo a la cantidad de ni\u00f1os que llegue a la hora de realizar el taller. Los materiales a utilizar ser\u00e1n entregados de manera gratuita.<\/div>\n<div style=\"text-align: justify;\"><\/div>\n<div style=\"text-align: justify;\">Adem\u00e1s los d\u00edas s\u00e1bados y domingos a las 10:00 y 14:00 horas, realizamos excursiones al Bosque Nativo, previa reserva en administraci\u00f3n. Es un recorrido de 1,5 km por un sendero rodeado de vegetaci\u00f3n nativa donde podr\u00e1n apreciar la interacci\u00f3n de diversos ecosistemas y disfrutar de una naturaleza \u00fanica. <\/div>\n<div style=\"text-align: justify;\"><\/div>\n<div style=\"text-align: justify;\">Por otro lado de martes a domingo a las 16:00 horas realizamos \u201cEl paseo impresionista\u201d, previa reserva en la porter\u00eda del parque, el cual puede ser realizado en alg\u00fan lugar del parque, o en el inicio del sendero al Bosque Nativo. En \u00e9l los amantes del arte disfrutar\u00e1n de una naturaleza privilegiada para inspirarse en sus creaciones. Recuerda que nuestro horario de atenci\u00f3n es de martes a domingo de 9:00 a 19:00 horas, y nuestros espacios hasta las 18:00 horas.<\/div>\n<div style=\"text-align: justify;\"><\/div>\n<div style=\"text-align: justify;\">Parque Educativo Jorge Alessandri<\/div>\n<div style=\"text-align: justify;\">Camino a Coronel Km 18<\/div>\n<div style=\"text-align: justify;\">Tel\u00e9fono 41-2857404  <\/div>\n<div style=\"text-align: justify;\">Fax 41-2751139<\/div>\n","protected":false},"excerpt":{"rendered":"<p>Diciembre es un mes lleno de actividades y sorpresas, en especial para los ni\u00f1os, es por esto, que el Parque Educativo Jorge Alessandri en cada uno de sus espacios ha preparado diversos talleres navide\u00f1os. El Vivero Educativo todos los s\u00e1bados de diciembre a las 11:00, 15:00 y 17:00 horas tendr\u00e1 el taller \u201cVerde Navidad\u201d, en [&hellip;]<\/p>\n","protected":false},"author":1,"featured_media":0,"comment_status":"open","ping_status":"open","sticky":false,"template":"","format":"standard","meta":{"footnotes":""},"categories":[223],"tags":[],"class_list":["post-4469","post","type-post","status-publish","format-standard","hentry","category-talleres"],"yoast_head":"<!-- This site is optimized with the Yoast SEO plugin v25.0 - https:\/\/yoast.com\/wordpress\/plugins\/seo\/ -->\n<title>Celebra Navidad En El Parque Con T\u00edteres Y Talleres Familiares - Nuestro Bio B\u00edo<\/title>\n<meta name=\"robots\" content=\"index, follow, max-snippet:-1, max-image-preview:large, max-video-preview:-1\" \/>\n<link rel=\"canonical\" href=\"https:\/\/www.fraczinet.cl\/sitio\/2009\/12\/04\/celebra-navidad-en-el-parque-con-titeres-y-talleres-familiares\/\" \/>\n<meta property=\"og:locale\" content=\"es_ES\" \/>\n<meta property=\"og:type\" content=\"article\" \/>\n<meta property=\"og:title\" content=\"Celebra Navidad En El Parque Con T\u00edteres Y Talleres Familiares - Nuestro Bio B\u00edo\" \/>\n<meta property=\"og:description\" content=\"Diciembre es un mes lleno de actividades y sorpresas, en especial para los ni\u00f1os, es por esto, que el Parque Educativo Jorge Alessandri en cada uno de sus espacios ha preparado diversos talleres navide\u00f1os. El Vivero Educativo todos los s\u00e1bados de diciembre a las 11:00, 15:00 y 17:00 horas tendr\u00e1 el taller \u201cVerde Navidad\u201d, en [&hellip;]\" \/>\n<meta property=\"og:url\" content=\"https:\/\/www.fraczinet.cl\/sitio\/2009\/12\/04\/celebra-navidad-en-el-parque-con-titeres-y-talleres-familiares\/\" \/>\n<meta property=\"og:site_name\" content=\"Nuestro Bio B\u00edo\" \/>\n<meta property=\"article:published_time\" content=\"2009-12-04T01:52:00+00:00\" \/>\n<meta property=\"article:modified_time\" content=\"2022-10-06T00:22:04+00:00\" \/>\n<meta property=\"og:image\" content=\"https:\/\/www.fraczinet.cl\/sitio\/wp-content\/uploads\/2021\/07\/bannerlogo-1.gif\" \/>\n\t<meta property=\"og:image:width\" content=\"159\" \/>\n\t<meta property=\"og:image:height\" content=\"79\" \/>\n\t<meta property=\"og:image:type\" content=\"image\/gif\" \/>\n<meta name=\"author\" content=\"admin\" \/>\n<meta name=\"twitter:card\" content=\"summary_large_image\" \/>\n<meta name=\"twitter:creator\" content=\"@nuestrobiobio\" \/>\n<meta name=\"twitter:site\" content=\"@nuestrobiobio\" \/>\n<meta name=\"twitter:label1\" content=\"Escrito por\" \/>\n\t<meta name=\"twitter:data1\" content=\"admin\" \/>\n\t<meta name=\"twitter:label2\" content=\"Tiempo de lectura\" \/>\n\t<meta name=\"twitter:data2\" content=\"2 minutos\" \/>\n<script type=\"application\/ld+json\" class=\"yoast-schema-graph\">{\"@context\":\"https:\/\/schema.org\",\"@graph\":[{\"@type\":\"Article\",\"@id\":\"https:\/\/www.fraczinet.cl\/sitio\/2009\/12\/04\/celebra-navidad-en-el-parque-con-titeres-y-talleres-familiares\/#article\",\"isPartOf\":{\"@id\":\"https:\/\/www.fraczinet.cl\/sitio\/2009\/12\/04\/celebra-navidad-en-el-parque-con-titeres-y-talleres-familiares\/\"},\"author\":{\"name\":\"admin\",\"@id\":\"https:\/\/www.fraczinet.cl\/sitio\/#\/schema\/person\/bc30f98e9cb10ae7e119dbe14bc93784\"},\"headline\":\"Celebra Navidad En El Parque Con T\u00edteres Y Talleres Familiares\",\"datePublished\":\"2009-12-04T01:52:00+00:00\",\"dateModified\":\"2022-10-06T00:22:04+00:00\",\"mainEntityOfPage\":{\"@id\":\"https:\/\/www.fraczinet.cl\/sitio\/2009\/12\/04\/celebra-navidad-en-el-parque-con-titeres-y-talleres-familiares\/\"},\"wordCount\":384,\"commentCount\":0,\"publisher\":{\"@id\":\"https:\/\/www.fraczinet.cl\/sitio\/#\/schema\/person\/aec8ee4da68df2b9b0eefdad24a0d582\"},\"articleSection\":[\"Talleres\"],\"inLanguage\":\"es\",\"potentialAction\":[{\"@type\":\"CommentAction\",\"name\":\"Comment\",\"target\":[\"https:\/\/www.fraczinet.cl\/sitio\/2009\/12\/04\/celebra-navidad-en-el-parque-con-titeres-y-talleres-familiares\/#respond\"]}]},{\"@type\":\"WebPage\",\"@id\":\"https:\/\/www.fraczinet.cl\/sitio\/2009\/12\/04\/celebra-navidad-en-el-parque-con-titeres-y-talleres-familiares\/\",\"url\":\"https:\/\/www.fraczinet.cl\/sitio\/2009\/12\/04\/celebra-navidad-en-el-parque-con-titeres-y-talleres-familiares\/\",\"name\":\"Celebra Navidad En El Parque Con T\u00edteres Y Talleres Familiares - Nuestro Bio B\u00edo\",\"isPartOf\":{\"@id\":\"https:\/\/www.fraczinet.cl\/sitio\/#website\"},\"datePublished\":\"2009-12-04T01:52:00+00:00\",\"dateModified\":\"2022-10-06T00:22:04+00:00\",\"breadcrumb\":{\"@id\":\"https:\/\/www.fraczinet.cl\/sitio\/2009\/12\/04\/celebra-navidad-en-el-parque-con-titeres-y-talleres-familiares\/#breadcrumb\"},\"inLanguage\":\"es\",\"potentialAction\":[{\"@type\":\"ReadAction\",\"target\":[\"https:\/\/www.fraczinet.cl\/sitio\/2009\/12\/04\/celebra-navidad-en-el-parque-con-titeres-y-talleres-familiares\/\"]}]},{\"@type\":\"BreadcrumbList\",\"@id\":\"https:\/\/www.fraczinet.cl\/sitio\/2009\/12\/04\/celebra-navidad-en-el-parque-con-titeres-y-talleres-familiares\/#breadcrumb\",\"itemListElement\":[{\"@type\":\"ListItem\",\"position\":1,\"name\":\"Portada\",\"item\":\"https:\/\/www.fraczinet.cl\/sitio\/\"},{\"@type\":\"ListItem\",\"position\":2,\"name\":\"Celebra Navidad En El Parque Con T\u00edteres Y Talleres Familiares\"}]},{\"@type\":\"WebSite\",\"@id\":\"https:\/\/www.fraczinet.cl\/sitio\/#website\",\"url\":\"https:\/\/www.fraczinet.cl\/sitio\/\",\"name\":\"Nuestro Bio B\u00edo\",\"description\":\"Tierra de Encuentros\",\"publisher\":{\"@id\":\"https:\/\/www.fraczinet.cl\/sitio\/#\/schema\/person\/aec8ee4da68df2b9b0eefdad24a0d582\"},\"potentialAction\":[{\"@type\":\"SearchAction\",\"target\":{\"@type\":\"EntryPoint\",\"urlTemplate\":\"https:\/\/www.fraczinet.cl\/sitio\/?s={search_term_string}\"},\"query-input\":{\"@type\":\"PropertyValueSpecification\",\"valueRequired\":true,\"valueName\":\"search_term_string\"}}],\"inLanguage\":\"es\"},{\"@type\":[\"Person\",\"Organization\"],\"@id\":\"https:\/\/www.fraczinet.cl\/sitio\/#\/schema\/person\/aec8ee4da68df2b9b0eefdad24a0d582\",\"name\":\"Luis Fernando Fraczinet\",\"image\":{\"@type\":\"ImageObject\",\"inLanguage\":\"es\",\"@id\":\"https:\/\/www.fraczinet.cl\/sitio\/#\/schema\/person\/image\/\",\"url\":\"https:\/\/www.fraczinet.cl\/sitio\/wp-content\/uploads\/2021\/07\/bannerlogo-1.gif\",\"contentUrl\":\"https:\/\/www.fraczinet.cl\/sitio\/wp-content\/uploads\/2021\/07\/bannerlogo-1.gif\",\"width\":159,\"height\":79,\"caption\":\"Luis Fernando Fraczinet\"},\"logo\":{\"@id\":\"https:\/\/www.fraczinet.cl\/sitio\/#\/schema\/person\/image\/\"},\"sameAs\":[\"https:\/\/www.fraczinet.cl\/sitio\/\"]},{\"@type\":\"Person\",\"@id\":\"https:\/\/www.fraczinet.cl\/sitio\/#\/schema\/person\/bc30f98e9cb10ae7e119dbe14bc93784\",\"name\":\"admin\",\"image\":{\"@type\":\"ImageObject\",\"inLanguage\":\"es\",\"@id\":\"https:\/\/www.fraczinet.cl\/sitio\/#\/schema\/person\/image\/\",\"url\":\"https:\/\/secure.gravatar.com\/avatar\/d5ad3cf7ef3b23a2bb5be73be780c86b2fc8545c3ad6b149f3913ff458c00099?s=96&d=mm&r=g\",\"contentUrl\":\"https:\/\/secure.gravatar.com\/avatar\/d5ad3cf7ef3b23a2bb5be73be780c86b2fc8545c3ad6b149f3913ff458c00099?s=96&d=mm&r=g\",\"caption\":\"admin\"},\"sameAs\":[\"https:\/\/www.fraczinet.cl\/sitio\"]}]}<\/script>\n<!-- \/ Yoast SEO plugin. -->","yoast_head_json":{"title":"Celebra Navidad En El Parque Con T\u00edteres Y Talleres Familiares - Nuestro Bio B\u00edo","robots":{"index":"index","follow":"follow","max-snippet":"max-snippet:-1","max-image-preview":"max-image-preview:large","max-video-preview":"max-video-preview:-1"},"canonical":"https:\/\/www.fraczinet.cl\/sitio\/2009\/12\/04\/celebra-navidad-en-el-parque-con-titeres-y-talleres-familiares\/","og_locale":"es_ES","og_type":"article","og_title":"Celebra Navidad En El Parque Con T\u00edteres Y Talleres Familiares - Nuestro Bio B\u00edo","og_description":"Diciembre es un mes lleno de actividades y sorpresas, en especial para los ni\u00f1os, es por esto, que el Parque Educativo Jorge Alessandri en cada uno de sus espacios ha preparado diversos talleres navide\u00f1os. El Vivero Educativo todos los s\u00e1bados de diciembre a las 11:00, 15:00 y 17:00 horas tendr\u00e1 el taller \u201cVerde Navidad\u201d, en [&hellip;]","og_url":"https:\/\/www.fraczinet.cl\/sitio\/2009\/12\/04\/celebra-navidad-en-el-parque-con-titeres-y-talleres-familiares\/","og_site_name":"Nuestro Bio B\u00edo","article_published_time":"2009-12-04T01:52:00+00:00","article_modified_time":"2022-10-06T00:22:04+00:00","og_image":[{"width":159,"height":79,"url":"https:\/\/www.fraczinet.cl\/sitio\/wp-content\/uploads\/2021\/07\/bannerlogo-1.gif","type":"image\/gif"}],"author":"admin","twitter_card":"summary_large_image","twitter_creator":"@nuestrobiobio","twitter_site":"@nuestrobiobio","twitter_misc":{"Escrito por":"admin","Tiempo de lectura":"2 minutos"},"schema":{"@context":"https:\/\/schema.org","@graph":[{"@type":"Article","@id":"https:\/\/www.fraczinet.cl\/sitio\/2009\/12\/04\/celebra-navidad-en-el-parque-con-titeres-y-talleres-familiares\/#article","isPartOf":{"@id":"https:\/\/www.fraczinet.cl\/sitio\/2009\/12\/04\/celebra-navidad-en-el-parque-con-titeres-y-talleres-familiares\/"},"author":{"name":"admin","@id":"https:\/\/www.fraczinet.cl\/sitio\/#\/schema\/person\/bc30f98e9cb10ae7e119dbe14bc93784"},"headline":"Celebra Navidad En El Parque Con T\u00edteres Y Talleres Familiares","datePublished":"2009-12-04T01:52:00+00:00","dateModified":"2022-10-06T00:22:04+00:00","mainEntityOfPage":{"@id":"https:\/\/www.fraczinet.cl\/sitio\/2009\/12\/04\/celebra-navidad-en-el-parque-con-titeres-y-talleres-familiares\/"},"wordCount":384,"commentCount":0,"publisher":{"@id":"https:\/\/www.fraczinet.cl\/sitio\/#\/schema\/person\/aec8ee4da68df2b9b0eefdad24a0d582"},"articleSection":["Talleres"],"inLanguage":"es","potentialAction":[{"@type":"CommentAction","name":"Comment","target":["https:\/\/www.fraczinet.cl\/sitio\/2009\/12\/04\/celebra-navidad-en-el-parque-con-titeres-y-talleres-familiares\/#respond"]}]},{"@type":"WebPage","@id":"https:\/\/www.fraczinet.cl\/sitio\/2009\/12\/04\/celebra-navidad-en-el-parque-con-titeres-y-talleres-familiares\/","url":"https:\/\/www.fraczinet.cl\/sitio\/2009\/12\/04\/celebra-navidad-en-el-parque-con-titeres-y-talleres-familiares\/","name":"Celebra Navidad En El Parque Con T\u00edteres Y Talleres Familiares - Nuestro Bio B\u00edo","isPartOf":{"@id":"https:\/\/www.fraczinet.cl\/sitio\/#website"},"datePublished":"2009-12-04T01:52:00+00:00","dateModified":"2022-10-06T00:22:04+00:00","breadcrumb":{"@id":"https:\/\/www.fraczinet.cl\/sitio\/2009\/12\/04\/celebra-navidad-en-el-parque-con-titeres-y-talleres-familiares\/#breadcrumb"},"inLanguage":"es","potentialAction":[{"@type":"ReadAction","target":["https:\/\/www.fraczinet.cl\/sitio\/2009\/12\/04\/celebra-navidad-en-el-parque-con-titeres-y-talleres-familiares\/"]}]},{"@type":"BreadcrumbList","@id":"https:\/\/www.fraczinet.cl\/sitio\/2009\/12\/04\/celebra-navidad-en-el-parque-con-titeres-y-talleres-familiares\/#breadcrumb","itemListElement":[{"@type":"ListItem","position":1,"name":"Portada","item":"https:\/\/www.fraczinet.cl\/sitio\/"},{"@type":"ListItem","position":2,"name":"Celebra Navidad En El Parque Con T\u00edteres Y Talleres Familiares"}]},{"@type":"WebSite","@id":"https:\/\/www.fraczinet.cl\/sitio\/#website","url":"https:\/\/www.fraczinet.cl\/sitio\/","name":"Nuestro Bio B\u00edo","description":"Tierra de Encuentros","publisher":{"@id":"https:\/\/www.fraczinet.cl\/sitio\/#\/schema\/person\/aec8ee4da68df2b9b0eefdad24a0d582"},"potentialAction":[{"@type":"SearchAction","target":{"@type":"EntryPoint","urlTemplate":"https:\/\/www.fraczinet.cl\/sitio\/?s={search_term_string}"},"query-input":{"@type":"PropertyValueSpecification","valueRequired":true,"valueName":"search_term_string"}}],"inLanguage":"es"},{"@type":["Person","Organization"],"@id":"https:\/\/www.fraczinet.cl\/sitio\/#\/schema\/person\/aec8ee4da68df2b9b0eefdad24a0d582","name":"Luis Fernando Fraczinet","image":{"@type":"ImageObject","inLanguage":"es","@id":"https:\/\/www.fraczinet.cl\/sitio\/#\/schema\/person\/image\/","url":"https:\/\/www.fraczinet.cl\/sitio\/wp-content\/uploads\/2021\/07\/bannerlogo-1.gif","contentUrl":"https:\/\/www.fraczinet.cl\/sitio\/wp-content\/uploads\/2021\/07\/bannerlogo-1.gif","width":159,"height":79,"caption":"Luis Fernando Fraczinet"},"logo":{"@id":"https:\/\/www.fraczinet.cl\/sitio\/#\/schema\/person\/image\/"},"sameAs":["https:\/\/www.fraczinet.cl\/sitio\/"]},{"@type":"Person","@id":"https:\/\/www.fraczinet.cl\/sitio\/#\/schema\/person\/bc30f98e9cb10ae7e119dbe14bc93784","name":"admin","image":{"@type":"ImageObject","inLanguage":"es","@id":"https:\/\/www.fraczinet.cl\/sitio\/#\/schema\/person\/image\/","url":"https:\/\/secure.gravatar.com\/avatar\/d5ad3cf7ef3b23a2bb5be73be780c86b2fc8545c3ad6b149f3913ff458c00099?s=96&d=mm&r=g","contentUrl":"https:\/\/secure.gravatar.com\/avatar\/d5ad3cf7ef3b23a2bb5be73be780c86b2fc8545c3ad6b149f3913ff458c00099?s=96&d=mm&r=g","caption":"admin"},"sameAs":["https:\/\/www.fraczinet.cl\/sitio"]}]}},"_links":{"self":[{"href":"https:\/\/www.fraczinet.cl\/sitio\/wp-json\/wp\/v2\/posts\/4469","targetHints":{"allow":["GET"]}}],"collection":[{"href":"https:\/\/www.fraczinet.cl\/sitio\/wp-json\/wp\/v2\/posts"}],"about":[{"href":"https:\/\/www.fraczinet.cl\/sitio\/wp-json\/wp\/v2\/types\/post"}],"author":[{"embeddable":true,"href":"https:\/\/www.fraczinet.cl\/sitio\/wp-json\/wp\/v2\/users\/1"}],"replies":[{"embeddable":true,"href":"https:\/\/www.fraczinet.cl\/sitio\/wp-json\/wp\/v2\/comments?post=4469"}],"version-history":[{"count":1,"href":"https:\/\/www.fraczinet.cl\/sitio\/wp-json\/wp\/v2\/posts\/4469\/revisions"}],"predecessor-version":[{"id":14213,"href":"https:\/\/www.fraczinet.cl\/sitio\/wp-json\/wp\/v2\/posts\/4469\/revisions\/14213"}],"wp:attachment":[{"href":"https:\/\/www.fraczinet.cl\/sitio\/wp-json\/wp\/v2\/media?parent=4469"}],"wp:term":[{"taxonomy":"category","embeddable":true,"href":"https:\/\/www.fraczinet.cl\/sitio\/wp-json\/wp\/v2\/categories?post=4469"},{"taxonomy":"post_tag","embeddable":true,"href":"https:\/\/www.fraczinet.cl\/sitio\/wp-json\/wp\/v2\/tags?post=4469"}],"curies":[{"name":"wp","href":"https:\/\/api.w.org\/{rel}","templated":true}]}}