{"id":4568,"date":"2009-10-31T00:40:00","date_gmt":"2009-10-31T00:40:00","guid":{"rendered":"https:\/\/www.fraczinet.cl\/sitio\/2009\/10\/31\/que-el-olvido-no-sea-el-pago-de-chile-la-historia-de-jose-antonio-garreton\/"},"modified":"2024-11-15T02:10:33","modified_gmt":"2024-11-15T02:10:33","slug":"que-el-olvido-no-sea-el-pago-de-chile-la-historia-de-jose-antonio-garreton","status":"publish","type":"post","link":"https:\/\/www.fraczinet.cl\/sitio\/que-el-olvido-no-sea-el-pago-de-chile-la-historia-de-jose-antonio-garreton\/","title":{"rendered":"Que El Olvido No Sea El Pago De Chile. La Historia De Jos\u00e9 Antonio Garret\u00f3n"},"content":{"rendered":"<div style=\"text-align: justify;\">\n<div style=\"clear: both; text-align: center;\"><a style=\"clear: left; float: left; margin-bottom: 1em; margin-right: 1em;\" href=\"https:\/\/1.bp.blogspot.com\/-KxYH1Q7gqMY\/XdW_Mieq9HI\/AAAAAAAAdak\/DY-ttRE-ks44XHru6tF6c8qgoJ41-giNQCLcBGAsYHQ\/s1600\/ejercito-Oficiales_chilenos-guerra-del-pacifico.jpg\"><img decoding=\"async\" src=\"https:\/\/1.bp.blogspot.com\/-KxYH1Q7gqMY\/XdW_Mieq9HI\/AAAAAAAAdak\/DY-ttRE-ks44XHru6tF6c8qgoJ41-giNQCLcBGAsYHQ\/s1600\/ejercito-Oficiales_chilenos-guerra-del-pacifico.jpg\" border=\"0\" data-original-height=\"302\" data-original-width=\"300\" \/><\/a><\/div>\n<p><span style=\"font-weight: 400;\">Jos\u00e9 Antonio Garret\u00f3n Silva naci\u00f3 en Los \u00c1ngeles en 1844, hijo de don Jos\u00e9 Antonio Garret\u00f3n Galv\u00e1n y de do\u00f1a Carlota Silva Arriagada. En 1861 se incorpor\u00f3 al regimiento Cazadores a caballo. Leandro Navarro en su Cr\u00f3nica Militar, lo cita como proveedor en las primeras campa\u00f1as de la Araucan\u00eda, junto al Cirujano Enrique Burke teniendo solo 17 a\u00f1os. En 1871 ingresa al 2\u00ba de L\u00ednea encontr\u00e1ndose en las campa\u00f1as de la Ocupaci\u00f3n de la Araucan\u00eda como subteniente en 1871 y teniente en 1873. As\u00ed, al iniciarse las operaciones del Pac\u00edfico, ya ten\u00eda el grado de Capit\u00e1n, asistiendo a la toma de Calama, bombardeo de Antofagasta, asalto de Pisagua y batalla de Tarapac\u00e1, donde rindi\u00f3 la vida frente a sus tropas el 27 de Noviembre de 1879.<\/span><\/p>\n<p>&nbsp;<\/p>\n<p><span style=\"font-weight: 400;\">Nicanor Molinare en \u201c<\/span><b>La batalla de Tarapac\u00e1<\/b><span style=\"font-weight: 400;\">\u201d (1911) escribi\u00f3: \u201c<\/span><i><span style=\"font-weight: 400;\">Se recordar\u00e1 de Tarapac\u00e1, que de orden del Comandante Ram\u00edrez, los capitanes Necochea i Garret\u00f3n, ocuparon las casitas del valle, las que estaban un poco al norte de la Cuesta de La Visagra. Pues bien, ah\u00ed nuestros capitanes, tan pronto tomaron posesi\u00f3n de su puesto iniciaron la acci\u00f3n. Su tropa por su n\u00famero, era insignificante, pero no por sus alientos, porque todos estaban resueltos a dar la vida, a venderla cara. Garret\u00f3n, Necochea i sus hombres ocuparon las casitas, se parapetaron en ellas i en sus frentes i recibieron a los hombres del Coronel Fajardo, con un fuego lento pero mui bien dirijido; las municiones estaban contadas i era necesario lograr los pocos proyectiles que hab\u00edan. La resistencia de nuestros dos Capitanes, fue formidable, pero in\u00fatil; a su frente avanzaban dos cuerpos, el Cazadores del Cuzco i Cazadores de La Guardia. \u00a1Benditos sean sus nombres i esc\u00falpanse, para ejemplo de las futuras edades, en el bronce \u00ed en el m\u00e1rmol los de Ram\u00edrez, Vivar, Garfias, Barahona, los Garret\u00f3n i dem\u00e1s bravos soldados que, sin pesta\u00f1ar, dieron su vida en el ara santa de la patria!<\/span><\/i><span style=\"font-weight: 400;\">\u201d<\/span><\/p>\n<p>&nbsp;<\/p>\n<p><i><span style=\"font-weight: 400;\">\u201cHasta el presente, en la hist\u00f3rica quebrada muestran sus habitantes a los viajeros del desierto que llegan a ella en busca de agua \u00ed de reposo, las ruinas de la casa en que fue quemado Ram\u00edrez i los derruidos restos de la casita de Garret\u00f3n. All\u00e1 en el fondo maldito de esa hondonada, el valor del Capit\u00e1n don Jos\u00e9 Antonio Garret\u00f3n, con letras de fuego ha dejado inscrito su nombre.<\/span><\/i><span style=\"font-weight: 400;\">\u00bb<\/span><\/p>\n<p>&nbsp;<\/p>\n<p><span style=\"font-weight: 400;\">Zelaya dice, en una carta, refiri\u00e9ndose a este lance: \u201c<\/span><i><span style=\"font-weight: 400;\">jugamos el todo por el todo, i agazapados salimos a todo escape i las balas que nos confund\u00edan por todas partes, i as\u00ed anduvimos hasta salir fuera de tiro<\/span><\/i><span style=\"font-weight: 400;\">\u201d. Momentos m\u00e1s tarde, agrega Federico A. Garret\u00f3n, \u201c<\/span><i><span style=\"font-weight: 400;\">conseguimos trepar la ladera i llegar al alto.<\/span><\/i><\/p>\n<p><i><span style=\"font-weight: 400;\">En fin, que los tres Garreton, se condujeron bien, no cabe duda, porque los huesos de Jos\u00e9 Antonio quedaron en la quebrada; Abel fue gravemente herido i Federico, en prueba de su valerosa conducta, fue inmediatamente ascendido a Teniente<\/span><\/i><span style=\"font-weight: 400;\">\u201d.<\/span><\/p>\n<p>&nbsp;<\/p>\n<p><span style=\"font-weight: 400;\">Benjam\u00edn Vicu\u00f1a Mackenna en \u201c<\/span><b>El \u00c1lbum de la gloria de Chile<\/b><span style=\"font-weight: 400;\">\u201d (1885) escribi\u00f3: \u201c<\/span><i><span style=\"font-weight: 400;\">El capit\u00e1n don Jos\u00e9 Antonio Garret\u00f3n que fue muerto en la batalla de Tarapac\u00e1 al frente de su compa\u00f1\u00eda, era hijo de la ciudad de los \u00c1ngeles, la cual, mejor que este nombre habr\u00eda merecido el de ciudad de los soldados, porque todos los que all\u00ed nacen van por un camino u otro a formar en las filas del ej\u00e9rcito. Relata en una carta del capit\u00e1n don Francisco Olivos que, Garret\u00f3n aparte de las mil cualidades que como hombre lo adornan, tiene la de ser un militar pundonoroso, honrado i valiente como pocos; con su compa\u00f1\u00eda, que pudo colocarla en mui buena posici\u00f3n, rechaz\u00f3 al enemigo que trataba de envolver al resto del 2\u00ba; pero en pago de tal haza\u00f1a, el enemigo concentr\u00f3 sus fuegos sobre esa compa\u00f1\u00eda, de tal modo que solo han quedado 29 individuos.\u201d<\/span><\/i><\/p>\n<p>&nbsp;<\/p>\n<p><span style=\"font-weight: 400;\">\u201d<\/span><i><span style=\"font-weight: 400;\">El valiente Garret\u00f3n recibi\u00f3 tres balazos, uno en una mano, otro en una pierna i el \u00faltimo le atraves\u00f3 el cuerpo, entr\u00e1ndole por la barriga i sali\u00e9ndole poco m\u00e1s arriba de los ri\u00f1ones; ya con estas heridas, el bravo Garret\u00f3n, cay\u00f3 sin exhalar m\u00e1s queja que: \u00a1\u00a1\u00c9sta s\u00ed que es buena!!<\/span><\/i><span style=\"font-weight: 400;\">\u201d<\/span><\/p>\n<p>&nbsp;<\/p>\n<p><span style=\"font-weight: 400;\">Francisco Machuca en \u201c<\/span><b>Las cuatro campa\u00f1as de la Guerra del Pac\u00edfico<\/b><span style=\"font-weight: 400;\">\u201d (1928) escribi\u00f3: \u201c<\/span><i><span style=\"font-weight: 400;\">El comandante de artiller\u00eda de marina don Jos\u00e9 Ram\u00f3n Vidaurre expedicion\u00f3 sobre Tarapac\u00e1 el 21 de enero de 1880, con 170 hombres de su cuerpo y cien cazadores del Mayor Vargas. El comandante, ya que no hab\u00eda con quien batirse, se entreg\u00f3 a la piadosa tarea de enterrar los \u00faltimos despojos, aun insepultos de los ca\u00eddos en la batalla del 27. Tuvo la satisfacci\u00f3n de encontrar los restos del comandante don Eleuterio Ram\u00edrez y del capit\u00e1n don Jos\u00e9 Antonio Garret\u00f3n, que envi\u00f3 a Iquique con los comprobantes de estilo, despu\u00e9s de elevar un modesto t\u00famulo sobre el lugar del sacrificio del h\u00e9roe del 2\u00ba de l\u00ednea. El se\u00f1or Ministro dispone que el transporte \u201cItata\u201d conduzca la f\u00fanebre carga a Iquique, para su trasbordo al sur, en uni\u00f3n de los cad\u00e1veres del comandante Ram\u00edrez, capit\u00e1n Garret\u00f3n y teniente Cuevas, depositados en la iglesia parroquial de este puerto. El general en jefe dispuso que los condujeran, el mayor don Miguel Arrate Larra\u00edn, hijo pol\u00edtico de Ram\u00edrez, y el teniente don Abel Garret\u00f3n, hermano menor del capit\u00e1n.\u201d<\/span><\/i><\/p>\n<p>&nbsp;<\/p>\n<p><span style=\"font-weight: 400;\">\u201c<\/span><i><span style=\"font-weight: 400;\">Los regimientos 2\u00ba de l\u00ednea, Artiller\u00eda de marina y batall\u00f3n Chacabuco, testigos del martirio de Tarapac\u00e1, hicieron los honores f\u00fanebres a la partida del convoy. Las manifestaciones de condolencia se suceden en todas las estaciones, hasta Pisagua, en donde forma calle hasta el muelle un batall\u00f3n del \u201cEsmeralda\u201d. Los se\u00f1ores Manuel Campbell, capit\u00e1n del \u201cToro\u201d, teniente Abel Garret\u00f3n, capit\u00e1n Benjam\u00edn Montoya y otros oficiales de la guarnici\u00f3n llevan la urna de Garret\u00f3n. Los ata\u00fades permanecen en una hermosa capilla ardiente, mientras se oficia la misa, con las preces de ritual; terminada la ceremonia, se guardan en la cripta de la iglesia, en uni\u00f3n del cad\u00e1ver del teniente Cuevas, del Chacabuco.<\/span><\/i><span style=\"font-weight: 400;\">\u201d<\/span><\/p>\n<p>&nbsp;<\/p>\n<p><i><span style=\"font-weight: 400;\">\u201cPoco despu\u00e9s, el vapor \u201cToro\u201d recibe orden de trasladar a Antofagasta los despojos de Ram\u00edrez, Thompson, Garret\u00f3n, Cuevas y Goycolea. Contin\u00faa la comitiva por las calles de la Aduana, del Cabo y San Juan de Dios, torciendo, por Bellavista a la estaci\u00f3n de este nombre, en donde termina la manifestaci\u00f3n con una brillante alocuci\u00f3n del se\u00f1or Indalecio 2\u00ba D\u00edaz. Al d\u00eda siguiente, el se\u00f1or Altamirano y numerosa comitiva despiden en la estaci\u00f3n del Bar\u00f3n, el tren especial que conduce a Santiago los nobles despojos de nuestros h\u00e9roes. El convoy se compone de la locomotora y cinco carros. Esta va cubierta de palmas verdes, festones, ramas y coronas, entrelazadas con bandas y rosetones de tul negro. El primer carro conduce a Garret\u00f3n, Cuevas y Goycolea. La sencilla inscripci\u00f3n \u201cTarapac\u00e1\u201d va orlada con ramilletes y lazos negros de cinta. La urna de cristal que contiene los restos de Garret\u00f3n, es arrastrada por soldados de la Guardia Municipal, cadetes de la Escuela Militar y Guardias del orden.<\/span><\/i><span style=\"font-weight: 400;\">\u201d<\/span><\/p>\n<p>&nbsp;<\/p>\n<p><span style=\"font-weight: 400;\">Domingo Contreras G\u00f3mez en \u201c<\/span><b>La ciudad de Santa Mar\u00eda de Los \u00c1ngeles<\/b><span style=\"font-weight: 400;\">\u201d (1942): \u201c<\/span><i><span style=\"font-weight: 400;\">Las ciudades de Antofagasta, Valpara\u00edso y Santiago rindieron a esos restos grandes honores, sobresaliendo estos los que les dieron en la capital. Del discurso que pronunci\u00f3 en aquella ocasi\u00f3n don Juan Miguel D\u00e1vila Baeza, reproduzco algunas de sus palabras: \u201cEl acero enemigo ha roto el lazo a la materia las almas de Thompson, de Ram\u00edrez, de Garret\u00f3n, de Cuevas y de Goycolea; pero si ellos no viven, su recuerdo permanecer\u00e1 eternamente en la memoria de sus conciudadanos, sus nombres ser\u00e1n un timbre de honor para la patria, figurar\u00e1n con orgullo en sus monumentos y ocupar\u00e1n un lugar preferente en su epopeya. Su ejemplo ser\u00e1, como ya ha sido el de Prat, el de Serrano, el de Riquelme y dem\u00e1s m\u00e1rtires del deber, fuente fecunda de nobles virtudes c\u00edvicas.<\/span><\/i><span style=\"font-weight: 400;\">\u201d<\/span><\/p>\n<p>&nbsp;<\/p>\n<p><span style=\"font-weight: 400;\">Los restos mortales de este heroico militar angelino, luego de recibir los honores en las ciudades anteriormente nombradas, fueron trasladados y depositados en la antigua Parroquia San Miguel de Los \u00c1ngeles, ubicada en calle Col\u00f3n esquina Lautaro. Lamentablemente en la d\u00e9cada del 60, cuando se demoli\u00f3 el templo, sus restos y la l\u00e1pida de m\u00e1rmol que los cubr\u00edan, fueron destruidas por la picota. Ninguna voz de alerta se levant\u00f3 entonces, nadie previ\u00f3 este desastre y p\u00e9rdida patrimonial, no se tomaron las medidas correspondientes destinadas a trasladar a los difuntos que descansaban en ese sitio.<\/span><\/p>\n<p>&nbsp;<\/p>\n<p><span style=\"font-weight: 400;\">Superfluo me parece ya decir que, el reconocimiento y deuda contra\u00edda a lo largo de estos a\u00f1os, por las autoridades ha sido, por decir lo menos, ingrata. Es el momento de decir como siempre para estos casos, \u201ceste es el pago de Chile.\u201d<\/span><\/p>\n<p>&nbsp;<\/p>\n<p><b>Recopilaci\u00f3n Realizada por Gentileza de don Luis Garret\u00f3n M.<\/b><\/p>\n<p>&nbsp;<\/p>\n<p><span style=\"font-weight: 400;\">Nota: Cuando partimos con este trabajo de publicaci\u00f3n en internet del patrimonio hist\u00f3rico y cultural de nuestra tierra, lo hicimos con la intenci\u00f3n de levantar una base de informaci\u00f3n que permitiera ir con el tiempo recopilando m\u00e1s material. El trabajo es de largo aliento y sabemos nuestras limitaciones, sin embargo comprendemos que este espacio s\u00f3lo puede crecer gracias al aporte de nuestros propios usuarios. Por esa gentileza del tiempo tomado para recopilar estas historias les damos las gracias.<\/span><\/p>\n<p>&nbsp;<\/p>\n<p><span style=\"font-weight: 400;\">Luis Fraczinet<\/span><\/p>\n<p><span style=\"font-weight: 400;\">Poeta<\/span><\/p>\n<\/div>\n","protected":false},"excerpt":{"rendered":"<p>Jos\u00e9 Antonio Garret\u00f3n Silva naci\u00f3 en Los \u00c1ngeles en 1844, hijo de don Jos\u00e9 Antonio Garret\u00f3n Galv\u00e1n y de do\u00f1a Carlota Silva Arriagada. En 1861 se incorpor\u00f3 al regimiento Cazadores a caballo. Leandro Navarro en su Cr\u00f3nica Militar, lo cita como proveedor en las primeras campa\u00f1as de la Araucan\u00eda, junto al Cirujano Enrique Burke teniendo [&hellip;]<\/p>\n","protected":false},"author":1,"featured_media":16202,"comment_status":"open","ping_status":"closed","sticky":false,"template":"","format":"standard","meta":{"footnotes":""},"categories":[10,65,23],"tags":[],"class_list":["post-4568","post","type-post","status-publish","format-standard","has-post-thumbnail","hentry","category-historia","category-los-angeles","category-personajes"],"yoast_head":"<!-- This site is optimized with the Yoast SEO plugin v28.2 - https:\/\/yoast.com\/product\/yoast-seo-wordpress\/ -->\n<title>Que El Olvido No Sea El Pago De Chile. La Historia De Jos\u00e9 Antonio Garret\u00f3n - Nuestro Bio B\u00edo<\/title>\n<meta name=\"robots\" content=\"index, follow, max-snippet:-1, max-image-preview:large, max-video-preview:-1\" \/>\n<link rel=\"canonical\" href=\"https:\/\/www.fraczinet.cl\/sitio\/que-el-olvido-no-sea-el-pago-de-chile-la-historia-de-jose-antonio-garreton\/\" \/>\n<meta property=\"og:locale\" content=\"es_ES\" \/>\n<meta property=\"og:type\" content=\"article\" \/>\n<meta property=\"og:title\" content=\"Que El Olvido No Sea El Pago De Chile. La Historia De Jos\u00e9 Antonio Garret\u00f3n - Nuestro Bio B\u00edo\" \/>\n<meta property=\"og:description\" content=\"Jos\u00e9 Antonio Garret\u00f3n Silva naci\u00f3 en Los \u00c1ngeles en 1844, hijo de don Jos\u00e9 Antonio Garret\u00f3n Galv\u00e1n y de do\u00f1a Carlota Silva Arriagada. En 1861 se incorpor\u00f3 al regimiento Cazadores a caballo. Leandro Navarro en su Cr\u00f3nica Militar, lo cita como proveedor en las primeras campa\u00f1as de la Araucan\u00eda, junto al Cirujano Enrique Burke teniendo [&hellip;]\" \/>\n<meta property=\"og:url\" content=\"https:\/\/www.fraczinet.cl\/sitio\/que-el-olvido-no-sea-el-pago-de-chile-la-historia-de-jose-antonio-garreton\/\" \/>\n<meta property=\"og:site_name\" content=\"Nuestro Bio B\u00edo\" \/>\n<meta property=\"article:publisher\" content=\"https:\/\/www.facebook.com\/groups\/15721414452\/\" \/>\n<meta property=\"article:published_time\" content=\"2009-10-31T00:40:00+00:00\" \/>\n<meta property=\"article:modified_time\" content=\"2024-11-15T02:10:33+00:00\" \/>\n<meta property=\"og:image\" content=\"https:\/\/www.fraczinet.cl\/sitio\/wp-content\/uploads\/2009\/10\/ejercito-Oficiales_chilenos-guerra-del-pacifico.jpg\" \/>\n\t<meta property=\"og:image:width\" content=\"300\" \/>\n\t<meta property=\"og:image:height\" content=\"302\" \/>\n\t<meta property=\"og:image:type\" content=\"image\/jpeg\" \/>\n<meta name=\"twitter:card\" content=\"summary_large_image\" \/>\n<meta name=\"twitter:creator\" content=\"@nuestrobiobio\" \/>\n<meta name=\"twitter:site\" content=\"@nuestrobiobio\" \/>\n<meta name=\"twitter:label1\" content=\"Escrito por\" \/>\n\t<meta name=\"twitter:data1\" content=\"\" \/>\n\t<meta name=\"twitter:label2\" content=\"Tiempo de lectura\" \/>\n\t<meta name=\"twitter:data2\" content=\"8 minutos\" \/>\n<script type=\"application\/ld+json\" class=\"yoast-schema-graph\">{\"@context\":\"https:\\\/\\\/schema.org\",\"@graph\":[{\"@type\":\"Article\",\"@id\":\"https:\\\/\\\/www.fraczinet.cl\\\/sitio\\\/que-el-olvido-no-sea-el-pago-de-chile-la-historia-de-jose-antonio-garreton\\\/#article\",\"isPartOf\":{\"@id\":\"https:\\\/\\\/www.fraczinet.cl\\\/sitio\\\/que-el-olvido-no-sea-el-pago-de-chile-la-historia-de-jose-antonio-garreton\\\/\"},\"author\":{\"name\":\"\",\"@id\":\"\"},\"headline\":\"Que El Olvido No Sea El Pago De Chile. La Historia De Jos\u00e9 Antonio Garret\u00f3n\",\"datePublished\":\"2009-10-31T00:40:00+00:00\",\"dateModified\":\"2024-11-15T02:10:33+00:00\",\"mainEntityOfPage\":{\"@id\":\"https:\\\/\\\/www.fraczinet.cl\\\/sitio\\\/que-el-olvido-no-sea-el-pago-de-chile-la-historia-de-jose-antonio-garreton\\\/\"},\"wordCount\":1663,\"commentCount\":2,\"image\":{\"@id\":\"https:\\\/\\\/www.fraczinet.cl\\\/sitio\\\/que-el-olvido-no-sea-el-pago-de-chile-la-historia-de-jose-antonio-garreton\\\/#primaryimage\"},\"thumbnailUrl\":\"https:\\\/\\\/www.fraczinet.cl\\\/sitio\\\/wp-content\\\/uploads\\\/2009\\\/10\\\/ejercito-Oficiales_chilenos-guerra-del-pacifico.jpg\",\"articleSection\":[\"Historia\",\"Los \u00c1ngeles\",\"Personajes\"],\"inLanguage\":\"es\",\"potentialAction\":[{\"@type\":\"CommentAction\",\"name\":\"Comment\",\"target\":[\"https:\\\/\\\/www.fraczinet.cl\\\/sitio\\\/que-el-olvido-no-sea-el-pago-de-chile-la-historia-de-jose-antonio-garreton\\\/#respond\"]}]},{\"@type\":\"WebPage\",\"@id\":\"https:\\\/\\\/www.fraczinet.cl\\\/sitio\\\/que-el-olvido-no-sea-el-pago-de-chile-la-historia-de-jose-antonio-garreton\\\/\",\"url\":\"https:\\\/\\\/www.fraczinet.cl\\\/sitio\\\/que-el-olvido-no-sea-el-pago-de-chile-la-historia-de-jose-antonio-garreton\\\/\",\"name\":\"Que El Olvido No Sea El Pago De Chile. La Historia De Jos\u00e9 Antonio Garret\u00f3n - Nuestro Bio B\u00edo\",\"isPartOf\":{\"@id\":\"https:\\\/\\\/www.fraczinet.cl\\\/sitio\\\/#website\"},\"primaryImageOfPage\":{\"@id\":\"https:\\\/\\\/www.fraczinet.cl\\\/sitio\\\/que-el-olvido-no-sea-el-pago-de-chile-la-historia-de-jose-antonio-garreton\\\/#primaryimage\"},\"image\":{\"@id\":\"https:\\\/\\\/www.fraczinet.cl\\\/sitio\\\/que-el-olvido-no-sea-el-pago-de-chile-la-historia-de-jose-antonio-garreton\\\/#primaryimage\"},\"thumbnailUrl\":\"https:\\\/\\\/www.fraczinet.cl\\\/sitio\\\/wp-content\\\/uploads\\\/2009\\\/10\\\/ejercito-Oficiales_chilenos-guerra-del-pacifico.jpg\",\"datePublished\":\"2009-10-31T00:40:00+00:00\",\"dateModified\":\"2024-11-15T02:10:33+00:00\",\"author\":{\"@id\":\"\"},\"breadcrumb\":{\"@id\":\"https:\\\/\\\/www.fraczinet.cl\\\/sitio\\\/que-el-olvido-no-sea-el-pago-de-chile-la-historia-de-jose-antonio-garreton\\\/#breadcrumb\"},\"inLanguage\":\"es\",\"potentialAction\":[{\"@type\":\"ReadAction\",\"target\":[\"https:\\\/\\\/www.fraczinet.cl\\\/sitio\\\/que-el-olvido-no-sea-el-pago-de-chile-la-historia-de-jose-antonio-garreton\\\/\"]}]},{\"@type\":\"ImageObject\",\"inLanguage\":\"es\",\"@id\":\"https:\\\/\\\/www.fraczinet.cl\\\/sitio\\\/que-el-olvido-no-sea-el-pago-de-chile-la-historia-de-jose-antonio-garreton\\\/#primaryimage\",\"url\":\"https:\\\/\\\/www.fraczinet.cl\\\/sitio\\\/wp-content\\\/uploads\\\/2009\\\/10\\\/ejercito-Oficiales_chilenos-guerra-del-pacifico.jpg\",\"contentUrl\":\"https:\\\/\\\/www.fraczinet.cl\\\/sitio\\\/wp-content\\\/uploads\\\/2009\\\/10\\\/ejercito-Oficiales_chilenos-guerra-del-pacifico.jpg\",\"width\":300,\"height\":302},{\"@type\":\"BreadcrumbList\",\"@id\":\"https:\\\/\\\/www.fraczinet.cl\\\/sitio\\\/que-el-olvido-no-sea-el-pago-de-chile-la-historia-de-jose-antonio-garreton\\\/#breadcrumb\",\"itemListElement\":[{\"@type\":\"ListItem\",\"position\":1,\"name\":\"Portada\",\"item\":\"https:\\\/\\\/www.fraczinet.cl\\\/sitio\\\/\"},{\"@type\":\"ListItem\",\"position\":2,\"name\":\"Que El Olvido No Sea El Pago De Chile. La Historia De Jos\u00e9 Antonio Garret\u00f3n\"}]},{\"@type\":\"WebSite\",\"@id\":\"https:\\\/\\\/www.fraczinet.cl\\\/sitio\\\/#website\",\"url\":\"https:\\\/\\\/www.fraczinet.cl\\\/sitio\\\/\",\"name\":\"Nuestro Bio B\u00edo\",\"description\":\"Tierra de Encuentros\",\"potentialAction\":[{\"@type\":\"SearchAction\",\"target\":{\"@type\":\"EntryPoint\",\"urlTemplate\":\"https:\\\/\\\/www.fraczinet.cl\\\/sitio\\\/?s={search_term_string}\"},\"query-input\":{\"@type\":\"PropertyValueSpecification\",\"valueRequired\":true,\"valueName\":\"search_term_string\"}}],\"inLanguage\":\"es\"},{\"@type\":\"Person\",\"@id\":\"\"}]}<\/script>\n<!-- \/ Yoast SEO plugin. -->","yoast_head_json":{"title":"Que El Olvido No Sea El Pago De Chile. La Historia De Jos\u00e9 Antonio Garret\u00f3n - Nuestro Bio B\u00edo","robots":{"index":"index","follow":"follow","max-snippet":"max-snippet:-1","max-image-preview":"max-image-preview:large","max-video-preview":"max-video-preview:-1"},"canonical":"https:\/\/www.fraczinet.cl\/sitio\/que-el-olvido-no-sea-el-pago-de-chile-la-historia-de-jose-antonio-garreton\/","og_locale":"es_ES","og_type":"article","og_title":"Que El Olvido No Sea El Pago De Chile. La Historia De Jos\u00e9 Antonio Garret\u00f3n - Nuestro Bio B\u00edo","og_description":"Jos\u00e9 Antonio Garret\u00f3n Silva naci\u00f3 en Los \u00c1ngeles en 1844, hijo de don Jos\u00e9 Antonio Garret\u00f3n Galv\u00e1n y de do\u00f1a Carlota Silva Arriagada. En 1861 se incorpor\u00f3 al regimiento Cazadores a caballo. Leandro Navarro en su Cr\u00f3nica Militar, lo cita como proveedor en las primeras campa\u00f1as de la Araucan\u00eda, junto al Cirujano Enrique Burke teniendo [&hellip;]","og_url":"https:\/\/www.fraczinet.cl\/sitio\/que-el-olvido-no-sea-el-pago-de-chile-la-historia-de-jose-antonio-garreton\/","og_site_name":"Nuestro Bio B\u00edo","article_publisher":"https:\/\/www.facebook.com\/groups\/15721414452\/","article_published_time":"2009-10-31T00:40:00+00:00","article_modified_time":"2024-11-15T02:10:33+00:00","og_image":[{"width":300,"height":302,"url":"https:\/\/www.fraczinet.cl\/sitio\/wp-content\/uploads\/2009\/10\/ejercito-Oficiales_chilenos-guerra-del-pacifico.jpg","type":"image\/jpeg"}],"twitter_card":"summary_large_image","twitter_creator":"@nuestrobiobio","twitter_site":"@nuestrobiobio","twitter_misc":{"Escrito por":"","Tiempo de lectura":"8 minutos"},"schema":{"@context":"https:\/\/schema.org","@graph":[{"@type":"Article","@id":"https:\/\/www.fraczinet.cl\/sitio\/que-el-olvido-no-sea-el-pago-de-chile-la-historia-de-jose-antonio-garreton\/#article","isPartOf":{"@id":"https:\/\/www.fraczinet.cl\/sitio\/que-el-olvido-no-sea-el-pago-de-chile-la-historia-de-jose-antonio-garreton\/"},"author":{"name":"","@id":""},"headline":"Que El Olvido No Sea El Pago De Chile. La Historia De Jos\u00e9 Antonio Garret\u00f3n","datePublished":"2009-10-31T00:40:00+00:00","dateModified":"2024-11-15T02:10:33+00:00","mainEntityOfPage":{"@id":"https:\/\/www.fraczinet.cl\/sitio\/que-el-olvido-no-sea-el-pago-de-chile-la-historia-de-jose-antonio-garreton\/"},"wordCount":1663,"commentCount":2,"image":{"@id":"https:\/\/www.fraczinet.cl\/sitio\/que-el-olvido-no-sea-el-pago-de-chile-la-historia-de-jose-antonio-garreton\/#primaryimage"},"thumbnailUrl":"https:\/\/www.fraczinet.cl\/sitio\/wp-content\/uploads\/2009\/10\/ejercito-Oficiales_chilenos-guerra-del-pacifico.jpg","articleSection":["Historia","Los \u00c1ngeles","Personajes"],"inLanguage":"es","potentialAction":[{"@type":"CommentAction","name":"Comment","target":["https:\/\/www.fraczinet.cl\/sitio\/que-el-olvido-no-sea-el-pago-de-chile-la-historia-de-jose-antonio-garreton\/#respond"]}]},{"@type":"WebPage","@id":"https:\/\/www.fraczinet.cl\/sitio\/que-el-olvido-no-sea-el-pago-de-chile-la-historia-de-jose-antonio-garreton\/","url":"https:\/\/www.fraczinet.cl\/sitio\/que-el-olvido-no-sea-el-pago-de-chile-la-historia-de-jose-antonio-garreton\/","name":"Que El Olvido No Sea El Pago De Chile. La Historia De Jos\u00e9 Antonio Garret\u00f3n - Nuestro Bio B\u00edo","isPartOf":{"@id":"https:\/\/www.fraczinet.cl\/sitio\/#website"},"primaryImageOfPage":{"@id":"https:\/\/www.fraczinet.cl\/sitio\/que-el-olvido-no-sea-el-pago-de-chile-la-historia-de-jose-antonio-garreton\/#primaryimage"},"image":{"@id":"https:\/\/www.fraczinet.cl\/sitio\/que-el-olvido-no-sea-el-pago-de-chile-la-historia-de-jose-antonio-garreton\/#primaryimage"},"thumbnailUrl":"https:\/\/www.fraczinet.cl\/sitio\/wp-content\/uploads\/2009\/10\/ejercito-Oficiales_chilenos-guerra-del-pacifico.jpg","datePublished":"2009-10-31T00:40:00+00:00","dateModified":"2024-11-15T02:10:33+00:00","author":{"@id":""},"breadcrumb":{"@id":"https:\/\/www.fraczinet.cl\/sitio\/que-el-olvido-no-sea-el-pago-de-chile-la-historia-de-jose-antonio-garreton\/#breadcrumb"},"inLanguage":"es","potentialAction":[{"@type":"ReadAction","target":["https:\/\/www.fraczinet.cl\/sitio\/que-el-olvido-no-sea-el-pago-de-chile-la-historia-de-jose-antonio-garreton\/"]}]},{"@type":"ImageObject","inLanguage":"es","@id":"https:\/\/www.fraczinet.cl\/sitio\/que-el-olvido-no-sea-el-pago-de-chile-la-historia-de-jose-antonio-garreton\/#primaryimage","url":"https:\/\/www.fraczinet.cl\/sitio\/wp-content\/uploads\/2009\/10\/ejercito-Oficiales_chilenos-guerra-del-pacifico.jpg","contentUrl":"https:\/\/www.fraczinet.cl\/sitio\/wp-content\/uploads\/2009\/10\/ejercito-Oficiales_chilenos-guerra-del-pacifico.jpg","width":300,"height":302},{"@type":"BreadcrumbList","@id":"https:\/\/www.fraczinet.cl\/sitio\/que-el-olvido-no-sea-el-pago-de-chile-la-historia-de-jose-antonio-garreton\/#breadcrumb","itemListElement":[{"@type":"ListItem","position":1,"name":"Portada","item":"https:\/\/www.fraczinet.cl\/sitio\/"},{"@type":"ListItem","position":2,"name":"Que El Olvido No Sea El Pago De Chile. La Historia De Jos\u00e9 Antonio Garret\u00f3n"}]},{"@type":"WebSite","@id":"https:\/\/www.fraczinet.cl\/sitio\/#website","url":"https:\/\/www.fraczinet.cl\/sitio\/","name":"Nuestro Bio B\u00edo","description":"Tierra de Encuentros","potentialAction":[{"@type":"SearchAction","target":{"@type":"EntryPoint","urlTemplate":"https:\/\/www.fraczinet.cl\/sitio\/?s={search_term_string}"},"query-input":{"@type":"PropertyValueSpecification","valueRequired":true,"valueName":"search_term_string"}}],"inLanguage":"es"},{"@type":"Person","@id":""}]}},"_links":{"self":[{"href":"https:\/\/www.fraczinet.cl\/sitio\/wp-json\/wp\/v2\/posts\/4568","targetHints":{"allow":["GET"]}}],"collection":[{"href":"https:\/\/www.fraczinet.cl\/sitio\/wp-json\/wp\/v2\/posts"}],"about":[{"href":"https:\/\/www.fraczinet.cl\/sitio\/wp-json\/wp\/v2\/types\/post"}],"author":[{"embeddable":true,"href":"https:\/\/www.fraczinet.cl\/sitio\/wp-json\/wp\/v2\/users\/1"}],"replies":[{"embeddable":true,"href":"https:\/\/www.fraczinet.cl\/sitio\/wp-json\/wp\/v2\/comments?post=4568"}],"version-history":[{"count":3,"href":"https:\/\/www.fraczinet.cl\/sitio\/wp-json\/wp\/v2\/posts\/4568\/revisions"}],"predecessor-version":[{"id":16203,"href":"https:\/\/www.fraczinet.cl\/sitio\/wp-json\/wp\/v2\/posts\/4568\/revisions\/16203"}],"wp:featuredmedia":[{"embeddable":true,"href":"https:\/\/www.fraczinet.cl\/sitio\/wp-json\/wp\/v2\/media\/16202"}],"wp:attachment":[{"href":"https:\/\/www.fraczinet.cl\/sitio\/wp-json\/wp\/v2\/media?parent=4568"}],"wp:term":[{"taxonomy":"category","embeddable":true,"href":"https:\/\/www.fraczinet.cl\/sitio\/wp-json\/wp\/v2\/categories?post=4568"},{"taxonomy":"post_tag","embeddable":true,"href":"https:\/\/www.fraczinet.cl\/sitio\/wp-json\/wp\/v2\/tags?post=4568"}],"curies":[{"name":"wp","href":"https:\/\/api.w.org\/{rel}","templated":true}]}}