{"id":4581,"date":"2009-10-22T22:53:00","date_gmt":"2009-10-22T22:53:00","guid":{"rendered":"https:\/\/www.fraczinet.cl\/sitio\/2009\/10\/22\/celebracion-del-dia-internacional-de-la-mujer-rural\/"},"modified":"2009-10-22T22:53:00","modified_gmt":"2009-10-22T22:53:00","slug":"celebracion-del-dia-internacional-de-la-mujer-rural","status":"publish","type":"post","link":"https:\/\/www.fraczinet.cl\/sitio\/2009\/10\/22\/celebracion-del-dia-internacional-de-la-mujer-rural\/","title":{"rendered":"Celebraci\u00f3n Del D\u00eda Internacional De La Mujer Rural"},"content":{"rendered":"<div style=\"text-align: justify;\"><a href=\"http:\/\/1.bp.blogspot.com\/_2S_RxGRVjis\/SuDlCftlX0I\/AAAAAAAAL44\/FBzYtzqTzYQ\/s1600-h\/Mujer+Rural.jpg\" style=\"clear: left; float: left; margin-bottom: 1em; margin-right: 1em;\"><img decoding=\"async\" alt=\"\" border=\"0\" id=\"BLOGGER_PHOTO_ID_5395564184625045314\" src=\"https:\/\/1.bp.blogspot.com\/_2S_RxGRVjis\/SuDlCftlX0I\/AAAAAAAAL44\/FBzYtzqTzYQ\/s200\/Mujer+Rural.jpg\" style=\"float: left; height: 107px; margin: 0px 10px 10px 0px; width: 143px;\" \/><\/a>Flores, huevos, miel, hortalizas, quesos, artesan\u00edas, reposter\u00eda tradicional y mapuche, fueron algunos de los productos que se pudieron encontrar en la celebraci\u00f3n del D\u00eda Internacional de la Mujer Rural, que se efectu\u00f3 el jueves 22 de octubre, en el Sal\u00f3n Mural de la Intendencia en Concepci\u00f3n.<\/div>\n<div style=\"text-align: justify;\"><\/div>\n<div style=\"text-align: justify;\">La celebraci\u00f3n fue organizada por la Mesa Regional de Mujeres Rurales, con apoyo del Instituto de Desarrollo Agropecuario (INDAP) y el Servicio Nacional de la Mujer (SERNAM), y tuvo como prop\u00f3sito generar un di\u00e1logo entre las dirigentas campesinas y autoridades, entorno a los avances y desaf\u00edos de las agricultoras en la regi\u00f3n.<\/div>\n<div style=\"text-align: justify;\"><\/div>\n<div style=\"text-align: justify;\">El encuentro coordinado por la directora de la Mesa Regional de Mujeres Rurales, M\u00f3nica Hormazabal, cont\u00f3 con la participaci\u00f3n del Intendente Regional, Jaime Toh\u00e1 y el Ministro Secretario General de la Presidencia, Jos\u00e9 Antonio Viera-Gallo, adem\u00e1s del Seremi de Agricultura, Andr\u00e9s Castillo, la Directora Regional de INDAP, Mitzi Jeldres, la Directora Regional del SERNAM, Rina O\u00f1ate, y dirigentas de 70 organizaciones rurales de la regi\u00f3n.<\/div>\n<div style=\"text-align: justify;\"><\/div>\n<div style=\"text-align: justify;\">M\u00f3nica Hormazabal, directora de la Mesa Regional de Mujeres Rurales, destac\u00f3 que a lo largo de este periodo se han logrado muchos avances, especialmente en materia de participaci\u00f3n e interlocuci\u00f3n con autoridades, sin embargo a\u00fan quedan tareas por realizar, \u201c<span style=\"font-weight: bold;\">queremos fortalecer las organizaciones que componen la mesa, alcanzar el reconocimiento de las entidades p\u00fablicas y demandar una mayor atenci\u00f3n al trabajo que realizamos, especialmente en lo productivo, puesto que somos quienes alimentamos a nuestras familias, localidades y al pa\u00eds<\/span>\u201d.<\/div>\n<div style=\"text-align: justify;\"><\/div>\n<div style=\"text-align: justify;\"><a href=\"http:\/\/1.bp.blogspot.com\/_2S_RxGRVjis\/SuDlH-fnWVI\/AAAAAAAAL5A\/Eol5N-BE24Q\/s1600-h\/Mujer+Rural1.jpg\"><img decoding=\"async\" alt=\"\" border=\"0\" id=\"BLOGGER_PHOTO_ID_5395564278787299666\" src=\"https:\/\/1.bp.blogspot.com\/_2S_RxGRVjis\/SuDlH-fnWVI\/AAAAAAAAL5A\/Eol5N-BE24Q\/s200\/Mujer+Rural1.jpg\" style=\"cursor: hand; cursor: pointer; float: left; height: 107px; margin: 0 10px 10px 0; width: 143px;\" \/><\/a>Durante su intervenci\u00f3n, el Intendente Regional, felicit\u00f3 a las representantes de la mesa y las inst\u00f3 a continuar luchando por sus derechos, \u201ctenemos la certeza que ustedes son fundamentales para avanzar, son quienes sustentan el espacio rural, quienes traspasan costumbres y quienes nos demuestran que con su esfuerzo es posible hacer de Chile un pa\u00eds mucho mejor\u201d.<\/div>\n<div style=\"text-align: justify;\"><\/div>\n<div style=\"text-align: justify;\">De igual forma, el Ministro Viera-Gallo, destac\u00f3 el rol que realizan las mujeres en el mundo rural, no s\u00f3lo en el \u00e1mbito productivo, sino tambi\u00e9n en el espacio dirigencial. \u201cEstoy muy orgulloso de ver a tantas mujeres emprendedoras y l\u00edderes campesinas, quienes con su esfuerzo y trabajo se han ido abriendo espacio no s\u00f3lo en lo productivo, sino tambi\u00e9n en lo dirigencial, demostr\u00e1ndonos que son capaces de ejercer m\u00faltiples roles en sus hogares, organizaciones y comunas\u201d.<\/div>\n<div style=\"text-align: justify;\"><\/div>\n<div style=\"text-align: justify;\">Asimismo, la Directora Regional de INDAP, Mitzi Jeldres, valor\u00f3 el trabajo asociativo que han desarrollado las mujeres campesinas en la regi\u00f3n y su creciente participaci\u00f3n en los programas de INDAP, \u201ccomo instituci\u00f3n estamos orgullosos de todas ustedes, de su esfuerzo cotidiano y de su participaci\u00f3n asociativa, creemos que trabajando en forma cohesionada vamos a salir adelante, tal y como lo hemos realizado hasta el momento. <span style=\"font-weight: bold;\">Hoy en d\u00eda trabajamos en la regi\u00f3n con 9.996 mujeres, a trav\u00e9s del Servicio de Asesor\u00eda T\u00e9cnica (SAT), Programa de Desarrollo de Inversiones (PDI), Programa de Recuperaci\u00f3n de Suelos Degradados (SIRSD), Programa de Desarrollo Local (PRODESAL), Centro de Gesti\u00f3n y Asistencia Financiera<\/span>\u201d.<\/div>\n<div style=\"text-align: justify;\"><\/div>\n<div style=\"text-align: justify;\"><a href=\"http:\/\/3.bp.blogspot.com\/_2S_RxGRVjis\/SuDlOJ0MxTI\/AAAAAAAAL5I\/r8X_nD6LiCo\/s1600-h\/Mujer+Rural2.jpg\"><img decoding=\"async\" alt=\"\" border=\"0\" id=\"BLOGGER_PHOTO_ID_5395564384905643314\" src=\"https:\/\/3.bp.blogspot.com\/_2S_RxGRVjis\/SuDlOJ0MxTI\/AAAAAAAAL5I\/r8X_nD6LiCo\/s200\/Mujer+Rural2.jpg\" style=\"cursor: hand; cursor: pointer; float: left; height: 107px; margin: 0 10px 10px 0; width: 143px;\" \/><\/a>Esfuerzo y trabajo que fueron reconocidos por la Comisi\u00f3n Regional de Igualdad de Oportunidades del Ministerio de Agricultura, presidida por el Seremi de Agricultura, quien distingui\u00f3 la labor de tres dirigentas rurales: Dora Bustos Riquelme de la Uni\u00f3n Comunal de Huertos Org\u00e1nicos de Quirihue, Isabel Fuentalba Candia del Comit\u00e9 de Campesinos La Uni\u00f3n de San Ignacio, y Herty Mu\u00f1oz Pinto de Las Delicias de Tranquepe de Tir\u00faa.<\/div>\n<div style=\"text-align: justify;\"><\/div>\n<div style=\"text-align: justify;\">La promulgaci\u00f3n del 15 de octubre como el D\u00eda Internacional de la Mujer Rural, surgi\u00f3 en la Cuarta Conferencia Mundial sobre la Mujer, realizada por la Organizaci\u00f3n de la Naciones Unidas (ONU) en Pek\u00edn, en septiembre de 1995, como  resultado de las propuestas de la Federaci\u00f3n Internacional de Productores Agr\u00edcolas, la Red de Asociaciones de Mujeres Campesinas Africanas y la Fundaci\u00f3n de la Cumbre Mundial de Mujeres, significando el reconocimiento mundial de los m\u00faltiples roles que juegan las mujeres productoras, campesinas y obreras agr\u00edcolas en la econom\u00eda y sociedad en general.<\/div>\n<div style=\"text-align: justify;\"><\/div>\n<div style=\"text-align: justify;\"><span style=\"font-weight: bold;\">Mesa Regional De Mujeres Rurales<\/span>: 8 A\u00f1os Al Servicio De Las Campesinas<\/div>\n<div style=\"text-align: justify;\"><\/div>\n<div style=\"text-align: justify;\"><a href=\"http:\/\/1.bp.blogspot.com\/_2S_RxGRVjis\/SuDlVyDPmPI\/AAAAAAAAL5Q\/3XzEvYvoDUg\/s1600-h\/Mujer+Rural3.jpg\"><img decoding=\"async\" alt=\"\" border=\"0\" id=\"BLOGGER_PHOTO_ID_5395564515965245682\" src=\"https:\/\/1.bp.blogspot.com\/_2S_RxGRVjis\/SuDlVyDPmPI\/AAAAAAAAL5Q\/3XzEvYvoDUg\/s200\/Mujer+Rural3.jpg\" style=\"cursor: hand; cursor: pointer; float: left; height: 107px; margin: 0 10px 10px 0; width: 143px;\" \/><\/a>La Mesa Regional de Mujeres Rurales fue creada el a\u00f1o 2001, durante el Gobierno de Ricardo Lagos, donde se instruy\u00f3 al Ministerio de Agricultura, INDAP y SERNAM, apoyar, asesorar y fortalecer esta instancia en cada regi\u00f3n del pa\u00eds, con el objetivo de promover la implementaci\u00f3n de pol\u00edticas, planes y programas que favorezcan la igualdad de oportunidades de las mujeres del sector, y potenciar la participaci\u00f3n ciudadana de las mujeres rurales organizadas.<\/div>\n<div style=\"text-align: justify;\"><\/div>\n<div style=\"text-align: justify;\"><span style=\"font-weight: bold;\">La Mesa Regional de Bio B\u00edo est\u00e1 integrada por 50 organizaciones, asociaciones y comit\u00e9s campesinos, que representan a 1.500 mujeres, provenientes de las cuatro provincias de la regi\u00f3n<\/span>.<\/div>\n<div style=\"text-align: justify;\"><\/div>\n<div style=\"text-align: justify;\">Entre sus principales avances destacan: el aumento de vacantes para participar del \u201cDiploma de Formaci\u00f3n de Monitores en Desarrollo Sustentable con Enfoque de G\u00e9nero de INDAP y la Universidad de Concepci\u00f3n\u201d, que en estos momentos est\u00e1 en el tercer nivel; el di\u00e1logo abierto con autoridades p\u00fablicas, en especial con la diputada Clemira Pacheco y el Seremi de Agricultura, Andr\u00e9s Castillo; y el inter\u00e9s por participar en espacios y cargos p\u00fablicos, que demuestran el empoderamiento actual de las mujeres rurales.<\/div>\n","protected":false},"excerpt":{"rendered":"<p>Flores, huevos, miel, hortalizas, quesos, artesan\u00edas, reposter\u00eda tradicional y mapuche, fueron algunos de los productos que se pudieron encontrar en la celebraci\u00f3n del D\u00eda Internacional de la Mujer Rural, que se efectu\u00f3 el jueves 22 de octubre, en el Sal\u00f3n Mural de la Intendencia en Concepci\u00f3n. La celebraci\u00f3n fue organizada por la Mesa Regional de [&hellip;]<\/p>\n","protected":false},"author":1,"featured_media":0,"comment_status":"open","ping_status":"open","sticky":false,"template":"","format":"standard","meta":{"footnotes":""},"categories":[76],"tags":[],"class_list":["post-4581","post","type-post","status-publish","format-standard","hentry","category-agricultura"],"yoast_head":"<!-- This site is optimized with the Yoast SEO plugin v25.0 - https:\/\/yoast.com\/wordpress\/plugins\/seo\/ -->\n<title>Celebraci\u00f3n Del D\u00eda Internacional De La Mujer Rural - Nuestro Bio B\u00edo<\/title>\n<meta name=\"robots\" content=\"index, follow, max-snippet:-1, max-image-preview:large, max-video-preview:-1\" \/>\n<link rel=\"canonical\" href=\"https:\/\/www.fraczinet.cl\/sitio\/2009\/10\/22\/celebracion-del-dia-internacional-de-la-mujer-rural\/\" \/>\n<meta property=\"og:locale\" content=\"es_ES\" \/>\n<meta property=\"og:type\" content=\"article\" \/>\n<meta property=\"og:title\" content=\"Celebraci\u00f3n Del D\u00eda Internacional De La Mujer Rural - Nuestro Bio B\u00edo\" \/>\n<meta property=\"og:description\" content=\"Flores, huevos, miel, hortalizas, quesos, artesan\u00edas, reposter\u00eda tradicional y mapuche, fueron algunos de los productos que se pudieron encontrar en la celebraci\u00f3n del D\u00eda Internacional de la Mujer Rural, que se efectu\u00f3 el jueves 22 de octubre, en el Sal\u00f3n Mural de la Intendencia en Concepci\u00f3n. La celebraci\u00f3n fue organizada por la Mesa Regional de [&hellip;]\" \/>\n<meta property=\"og:url\" content=\"https:\/\/www.fraczinet.cl\/sitio\/2009\/10\/22\/celebracion-del-dia-internacional-de-la-mujer-rural\/\" \/>\n<meta property=\"og:site_name\" content=\"Nuestro Bio B\u00edo\" \/>\n<meta property=\"article:published_time\" content=\"2009-10-22T22:53:00+00:00\" \/>\n<meta property=\"og:image\" content=\"https:\/\/1.bp.blogspot.com\/_2S_RxGRVjis\/SuDlCftlX0I\/AAAAAAAAL44\/FBzYtzqTzYQ\/s200\/Mujer+Rural.jpg\" \/>\n<meta name=\"author\" content=\"admin\" \/>\n<meta name=\"twitter:card\" content=\"summary_large_image\" \/>\n<meta name=\"twitter:creator\" content=\"@nuestrobiobio\" \/>\n<meta name=\"twitter:site\" content=\"@nuestrobiobio\" \/>\n<meta name=\"twitter:label1\" content=\"Escrito por\" \/>\n\t<meta name=\"twitter:data1\" content=\"admin\" \/>\n\t<meta name=\"twitter:label2\" content=\"Tiempo de lectura\" \/>\n\t<meta name=\"twitter:data2\" content=\"4 minutos\" \/>\n<script type=\"application\/ld+json\" class=\"yoast-schema-graph\">{\"@context\":\"https:\/\/schema.org\",\"@graph\":[{\"@type\":\"Article\",\"@id\":\"https:\/\/www.fraczinet.cl\/sitio\/2009\/10\/22\/celebracion-del-dia-internacional-de-la-mujer-rural\/#article\",\"isPartOf\":{\"@id\":\"https:\/\/www.fraczinet.cl\/sitio\/2009\/10\/22\/celebracion-del-dia-internacional-de-la-mujer-rural\/\"},\"author\":{\"name\":\"admin\",\"@id\":\"https:\/\/www.fraczinet.cl\/sitio\/#\/schema\/person\/bc30f98e9cb10ae7e119dbe14bc93784\"},\"headline\":\"Celebraci\u00f3n Del D\u00eda Internacional De La Mujer Rural\",\"datePublished\":\"2009-10-22T22:53:00+00:00\",\"mainEntityOfPage\":{\"@id\":\"https:\/\/www.fraczinet.cl\/sitio\/2009\/10\/22\/celebracion-del-dia-internacional-de-la-mujer-rural\/\"},\"wordCount\":909,\"commentCount\":0,\"publisher\":{\"@id\":\"https:\/\/www.fraczinet.cl\/sitio\/#\/schema\/person\/aec8ee4da68df2b9b0eefdad24a0d582\"},\"image\":{\"@id\":\"https:\/\/www.fraczinet.cl\/sitio\/2009\/10\/22\/celebracion-del-dia-internacional-de-la-mujer-rural\/#primaryimage\"},\"thumbnailUrl\":\"https:\/\/1.bp.blogspot.com\/_2S_RxGRVjis\/SuDlCftlX0I\/AAAAAAAAL44\/FBzYtzqTzYQ\/s200\/Mujer+Rural.jpg\",\"articleSection\":[\"Agricultura\"],\"inLanguage\":\"es\",\"potentialAction\":[{\"@type\":\"CommentAction\",\"name\":\"Comment\",\"target\":[\"https:\/\/www.fraczinet.cl\/sitio\/2009\/10\/22\/celebracion-del-dia-internacional-de-la-mujer-rural\/#respond\"]}]},{\"@type\":\"WebPage\",\"@id\":\"https:\/\/www.fraczinet.cl\/sitio\/2009\/10\/22\/celebracion-del-dia-internacional-de-la-mujer-rural\/\",\"url\":\"https:\/\/www.fraczinet.cl\/sitio\/2009\/10\/22\/celebracion-del-dia-internacional-de-la-mujer-rural\/\",\"name\":\"Celebraci\u00f3n Del D\u00eda Internacional De La Mujer Rural - Nuestro Bio B\u00edo\",\"isPartOf\":{\"@id\":\"https:\/\/www.fraczinet.cl\/sitio\/#website\"},\"primaryImageOfPage\":{\"@id\":\"https:\/\/www.fraczinet.cl\/sitio\/2009\/10\/22\/celebracion-del-dia-internacional-de-la-mujer-rural\/#primaryimage\"},\"image\":{\"@id\":\"https:\/\/www.fraczinet.cl\/sitio\/2009\/10\/22\/celebracion-del-dia-internacional-de-la-mujer-rural\/#primaryimage\"},\"thumbnailUrl\":\"https:\/\/1.bp.blogspot.com\/_2S_RxGRVjis\/SuDlCftlX0I\/AAAAAAAAL44\/FBzYtzqTzYQ\/s200\/Mujer+Rural.jpg\",\"datePublished\":\"2009-10-22T22:53:00+00:00\",\"breadcrumb\":{\"@id\":\"https:\/\/www.fraczinet.cl\/sitio\/2009\/10\/22\/celebracion-del-dia-internacional-de-la-mujer-rural\/#breadcrumb\"},\"inLanguage\":\"es\",\"potentialAction\":[{\"@type\":\"ReadAction\",\"target\":[\"https:\/\/www.fraczinet.cl\/sitio\/2009\/10\/22\/celebracion-del-dia-internacional-de-la-mujer-rural\/\"]}]},{\"@type\":\"ImageObject\",\"inLanguage\":\"es\",\"@id\":\"https:\/\/www.fraczinet.cl\/sitio\/2009\/10\/22\/celebracion-del-dia-internacional-de-la-mujer-rural\/#primaryimage\",\"url\":\"https:\/\/1.bp.blogspot.com\/_2S_RxGRVjis\/SuDlCftlX0I\/AAAAAAAAL44\/FBzYtzqTzYQ\/s200\/Mujer+Rural.jpg\",\"contentUrl\":\"https:\/\/1.bp.blogspot.com\/_2S_RxGRVjis\/SuDlCftlX0I\/AAAAAAAAL44\/FBzYtzqTzYQ\/s200\/Mujer+Rural.jpg\"},{\"@type\":\"BreadcrumbList\",\"@id\":\"https:\/\/www.fraczinet.cl\/sitio\/2009\/10\/22\/celebracion-del-dia-internacional-de-la-mujer-rural\/#breadcrumb\",\"itemListElement\":[{\"@type\":\"ListItem\",\"position\":1,\"name\":\"Portada\",\"item\":\"https:\/\/www.fraczinet.cl\/sitio\/\"},{\"@type\":\"ListItem\",\"position\":2,\"name\":\"Celebraci\u00f3n Del D\u00eda Internacional De La Mujer Rural\"}]},{\"@type\":\"WebSite\",\"@id\":\"https:\/\/www.fraczinet.cl\/sitio\/#website\",\"url\":\"https:\/\/www.fraczinet.cl\/sitio\/\",\"name\":\"Nuestro Bio B\u00edo\",\"description\":\"Tierra de Encuentros\",\"publisher\":{\"@id\":\"https:\/\/www.fraczinet.cl\/sitio\/#\/schema\/person\/aec8ee4da68df2b9b0eefdad24a0d582\"},\"potentialAction\":[{\"@type\":\"SearchAction\",\"target\":{\"@type\":\"EntryPoint\",\"urlTemplate\":\"https:\/\/www.fraczinet.cl\/sitio\/?s={search_term_string}\"},\"query-input\":{\"@type\":\"PropertyValueSpecification\",\"valueRequired\":true,\"valueName\":\"search_term_string\"}}],\"inLanguage\":\"es\"},{\"@type\":[\"Person\",\"Organization\"],\"@id\":\"https:\/\/www.fraczinet.cl\/sitio\/#\/schema\/person\/aec8ee4da68df2b9b0eefdad24a0d582\",\"name\":\"Luis Fernando Fraczinet\",\"image\":{\"@type\":\"ImageObject\",\"inLanguage\":\"es\",\"@id\":\"https:\/\/www.fraczinet.cl\/sitio\/#\/schema\/person\/image\/\",\"url\":\"https:\/\/www.fraczinet.cl\/sitio\/wp-content\/uploads\/2021\/07\/bannerlogo-1.gif\",\"contentUrl\":\"https:\/\/www.fraczinet.cl\/sitio\/wp-content\/uploads\/2021\/07\/bannerlogo-1.gif\",\"width\":159,\"height\":79,\"caption\":\"Luis Fernando Fraczinet\"},\"logo\":{\"@id\":\"https:\/\/www.fraczinet.cl\/sitio\/#\/schema\/person\/image\/\"},\"sameAs\":[\"https:\/\/www.fraczinet.cl\/sitio\/\"]},{\"@type\":\"Person\",\"@id\":\"https:\/\/www.fraczinet.cl\/sitio\/#\/schema\/person\/bc30f98e9cb10ae7e119dbe14bc93784\",\"name\":\"admin\",\"image\":{\"@type\":\"ImageObject\",\"inLanguage\":\"es\",\"@id\":\"https:\/\/www.fraczinet.cl\/sitio\/#\/schema\/person\/image\/\",\"url\":\"https:\/\/secure.gravatar.com\/avatar\/d5ad3cf7ef3b23a2bb5be73be780c86b2fc8545c3ad6b149f3913ff458c00099?s=96&d=mm&r=g\",\"contentUrl\":\"https:\/\/secure.gravatar.com\/avatar\/d5ad3cf7ef3b23a2bb5be73be780c86b2fc8545c3ad6b149f3913ff458c00099?s=96&d=mm&r=g\",\"caption\":\"admin\"},\"sameAs\":[\"https:\/\/www.fraczinet.cl\/sitio\"]}]}<\/script>\n<!-- \/ Yoast SEO plugin. -->","yoast_head_json":{"title":"Celebraci\u00f3n Del D\u00eda Internacional De La Mujer Rural - Nuestro Bio B\u00edo","robots":{"index":"index","follow":"follow","max-snippet":"max-snippet:-1","max-image-preview":"max-image-preview:large","max-video-preview":"max-video-preview:-1"},"canonical":"https:\/\/www.fraczinet.cl\/sitio\/2009\/10\/22\/celebracion-del-dia-internacional-de-la-mujer-rural\/","og_locale":"es_ES","og_type":"article","og_title":"Celebraci\u00f3n Del D\u00eda Internacional De La Mujer Rural - Nuestro Bio B\u00edo","og_description":"Flores, huevos, miel, hortalizas, quesos, artesan\u00edas, reposter\u00eda tradicional y mapuche, fueron algunos de los productos que se pudieron encontrar en la celebraci\u00f3n del D\u00eda Internacional de la Mujer Rural, que se efectu\u00f3 el jueves 22 de octubre, en el Sal\u00f3n Mural de la Intendencia en Concepci\u00f3n. La celebraci\u00f3n fue organizada por la Mesa Regional de [&hellip;]","og_url":"https:\/\/www.fraczinet.cl\/sitio\/2009\/10\/22\/celebracion-del-dia-internacional-de-la-mujer-rural\/","og_site_name":"Nuestro Bio B\u00edo","article_published_time":"2009-10-22T22:53:00+00:00","og_image":[{"url":"https:\/\/1.bp.blogspot.com\/_2S_RxGRVjis\/SuDlCftlX0I\/AAAAAAAAL44\/FBzYtzqTzYQ\/s200\/Mujer+Rural.jpg","type":"","width":"","height":""}],"author":"admin","twitter_card":"summary_large_image","twitter_creator":"@nuestrobiobio","twitter_site":"@nuestrobiobio","twitter_misc":{"Escrito por":"admin","Tiempo de lectura":"4 minutos"},"schema":{"@context":"https:\/\/schema.org","@graph":[{"@type":"Article","@id":"https:\/\/www.fraczinet.cl\/sitio\/2009\/10\/22\/celebracion-del-dia-internacional-de-la-mujer-rural\/#article","isPartOf":{"@id":"https:\/\/www.fraczinet.cl\/sitio\/2009\/10\/22\/celebracion-del-dia-internacional-de-la-mujer-rural\/"},"author":{"name":"admin","@id":"https:\/\/www.fraczinet.cl\/sitio\/#\/schema\/person\/bc30f98e9cb10ae7e119dbe14bc93784"},"headline":"Celebraci\u00f3n Del D\u00eda Internacional De La Mujer Rural","datePublished":"2009-10-22T22:53:00+00:00","mainEntityOfPage":{"@id":"https:\/\/www.fraczinet.cl\/sitio\/2009\/10\/22\/celebracion-del-dia-internacional-de-la-mujer-rural\/"},"wordCount":909,"commentCount":0,"publisher":{"@id":"https:\/\/www.fraczinet.cl\/sitio\/#\/schema\/person\/aec8ee4da68df2b9b0eefdad24a0d582"},"image":{"@id":"https:\/\/www.fraczinet.cl\/sitio\/2009\/10\/22\/celebracion-del-dia-internacional-de-la-mujer-rural\/#primaryimage"},"thumbnailUrl":"https:\/\/1.bp.blogspot.com\/_2S_RxGRVjis\/SuDlCftlX0I\/AAAAAAAAL44\/FBzYtzqTzYQ\/s200\/Mujer+Rural.jpg","articleSection":["Agricultura"],"inLanguage":"es","potentialAction":[{"@type":"CommentAction","name":"Comment","target":["https:\/\/www.fraczinet.cl\/sitio\/2009\/10\/22\/celebracion-del-dia-internacional-de-la-mujer-rural\/#respond"]}]},{"@type":"WebPage","@id":"https:\/\/www.fraczinet.cl\/sitio\/2009\/10\/22\/celebracion-del-dia-internacional-de-la-mujer-rural\/","url":"https:\/\/www.fraczinet.cl\/sitio\/2009\/10\/22\/celebracion-del-dia-internacional-de-la-mujer-rural\/","name":"Celebraci\u00f3n Del D\u00eda Internacional De La Mujer Rural - Nuestro Bio B\u00edo","isPartOf":{"@id":"https:\/\/www.fraczinet.cl\/sitio\/#website"},"primaryImageOfPage":{"@id":"https:\/\/www.fraczinet.cl\/sitio\/2009\/10\/22\/celebracion-del-dia-internacional-de-la-mujer-rural\/#primaryimage"},"image":{"@id":"https:\/\/www.fraczinet.cl\/sitio\/2009\/10\/22\/celebracion-del-dia-internacional-de-la-mujer-rural\/#primaryimage"},"thumbnailUrl":"https:\/\/1.bp.blogspot.com\/_2S_RxGRVjis\/SuDlCftlX0I\/AAAAAAAAL44\/FBzYtzqTzYQ\/s200\/Mujer+Rural.jpg","datePublished":"2009-10-22T22:53:00+00:00","breadcrumb":{"@id":"https:\/\/www.fraczinet.cl\/sitio\/2009\/10\/22\/celebracion-del-dia-internacional-de-la-mujer-rural\/#breadcrumb"},"inLanguage":"es","potentialAction":[{"@type":"ReadAction","target":["https:\/\/www.fraczinet.cl\/sitio\/2009\/10\/22\/celebracion-del-dia-internacional-de-la-mujer-rural\/"]}]},{"@type":"ImageObject","inLanguage":"es","@id":"https:\/\/www.fraczinet.cl\/sitio\/2009\/10\/22\/celebracion-del-dia-internacional-de-la-mujer-rural\/#primaryimage","url":"https:\/\/1.bp.blogspot.com\/_2S_RxGRVjis\/SuDlCftlX0I\/AAAAAAAAL44\/FBzYtzqTzYQ\/s200\/Mujer+Rural.jpg","contentUrl":"https:\/\/1.bp.blogspot.com\/_2S_RxGRVjis\/SuDlCftlX0I\/AAAAAAAAL44\/FBzYtzqTzYQ\/s200\/Mujer+Rural.jpg"},{"@type":"BreadcrumbList","@id":"https:\/\/www.fraczinet.cl\/sitio\/2009\/10\/22\/celebracion-del-dia-internacional-de-la-mujer-rural\/#breadcrumb","itemListElement":[{"@type":"ListItem","position":1,"name":"Portada","item":"https:\/\/www.fraczinet.cl\/sitio\/"},{"@type":"ListItem","position":2,"name":"Celebraci\u00f3n Del D\u00eda Internacional De La Mujer Rural"}]},{"@type":"WebSite","@id":"https:\/\/www.fraczinet.cl\/sitio\/#website","url":"https:\/\/www.fraczinet.cl\/sitio\/","name":"Nuestro Bio B\u00edo","description":"Tierra de Encuentros","publisher":{"@id":"https:\/\/www.fraczinet.cl\/sitio\/#\/schema\/person\/aec8ee4da68df2b9b0eefdad24a0d582"},"potentialAction":[{"@type":"SearchAction","target":{"@type":"EntryPoint","urlTemplate":"https:\/\/www.fraczinet.cl\/sitio\/?s={search_term_string}"},"query-input":{"@type":"PropertyValueSpecification","valueRequired":true,"valueName":"search_term_string"}}],"inLanguage":"es"},{"@type":["Person","Organization"],"@id":"https:\/\/www.fraczinet.cl\/sitio\/#\/schema\/person\/aec8ee4da68df2b9b0eefdad24a0d582","name":"Luis Fernando Fraczinet","image":{"@type":"ImageObject","inLanguage":"es","@id":"https:\/\/www.fraczinet.cl\/sitio\/#\/schema\/person\/image\/","url":"https:\/\/www.fraczinet.cl\/sitio\/wp-content\/uploads\/2021\/07\/bannerlogo-1.gif","contentUrl":"https:\/\/www.fraczinet.cl\/sitio\/wp-content\/uploads\/2021\/07\/bannerlogo-1.gif","width":159,"height":79,"caption":"Luis Fernando Fraczinet"},"logo":{"@id":"https:\/\/www.fraczinet.cl\/sitio\/#\/schema\/person\/image\/"},"sameAs":["https:\/\/www.fraczinet.cl\/sitio\/"]},{"@type":"Person","@id":"https:\/\/www.fraczinet.cl\/sitio\/#\/schema\/person\/bc30f98e9cb10ae7e119dbe14bc93784","name":"admin","image":{"@type":"ImageObject","inLanguage":"es","@id":"https:\/\/www.fraczinet.cl\/sitio\/#\/schema\/person\/image\/","url":"https:\/\/secure.gravatar.com\/avatar\/d5ad3cf7ef3b23a2bb5be73be780c86b2fc8545c3ad6b149f3913ff458c00099?s=96&d=mm&r=g","contentUrl":"https:\/\/secure.gravatar.com\/avatar\/d5ad3cf7ef3b23a2bb5be73be780c86b2fc8545c3ad6b149f3913ff458c00099?s=96&d=mm&r=g","caption":"admin"},"sameAs":["https:\/\/www.fraczinet.cl\/sitio"]}]}},"_links":{"self":[{"href":"https:\/\/www.fraczinet.cl\/sitio\/wp-json\/wp\/v2\/posts\/4581","targetHints":{"allow":["GET"]}}],"collection":[{"href":"https:\/\/www.fraczinet.cl\/sitio\/wp-json\/wp\/v2\/posts"}],"about":[{"href":"https:\/\/www.fraczinet.cl\/sitio\/wp-json\/wp\/v2\/types\/post"}],"author":[{"embeddable":true,"href":"https:\/\/www.fraczinet.cl\/sitio\/wp-json\/wp\/v2\/users\/1"}],"replies":[{"embeddable":true,"href":"https:\/\/www.fraczinet.cl\/sitio\/wp-json\/wp\/v2\/comments?post=4581"}],"version-history":[{"count":0,"href":"https:\/\/www.fraczinet.cl\/sitio\/wp-json\/wp\/v2\/posts\/4581\/revisions"}],"wp:attachment":[{"href":"https:\/\/www.fraczinet.cl\/sitio\/wp-json\/wp\/v2\/media?parent=4581"}],"wp:term":[{"taxonomy":"category","embeddable":true,"href":"https:\/\/www.fraczinet.cl\/sitio\/wp-json\/wp\/v2\/categories?post=4581"},{"taxonomy":"post_tag","embeddable":true,"href":"https:\/\/www.fraczinet.cl\/sitio\/wp-json\/wp\/v2\/tags?post=4581"}],"curies":[{"name":"wp","href":"https:\/\/api.w.org\/{rel}","templated":true}]}}