{"id":4587,"date":"2009-10-21T20:19:00","date_gmt":"2009-10-21T20:19:00","guid":{"rendered":"https:\/\/www.fraczinet.cl\/sitio\/2009\/10\/21\/critica-literaria-al-libro-de-poemas-galeria-una-obra-de-ingrid-odgers\/"},"modified":"2021-09-30T12:32:39","modified_gmt":"2021-09-30T12:32:39","slug":"critica-literaria-al-libro-de-poemas-galeria-una-obra-de-ingrid-odgers","status":"publish","type":"post","link":"https:\/\/www.fraczinet.cl\/sitio\/2009\/10\/21\/critica-literaria-al-libro-de-poemas-galeria-una-obra-de-ingrid-odgers\/","title":{"rendered":"Cr\u00edtica Literaria al Libro de Poemas \u00abGaler\u00eda\u00bb Una Obra de Ingrid Odgers"},"content":{"rendered":"<div style=\"text-align: justify;\">\u201cTemores de quedar eternamente rodeada de sombras\u201d, \u201cestancando los latidos\u201d, \u201cLas aguas no alcanzan las dunas\u201d, \u201csed sedienta de exclamaciones\u201d, \u201ccon mi nuca los pies danzan en la retina de la noche\u201d , \u201ctu cuerpo se deshace entre mis manos como p\u00e1jaro en el cielo\u201d, \u201canimal de fuego en el subterr\u00e1neo de la historia\u201d, \u201cla raz\u00f3n no es eterna\u201d, \u201cuna cr\u00edtica pol\u00e9mica y un pu\u00f1o de acero\u201d, entre otras frases claroscuros son una seguidilla de palabras de algunos de sus escritos mas representativos que forman una fina melod\u00eda o al contrario, son graves contestatarias, y fiel reflejo de im\u00e1genes del subconsciente que Ingrid Odgers extrae de su interior y tira como dagas o envuelve como ternura. Su creaci\u00f3n; obras y escritos, son una multitudinaria relaci\u00f3n surrealista, o una cercan\u00eda a lo estridente, un remordimiento en la conciencia, una sombra que aparece fuera de tiempo y se agranda en el apogeo de nuestra prosperidad; un recuerdo bien o nunca bienvenido, una perpetua mortificaci\u00f3n recurrente, un agujero en el monedero, un oportuno hu\u00e9sped del orgullo; un menoscabo al \u00e9xito, una mancha en la sangre, un borr\u00f3n en el escudo, una rotura en la ropa, un sapo en el dormitorio.<\/div>\n<div style=\"text-align: justify;\"><\/div>\n<div style=\"text-align: justify;\">Corresponde aclarar que el estridentismo, es un movimiento literario que naci\u00f3 en los \u00faltimos d\u00edas de 1921, con el \u00abManifiesto Actual N\u00b0 1\u00bb del mayor exponente de esta corriente, el poeta Manuel Maples Arce quien respondi\u00f3 a una preocupaci\u00f3n de renovaci\u00f3n literaria. La teor\u00eda estridentista debe mucho al futurismo y dada\u00edsmo, principalmente en la impetuosa admiraci\u00f3n por la belleza de las m\u00e1quinas y la irreverencia de autores como Maples.<\/div>\n<div style=\"text-align: justify;\"><\/div>\n<div style=\"text-align: justify;\">La teor\u00eda de esta forma literaria se resumi\u00f3 en las siguientes declaraciones: \u00abLa verdad est\u00e9tica es tan solo en estado de emoci\u00f3n incoercible desarrollado en un plano extravasal de equivalencia integralista. Las cosas no tienen valor intr\u00ednseco posible y su equivalencia po\u00e9tica florece en sus relaciones y coordinaciones, las que se manifiestan en un sector interno, m\u00e1s emocionante y m\u00e1s definitivo que una realidad desmantelada. Para hacer una obra de arte es preciso crear y no copiar. Nosotros buscamos la verdad en la realidad pensada y no en la realidad aparente. Todo debe ser superaci\u00f3n y equivalencia\u00bb.<\/div>\n<div style=\"text-align: justify;\"><\/div>\n<div style=\"text-align: justify;\">La poes\u00eda de Odgers se relaciona con este movimiento de vanguardia, hay un trabajo indiscutible: la b\u00fasqueda de una rebeli\u00f3n en lo art\u00edstico y en lo literario tal como en su tiempo lo hiciera Manuel Maples Arce y otros representantes del estridentismo.<\/div>\n<div style=\"text-align: justify;\"><\/div>\n<div style=\"text-align: justify;\">Su obra desde \u201c\u00c1ngel Dormido\u201d a \u201cDe Tu Sangre Cautiva\u201d transmite de una \u00e9poca a otra ese \u201cllamado de cazadores perdidos entre grandes bosques\u201d.<\/div>\n<div style=\"text-align: justify;\"><\/div>\n<div style=\"text-align: justify;\">Se hace necesario insistir en la unidad indisoluble de la poes\u00eda de Ingrid Odgers, el desasosiego, el amor, la libertad. Esta trilog\u00eda ha llegado a constituir el punto central de su obra, como una actividad dirigida hacia el descr\u00e9dito permanente a todos los dogmas sociales, \u00e9ticos y religiosos. Su poes\u00eda explosiva que emana de \u201cParaguas y Carrillas\u201d, \u201cPer\u00edmetro In\u00fatil\u201d, \u201cEn Las Fr\u00edas Rodillas del Mundo\u201d y de \u201cLos Elefantes no Duermen\u201d son una de sus principales voces de aquella trilog\u00eda. Tiene mucha luz con una sinceridad total. Con claridad y exactitud, y antes de cualquier otra cosa hace luz en las sombras de la imaginaci\u00f3n, se transforma esta en su hada madrina, excavando en el amor, el desencuentro, el sue\u00f1o, la muerte, la locura, los mitos, la libertad\u2026etc.<\/div>\n<div style=\"text-align: justify;\"><\/div>\n<div style=\"text-align: justify;\">La poeta Ingrid Odgers ha sido y es creadora de im\u00e1genes po\u00e9ticas; la m\u00e1s entra\u00f1able buscadora de lo ins\u00f3lito, como \u201cuna surrealista de tiempo completo\u201d que pretende transformar el mundo, cambiar la vida. Su esp\u00edritu po\u00e9tico es de seres en permanente rebeli\u00f3n, de creer en las utop\u00edas. A veces pareciera extralimitar los instintos con el consiguiente reconocimiento de los valores irracionales y on\u00edricos. Pareciese que Ingrid Odgers estuviese mir\u00e1ndose a trav\u00e9s de su propia antolog\u00eda por un segundo en el espejo de su actividad juvenil, de car\u00e1cter prol\u00edfico y creador.<\/div>\n<div style=\"text-align: justify;\"><\/div>\n<div style=\"text-align: justify;\">La obra po\u00e9tica de Odgers transita la l\u00ednea simbolista-surrealista. En toda la poes\u00eda hisp\u00e1nica anterior al Romanticismo &#8211; desde las cantigas medievales, al Romancero, a la gran poes\u00eda manierista y barroca del Siglo de Oro y en la literatura del siglo XVIII -, aparece una distinci\u00f3n neta entre pensamiento y elaboraci\u00f3n on\u00edrica o, en otras palabras, entre la comunicaci\u00f3n de la vigilia y la del sue\u00f1o. As\u00ed, lo que se sue\u00f1a est\u00e1 libre de las reglas morales que rigen la vida en sociedad y el honor de una doncella no se compromete por el hecho de que su amante la sue\u00f1e entre sus brazos.<\/div>\n<div style=\"text-align: justify;\"><\/div>\n<div style=\"text-align: justify;\">En el Romanticismo, en cambio, y precisamente despu\u00e9s del \u00absiglo de las luces\u00bb, el mundo del sue\u00f1o y lo nocturnal se transforman en el \u00e1mbito privilegiado de la poes\u00eda. B\u00e9cquer convive con sus fantasmas y la poes\u00eda nace de estos seres fantasmales, producidos por el sue\u00f1o y que est\u00e1n hechos de la sustancia del sue\u00f1o. Como habr\u00eda dicho m\u00e1s tarde Rafael Alberti, B\u00e9cquer abri\u00f3 \u00aben la frente sin corona del cielo\/ la primera dinast\u00eda del sue\u00f1o\u00bb. Esos seres son el sue\u00f1o mismo y por tanto encarnan el Ideal, que se contrapone al mundo de la realidad, concebido como material, banal, dominado por el pragmatismo y, de consiguiente, vulgar y cruel.<\/div>\n<div style=\"text-align: justify;\"><\/div>\n<div style=\"text-align: justify;\">En el marco del Modernismo entendido como rebeli\u00f3n rom\u00e1ntica contra el positivismo del poder pol\u00edtico y de la cultura dominante en la Am\u00e9rica Latina, Rub\u00e9n Dar\u00edo usa una amarga iron\u00eda para oponer el pragmatismo y los valores burgueses \u2014 aun cuando aparezcan enmascarados de apertura intelectual, come se ve ya en su c\u00e9lebre relato El rey burgu\u00e9s \u2014 al sue\u00f1o del Ideal po\u00e9tico, en el que habr\u00e1 de reconocer al alma misma americana, que sue\u00f1a, ama, vibra.<\/div>\n<div style=\"text-align: justify;\"><\/div>\n<div style=\"text-align: justify;\">En la literatura contempor\u00e1nea, en cambio, el mundo del sue\u00f1o y el mundo de la vigilia se confunden de tal manera que ya no es posible distinguir entre uno y otro. El ejemplo m\u00e1s emblem\u00e1tico es el cuento de Borges, Las ruinas circulares, donde un experto so\u00f1ador logra construir, mediante manipulaci\u00f3n cham\u00e1nica del sue\u00f1o, una criatura que se confunde con la realidad. Al final descubrir\u00e1 humillado que \u00e9l tambi\u00e9n es una imagen vana de otro sue\u00f1o:<\/div>\n<div style=\"text-align: justify;\"><\/div>\n<div style=\"text-align: justify;\">Camin\u00f3 contra los jirones de fuego. \u00c9stos no mordieron su carne, \u00e9stos lo acariciaron y lo inundaron sin calor y sin combusti\u00f3n. Con alivio, con humillaci\u00f3n, con terror, comprendi\u00f3 que \u00e9l tambi\u00e9n era una apariencia, que otro estaba so\u00f1\u00e1ndolo.<\/div>\n<div style=\"text-align: justify;\"><\/div>\n<div style=\"text-align: justify;\">Cort\u00e1zar, tampoco es ajeno a la fascinaci\u00f3n de lo esot\u00e9rico y de lo m\u00e1gico como una erupci\u00f3n insospechada de lo cotidiano, prefiere el acercamiento psicoanal\u00edtico al sue\u00f1o. Reconoce en \u00e9ste un instrumento de penetraci\u00f3n en los meandros m\u00e1s profundos de la psiquis, donde el \u00abotro\u00bb, la alteridad, el oscuro habitante, se revela, en contraposici\u00f3n con la \u00abpersona\u00bb, conocida y luminosa:<\/div>\n<div style=\"text-align: justify;\"><\/div>\n<div style=\"text-align: justify;\">El sue\u00f1o, esa nieve dulce<\/div>\n<div style=\"text-align: justify;\">que besa el rostro, lo roe hasta encontrar<\/div>\n<div style=\"text-align: justify;\">debajo, sostenido por hilos musicales,<\/div>\n<div style=\"text-align: justify;\">el otro que despierta.<\/div>\n<div style=\"text-align: justify;\"><\/div>\n<div style=\"text-align: justify;\">Ambos autores provienen de una iniciaci\u00f3n vanguardista que les ha dado la libertad de acercarse, en el caso de Borges a las culturas arcaicas y al mundo m\u00e1gico-m\u00edtico y en el caso de Cort\u00e1zar al surrealismo y por ende al psicoan\u00e1lisis.<\/div>\n<div style=\"text-align: justify;\">Dice Rub\u00e9n Dar\u00edo: \u00abMas la Am\u00e9rica nuestra, que ten\u00eda poetas \/ desde los viejos tiempos de Netzahualc\u00f3yotl, [&#8230;] que tiembla de huracanes y que vive de Amor; [&#8230;] vi-<\/div>\n<div style=\"text-align: justify;\">ve.\/ Y sue\u00f1a. Y ama, y vibra\u00bb; cfr. A Roosevelt, en Cantos de vida y esperanza (1905).<\/div>\n<div style=\"text-align: justify;\"><\/div>\n<div style=\"text-align: justify;\">La poes\u00eda de Odgers intenta llevarnos hasta donde el sue\u00f1o y la vida cotidiana dejan de oponerse. Es una poeta de esp\u00edritu noble, generoso y de genuina creaci\u00f3n, lanzada en mas de una aventura literaria, aprovechando las nuevas tecnolog\u00edas como Radio Web -medio de difusi\u00f3n estratosf\u00e9rico- de \u201cInternacional Poes\u00eda Contempor\u00e1nea\u201d adem\u00e1s de crear y conformar equipos culturales en sus diversos talleres y ponencias literarias de la regi\u00f3n del B\u00edo- B\u00edo y sobre todo co-fundadora del Centro de Investigaciones Culturales La Silla, y en igual medida su labor como gestora cultural es bien reconocida. Asimismo crea adem\u00e1s y forma el programa de Literatura en Televisi\u00f3n \u201cPorque Escrib\u00ed\u201d. Ingrid Odgers no destaca solo como poeta y gestora cultural sino tambi\u00e9n incursiona como ensayista, novelista y cr\u00edtica literaria.<\/div>\n<div style=\"text-align: justify;\"><\/div>\n<div style=\"text-align: justify;\">Sin duda su entusiasmo literario y su dinamismo la colocan en el centro de la vida art\u00edstica e intelectual de la ciudad de Concepci\u00f3n. Ha sido testigo de un extraordinario n\u00famero de encuentros y tertulias po\u00e9ticas, vivencias que bien podr\u00edan formar un riqu\u00edsimo anecdotario, envidiable caj\u00f3n de recuerdos.<\/div>\n<div style=\"text-align: justify;\"><\/div>\n<div style=\"text-align: justify;\">La poeta Ingrid Odgers es una de las personalidades que ejerce fascinaci\u00f3n intelectual inmediata, tanto por su apariencia como por su compostura, es lo m\u00e1s distante que pueda pensarse de una persona impositiva, del que pretende imponer un criterio o decisi\u00f3n por encima de los dem\u00e1s. Tiene adem\u00e1s, una necesidad muy grande de escuchar, rasgo raro entre intelectuales. Eso la hace m\u00e1s cercana y asequible. Ha puesto su vida y su pluma al servicio de la poes\u00eda, con una virtud viva, din\u00e1mica y creadora.<\/div>\n<div style=\"text-align: justify;\"><\/div>\n<div style=\"text-align: justify;\">Organizadora y cr\u00edtica a la vez. Hacedora de revistas y libreros de poes\u00eda. Notable poeta que muchos j\u00f3venes aprecian en sus talleres literarios.<\/div>\n<div style=\"text-align: justify;\"><\/div>\n<div style=\"text-align: justify;\">El \u00fanico mensaje que los artistas pueden dar a los otros hombres; viejos y j\u00f3venes, es su obra, y como dijera el gran poeta y literato mexicano Germ\u00e1n List Arzubide, representante del \u201cestridentismo\u201d, : \u201cY si esta me habla o anima a lograr un mensaje art\u00edstico, con el deseo de que alg\u00fan d\u00eda otro hombre, cuando yo no sea m\u00e1s que polvo del polvo, se conmueva ante alguna de mis creaciones, y sienta el impulso de seguir en los que est\u00e1 creando y que ha realizado ya\u201d .<\/div>\n<div style=\"text-align: justify;\"><\/div>\n<div style=\"text-align: justify;\">Seguramente en el futuro no muy lejano a Ingrid alguien dedicara a su obra la atenci\u00f3n que merece.<\/div>\n<div style=\"text-align: justify;\"><\/div>\n<div style=\"text-align: justify;\"><span style=\"font-weight: bold;\">Por Alex Palacios Jara, periodista colegiado y Documentalista Audiovisual<\/span><\/div>\n<div style=\"text-align: justify;\">Registro Periodista N\u00famero: 4.359<\/div>\n<div style=\"text-align: justify;\"><\/div>\n<div style=\"text-align: justify;\">Creaciones: video documental \u201cGolpe del Recuerdo\u201d sobre conflicto social y armado que padece el pueblo colombiano, documental seleccionado por el colegio de periodista y el Congreso Nacional en primer concurso de periodismo de investigaci\u00f3n \u201cPeriodismo y Ciudadan\u00eda\u201d(2006) en el 50 aniversario del Colegio de Periodistas de Chile.<\/div>\n<div style=\"text-align: justify;\">Actualmente en proyecto Documental \u201c1984\u201d sobre movimiento estudiantil de los 80\u201d.<\/div>\n<div style=\"text-align: justify;\"><\/div>\n<div style=\"text-align: justify;\">NOTAS:<\/div>\n<div style=\"text-align: justify;\">1.- Ponencia de Pablo Jauralde Pou, Un viaje literario de ensue\u00f1o.<\/div>\n<div style=\"text-align: justify;\">2.- Rafael Alberti, Tres recuerdos del cielo. Homenaje a Gustavo Adolfo B\u00e9cquer, en<\/div>\n<div style=\"text-align: justify;\">Sobre los \u00e1ngeles (1927-1928), Madrid\/Buenos Aires, Alianza\/Losada, 1982, p. 85.<\/div>\n<div style=\"text-align: justify;\">3.- El Modernismo, dice Octavio Paz, es \u00abnuestro verdadero romanticismo\u00bb: cfr.<\/div>\n<div style=\"text-align: justify;\">Cuadrivio, M\u00e9xico, Joaqu\u00edn Mortiz, 1965, p. 28, y luego, p. 48 y sig.<\/div>\n<div style=\"text-align: justify;\">4.- Poes\u00eda on\u00edrica y sue\u00f1os contados en la obra de \u00c1lvaro Mutis. Martha Canfield &#8211; Universit\u00e0 Ca Foscari di Venezia.<\/div>\n","protected":false},"excerpt":{"rendered":"<p>\u201cTemores de quedar eternamente rodeada de sombras\u201d, \u201cestancando los latidos\u201d, \u201cLas aguas no alcanzan las dunas\u201d, \u201csed sedienta de exclamaciones\u201d, \u201ccon mi nuca los pies danzan en la retina de la noche\u201d , \u201ctu cuerpo se deshace entre mis manos como p\u00e1jaro en el cielo\u201d, \u201canimal de fuego en el subterr\u00e1neo de la historia\u201d, \u201cla [&hellip;]<\/p>\n","protected":false},"author":1,"featured_media":0,"comment_status":"open","ping_status":"open","sticky":false,"template":"","format":"standard","meta":{"footnotes":""},"categories":[30,149,70,67],"tags":[],"class_list":["post-4587","post","type-post","status-publish","format-standard","hentry","category-creadores","category-ingrid-odgers","category-libros","category-poesia"],"yoast_head":"<!-- This site is optimized with the Yoast SEO plugin v25.0 - https:\/\/yoast.com\/wordpress\/plugins\/seo\/ -->\n<title>Cr\u00edtica Literaria al Libro de Poemas &quot;Galer\u00eda&quot; Una Obra de Ingrid Odgers - Nuestro Bio B\u00edo<\/title>\n<meta name=\"robots\" content=\"index, follow, max-snippet:-1, max-image-preview:large, max-video-preview:-1\" \/>\n<link rel=\"canonical\" href=\"https:\/\/www.fraczinet.cl\/sitio\/2009\/10\/21\/critica-literaria-al-libro-de-poemas-galeria-una-obra-de-ingrid-odgers\/\" \/>\n<meta property=\"og:locale\" content=\"es_ES\" \/>\n<meta property=\"og:type\" content=\"article\" \/>\n<meta property=\"og:title\" content=\"Cr\u00edtica Literaria al Libro de Poemas &quot;Galer\u00eda&quot; Una Obra de Ingrid Odgers - Nuestro Bio B\u00edo\" \/>\n<meta property=\"og:description\" content=\"\u201cTemores de quedar eternamente rodeada de sombras\u201d, \u201cestancando los latidos\u201d, \u201cLas aguas no alcanzan las dunas\u201d, \u201csed sedienta de exclamaciones\u201d, \u201ccon mi nuca los pies danzan en la retina de la noche\u201d , \u201ctu cuerpo se deshace entre mis manos como p\u00e1jaro en el cielo\u201d, \u201canimal de fuego en el subterr\u00e1neo de la historia\u201d, \u201cla [&hellip;]\" \/>\n<meta property=\"og:url\" content=\"https:\/\/www.fraczinet.cl\/sitio\/2009\/10\/21\/critica-literaria-al-libro-de-poemas-galeria-una-obra-de-ingrid-odgers\/\" \/>\n<meta property=\"og:site_name\" content=\"Nuestro Bio B\u00edo\" \/>\n<meta property=\"article:published_time\" content=\"2009-10-21T20:19:00+00:00\" \/>\n<meta property=\"article:modified_time\" content=\"2021-09-30T12:32:39+00:00\" \/>\n<meta property=\"og:image\" content=\"https:\/\/www.fraczinet.cl\/sitio\/wp-content\/uploads\/2021\/07\/bannerlogo-1.gif\" \/>\n\t<meta property=\"og:image:width\" content=\"159\" \/>\n\t<meta property=\"og:image:height\" content=\"79\" \/>\n\t<meta property=\"og:image:type\" content=\"image\/gif\" \/>\n<meta name=\"author\" content=\"admin\" \/>\n<meta name=\"twitter:card\" content=\"summary_large_image\" \/>\n<meta name=\"twitter:creator\" content=\"@nuestrobiobio\" \/>\n<meta name=\"twitter:site\" content=\"@nuestrobiobio\" \/>\n<meta name=\"twitter:label1\" content=\"Escrito por\" \/>\n\t<meta name=\"twitter:data1\" content=\"admin\" \/>\n\t<meta name=\"twitter:label2\" content=\"Tiempo de lectura\" \/>\n\t<meta name=\"twitter:data2\" content=\"10 minutos\" \/>\n<script type=\"application\/ld+json\" class=\"yoast-schema-graph\">{\"@context\":\"https:\/\/schema.org\",\"@graph\":[{\"@type\":\"Article\",\"@id\":\"https:\/\/www.fraczinet.cl\/sitio\/2009\/10\/21\/critica-literaria-al-libro-de-poemas-galeria-una-obra-de-ingrid-odgers\/#article\",\"isPartOf\":{\"@id\":\"https:\/\/www.fraczinet.cl\/sitio\/2009\/10\/21\/critica-literaria-al-libro-de-poemas-galeria-una-obra-de-ingrid-odgers\/\"},\"author\":{\"name\":\"admin\",\"@id\":\"https:\/\/www.fraczinet.cl\/sitio\/#\/schema\/person\/bc30f98e9cb10ae7e119dbe14bc93784\"},\"headline\":\"Cr\u00edtica Literaria al Libro de Poemas \u00abGaler\u00eda\u00bb Una Obra de Ingrid Odgers\",\"datePublished\":\"2009-10-21T20:19:00+00:00\",\"dateModified\":\"2021-09-30T12:32:39+00:00\",\"mainEntityOfPage\":{\"@id\":\"https:\/\/www.fraczinet.cl\/sitio\/2009\/10\/21\/critica-literaria-al-libro-de-poemas-galeria-una-obra-de-ingrid-odgers\/\"},\"wordCount\":1939,\"commentCount\":0,\"publisher\":{\"@id\":\"https:\/\/www.fraczinet.cl\/sitio\/#\/schema\/person\/aec8ee4da68df2b9b0eefdad24a0d582\"},\"articleSection\":[\"Creadores\",\"Ingrid Odgers\",\"Libros\",\"Poes\u00eda\"],\"inLanguage\":\"es\",\"potentialAction\":[{\"@type\":\"CommentAction\",\"name\":\"Comment\",\"target\":[\"https:\/\/www.fraczinet.cl\/sitio\/2009\/10\/21\/critica-literaria-al-libro-de-poemas-galeria-una-obra-de-ingrid-odgers\/#respond\"]}]},{\"@type\":\"WebPage\",\"@id\":\"https:\/\/www.fraczinet.cl\/sitio\/2009\/10\/21\/critica-literaria-al-libro-de-poemas-galeria-una-obra-de-ingrid-odgers\/\",\"url\":\"https:\/\/www.fraczinet.cl\/sitio\/2009\/10\/21\/critica-literaria-al-libro-de-poemas-galeria-una-obra-de-ingrid-odgers\/\",\"name\":\"Cr\u00edtica Literaria al Libro de Poemas \\\"Galer\u00eda\\\" Una Obra de Ingrid Odgers - Nuestro Bio B\u00edo\",\"isPartOf\":{\"@id\":\"https:\/\/www.fraczinet.cl\/sitio\/#website\"},\"datePublished\":\"2009-10-21T20:19:00+00:00\",\"dateModified\":\"2021-09-30T12:32:39+00:00\",\"breadcrumb\":{\"@id\":\"https:\/\/www.fraczinet.cl\/sitio\/2009\/10\/21\/critica-literaria-al-libro-de-poemas-galeria-una-obra-de-ingrid-odgers\/#breadcrumb\"},\"inLanguage\":\"es\",\"potentialAction\":[{\"@type\":\"ReadAction\",\"target\":[\"https:\/\/www.fraczinet.cl\/sitio\/2009\/10\/21\/critica-literaria-al-libro-de-poemas-galeria-una-obra-de-ingrid-odgers\/\"]}]},{\"@type\":\"BreadcrumbList\",\"@id\":\"https:\/\/www.fraczinet.cl\/sitio\/2009\/10\/21\/critica-literaria-al-libro-de-poemas-galeria-una-obra-de-ingrid-odgers\/#breadcrumb\",\"itemListElement\":[{\"@type\":\"ListItem\",\"position\":1,\"name\":\"Portada\",\"item\":\"https:\/\/www.fraczinet.cl\/sitio\/\"},{\"@type\":\"ListItem\",\"position\":2,\"name\":\"Cr\u00edtica Literaria al Libro de Poemas \u00abGaler\u00eda\u00bb Una Obra de Ingrid Odgers\"}]},{\"@type\":\"WebSite\",\"@id\":\"https:\/\/www.fraczinet.cl\/sitio\/#website\",\"url\":\"https:\/\/www.fraczinet.cl\/sitio\/\",\"name\":\"Nuestro Bio B\u00edo\",\"description\":\"Tierra de Encuentros\",\"publisher\":{\"@id\":\"https:\/\/www.fraczinet.cl\/sitio\/#\/schema\/person\/aec8ee4da68df2b9b0eefdad24a0d582\"},\"potentialAction\":[{\"@type\":\"SearchAction\",\"target\":{\"@type\":\"EntryPoint\",\"urlTemplate\":\"https:\/\/www.fraczinet.cl\/sitio\/?s={search_term_string}\"},\"query-input\":{\"@type\":\"PropertyValueSpecification\",\"valueRequired\":true,\"valueName\":\"search_term_string\"}}],\"inLanguage\":\"es\"},{\"@type\":[\"Person\",\"Organization\"],\"@id\":\"https:\/\/www.fraczinet.cl\/sitio\/#\/schema\/person\/aec8ee4da68df2b9b0eefdad24a0d582\",\"name\":\"Luis Fernando Fraczinet\",\"image\":{\"@type\":\"ImageObject\",\"inLanguage\":\"es\",\"@id\":\"https:\/\/www.fraczinet.cl\/sitio\/#\/schema\/person\/image\/\",\"url\":\"https:\/\/www.fraczinet.cl\/sitio\/wp-content\/uploads\/2021\/07\/bannerlogo-1.gif\",\"contentUrl\":\"https:\/\/www.fraczinet.cl\/sitio\/wp-content\/uploads\/2021\/07\/bannerlogo-1.gif\",\"width\":159,\"height\":79,\"caption\":\"Luis Fernando Fraczinet\"},\"logo\":{\"@id\":\"https:\/\/www.fraczinet.cl\/sitio\/#\/schema\/person\/image\/\"},\"sameAs\":[\"https:\/\/www.fraczinet.cl\/sitio\/\"]},{\"@type\":\"Person\",\"@id\":\"https:\/\/www.fraczinet.cl\/sitio\/#\/schema\/person\/bc30f98e9cb10ae7e119dbe14bc93784\",\"name\":\"admin\",\"image\":{\"@type\":\"ImageObject\",\"inLanguage\":\"es\",\"@id\":\"https:\/\/www.fraczinet.cl\/sitio\/#\/schema\/person\/image\/\",\"url\":\"https:\/\/secure.gravatar.com\/avatar\/d5ad3cf7ef3b23a2bb5be73be780c86b2fc8545c3ad6b149f3913ff458c00099?s=96&d=mm&r=g\",\"contentUrl\":\"https:\/\/secure.gravatar.com\/avatar\/d5ad3cf7ef3b23a2bb5be73be780c86b2fc8545c3ad6b149f3913ff458c00099?s=96&d=mm&r=g\",\"caption\":\"admin\"},\"sameAs\":[\"https:\/\/www.fraczinet.cl\/sitio\"]}]}<\/script>\n<!-- \/ Yoast SEO plugin. -->","yoast_head_json":{"title":"Cr\u00edtica Literaria al Libro de Poemas \"Galer\u00eda\" Una Obra de Ingrid Odgers - Nuestro Bio B\u00edo","robots":{"index":"index","follow":"follow","max-snippet":"max-snippet:-1","max-image-preview":"max-image-preview:large","max-video-preview":"max-video-preview:-1"},"canonical":"https:\/\/www.fraczinet.cl\/sitio\/2009\/10\/21\/critica-literaria-al-libro-de-poemas-galeria-una-obra-de-ingrid-odgers\/","og_locale":"es_ES","og_type":"article","og_title":"Cr\u00edtica Literaria al Libro de Poemas \"Galer\u00eda\" Una Obra de Ingrid Odgers - Nuestro Bio B\u00edo","og_description":"\u201cTemores de quedar eternamente rodeada de sombras\u201d, \u201cestancando los latidos\u201d, \u201cLas aguas no alcanzan las dunas\u201d, \u201csed sedienta de exclamaciones\u201d, \u201ccon mi nuca los pies danzan en la retina de la noche\u201d , \u201ctu cuerpo se deshace entre mis manos como p\u00e1jaro en el cielo\u201d, \u201canimal de fuego en el subterr\u00e1neo de la historia\u201d, \u201cla [&hellip;]","og_url":"https:\/\/www.fraczinet.cl\/sitio\/2009\/10\/21\/critica-literaria-al-libro-de-poemas-galeria-una-obra-de-ingrid-odgers\/","og_site_name":"Nuestro Bio B\u00edo","article_published_time":"2009-10-21T20:19:00+00:00","article_modified_time":"2021-09-30T12:32:39+00:00","og_image":[{"width":159,"height":79,"url":"https:\/\/www.fraczinet.cl\/sitio\/wp-content\/uploads\/2021\/07\/bannerlogo-1.gif","type":"image\/gif"}],"author":"admin","twitter_card":"summary_large_image","twitter_creator":"@nuestrobiobio","twitter_site":"@nuestrobiobio","twitter_misc":{"Escrito por":"admin","Tiempo de lectura":"10 minutos"},"schema":{"@context":"https:\/\/schema.org","@graph":[{"@type":"Article","@id":"https:\/\/www.fraczinet.cl\/sitio\/2009\/10\/21\/critica-literaria-al-libro-de-poemas-galeria-una-obra-de-ingrid-odgers\/#article","isPartOf":{"@id":"https:\/\/www.fraczinet.cl\/sitio\/2009\/10\/21\/critica-literaria-al-libro-de-poemas-galeria-una-obra-de-ingrid-odgers\/"},"author":{"name":"admin","@id":"https:\/\/www.fraczinet.cl\/sitio\/#\/schema\/person\/bc30f98e9cb10ae7e119dbe14bc93784"},"headline":"Cr\u00edtica Literaria al Libro de Poemas \u00abGaler\u00eda\u00bb Una Obra de Ingrid Odgers","datePublished":"2009-10-21T20:19:00+00:00","dateModified":"2021-09-30T12:32:39+00:00","mainEntityOfPage":{"@id":"https:\/\/www.fraczinet.cl\/sitio\/2009\/10\/21\/critica-literaria-al-libro-de-poemas-galeria-una-obra-de-ingrid-odgers\/"},"wordCount":1939,"commentCount":0,"publisher":{"@id":"https:\/\/www.fraczinet.cl\/sitio\/#\/schema\/person\/aec8ee4da68df2b9b0eefdad24a0d582"},"articleSection":["Creadores","Ingrid Odgers","Libros","Poes\u00eda"],"inLanguage":"es","potentialAction":[{"@type":"CommentAction","name":"Comment","target":["https:\/\/www.fraczinet.cl\/sitio\/2009\/10\/21\/critica-literaria-al-libro-de-poemas-galeria-una-obra-de-ingrid-odgers\/#respond"]}]},{"@type":"WebPage","@id":"https:\/\/www.fraczinet.cl\/sitio\/2009\/10\/21\/critica-literaria-al-libro-de-poemas-galeria-una-obra-de-ingrid-odgers\/","url":"https:\/\/www.fraczinet.cl\/sitio\/2009\/10\/21\/critica-literaria-al-libro-de-poemas-galeria-una-obra-de-ingrid-odgers\/","name":"Cr\u00edtica Literaria al Libro de Poemas \"Galer\u00eda\" Una Obra de Ingrid Odgers - Nuestro Bio B\u00edo","isPartOf":{"@id":"https:\/\/www.fraczinet.cl\/sitio\/#website"},"datePublished":"2009-10-21T20:19:00+00:00","dateModified":"2021-09-30T12:32:39+00:00","breadcrumb":{"@id":"https:\/\/www.fraczinet.cl\/sitio\/2009\/10\/21\/critica-literaria-al-libro-de-poemas-galeria-una-obra-de-ingrid-odgers\/#breadcrumb"},"inLanguage":"es","potentialAction":[{"@type":"ReadAction","target":["https:\/\/www.fraczinet.cl\/sitio\/2009\/10\/21\/critica-literaria-al-libro-de-poemas-galeria-una-obra-de-ingrid-odgers\/"]}]},{"@type":"BreadcrumbList","@id":"https:\/\/www.fraczinet.cl\/sitio\/2009\/10\/21\/critica-literaria-al-libro-de-poemas-galeria-una-obra-de-ingrid-odgers\/#breadcrumb","itemListElement":[{"@type":"ListItem","position":1,"name":"Portada","item":"https:\/\/www.fraczinet.cl\/sitio\/"},{"@type":"ListItem","position":2,"name":"Cr\u00edtica Literaria al Libro de Poemas \u00abGaler\u00eda\u00bb Una Obra de Ingrid Odgers"}]},{"@type":"WebSite","@id":"https:\/\/www.fraczinet.cl\/sitio\/#website","url":"https:\/\/www.fraczinet.cl\/sitio\/","name":"Nuestro Bio B\u00edo","description":"Tierra de Encuentros","publisher":{"@id":"https:\/\/www.fraczinet.cl\/sitio\/#\/schema\/person\/aec8ee4da68df2b9b0eefdad24a0d582"},"potentialAction":[{"@type":"SearchAction","target":{"@type":"EntryPoint","urlTemplate":"https:\/\/www.fraczinet.cl\/sitio\/?s={search_term_string}"},"query-input":{"@type":"PropertyValueSpecification","valueRequired":true,"valueName":"search_term_string"}}],"inLanguage":"es"},{"@type":["Person","Organization"],"@id":"https:\/\/www.fraczinet.cl\/sitio\/#\/schema\/person\/aec8ee4da68df2b9b0eefdad24a0d582","name":"Luis Fernando Fraczinet","image":{"@type":"ImageObject","inLanguage":"es","@id":"https:\/\/www.fraczinet.cl\/sitio\/#\/schema\/person\/image\/","url":"https:\/\/www.fraczinet.cl\/sitio\/wp-content\/uploads\/2021\/07\/bannerlogo-1.gif","contentUrl":"https:\/\/www.fraczinet.cl\/sitio\/wp-content\/uploads\/2021\/07\/bannerlogo-1.gif","width":159,"height":79,"caption":"Luis Fernando Fraczinet"},"logo":{"@id":"https:\/\/www.fraczinet.cl\/sitio\/#\/schema\/person\/image\/"},"sameAs":["https:\/\/www.fraczinet.cl\/sitio\/"]},{"@type":"Person","@id":"https:\/\/www.fraczinet.cl\/sitio\/#\/schema\/person\/bc30f98e9cb10ae7e119dbe14bc93784","name":"admin","image":{"@type":"ImageObject","inLanguage":"es","@id":"https:\/\/www.fraczinet.cl\/sitio\/#\/schema\/person\/image\/","url":"https:\/\/secure.gravatar.com\/avatar\/d5ad3cf7ef3b23a2bb5be73be780c86b2fc8545c3ad6b149f3913ff458c00099?s=96&d=mm&r=g","contentUrl":"https:\/\/secure.gravatar.com\/avatar\/d5ad3cf7ef3b23a2bb5be73be780c86b2fc8545c3ad6b149f3913ff458c00099?s=96&d=mm&r=g","caption":"admin"},"sameAs":["https:\/\/www.fraczinet.cl\/sitio"]}]}},"_links":{"self":[{"href":"https:\/\/www.fraczinet.cl\/sitio\/wp-json\/wp\/v2\/posts\/4587","targetHints":{"allow":["GET"]}}],"collection":[{"href":"https:\/\/www.fraczinet.cl\/sitio\/wp-json\/wp\/v2\/posts"}],"about":[{"href":"https:\/\/www.fraczinet.cl\/sitio\/wp-json\/wp\/v2\/types\/post"}],"author":[{"embeddable":true,"href":"https:\/\/www.fraczinet.cl\/sitio\/wp-json\/wp\/v2\/users\/1"}],"replies":[{"embeddable":true,"href":"https:\/\/www.fraczinet.cl\/sitio\/wp-json\/wp\/v2\/comments?post=4587"}],"version-history":[{"count":1,"href":"https:\/\/www.fraczinet.cl\/sitio\/wp-json\/wp\/v2\/posts\/4587\/revisions"}],"predecessor-version":[{"id":7236,"href":"https:\/\/www.fraczinet.cl\/sitio\/wp-json\/wp\/v2\/posts\/4587\/revisions\/7236"}],"wp:attachment":[{"href":"https:\/\/www.fraczinet.cl\/sitio\/wp-json\/wp\/v2\/media?parent=4587"}],"wp:term":[{"taxonomy":"category","embeddable":true,"href":"https:\/\/www.fraczinet.cl\/sitio\/wp-json\/wp\/v2\/categories?post=4587"},{"taxonomy":"post_tag","embeddable":true,"href":"https:\/\/www.fraczinet.cl\/sitio\/wp-json\/wp\/v2\/tags?post=4587"}],"curies":[{"name":"wp","href":"https:\/\/api.w.org\/{rel}","templated":true}]}}