{"id":4602,"date":"2009-10-19T14:05:00","date_gmt":"2009-10-19T14:05:00","guid":{"rendered":"https:\/\/www.fraczinet.cl\/sitio\/2009\/10\/19\/cuadro-verde-deslumbro-en-la-tierra-de-los-vientos\/"},"modified":"2022-10-06T23:58:55","modified_gmt":"2022-10-06T23:58:55","slug":"cuadro-verde-deslumbro-en-la-tierra-de-los-vientos","status":"publish","type":"post","link":"https:\/\/www.fraczinet.cl\/sitio\/2009\/10\/19\/cuadro-verde-deslumbro-en-la-tierra-de-los-vientos\/","title":{"rendered":"Cuadro Verde Deslumbr\u00f3 En La Tierra De Los Vientos"},"content":{"rendered":"<div style=\"text-align: justify;\"><a href=\"http:\/\/1.bp.blogspot.com\/_2S_RxGRVjis\/StxzESYtblI\/AAAAAAAAL4A\/stsfT5abDH8\/s1600-h\/cuadroverde.jpg\" style=\"clear: left; float: left; margin-bottom: 1em; margin-right: 1em;\"><img decoding=\"async\" alt=\"\" border=\"0\" id=\"BLOGGER_PHOTO_ID_5394312971175161426\" src=\"https:\/\/1.bp.blogspot.com\/_2S_RxGRVjis\/StxzESYtblI\/AAAAAAAAL4A\/stsfT5abDH8\/s200\/cuadroverde.jpg\" style=\"float: left; height: 150px; margin: 0px 10px 10px 0px; width: 200px;\" \/><\/a>Bajo el contexto de una gira nacional, que incluye 18 presentaciones en estadios y plazas municipales de diversas comunas del sur del pa\u00eds, Carabineros a trav\u00e9s del Cuadro Verde, el Orfe\u00f3n Nacional y la Escuela de Adiestramiento Canina, se present\u00f3 en la zona. La gira comenz\u00f3 el pasado 13 y precisamente el Viernes 16 fue el turno de la Comuna de Quirihue donde el espect\u00e1culo se dividi\u00f3 en dos jornadas.<\/div>\n<div style=\"text-align: justify;\"><\/div>\n<div style=\"text-align: justify;\">Durante la tarde desde las 16:00 horas entre acrobacias y n\u00fameros con canes y caballares entrenados, la instituci\u00f3n deslumbr\u00f3 a la poblaci\u00f3n de la Tierra de los Vientos que lleg\u00f3 en masa al Estadio Municipal de nuestra Comuna y desde las 20:00 horas los quirihuanos disfrutaron del Orfe\u00f3n Nacional de Carabineros en donde los habitantes de Quirihue se maravillaron con los cl\u00e1sico de hoy y siempre un entretenido repertorio de m\u00fasica popular en donde los asistentes se tomaron el frontis de la Municipalidad como una verdadera pista de baile. Oportunidad en la cual nuestra Primera Autoridad Comunal Don Tom\u00e1s Irribarra de la Torre agradecido de la presencia de esta importante delegaci\u00f3n y la realizaci\u00f3n de este bonito espect\u00e1culo entrego algunas distinciones de reconocimiento y agradecimiento a trav\u00e9s de las cuales la comunidad de Quirihue demostr\u00f3 el cari\u00f1o y afecto hacia Carabineros de Chile y esta loable iniciativa. <\/div>\n<div style=\"text-align: justify;\"><\/div>\n<div style=\"text-align: justify;\">Recibieron los oficiales a cargo de cada secci\u00f3n en la que se encontraba el Cuadro Verde, Escuela de Adiestramiento Canino y el Orfe\u00f3n Nacional de Carabineros, instancia en la cual se le entrego un reconocimiento al oficial a cargo de la delegaci\u00f3n Mayor de Carabineros V\u00edctor Alegr\u00eda S\u00e1ez tambi\u00e9n la Municipalidad de Quirihue y el Diputado Jorge Sabag a nombre de los cientos de quirihuanos que disfrutaron del Concierto del Orfe\u00f3n Nacional de Carabineros hicieron entrega de un reconocimiento al Comisario de de la 5ta Comisaria de nuestra Comuna Mayor de Carabineros don Juan Carlos Garc\u00eda Cand\u00eda y al Capit\u00e1n de Carabineros don Sergio Figueroa Beltr\u00e1n quien fue el Oficial Coordinador y Enlace entre Carabineros de Chile y nuestro Municipio.<\/div>\n<div style=\"text-align: justify;\"><\/div>\n<div style=\"text-align: justify;\">La delegaci\u00f3n a cargo del mayor V\u00edctor Alegr\u00eda S\u00e1ez junto a 3 oficiales y 130 carabineros, emprendieron rumbo hacia Coihueco y Yungay. <\/div>\n<div style=\"text-align: justify;\"><\/div>\n<div style=\"text-align: justify;\">Municipalidad de Quirihue<\/div>\n<div style=\"text-align: justify;\">Departamento de Cultura<\/div>\n<div style=\"text-align: justify;\"><\/div>\n<div style=\"text-align: justify;\"><\/div>\n","protected":false},"excerpt":{"rendered":"<p>Bajo el contexto de una gira nacional, que incluye 18 presentaciones en estadios y plazas municipales de diversas comunas del sur del pa\u00eds, Carabineros a trav\u00e9s del Cuadro Verde, el Orfe\u00f3n Nacional y la Escuela de Adiestramiento Canina, se present\u00f3 en la zona. La gira comenz\u00f3 el pasado 13 y precisamente el Viernes 16 fue [&hellip;]<\/p>\n","protected":false},"author":1,"featured_media":0,"comment_status":"open","ping_status":"open","sticky":false,"template":"","format":"standard","meta":{"footnotes":""},"categories":[44],"tags":[],"class_list":["post-4602","post","type-post","status-publish","format-standard","hentry","category-eventos"],"yoast_head":"<!-- This site is optimized with the Yoast SEO plugin v25.0 - https:\/\/yoast.com\/wordpress\/plugins\/seo\/ -->\n<title>Cuadro Verde Deslumbr\u00f3 En La Tierra De Los Vientos - Nuestro Bio B\u00edo<\/title>\n<meta name=\"robots\" content=\"index, follow, max-snippet:-1, max-image-preview:large, max-video-preview:-1\" \/>\n<link rel=\"canonical\" href=\"https:\/\/www.fraczinet.cl\/sitio\/2009\/10\/19\/cuadro-verde-deslumbro-en-la-tierra-de-los-vientos\/\" \/>\n<meta property=\"og:locale\" content=\"es_ES\" \/>\n<meta property=\"og:type\" content=\"article\" \/>\n<meta property=\"og:title\" content=\"Cuadro Verde Deslumbr\u00f3 En La Tierra De Los Vientos - Nuestro Bio B\u00edo\" \/>\n<meta property=\"og:description\" content=\"Bajo el contexto de una gira nacional, que incluye 18 presentaciones en estadios y plazas municipales de diversas comunas del sur del pa\u00eds, Carabineros a trav\u00e9s del Cuadro Verde, el Orfe\u00f3n Nacional y la Escuela de Adiestramiento Canina, se present\u00f3 en la zona. La gira comenz\u00f3 el pasado 13 y precisamente el Viernes 16 fue [&hellip;]\" \/>\n<meta property=\"og:url\" content=\"https:\/\/www.fraczinet.cl\/sitio\/2009\/10\/19\/cuadro-verde-deslumbro-en-la-tierra-de-los-vientos\/\" \/>\n<meta property=\"og:site_name\" content=\"Nuestro Bio B\u00edo\" \/>\n<meta property=\"article:published_time\" content=\"2009-10-19T14:05:00+00:00\" \/>\n<meta property=\"article:modified_time\" content=\"2022-10-06T23:58:55+00:00\" \/>\n<meta property=\"og:image\" content=\"https:\/\/1.bp.blogspot.com\/_2S_RxGRVjis\/StxzESYtblI\/AAAAAAAAL4A\/stsfT5abDH8\/s200\/cuadroverde.jpg\" \/>\n<meta name=\"author\" content=\"admin\" \/>\n<meta name=\"twitter:card\" content=\"summary_large_image\" \/>\n<meta name=\"twitter:creator\" content=\"@nuestrobiobio\" \/>\n<meta name=\"twitter:site\" content=\"@nuestrobiobio\" \/>\n<meta name=\"twitter:label1\" content=\"Escrito por\" \/>\n\t<meta name=\"twitter:data1\" content=\"admin\" \/>\n\t<meta name=\"twitter:label2\" content=\"Tiempo de lectura\" \/>\n\t<meta name=\"twitter:data2\" content=\"2 minutos\" \/>\n<script type=\"application\/ld+json\" class=\"yoast-schema-graph\">{\"@context\":\"https:\/\/schema.org\",\"@graph\":[{\"@type\":\"Article\",\"@id\":\"https:\/\/www.fraczinet.cl\/sitio\/2009\/10\/19\/cuadro-verde-deslumbro-en-la-tierra-de-los-vientos\/#article\",\"isPartOf\":{\"@id\":\"https:\/\/www.fraczinet.cl\/sitio\/2009\/10\/19\/cuadro-verde-deslumbro-en-la-tierra-de-los-vientos\/\"},\"author\":{\"name\":\"admin\",\"@id\":\"https:\/\/www.fraczinet.cl\/sitio\/#\/schema\/person\/bc30f98e9cb10ae7e119dbe14bc93784\"},\"headline\":\"Cuadro Verde Deslumbr\u00f3 En La Tierra De Los Vientos\",\"datePublished\":\"2009-10-19T14:05:00+00:00\",\"dateModified\":\"2022-10-06T23:58:55+00:00\",\"mainEntityOfPage\":{\"@id\":\"https:\/\/www.fraczinet.cl\/sitio\/2009\/10\/19\/cuadro-verde-deslumbro-en-la-tierra-de-los-vientos\/\"},\"wordCount\":399,\"commentCount\":0,\"publisher\":{\"@id\":\"https:\/\/www.fraczinet.cl\/sitio\/#\/schema\/person\/aec8ee4da68df2b9b0eefdad24a0d582\"},\"image\":{\"@id\":\"https:\/\/www.fraczinet.cl\/sitio\/2009\/10\/19\/cuadro-verde-deslumbro-en-la-tierra-de-los-vientos\/#primaryimage\"},\"thumbnailUrl\":\"https:\/\/1.bp.blogspot.com\/_2S_RxGRVjis\/StxzESYtblI\/AAAAAAAAL4A\/stsfT5abDH8\/s200\/cuadroverde.jpg\",\"articleSection\":[\"Eventos\"],\"inLanguage\":\"es\",\"potentialAction\":[{\"@type\":\"CommentAction\",\"name\":\"Comment\",\"target\":[\"https:\/\/www.fraczinet.cl\/sitio\/2009\/10\/19\/cuadro-verde-deslumbro-en-la-tierra-de-los-vientos\/#respond\"]}]},{\"@type\":\"WebPage\",\"@id\":\"https:\/\/www.fraczinet.cl\/sitio\/2009\/10\/19\/cuadro-verde-deslumbro-en-la-tierra-de-los-vientos\/\",\"url\":\"https:\/\/www.fraczinet.cl\/sitio\/2009\/10\/19\/cuadro-verde-deslumbro-en-la-tierra-de-los-vientos\/\",\"name\":\"Cuadro Verde Deslumbr\u00f3 En La Tierra De Los Vientos - Nuestro Bio B\u00edo\",\"isPartOf\":{\"@id\":\"https:\/\/www.fraczinet.cl\/sitio\/#website\"},\"primaryImageOfPage\":{\"@id\":\"https:\/\/www.fraczinet.cl\/sitio\/2009\/10\/19\/cuadro-verde-deslumbro-en-la-tierra-de-los-vientos\/#primaryimage\"},\"image\":{\"@id\":\"https:\/\/www.fraczinet.cl\/sitio\/2009\/10\/19\/cuadro-verde-deslumbro-en-la-tierra-de-los-vientos\/#primaryimage\"},\"thumbnailUrl\":\"https:\/\/1.bp.blogspot.com\/_2S_RxGRVjis\/StxzESYtblI\/AAAAAAAAL4A\/stsfT5abDH8\/s200\/cuadroverde.jpg\",\"datePublished\":\"2009-10-19T14:05:00+00:00\",\"dateModified\":\"2022-10-06T23:58:55+00:00\",\"breadcrumb\":{\"@id\":\"https:\/\/www.fraczinet.cl\/sitio\/2009\/10\/19\/cuadro-verde-deslumbro-en-la-tierra-de-los-vientos\/#breadcrumb\"},\"inLanguage\":\"es\",\"potentialAction\":[{\"@type\":\"ReadAction\",\"target\":[\"https:\/\/www.fraczinet.cl\/sitio\/2009\/10\/19\/cuadro-verde-deslumbro-en-la-tierra-de-los-vientos\/\"]}]},{\"@type\":\"ImageObject\",\"inLanguage\":\"es\",\"@id\":\"https:\/\/www.fraczinet.cl\/sitio\/2009\/10\/19\/cuadro-verde-deslumbro-en-la-tierra-de-los-vientos\/#primaryimage\",\"url\":\"https:\/\/1.bp.blogspot.com\/_2S_RxGRVjis\/StxzESYtblI\/AAAAAAAAL4A\/stsfT5abDH8\/s200\/cuadroverde.jpg\",\"contentUrl\":\"https:\/\/1.bp.blogspot.com\/_2S_RxGRVjis\/StxzESYtblI\/AAAAAAAAL4A\/stsfT5abDH8\/s200\/cuadroverde.jpg\"},{\"@type\":\"BreadcrumbList\",\"@id\":\"https:\/\/www.fraczinet.cl\/sitio\/2009\/10\/19\/cuadro-verde-deslumbro-en-la-tierra-de-los-vientos\/#breadcrumb\",\"itemListElement\":[{\"@type\":\"ListItem\",\"position\":1,\"name\":\"Portada\",\"item\":\"https:\/\/www.fraczinet.cl\/sitio\/\"},{\"@type\":\"ListItem\",\"position\":2,\"name\":\"Cuadro Verde Deslumbr\u00f3 En La Tierra De Los Vientos\"}]},{\"@type\":\"WebSite\",\"@id\":\"https:\/\/www.fraczinet.cl\/sitio\/#website\",\"url\":\"https:\/\/www.fraczinet.cl\/sitio\/\",\"name\":\"Nuestro Bio B\u00edo\",\"description\":\"Tierra de Encuentros\",\"publisher\":{\"@id\":\"https:\/\/www.fraczinet.cl\/sitio\/#\/schema\/person\/aec8ee4da68df2b9b0eefdad24a0d582\"},\"potentialAction\":[{\"@type\":\"SearchAction\",\"target\":{\"@type\":\"EntryPoint\",\"urlTemplate\":\"https:\/\/www.fraczinet.cl\/sitio\/?s={search_term_string}\"},\"query-input\":{\"@type\":\"PropertyValueSpecification\",\"valueRequired\":true,\"valueName\":\"search_term_string\"}}],\"inLanguage\":\"es\"},{\"@type\":[\"Person\",\"Organization\"],\"@id\":\"https:\/\/www.fraczinet.cl\/sitio\/#\/schema\/person\/aec8ee4da68df2b9b0eefdad24a0d582\",\"name\":\"Luis Fernando Fraczinet\",\"image\":{\"@type\":\"ImageObject\",\"inLanguage\":\"es\",\"@id\":\"https:\/\/www.fraczinet.cl\/sitio\/#\/schema\/person\/image\/\",\"url\":\"https:\/\/www.fraczinet.cl\/sitio\/wp-content\/uploads\/2021\/07\/bannerlogo-1.gif\",\"contentUrl\":\"https:\/\/www.fraczinet.cl\/sitio\/wp-content\/uploads\/2021\/07\/bannerlogo-1.gif\",\"width\":159,\"height\":79,\"caption\":\"Luis Fernando Fraczinet\"},\"logo\":{\"@id\":\"https:\/\/www.fraczinet.cl\/sitio\/#\/schema\/person\/image\/\"},\"sameAs\":[\"https:\/\/www.fraczinet.cl\/sitio\/\"]},{\"@type\":\"Person\",\"@id\":\"https:\/\/www.fraczinet.cl\/sitio\/#\/schema\/person\/bc30f98e9cb10ae7e119dbe14bc93784\",\"name\":\"admin\",\"image\":{\"@type\":\"ImageObject\",\"inLanguage\":\"es\",\"@id\":\"https:\/\/www.fraczinet.cl\/sitio\/#\/schema\/person\/image\/\",\"url\":\"https:\/\/secure.gravatar.com\/avatar\/d5ad3cf7ef3b23a2bb5be73be780c86b2fc8545c3ad6b149f3913ff458c00099?s=96&d=mm&r=g\",\"contentUrl\":\"https:\/\/secure.gravatar.com\/avatar\/d5ad3cf7ef3b23a2bb5be73be780c86b2fc8545c3ad6b149f3913ff458c00099?s=96&d=mm&r=g\",\"caption\":\"admin\"},\"sameAs\":[\"https:\/\/www.fraczinet.cl\/sitio\"]}]}<\/script>\n<!-- \/ Yoast SEO plugin. -->","yoast_head_json":{"title":"Cuadro Verde Deslumbr\u00f3 En La Tierra De Los Vientos - Nuestro Bio B\u00edo","robots":{"index":"index","follow":"follow","max-snippet":"max-snippet:-1","max-image-preview":"max-image-preview:large","max-video-preview":"max-video-preview:-1"},"canonical":"https:\/\/www.fraczinet.cl\/sitio\/2009\/10\/19\/cuadro-verde-deslumbro-en-la-tierra-de-los-vientos\/","og_locale":"es_ES","og_type":"article","og_title":"Cuadro Verde Deslumbr\u00f3 En La Tierra De Los Vientos - Nuestro Bio B\u00edo","og_description":"Bajo el contexto de una gira nacional, que incluye 18 presentaciones en estadios y plazas municipales de diversas comunas del sur del pa\u00eds, Carabineros a trav\u00e9s del Cuadro Verde, el Orfe\u00f3n Nacional y la Escuela de Adiestramiento Canina, se present\u00f3 en la zona. La gira comenz\u00f3 el pasado 13 y precisamente el Viernes 16 fue [&hellip;]","og_url":"https:\/\/www.fraczinet.cl\/sitio\/2009\/10\/19\/cuadro-verde-deslumbro-en-la-tierra-de-los-vientos\/","og_site_name":"Nuestro Bio B\u00edo","article_published_time":"2009-10-19T14:05:00+00:00","article_modified_time":"2022-10-06T23:58:55+00:00","og_image":[{"url":"https:\/\/1.bp.blogspot.com\/_2S_RxGRVjis\/StxzESYtblI\/AAAAAAAAL4A\/stsfT5abDH8\/s200\/cuadroverde.jpg","type":"","width":"","height":""}],"author":"admin","twitter_card":"summary_large_image","twitter_creator":"@nuestrobiobio","twitter_site":"@nuestrobiobio","twitter_misc":{"Escrito por":"admin","Tiempo de lectura":"2 minutos"},"schema":{"@context":"https:\/\/schema.org","@graph":[{"@type":"Article","@id":"https:\/\/www.fraczinet.cl\/sitio\/2009\/10\/19\/cuadro-verde-deslumbro-en-la-tierra-de-los-vientos\/#article","isPartOf":{"@id":"https:\/\/www.fraczinet.cl\/sitio\/2009\/10\/19\/cuadro-verde-deslumbro-en-la-tierra-de-los-vientos\/"},"author":{"name":"admin","@id":"https:\/\/www.fraczinet.cl\/sitio\/#\/schema\/person\/bc30f98e9cb10ae7e119dbe14bc93784"},"headline":"Cuadro Verde Deslumbr\u00f3 En La Tierra De Los Vientos","datePublished":"2009-10-19T14:05:00+00:00","dateModified":"2022-10-06T23:58:55+00:00","mainEntityOfPage":{"@id":"https:\/\/www.fraczinet.cl\/sitio\/2009\/10\/19\/cuadro-verde-deslumbro-en-la-tierra-de-los-vientos\/"},"wordCount":399,"commentCount":0,"publisher":{"@id":"https:\/\/www.fraczinet.cl\/sitio\/#\/schema\/person\/aec8ee4da68df2b9b0eefdad24a0d582"},"image":{"@id":"https:\/\/www.fraczinet.cl\/sitio\/2009\/10\/19\/cuadro-verde-deslumbro-en-la-tierra-de-los-vientos\/#primaryimage"},"thumbnailUrl":"https:\/\/1.bp.blogspot.com\/_2S_RxGRVjis\/StxzESYtblI\/AAAAAAAAL4A\/stsfT5abDH8\/s200\/cuadroverde.jpg","articleSection":["Eventos"],"inLanguage":"es","potentialAction":[{"@type":"CommentAction","name":"Comment","target":["https:\/\/www.fraczinet.cl\/sitio\/2009\/10\/19\/cuadro-verde-deslumbro-en-la-tierra-de-los-vientos\/#respond"]}]},{"@type":"WebPage","@id":"https:\/\/www.fraczinet.cl\/sitio\/2009\/10\/19\/cuadro-verde-deslumbro-en-la-tierra-de-los-vientos\/","url":"https:\/\/www.fraczinet.cl\/sitio\/2009\/10\/19\/cuadro-verde-deslumbro-en-la-tierra-de-los-vientos\/","name":"Cuadro Verde Deslumbr\u00f3 En La Tierra De Los Vientos - Nuestro Bio B\u00edo","isPartOf":{"@id":"https:\/\/www.fraczinet.cl\/sitio\/#website"},"primaryImageOfPage":{"@id":"https:\/\/www.fraczinet.cl\/sitio\/2009\/10\/19\/cuadro-verde-deslumbro-en-la-tierra-de-los-vientos\/#primaryimage"},"image":{"@id":"https:\/\/www.fraczinet.cl\/sitio\/2009\/10\/19\/cuadro-verde-deslumbro-en-la-tierra-de-los-vientos\/#primaryimage"},"thumbnailUrl":"https:\/\/1.bp.blogspot.com\/_2S_RxGRVjis\/StxzESYtblI\/AAAAAAAAL4A\/stsfT5abDH8\/s200\/cuadroverde.jpg","datePublished":"2009-10-19T14:05:00+00:00","dateModified":"2022-10-06T23:58:55+00:00","breadcrumb":{"@id":"https:\/\/www.fraczinet.cl\/sitio\/2009\/10\/19\/cuadro-verde-deslumbro-en-la-tierra-de-los-vientos\/#breadcrumb"},"inLanguage":"es","potentialAction":[{"@type":"ReadAction","target":["https:\/\/www.fraczinet.cl\/sitio\/2009\/10\/19\/cuadro-verde-deslumbro-en-la-tierra-de-los-vientos\/"]}]},{"@type":"ImageObject","inLanguage":"es","@id":"https:\/\/www.fraczinet.cl\/sitio\/2009\/10\/19\/cuadro-verde-deslumbro-en-la-tierra-de-los-vientos\/#primaryimage","url":"https:\/\/1.bp.blogspot.com\/_2S_RxGRVjis\/StxzESYtblI\/AAAAAAAAL4A\/stsfT5abDH8\/s200\/cuadroverde.jpg","contentUrl":"https:\/\/1.bp.blogspot.com\/_2S_RxGRVjis\/StxzESYtblI\/AAAAAAAAL4A\/stsfT5abDH8\/s200\/cuadroverde.jpg"},{"@type":"BreadcrumbList","@id":"https:\/\/www.fraczinet.cl\/sitio\/2009\/10\/19\/cuadro-verde-deslumbro-en-la-tierra-de-los-vientos\/#breadcrumb","itemListElement":[{"@type":"ListItem","position":1,"name":"Portada","item":"https:\/\/www.fraczinet.cl\/sitio\/"},{"@type":"ListItem","position":2,"name":"Cuadro Verde Deslumbr\u00f3 En La Tierra De Los Vientos"}]},{"@type":"WebSite","@id":"https:\/\/www.fraczinet.cl\/sitio\/#website","url":"https:\/\/www.fraczinet.cl\/sitio\/","name":"Nuestro Bio B\u00edo","description":"Tierra de Encuentros","publisher":{"@id":"https:\/\/www.fraczinet.cl\/sitio\/#\/schema\/person\/aec8ee4da68df2b9b0eefdad24a0d582"},"potentialAction":[{"@type":"SearchAction","target":{"@type":"EntryPoint","urlTemplate":"https:\/\/www.fraczinet.cl\/sitio\/?s={search_term_string}"},"query-input":{"@type":"PropertyValueSpecification","valueRequired":true,"valueName":"search_term_string"}}],"inLanguage":"es"},{"@type":["Person","Organization"],"@id":"https:\/\/www.fraczinet.cl\/sitio\/#\/schema\/person\/aec8ee4da68df2b9b0eefdad24a0d582","name":"Luis Fernando Fraczinet","image":{"@type":"ImageObject","inLanguage":"es","@id":"https:\/\/www.fraczinet.cl\/sitio\/#\/schema\/person\/image\/","url":"https:\/\/www.fraczinet.cl\/sitio\/wp-content\/uploads\/2021\/07\/bannerlogo-1.gif","contentUrl":"https:\/\/www.fraczinet.cl\/sitio\/wp-content\/uploads\/2021\/07\/bannerlogo-1.gif","width":159,"height":79,"caption":"Luis Fernando Fraczinet"},"logo":{"@id":"https:\/\/www.fraczinet.cl\/sitio\/#\/schema\/person\/image\/"},"sameAs":["https:\/\/www.fraczinet.cl\/sitio\/"]},{"@type":"Person","@id":"https:\/\/www.fraczinet.cl\/sitio\/#\/schema\/person\/bc30f98e9cb10ae7e119dbe14bc93784","name":"admin","image":{"@type":"ImageObject","inLanguage":"es","@id":"https:\/\/www.fraczinet.cl\/sitio\/#\/schema\/person\/image\/","url":"https:\/\/secure.gravatar.com\/avatar\/d5ad3cf7ef3b23a2bb5be73be780c86b2fc8545c3ad6b149f3913ff458c00099?s=96&d=mm&r=g","contentUrl":"https:\/\/secure.gravatar.com\/avatar\/d5ad3cf7ef3b23a2bb5be73be780c86b2fc8545c3ad6b149f3913ff458c00099?s=96&d=mm&r=g","caption":"admin"},"sameAs":["https:\/\/www.fraczinet.cl\/sitio"]}]}},"_links":{"self":[{"href":"https:\/\/www.fraczinet.cl\/sitio\/wp-json\/wp\/v2\/posts\/4602","targetHints":{"allow":["GET"]}}],"collection":[{"href":"https:\/\/www.fraczinet.cl\/sitio\/wp-json\/wp\/v2\/posts"}],"about":[{"href":"https:\/\/www.fraczinet.cl\/sitio\/wp-json\/wp\/v2\/types\/post"}],"author":[{"embeddable":true,"href":"https:\/\/www.fraczinet.cl\/sitio\/wp-json\/wp\/v2\/users\/1"}],"replies":[{"embeddable":true,"href":"https:\/\/www.fraczinet.cl\/sitio\/wp-json\/wp\/v2\/comments?post=4602"}],"version-history":[{"count":1,"href":"https:\/\/www.fraczinet.cl\/sitio\/wp-json\/wp\/v2\/posts\/4602\/revisions"}],"predecessor-version":[{"id":14383,"href":"https:\/\/www.fraczinet.cl\/sitio\/wp-json\/wp\/v2\/posts\/4602\/revisions\/14383"}],"wp:attachment":[{"href":"https:\/\/www.fraczinet.cl\/sitio\/wp-json\/wp\/v2\/media?parent=4602"}],"wp:term":[{"taxonomy":"category","embeddable":true,"href":"https:\/\/www.fraczinet.cl\/sitio\/wp-json\/wp\/v2\/categories?post=4602"},{"taxonomy":"post_tag","embeddable":true,"href":"https:\/\/www.fraczinet.cl\/sitio\/wp-json\/wp\/v2\/tags?post=4602"}],"curies":[{"name":"wp","href":"https:\/\/api.w.org\/{rel}","templated":true}]}}