{"id":4617,"date":"2009-10-14T16:38:00","date_gmt":"2009-10-14T16:38:00","guid":{"rendered":"https:\/\/www.fraczinet.cl\/sitio\/2009\/10\/14\/lationamerica-celebra-el-primer-encuentro-nacional-de-gestores-culturales\/"},"modified":"2009-10-14T16:38:00","modified_gmt":"2009-10-14T16:38:00","slug":"lationamerica-celebra-el-primer-encuentro-nacional-de-gestores-culturales","status":"publish","type":"post","link":"https:\/\/www.fraczinet.cl\/sitio\/2009\/10\/14\/lationamerica-celebra-el-primer-encuentro-nacional-de-gestores-culturales\/","title":{"rendered":"Lationam\u00e9rica Celebra El Primer Encuentro Nacional de Gestores Culturales"},"content":{"rendered":"<p>Con la presencia de Gestores y Animadores Culturales provenientes desde M\u00e9xico, Guatemala, Bolivia, Per\u00fa, Argentina, Espa\u00f1a, Colombia y Uruguay m\u00e1s la presencia de chilenos provenientes de todas las regiones de nuestro pa\u00eds se desarroll\u00f3 con una alegr\u00eda contagiosa el Primer Encuentro Nacional de Gestores y Animadores Culturales en la Universidad de Los Lagos (Republica 517, Santiago), un espacio que ir\u00f3nicamente merec\u00eda ser recuperado por la cultura. En este video se presentan algunos saludos de bellas personas que compartieron experiencias, ideas y nos dejaron con encomiables tareas.  <object height=\"344\" width=\"425\"><param name=\"movie\" value=\"http:\/\/www.youtube.com\/v\/pBShlo-inXs&amp;hl=es&amp;fs=1&amp;\" \/><param name=\"allowFullScreen\" value=\"true\" \/><param name=\"allowscriptaccess\" value=\"always\" \/><embed allowfullscreen=\"true\" allowscriptaccess=\"always\" height=\"344\" src=\"http:\/\/www.youtube.com\/v\/pBShlo-inXs&amp;hl=es&amp;fs=1&amp;\" type=\"application\/x-shockwave-flash\" width=\"425\"><\/embed><\/object>&nbsp;<\/p>\n","protected":false},"excerpt":{"rendered":"<p>Con la presencia de Gestores y Animadores Culturales provenientes desde M\u00e9xico, Guatemala, Bolivia, Per\u00fa, Argentina, Espa\u00f1a, Colombia y Uruguay m\u00e1s la presencia de chilenos provenientes de todas las regiones de nuestro pa\u00eds se desarroll\u00f3 con una alegr\u00eda contagiosa el Primer Encuentro Nacional de Gestores y Animadores Culturales en la Universidad de Los Lagos (Republica 517, [&hellip;]<\/p>\n","protected":false},"author":1,"featured_media":0,"comment_status":"open","ping_status":"open","sticky":false,"template":"","format":"standard","meta":{"footnotes":""},"categories":[207],"tags":[],"class_list":["post-4617","post","type-post","status-publish","format-standard","hentry","category-gestion-cultural"],"yoast_head":"<!-- This site is optimized with the Yoast SEO plugin v25.0 - https:\/\/yoast.com\/wordpress\/plugins\/seo\/ -->\n<title>Lationam\u00e9rica Celebra El Primer Encuentro Nacional de Gestores Culturales - Nuestro Bio B\u00edo<\/title>\n<meta name=\"robots\" content=\"index, follow, max-snippet:-1, max-image-preview:large, max-video-preview:-1\" \/>\n<link rel=\"canonical\" href=\"https:\/\/www.fraczinet.cl\/sitio\/2009\/10\/14\/lationamerica-celebra-el-primer-encuentro-nacional-de-gestores-culturales\/\" \/>\n<meta property=\"og:locale\" content=\"es_ES\" \/>\n<meta property=\"og:type\" content=\"article\" \/>\n<meta property=\"og:title\" content=\"Lationam\u00e9rica Celebra El Primer Encuentro Nacional de Gestores Culturales - Nuestro Bio B\u00edo\" \/>\n<meta property=\"og:description\" content=\"Con la presencia de Gestores y Animadores Culturales provenientes desde M\u00e9xico, Guatemala, Bolivia, Per\u00fa, Argentina, Espa\u00f1a, Colombia y Uruguay m\u00e1s la presencia de chilenos provenientes de todas las regiones de nuestro pa\u00eds se desarroll\u00f3 con una alegr\u00eda contagiosa el Primer Encuentro Nacional de Gestores y Animadores Culturales en la Universidad de Los Lagos (Republica 517, [&hellip;]\" \/>\n<meta property=\"og:url\" content=\"https:\/\/www.fraczinet.cl\/sitio\/2009\/10\/14\/lationamerica-celebra-el-primer-encuentro-nacional-de-gestores-culturales\/\" \/>\n<meta property=\"og:site_name\" content=\"Nuestro Bio B\u00edo\" \/>\n<meta property=\"article:published_time\" content=\"2009-10-14T16:38:00+00:00\" \/>\n<meta property=\"og:image\" content=\"https:\/\/www.fraczinet.cl\/sitio\/wp-content\/uploads\/2021\/07\/bannerlogo-1.gif\" \/>\n\t<meta property=\"og:image:width\" content=\"159\" \/>\n\t<meta property=\"og:image:height\" content=\"79\" \/>\n\t<meta property=\"og:image:type\" content=\"image\/gif\" \/>\n<meta name=\"author\" content=\"admin\" \/>\n<meta name=\"twitter:card\" content=\"summary_large_image\" \/>\n<meta name=\"twitter:creator\" content=\"@nuestrobiobio\" \/>\n<meta name=\"twitter:site\" content=\"@nuestrobiobio\" \/>\n<meta name=\"twitter:label1\" content=\"Escrito por\" \/>\n\t<meta name=\"twitter:data1\" content=\"admin\" \/>\n<script type=\"application\/ld+json\" class=\"yoast-schema-graph\">{\"@context\":\"https:\/\/schema.org\",\"@graph\":[{\"@type\":\"Article\",\"@id\":\"https:\/\/www.fraczinet.cl\/sitio\/2009\/10\/14\/lationamerica-celebra-el-primer-encuentro-nacional-de-gestores-culturales\/#article\",\"isPartOf\":{\"@id\":\"https:\/\/www.fraczinet.cl\/sitio\/2009\/10\/14\/lationamerica-celebra-el-primer-encuentro-nacional-de-gestores-culturales\/\"},\"author\":{\"name\":\"admin\",\"@id\":\"https:\/\/www.fraczinet.cl\/sitio\/#\/schema\/person\/bc30f98e9cb10ae7e119dbe14bc93784\"},\"headline\":\"Lationam\u00e9rica Celebra El Primer Encuentro Nacional de Gestores Culturales\",\"datePublished\":\"2009-10-14T16:38:00+00:00\",\"mainEntityOfPage\":{\"@id\":\"https:\/\/www.fraczinet.cl\/sitio\/2009\/10\/14\/lationamerica-celebra-el-primer-encuentro-nacional-de-gestores-culturales\/\"},\"wordCount\":103,\"commentCount\":0,\"publisher\":{\"@id\":\"https:\/\/www.fraczinet.cl\/sitio\/#\/schema\/person\/aec8ee4da68df2b9b0eefdad24a0d582\"},\"articleSection\":[\"Gesti\u00f3n Cultural\"],\"inLanguage\":\"es\",\"potentialAction\":[{\"@type\":\"CommentAction\",\"name\":\"Comment\",\"target\":[\"https:\/\/www.fraczinet.cl\/sitio\/2009\/10\/14\/lationamerica-celebra-el-primer-encuentro-nacional-de-gestores-culturales\/#respond\"]}]},{\"@type\":\"WebPage\",\"@id\":\"https:\/\/www.fraczinet.cl\/sitio\/2009\/10\/14\/lationamerica-celebra-el-primer-encuentro-nacional-de-gestores-culturales\/\",\"url\":\"https:\/\/www.fraczinet.cl\/sitio\/2009\/10\/14\/lationamerica-celebra-el-primer-encuentro-nacional-de-gestores-culturales\/\",\"name\":\"Lationam\u00e9rica Celebra El Primer Encuentro Nacional de Gestores Culturales - Nuestro Bio B\u00edo\",\"isPartOf\":{\"@id\":\"https:\/\/www.fraczinet.cl\/sitio\/#website\"},\"datePublished\":\"2009-10-14T16:38:00+00:00\",\"breadcrumb\":{\"@id\":\"https:\/\/www.fraczinet.cl\/sitio\/2009\/10\/14\/lationamerica-celebra-el-primer-encuentro-nacional-de-gestores-culturales\/#breadcrumb\"},\"inLanguage\":\"es\",\"potentialAction\":[{\"@type\":\"ReadAction\",\"target\":[\"https:\/\/www.fraczinet.cl\/sitio\/2009\/10\/14\/lationamerica-celebra-el-primer-encuentro-nacional-de-gestores-culturales\/\"]}]},{\"@type\":\"BreadcrumbList\",\"@id\":\"https:\/\/www.fraczinet.cl\/sitio\/2009\/10\/14\/lationamerica-celebra-el-primer-encuentro-nacional-de-gestores-culturales\/#breadcrumb\",\"itemListElement\":[{\"@type\":\"ListItem\",\"position\":1,\"name\":\"Portada\",\"item\":\"https:\/\/www.fraczinet.cl\/sitio\/\"},{\"@type\":\"ListItem\",\"position\":2,\"name\":\"Lationam\u00e9rica Celebra El Primer Encuentro Nacional de Gestores Culturales\"}]},{\"@type\":\"WebSite\",\"@id\":\"https:\/\/www.fraczinet.cl\/sitio\/#website\",\"url\":\"https:\/\/www.fraczinet.cl\/sitio\/\",\"name\":\"Nuestro Bio B\u00edo\",\"description\":\"Tierra de Encuentros\",\"publisher\":{\"@id\":\"https:\/\/www.fraczinet.cl\/sitio\/#\/schema\/person\/aec8ee4da68df2b9b0eefdad24a0d582\"},\"potentialAction\":[{\"@type\":\"SearchAction\",\"target\":{\"@type\":\"EntryPoint\",\"urlTemplate\":\"https:\/\/www.fraczinet.cl\/sitio\/?s={search_term_string}\"},\"query-input\":{\"@type\":\"PropertyValueSpecification\",\"valueRequired\":true,\"valueName\":\"search_term_string\"}}],\"inLanguage\":\"es\"},{\"@type\":[\"Person\",\"Organization\"],\"@id\":\"https:\/\/www.fraczinet.cl\/sitio\/#\/schema\/person\/aec8ee4da68df2b9b0eefdad24a0d582\",\"name\":\"Luis Fernando Fraczinet\",\"image\":{\"@type\":\"ImageObject\",\"inLanguage\":\"es\",\"@id\":\"https:\/\/www.fraczinet.cl\/sitio\/#\/schema\/person\/image\/\",\"url\":\"https:\/\/www.fraczinet.cl\/sitio\/wp-content\/uploads\/2021\/07\/bannerlogo-1.gif\",\"contentUrl\":\"https:\/\/www.fraczinet.cl\/sitio\/wp-content\/uploads\/2021\/07\/bannerlogo-1.gif\",\"width\":159,\"height\":79,\"caption\":\"Luis Fernando Fraczinet\"},\"logo\":{\"@id\":\"https:\/\/www.fraczinet.cl\/sitio\/#\/schema\/person\/image\/\"},\"sameAs\":[\"https:\/\/www.fraczinet.cl\/sitio\/\"]},{\"@type\":\"Person\",\"@id\":\"https:\/\/www.fraczinet.cl\/sitio\/#\/schema\/person\/bc30f98e9cb10ae7e119dbe14bc93784\",\"name\":\"admin\",\"image\":{\"@type\":\"ImageObject\",\"inLanguage\":\"es\",\"@id\":\"https:\/\/www.fraczinet.cl\/sitio\/#\/schema\/person\/image\/\",\"url\":\"https:\/\/secure.gravatar.com\/avatar\/d5ad3cf7ef3b23a2bb5be73be780c86b2fc8545c3ad6b149f3913ff458c00099?s=96&d=mm&r=g\",\"contentUrl\":\"https:\/\/secure.gravatar.com\/avatar\/d5ad3cf7ef3b23a2bb5be73be780c86b2fc8545c3ad6b149f3913ff458c00099?s=96&d=mm&r=g\",\"caption\":\"admin\"},\"sameAs\":[\"https:\/\/www.fraczinet.cl\/sitio\"]}]}<\/script>\n<!-- \/ Yoast SEO plugin. -->","yoast_head_json":{"title":"Lationam\u00e9rica Celebra El Primer Encuentro Nacional de Gestores Culturales - Nuestro Bio B\u00edo","robots":{"index":"index","follow":"follow","max-snippet":"max-snippet:-1","max-image-preview":"max-image-preview:large","max-video-preview":"max-video-preview:-1"},"canonical":"https:\/\/www.fraczinet.cl\/sitio\/2009\/10\/14\/lationamerica-celebra-el-primer-encuentro-nacional-de-gestores-culturales\/","og_locale":"es_ES","og_type":"article","og_title":"Lationam\u00e9rica Celebra El Primer Encuentro Nacional de Gestores Culturales - Nuestro Bio B\u00edo","og_description":"Con la presencia de Gestores y Animadores Culturales provenientes desde M\u00e9xico, Guatemala, Bolivia, Per\u00fa, Argentina, Espa\u00f1a, Colombia y Uruguay m\u00e1s la presencia de chilenos provenientes de todas las regiones de nuestro pa\u00eds se desarroll\u00f3 con una alegr\u00eda contagiosa el Primer Encuentro Nacional de Gestores y Animadores Culturales en la Universidad de Los Lagos (Republica 517, [&hellip;]","og_url":"https:\/\/www.fraczinet.cl\/sitio\/2009\/10\/14\/lationamerica-celebra-el-primer-encuentro-nacional-de-gestores-culturales\/","og_site_name":"Nuestro Bio B\u00edo","article_published_time":"2009-10-14T16:38:00+00:00","og_image":[{"width":159,"height":79,"url":"https:\/\/www.fraczinet.cl\/sitio\/wp-content\/uploads\/2021\/07\/bannerlogo-1.gif","type":"image\/gif"}],"author":"admin","twitter_card":"summary_large_image","twitter_creator":"@nuestrobiobio","twitter_site":"@nuestrobiobio","twitter_misc":{"Escrito por":"admin"},"schema":{"@context":"https:\/\/schema.org","@graph":[{"@type":"Article","@id":"https:\/\/www.fraczinet.cl\/sitio\/2009\/10\/14\/lationamerica-celebra-el-primer-encuentro-nacional-de-gestores-culturales\/#article","isPartOf":{"@id":"https:\/\/www.fraczinet.cl\/sitio\/2009\/10\/14\/lationamerica-celebra-el-primer-encuentro-nacional-de-gestores-culturales\/"},"author":{"name":"admin","@id":"https:\/\/www.fraczinet.cl\/sitio\/#\/schema\/person\/bc30f98e9cb10ae7e119dbe14bc93784"},"headline":"Lationam\u00e9rica Celebra El Primer Encuentro Nacional de Gestores Culturales","datePublished":"2009-10-14T16:38:00+00:00","mainEntityOfPage":{"@id":"https:\/\/www.fraczinet.cl\/sitio\/2009\/10\/14\/lationamerica-celebra-el-primer-encuentro-nacional-de-gestores-culturales\/"},"wordCount":103,"commentCount":0,"publisher":{"@id":"https:\/\/www.fraczinet.cl\/sitio\/#\/schema\/person\/aec8ee4da68df2b9b0eefdad24a0d582"},"articleSection":["Gesti\u00f3n Cultural"],"inLanguage":"es","potentialAction":[{"@type":"CommentAction","name":"Comment","target":["https:\/\/www.fraczinet.cl\/sitio\/2009\/10\/14\/lationamerica-celebra-el-primer-encuentro-nacional-de-gestores-culturales\/#respond"]}]},{"@type":"WebPage","@id":"https:\/\/www.fraczinet.cl\/sitio\/2009\/10\/14\/lationamerica-celebra-el-primer-encuentro-nacional-de-gestores-culturales\/","url":"https:\/\/www.fraczinet.cl\/sitio\/2009\/10\/14\/lationamerica-celebra-el-primer-encuentro-nacional-de-gestores-culturales\/","name":"Lationam\u00e9rica Celebra El Primer Encuentro Nacional de Gestores Culturales - Nuestro Bio B\u00edo","isPartOf":{"@id":"https:\/\/www.fraczinet.cl\/sitio\/#website"},"datePublished":"2009-10-14T16:38:00+00:00","breadcrumb":{"@id":"https:\/\/www.fraczinet.cl\/sitio\/2009\/10\/14\/lationamerica-celebra-el-primer-encuentro-nacional-de-gestores-culturales\/#breadcrumb"},"inLanguage":"es","potentialAction":[{"@type":"ReadAction","target":["https:\/\/www.fraczinet.cl\/sitio\/2009\/10\/14\/lationamerica-celebra-el-primer-encuentro-nacional-de-gestores-culturales\/"]}]},{"@type":"BreadcrumbList","@id":"https:\/\/www.fraczinet.cl\/sitio\/2009\/10\/14\/lationamerica-celebra-el-primer-encuentro-nacional-de-gestores-culturales\/#breadcrumb","itemListElement":[{"@type":"ListItem","position":1,"name":"Portada","item":"https:\/\/www.fraczinet.cl\/sitio\/"},{"@type":"ListItem","position":2,"name":"Lationam\u00e9rica Celebra El Primer Encuentro Nacional de Gestores Culturales"}]},{"@type":"WebSite","@id":"https:\/\/www.fraczinet.cl\/sitio\/#website","url":"https:\/\/www.fraczinet.cl\/sitio\/","name":"Nuestro Bio B\u00edo","description":"Tierra de Encuentros","publisher":{"@id":"https:\/\/www.fraczinet.cl\/sitio\/#\/schema\/person\/aec8ee4da68df2b9b0eefdad24a0d582"},"potentialAction":[{"@type":"SearchAction","target":{"@type":"EntryPoint","urlTemplate":"https:\/\/www.fraczinet.cl\/sitio\/?s={search_term_string}"},"query-input":{"@type":"PropertyValueSpecification","valueRequired":true,"valueName":"search_term_string"}}],"inLanguage":"es"},{"@type":["Person","Organization"],"@id":"https:\/\/www.fraczinet.cl\/sitio\/#\/schema\/person\/aec8ee4da68df2b9b0eefdad24a0d582","name":"Luis Fernando Fraczinet","image":{"@type":"ImageObject","inLanguage":"es","@id":"https:\/\/www.fraczinet.cl\/sitio\/#\/schema\/person\/image\/","url":"https:\/\/www.fraczinet.cl\/sitio\/wp-content\/uploads\/2021\/07\/bannerlogo-1.gif","contentUrl":"https:\/\/www.fraczinet.cl\/sitio\/wp-content\/uploads\/2021\/07\/bannerlogo-1.gif","width":159,"height":79,"caption":"Luis Fernando Fraczinet"},"logo":{"@id":"https:\/\/www.fraczinet.cl\/sitio\/#\/schema\/person\/image\/"},"sameAs":["https:\/\/www.fraczinet.cl\/sitio\/"]},{"@type":"Person","@id":"https:\/\/www.fraczinet.cl\/sitio\/#\/schema\/person\/bc30f98e9cb10ae7e119dbe14bc93784","name":"admin","image":{"@type":"ImageObject","inLanguage":"es","@id":"https:\/\/www.fraczinet.cl\/sitio\/#\/schema\/person\/image\/","url":"https:\/\/secure.gravatar.com\/avatar\/d5ad3cf7ef3b23a2bb5be73be780c86b2fc8545c3ad6b149f3913ff458c00099?s=96&d=mm&r=g","contentUrl":"https:\/\/secure.gravatar.com\/avatar\/d5ad3cf7ef3b23a2bb5be73be780c86b2fc8545c3ad6b149f3913ff458c00099?s=96&d=mm&r=g","caption":"admin"},"sameAs":["https:\/\/www.fraczinet.cl\/sitio"]}]}},"_links":{"self":[{"href":"https:\/\/www.fraczinet.cl\/sitio\/wp-json\/wp\/v2\/posts\/4617","targetHints":{"allow":["GET"]}}],"collection":[{"href":"https:\/\/www.fraczinet.cl\/sitio\/wp-json\/wp\/v2\/posts"}],"about":[{"href":"https:\/\/www.fraczinet.cl\/sitio\/wp-json\/wp\/v2\/types\/post"}],"author":[{"embeddable":true,"href":"https:\/\/www.fraczinet.cl\/sitio\/wp-json\/wp\/v2\/users\/1"}],"replies":[{"embeddable":true,"href":"https:\/\/www.fraczinet.cl\/sitio\/wp-json\/wp\/v2\/comments?post=4617"}],"version-history":[{"count":0,"href":"https:\/\/www.fraczinet.cl\/sitio\/wp-json\/wp\/v2\/posts\/4617\/revisions"}],"wp:attachment":[{"href":"https:\/\/www.fraczinet.cl\/sitio\/wp-json\/wp\/v2\/media?parent=4617"}],"wp:term":[{"taxonomy":"category","embeddable":true,"href":"https:\/\/www.fraczinet.cl\/sitio\/wp-json\/wp\/v2\/categories?post=4617"},{"taxonomy":"post_tag","embeddable":true,"href":"https:\/\/www.fraczinet.cl\/sitio\/wp-json\/wp\/v2\/tags?post=4617"}],"curies":[{"name":"wp","href":"https:\/\/api.w.org\/{rel}","templated":true}]}}