{"id":4624,"date":"2009-10-13T23:01:00","date_gmt":"2009-10-13T23:01:00","guid":{"rendered":"https:\/\/www.fraczinet.cl\/sitio\/2009\/10\/13\/federacion-de-estudiantes-de-la-udec-presenta-sol-y-lluvia-en-vivo-30-anos\/"},"modified":"2009-10-13T23:01:00","modified_gmt":"2009-10-13T23:01:00","slug":"federacion-de-estudiantes-de-la-udec-presenta-sol-y-lluvia-en-vivo-30-anos","status":"publish","type":"post","link":"https:\/\/www.fraczinet.cl\/sitio\/2009\/10\/13\/federacion-de-estudiantes-de-la-udec-presenta-sol-y-lluvia-en-vivo-30-anos\/","title":{"rendered":"Federaci\u00f3n de Estudiantes De La UdeC presenta Sol y Lluvia En Vivo 30 a\u00f1os"},"content":{"rendered":"<p>Federaci\u00f3n de Estudiantes Universidad de Concepcion presenta: Sol y Lluvia En Vivo 30 a\u00f1os de Trayectoria. El Concierto se realizar\u00e1 en el Gimnasio Universidad de Concepcion Sede Los \u00c1ngeles este jueves 15 de octubre a las 20:00 hrs. Ubicado en Juan Antonio Coloma 291. La entrada al evento ser\u00e1 por la Av. Ricardo Vicu\u00f1a. El valor de la entrada: universitarios Universidad de Concepci\u00f3n $ 1.000, afuerino $ 3.000 preventas y $ 5.000 d\u00eda del evento.  Punto de venta de entradas: Feria del disco, Feria ticket, Almacenes Paris, Federaci\u00f3n de Estudiantes Universidad de Concepci\u00f3n Sede Los \u00c1ngeles.  Mayor informaci\u00f3n en la pagina oficial sol y lluvia: http:\/\/www.solylluvia.cl<\/p>\n<div><\/div>\n<div><a href=\"http:\/\/4.bp.blogspot.com\/_2S_RxGRVjis\/StUHH4Qp20I\/AAAAAAAAL2g\/68wA6sWCMtU\/s1600-h\/sol.jpg\"><img decoding=\"async\" alt=\"\" border=\"0\" id=\"BLOGGER_PHOTO_ID_5392223960788753218\" src=\"http:\/\/4.bp.blogspot.com\/_2S_RxGRVjis\/StUHH4Qp20I\/AAAAAAAAL2g\/68wA6sWCMtU\/s400\/sol.jpg\" style=\"cursor: pointer; height: 292px; width: 200px;\" \/><\/a><\/div>\n","protected":false},"excerpt":{"rendered":"<p>Federaci\u00f3n de Estudiantes Universidad de Concepcion presenta: Sol y Lluvia En Vivo 30 a\u00f1os de Trayectoria. El Concierto se realizar\u00e1 en el Gimnasio Universidad de Concepcion Sede Los \u00c1ngeles este jueves 15 de octubre a las 20:00 hrs. Ubicado en Juan Antonio Coloma 291. La entrada al evento ser\u00e1 por la Av. Ricardo Vicu\u00f1a. El [&hellip;]<\/p>\n","protected":false},"author":1,"featured_media":0,"comment_status":"open","ping_status":"open","sticky":false,"template":"","format":"standard","meta":{"footnotes":""},"categories":[44],"tags":[],"class_list":["post-4624","post","type-post","status-publish","format-standard","hentry","category-eventos"],"yoast_head":"<!-- This site is optimized with the Yoast SEO plugin v25.0 - https:\/\/yoast.com\/wordpress\/plugins\/seo\/ -->\n<title>Federaci\u00f3n de Estudiantes De La UdeC presenta Sol y Lluvia En Vivo 30 a\u00f1os - Nuestro Bio B\u00edo<\/title>\n<meta name=\"robots\" content=\"index, follow, max-snippet:-1, max-image-preview:large, max-video-preview:-1\" \/>\n<link rel=\"canonical\" href=\"https:\/\/www.fraczinet.cl\/sitio\/2009\/10\/13\/federacion-de-estudiantes-de-la-udec-presenta-sol-y-lluvia-en-vivo-30-anos\/\" \/>\n<meta property=\"og:locale\" content=\"es_ES\" \/>\n<meta property=\"og:type\" content=\"article\" \/>\n<meta property=\"og:title\" content=\"Federaci\u00f3n de Estudiantes De La UdeC presenta Sol y Lluvia En Vivo 30 a\u00f1os - Nuestro Bio B\u00edo\" \/>\n<meta property=\"og:description\" content=\"Federaci\u00f3n de Estudiantes Universidad de Concepcion presenta: Sol y Lluvia En Vivo 30 a\u00f1os de Trayectoria. El Concierto se realizar\u00e1 en el Gimnasio Universidad de Concepcion Sede Los \u00c1ngeles este jueves 15 de octubre a las 20:00 hrs. Ubicado en Juan Antonio Coloma 291. La entrada al evento ser\u00e1 por la Av. Ricardo Vicu\u00f1a. El [&hellip;]\" \/>\n<meta property=\"og:url\" content=\"https:\/\/www.fraczinet.cl\/sitio\/2009\/10\/13\/federacion-de-estudiantes-de-la-udec-presenta-sol-y-lluvia-en-vivo-30-anos\/\" \/>\n<meta property=\"og:site_name\" content=\"Nuestro Bio B\u00edo\" \/>\n<meta property=\"article:published_time\" content=\"2009-10-13T23:01:00+00:00\" \/>\n<meta property=\"og:image\" content=\"http:\/\/4.bp.blogspot.com\/_2S_RxGRVjis\/StUHH4Qp20I\/AAAAAAAAL2g\/68wA6sWCMtU\/s400\/sol.jpg\" \/>\n<meta name=\"author\" content=\"admin\" \/>\n<meta name=\"twitter:card\" content=\"summary_large_image\" \/>\n<meta name=\"twitter:creator\" content=\"@nuestrobiobio\" \/>\n<meta name=\"twitter:site\" content=\"@nuestrobiobio\" \/>\n<meta name=\"twitter:label1\" content=\"Escrito por\" \/>\n\t<meta name=\"twitter:data1\" content=\"admin\" \/>\n\t<meta name=\"twitter:label2\" content=\"Tiempo de lectura\" \/>\n\t<meta name=\"twitter:data2\" content=\"1 minuto\" \/>\n<script type=\"application\/ld+json\" class=\"yoast-schema-graph\">{\"@context\":\"https:\/\/schema.org\",\"@graph\":[{\"@type\":\"Article\",\"@id\":\"https:\/\/www.fraczinet.cl\/sitio\/2009\/10\/13\/federacion-de-estudiantes-de-la-udec-presenta-sol-y-lluvia-en-vivo-30-anos\/#article\",\"isPartOf\":{\"@id\":\"https:\/\/www.fraczinet.cl\/sitio\/2009\/10\/13\/federacion-de-estudiantes-de-la-udec-presenta-sol-y-lluvia-en-vivo-30-anos\/\"},\"author\":{\"name\":\"admin\",\"@id\":\"https:\/\/www.fraczinet.cl\/sitio\/#\/schema\/person\/bc30f98e9cb10ae7e119dbe14bc93784\"},\"headline\":\"Federaci\u00f3n de Estudiantes De La UdeC presenta Sol y Lluvia En Vivo 30 a\u00f1os\",\"datePublished\":\"2009-10-13T23:01:00+00:00\",\"mainEntityOfPage\":{\"@id\":\"https:\/\/www.fraczinet.cl\/sitio\/2009\/10\/13\/federacion-de-estudiantes-de-la-udec-presenta-sol-y-lluvia-en-vivo-30-anos\/\"},\"wordCount\":122,\"commentCount\":0,\"publisher\":{\"@id\":\"https:\/\/www.fraczinet.cl\/sitio\/#\/schema\/person\/aec8ee4da68df2b9b0eefdad24a0d582\"},\"image\":{\"@id\":\"https:\/\/www.fraczinet.cl\/sitio\/2009\/10\/13\/federacion-de-estudiantes-de-la-udec-presenta-sol-y-lluvia-en-vivo-30-anos\/#primaryimage\"},\"thumbnailUrl\":\"http:\/\/4.bp.blogspot.com\/_2S_RxGRVjis\/StUHH4Qp20I\/AAAAAAAAL2g\/68wA6sWCMtU\/s400\/sol.jpg\",\"articleSection\":[\"Eventos\"],\"inLanguage\":\"es\",\"potentialAction\":[{\"@type\":\"CommentAction\",\"name\":\"Comment\",\"target\":[\"https:\/\/www.fraczinet.cl\/sitio\/2009\/10\/13\/federacion-de-estudiantes-de-la-udec-presenta-sol-y-lluvia-en-vivo-30-anos\/#respond\"]}]},{\"@type\":\"WebPage\",\"@id\":\"https:\/\/www.fraczinet.cl\/sitio\/2009\/10\/13\/federacion-de-estudiantes-de-la-udec-presenta-sol-y-lluvia-en-vivo-30-anos\/\",\"url\":\"https:\/\/www.fraczinet.cl\/sitio\/2009\/10\/13\/federacion-de-estudiantes-de-la-udec-presenta-sol-y-lluvia-en-vivo-30-anos\/\",\"name\":\"Federaci\u00f3n de Estudiantes De La UdeC presenta Sol y Lluvia En Vivo 30 a\u00f1os - Nuestro Bio B\u00edo\",\"isPartOf\":{\"@id\":\"https:\/\/www.fraczinet.cl\/sitio\/#website\"},\"primaryImageOfPage\":{\"@id\":\"https:\/\/www.fraczinet.cl\/sitio\/2009\/10\/13\/federacion-de-estudiantes-de-la-udec-presenta-sol-y-lluvia-en-vivo-30-anos\/#primaryimage\"},\"image\":{\"@id\":\"https:\/\/www.fraczinet.cl\/sitio\/2009\/10\/13\/federacion-de-estudiantes-de-la-udec-presenta-sol-y-lluvia-en-vivo-30-anos\/#primaryimage\"},\"thumbnailUrl\":\"http:\/\/4.bp.blogspot.com\/_2S_RxGRVjis\/StUHH4Qp20I\/AAAAAAAAL2g\/68wA6sWCMtU\/s400\/sol.jpg\",\"datePublished\":\"2009-10-13T23:01:00+00:00\",\"breadcrumb\":{\"@id\":\"https:\/\/www.fraczinet.cl\/sitio\/2009\/10\/13\/federacion-de-estudiantes-de-la-udec-presenta-sol-y-lluvia-en-vivo-30-anos\/#breadcrumb\"},\"inLanguage\":\"es\",\"potentialAction\":[{\"@type\":\"ReadAction\",\"target\":[\"https:\/\/www.fraczinet.cl\/sitio\/2009\/10\/13\/federacion-de-estudiantes-de-la-udec-presenta-sol-y-lluvia-en-vivo-30-anos\/\"]}]},{\"@type\":\"ImageObject\",\"inLanguage\":\"es\",\"@id\":\"https:\/\/www.fraczinet.cl\/sitio\/2009\/10\/13\/federacion-de-estudiantes-de-la-udec-presenta-sol-y-lluvia-en-vivo-30-anos\/#primaryimage\",\"url\":\"http:\/\/4.bp.blogspot.com\/_2S_RxGRVjis\/StUHH4Qp20I\/AAAAAAAAL2g\/68wA6sWCMtU\/s400\/sol.jpg\",\"contentUrl\":\"http:\/\/4.bp.blogspot.com\/_2S_RxGRVjis\/StUHH4Qp20I\/AAAAAAAAL2g\/68wA6sWCMtU\/s400\/sol.jpg\"},{\"@type\":\"BreadcrumbList\",\"@id\":\"https:\/\/www.fraczinet.cl\/sitio\/2009\/10\/13\/federacion-de-estudiantes-de-la-udec-presenta-sol-y-lluvia-en-vivo-30-anos\/#breadcrumb\",\"itemListElement\":[{\"@type\":\"ListItem\",\"position\":1,\"name\":\"Portada\",\"item\":\"https:\/\/www.fraczinet.cl\/sitio\/\"},{\"@type\":\"ListItem\",\"position\":2,\"name\":\"Federaci\u00f3n de Estudiantes De La UdeC presenta Sol y Lluvia En Vivo 30 a\u00f1os\"}]},{\"@type\":\"WebSite\",\"@id\":\"https:\/\/www.fraczinet.cl\/sitio\/#website\",\"url\":\"https:\/\/www.fraczinet.cl\/sitio\/\",\"name\":\"Nuestro Bio B\u00edo\",\"description\":\"Tierra de Encuentros\",\"publisher\":{\"@id\":\"https:\/\/www.fraczinet.cl\/sitio\/#\/schema\/person\/aec8ee4da68df2b9b0eefdad24a0d582\"},\"potentialAction\":[{\"@type\":\"SearchAction\",\"target\":{\"@type\":\"EntryPoint\",\"urlTemplate\":\"https:\/\/www.fraczinet.cl\/sitio\/?s={search_term_string}\"},\"query-input\":{\"@type\":\"PropertyValueSpecification\",\"valueRequired\":true,\"valueName\":\"search_term_string\"}}],\"inLanguage\":\"es\"},{\"@type\":[\"Person\",\"Organization\"],\"@id\":\"https:\/\/www.fraczinet.cl\/sitio\/#\/schema\/person\/aec8ee4da68df2b9b0eefdad24a0d582\",\"name\":\"Luis Fernando Fraczinet\",\"image\":{\"@type\":\"ImageObject\",\"inLanguage\":\"es\",\"@id\":\"https:\/\/www.fraczinet.cl\/sitio\/#\/schema\/person\/image\/\",\"url\":\"https:\/\/www.fraczinet.cl\/sitio\/wp-content\/uploads\/2021\/07\/bannerlogo-1.gif\",\"contentUrl\":\"https:\/\/www.fraczinet.cl\/sitio\/wp-content\/uploads\/2021\/07\/bannerlogo-1.gif\",\"width\":159,\"height\":79,\"caption\":\"Luis Fernando Fraczinet\"},\"logo\":{\"@id\":\"https:\/\/www.fraczinet.cl\/sitio\/#\/schema\/person\/image\/\"},\"sameAs\":[\"https:\/\/www.fraczinet.cl\/sitio\/\"]},{\"@type\":\"Person\",\"@id\":\"https:\/\/www.fraczinet.cl\/sitio\/#\/schema\/person\/bc30f98e9cb10ae7e119dbe14bc93784\",\"name\":\"admin\",\"image\":{\"@type\":\"ImageObject\",\"inLanguage\":\"es\",\"@id\":\"https:\/\/www.fraczinet.cl\/sitio\/#\/schema\/person\/image\/\",\"url\":\"https:\/\/secure.gravatar.com\/avatar\/d5ad3cf7ef3b23a2bb5be73be780c86b2fc8545c3ad6b149f3913ff458c00099?s=96&d=mm&r=g\",\"contentUrl\":\"https:\/\/secure.gravatar.com\/avatar\/d5ad3cf7ef3b23a2bb5be73be780c86b2fc8545c3ad6b149f3913ff458c00099?s=96&d=mm&r=g\",\"caption\":\"admin\"},\"sameAs\":[\"https:\/\/www.fraczinet.cl\/sitio\"]}]}<\/script>\n<!-- \/ Yoast SEO plugin. -->","yoast_head_json":{"title":"Federaci\u00f3n de Estudiantes De La UdeC presenta Sol y Lluvia En Vivo 30 a\u00f1os - Nuestro Bio B\u00edo","robots":{"index":"index","follow":"follow","max-snippet":"max-snippet:-1","max-image-preview":"max-image-preview:large","max-video-preview":"max-video-preview:-1"},"canonical":"https:\/\/www.fraczinet.cl\/sitio\/2009\/10\/13\/federacion-de-estudiantes-de-la-udec-presenta-sol-y-lluvia-en-vivo-30-anos\/","og_locale":"es_ES","og_type":"article","og_title":"Federaci\u00f3n de Estudiantes De La UdeC presenta Sol y Lluvia En Vivo 30 a\u00f1os - Nuestro Bio B\u00edo","og_description":"Federaci\u00f3n de Estudiantes Universidad de Concepcion presenta: Sol y Lluvia En Vivo 30 a\u00f1os de Trayectoria. El Concierto se realizar\u00e1 en el Gimnasio Universidad de Concepcion Sede Los \u00c1ngeles este jueves 15 de octubre a las 20:00 hrs. Ubicado en Juan Antonio Coloma 291. La entrada al evento ser\u00e1 por la Av. Ricardo Vicu\u00f1a. El [&hellip;]","og_url":"https:\/\/www.fraczinet.cl\/sitio\/2009\/10\/13\/federacion-de-estudiantes-de-la-udec-presenta-sol-y-lluvia-en-vivo-30-anos\/","og_site_name":"Nuestro Bio B\u00edo","article_published_time":"2009-10-13T23:01:00+00:00","og_image":[{"url":"http:\/\/4.bp.blogspot.com\/_2S_RxGRVjis\/StUHH4Qp20I\/AAAAAAAAL2g\/68wA6sWCMtU\/s400\/sol.jpg","type":"","width":"","height":""}],"author":"admin","twitter_card":"summary_large_image","twitter_creator":"@nuestrobiobio","twitter_site":"@nuestrobiobio","twitter_misc":{"Escrito por":"admin","Tiempo de lectura":"1 minuto"},"schema":{"@context":"https:\/\/schema.org","@graph":[{"@type":"Article","@id":"https:\/\/www.fraczinet.cl\/sitio\/2009\/10\/13\/federacion-de-estudiantes-de-la-udec-presenta-sol-y-lluvia-en-vivo-30-anos\/#article","isPartOf":{"@id":"https:\/\/www.fraczinet.cl\/sitio\/2009\/10\/13\/federacion-de-estudiantes-de-la-udec-presenta-sol-y-lluvia-en-vivo-30-anos\/"},"author":{"name":"admin","@id":"https:\/\/www.fraczinet.cl\/sitio\/#\/schema\/person\/bc30f98e9cb10ae7e119dbe14bc93784"},"headline":"Federaci\u00f3n de Estudiantes De La UdeC presenta Sol y Lluvia En Vivo 30 a\u00f1os","datePublished":"2009-10-13T23:01:00+00:00","mainEntityOfPage":{"@id":"https:\/\/www.fraczinet.cl\/sitio\/2009\/10\/13\/federacion-de-estudiantes-de-la-udec-presenta-sol-y-lluvia-en-vivo-30-anos\/"},"wordCount":122,"commentCount":0,"publisher":{"@id":"https:\/\/www.fraczinet.cl\/sitio\/#\/schema\/person\/aec8ee4da68df2b9b0eefdad24a0d582"},"image":{"@id":"https:\/\/www.fraczinet.cl\/sitio\/2009\/10\/13\/federacion-de-estudiantes-de-la-udec-presenta-sol-y-lluvia-en-vivo-30-anos\/#primaryimage"},"thumbnailUrl":"http:\/\/4.bp.blogspot.com\/_2S_RxGRVjis\/StUHH4Qp20I\/AAAAAAAAL2g\/68wA6sWCMtU\/s400\/sol.jpg","articleSection":["Eventos"],"inLanguage":"es","potentialAction":[{"@type":"CommentAction","name":"Comment","target":["https:\/\/www.fraczinet.cl\/sitio\/2009\/10\/13\/federacion-de-estudiantes-de-la-udec-presenta-sol-y-lluvia-en-vivo-30-anos\/#respond"]}]},{"@type":"WebPage","@id":"https:\/\/www.fraczinet.cl\/sitio\/2009\/10\/13\/federacion-de-estudiantes-de-la-udec-presenta-sol-y-lluvia-en-vivo-30-anos\/","url":"https:\/\/www.fraczinet.cl\/sitio\/2009\/10\/13\/federacion-de-estudiantes-de-la-udec-presenta-sol-y-lluvia-en-vivo-30-anos\/","name":"Federaci\u00f3n de Estudiantes De La UdeC presenta Sol y Lluvia En Vivo 30 a\u00f1os - Nuestro Bio B\u00edo","isPartOf":{"@id":"https:\/\/www.fraczinet.cl\/sitio\/#website"},"primaryImageOfPage":{"@id":"https:\/\/www.fraczinet.cl\/sitio\/2009\/10\/13\/federacion-de-estudiantes-de-la-udec-presenta-sol-y-lluvia-en-vivo-30-anos\/#primaryimage"},"image":{"@id":"https:\/\/www.fraczinet.cl\/sitio\/2009\/10\/13\/federacion-de-estudiantes-de-la-udec-presenta-sol-y-lluvia-en-vivo-30-anos\/#primaryimage"},"thumbnailUrl":"http:\/\/4.bp.blogspot.com\/_2S_RxGRVjis\/StUHH4Qp20I\/AAAAAAAAL2g\/68wA6sWCMtU\/s400\/sol.jpg","datePublished":"2009-10-13T23:01:00+00:00","breadcrumb":{"@id":"https:\/\/www.fraczinet.cl\/sitio\/2009\/10\/13\/federacion-de-estudiantes-de-la-udec-presenta-sol-y-lluvia-en-vivo-30-anos\/#breadcrumb"},"inLanguage":"es","potentialAction":[{"@type":"ReadAction","target":["https:\/\/www.fraczinet.cl\/sitio\/2009\/10\/13\/federacion-de-estudiantes-de-la-udec-presenta-sol-y-lluvia-en-vivo-30-anos\/"]}]},{"@type":"ImageObject","inLanguage":"es","@id":"https:\/\/www.fraczinet.cl\/sitio\/2009\/10\/13\/federacion-de-estudiantes-de-la-udec-presenta-sol-y-lluvia-en-vivo-30-anos\/#primaryimage","url":"http:\/\/4.bp.blogspot.com\/_2S_RxGRVjis\/StUHH4Qp20I\/AAAAAAAAL2g\/68wA6sWCMtU\/s400\/sol.jpg","contentUrl":"http:\/\/4.bp.blogspot.com\/_2S_RxGRVjis\/StUHH4Qp20I\/AAAAAAAAL2g\/68wA6sWCMtU\/s400\/sol.jpg"},{"@type":"BreadcrumbList","@id":"https:\/\/www.fraczinet.cl\/sitio\/2009\/10\/13\/federacion-de-estudiantes-de-la-udec-presenta-sol-y-lluvia-en-vivo-30-anos\/#breadcrumb","itemListElement":[{"@type":"ListItem","position":1,"name":"Portada","item":"https:\/\/www.fraczinet.cl\/sitio\/"},{"@type":"ListItem","position":2,"name":"Federaci\u00f3n de Estudiantes De La UdeC presenta Sol y Lluvia En Vivo 30 a\u00f1os"}]},{"@type":"WebSite","@id":"https:\/\/www.fraczinet.cl\/sitio\/#website","url":"https:\/\/www.fraczinet.cl\/sitio\/","name":"Nuestro Bio B\u00edo","description":"Tierra de Encuentros","publisher":{"@id":"https:\/\/www.fraczinet.cl\/sitio\/#\/schema\/person\/aec8ee4da68df2b9b0eefdad24a0d582"},"potentialAction":[{"@type":"SearchAction","target":{"@type":"EntryPoint","urlTemplate":"https:\/\/www.fraczinet.cl\/sitio\/?s={search_term_string}"},"query-input":{"@type":"PropertyValueSpecification","valueRequired":true,"valueName":"search_term_string"}}],"inLanguage":"es"},{"@type":["Person","Organization"],"@id":"https:\/\/www.fraczinet.cl\/sitio\/#\/schema\/person\/aec8ee4da68df2b9b0eefdad24a0d582","name":"Luis Fernando Fraczinet","image":{"@type":"ImageObject","inLanguage":"es","@id":"https:\/\/www.fraczinet.cl\/sitio\/#\/schema\/person\/image\/","url":"https:\/\/www.fraczinet.cl\/sitio\/wp-content\/uploads\/2021\/07\/bannerlogo-1.gif","contentUrl":"https:\/\/www.fraczinet.cl\/sitio\/wp-content\/uploads\/2021\/07\/bannerlogo-1.gif","width":159,"height":79,"caption":"Luis Fernando Fraczinet"},"logo":{"@id":"https:\/\/www.fraczinet.cl\/sitio\/#\/schema\/person\/image\/"},"sameAs":["https:\/\/www.fraczinet.cl\/sitio\/"]},{"@type":"Person","@id":"https:\/\/www.fraczinet.cl\/sitio\/#\/schema\/person\/bc30f98e9cb10ae7e119dbe14bc93784","name":"admin","image":{"@type":"ImageObject","inLanguage":"es","@id":"https:\/\/www.fraczinet.cl\/sitio\/#\/schema\/person\/image\/","url":"https:\/\/secure.gravatar.com\/avatar\/d5ad3cf7ef3b23a2bb5be73be780c86b2fc8545c3ad6b149f3913ff458c00099?s=96&d=mm&r=g","contentUrl":"https:\/\/secure.gravatar.com\/avatar\/d5ad3cf7ef3b23a2bb5be73be780c86b2fc8545c3ad6b149f3913ff458c00099?s=96&d=mm&r=g","caption":"admin"},"sameAs":["https:\/\/www.fraczinet.cl\/sitio"]}]}},"_links":{"self":[{"href":"https:\/\/www.fraczinet.cl\/sitio\/wp-json\/wp\/v2\/posts\/4624","targetHints":{"allow":["GET"]}}],"collection":[{"href":"https:\/\/www.fraczinet.cl\/sitio\/wp-json\/wp\/v2\/posts"}],"about":[{"href":"https:\/\/www.fraczinet.cl\/sitio\/wp-json\/wp\/v2\/types\/post"}],"author":[{"embeddable":true,"href":"https:\/\/www.fraczinet.cl\/sitio\/wp-json\/wp\/v2\/users\/1"}],"replies":[{"embeddable":true,"href":"https:\/\/www.fraczinet.cl\/sitio\/wp-json\/wp\/v2\/comments?post=4624"}],"version-history":[{"count":0,"href":"https:\/\/www.fraczinet.cl\/sitio\/wp-json\/wp\/v2\/posts\/4624\/revisions"}],"wp:attachment":[{"href":"https:\/\/www.fraczinet.cl\/sitio\/wp-json\/wp\/v2\/media?parent=4624"}],"wp:term":[{"taxonomy":"category","embeddable":true,"href":"https:\/\/www.fraczinet.cl\/sitio\/wp-json\/wp\/v2\/categories?post=4624"},{"taxonomy":"post_tag","embeddable":true,"href":"https:\/\/www.fraczinet.cl\/sitio\/wp-json\/wp\/v2\/tags?post=4624"}],"curies":[{"name":"wp","href":"https:\/\/api.w.org\/{rel}","templated":true}]}}