{"id":4639,"date":"2009-10-01T18:04:00","date_gmt":"2009-10-01T18:04:00","guid":{"rendered":"https:\/\/www.fraczinet.cl\/sitio\/2009\/10\/01\/marcha-mundial-por-la-paz-y-la-no-violencia-comienza-manana-viernes-2-de-octubre-2009\/"},"modified":"2009-10-01T18:04:00","modified_gmt":"2009-10-01T18:04:00","slug":"marcha-mundial-por-la-paz-y-la-no-violencia-comienza-manana-viernes-2-de-octubre-2009","status":"publish","type":"post","link":"https:\/\/www.fraczinet.cl\/sitio\/2009\/10\/01\/marcha-mundial-por-la-paz-y-la-no-violencia-comienza-manana-viernes-2-de-octubre-2009\/","title":{"rendered":"Marcha Mundial Por La Paz Y La No-Violencia Comienza Ma\u00f1ana  Viernes 2 De Octubre 2009"},"content":{"rendered":"<p>\u201cTendremos que arrepentirnos en esta generaci\u00f3n, no tanto de las malas acciones de la gente perversa, sino del pasmoso silencio de la gente buena&#8230;\u201d Martin  Luther King   Si se utilizaran todas las armas nucleares que existen: se terminar\u00eda TODA forma de vida en la tierra.  \u201cLo criminal es que con el 0,5 % del gasto en armamentos se podr\u00eda resolver el problema alimentario de todo el mundo\u201d. Escritor Carlos Fuentes.  \u201cEn los \u00faltimos 10 a\u00f1os han muerto m\u00e1s de 2 millones de ni\u00f1os como resultado directo del conflicto armado  y m\u00e1s de 6 millones de ni\u00f1os han quedado discapacitados o con lesiones graves.   Por lo menos otros 20 millones de ni\u00f1os y ni\u00f1as han debido abandonar sus hogares.  En el mundo existen en la actualidad 300.000 ni\u00f1os soldados.\u201d UNICEF.   En Am\u00e9rica Latina ha aumentado el gasto en armas.      Mientras esto sucede, la mitad de la humanidad (m\u00e1s de tres mil millones de  personas) viven con menos de 1.100 pesos chilenos diarios.   En el mundo cada segundo mueren tres ni\u00f1os de hambre y enfermedades curables.     \u00bfCual ser\u00eda la respuesta de los ciudadanos del mundo si la ONU les consultara, en un plebiscito, si deben establecerse mecanismos para imponer progresivamente un desarme?    Mundo sin Guerras, ha tomado la iniciativa de  organizar una Marcha Mundial por la Paz y la NO-Violencia. A ella se han sumado personas e instituciones de las m\u00e1s diversas condiciones sociales, ideol\u00f3gicas y pol\u00edticas.  \u00bfQui\u00e9n puede participar? La persona o instituci\u00f3n que lo desee.  \u00bfCu\u00e1ndo comenzar\u00e1? El d\u00eda que las Naciones Unidas ha declarado \u201cD\u00eda Internacional de la No-Violencia, el 2 de Octubre del a\u00f1o 2009 en Nueva Zelanda. Finalizar\u00e1 el 2 de Enero del 2010.  \u00bfQu\u00e9 se va a hacer? En Concepci\u00f3n, como en m\u00e1s de 300 ciudades del mundo, este Viernes 2, la marcha se iniciar\u00e1 a las 17.30 desde la Plaza Espa\u00f1a hasta la Plaza Independencia. Desde ya Usted puede contribuir a realizar otras iniciativas: Festivales. Concursos de Cuentos de Ni\u00f1os. Concursos de Pintura, Murales. Conciertos, Teatro Callejero. Cine Foro. Conferencias. Eventos Deportivos. Cicletadas. Caravanas en Autom\u00f3vil, caminatas.    Promover que no se adquieran juguetes relacionados con la violencia y la guerra.      \u00bfCon qu\u00e9 objetivo?   Para contribuir a la integraci\u00f3n de nuestras naciones que es el mejor procedimiento  para evitar las guerras.    Para dar a conocer lo que est\u00e1 sucediendo con las guerras y el gasto en armas. Para contribuir a  la b\u00fasqueda de una soluci\u00f3n pac\u00edfica de los conflictos.   Para trabajar para superar la violencia ps\u00edquica, f\u00edsica, racial, religiosa, econ\u00f3mica y la delincuencia. En especial la que afecta a los ni\u00f1os, los ancianos y la mujer. Para que los ciudadanos podamos expresar nuestro rechazo a estas irracionalidades.  Para que se desarrolle una reducci\u00f3n progresiva de las armas, se firmen tratados de no agresi\u00f3n entre las naciones.    Recorrer\u00e1 todos los continentes. M\u00e1s de 98 pa\u00edses. 160.000 kil\u00f3metros. Trayectos en tren, buses, barcos, piraguas, aviones, etc.  Sobrepasar\u00e1 los 5.000 metros de altura.   Atenta y cordialmente:  Dr. Edgardo Condeza  Vaccaro Presidente Movimiento Por La Consulta Y Los Derechos Ciudadanos  Contactos: edgardocondeza@vtr.net 09\/8867508 <a href=\"http:\/\/www.the%20worldmarch.org\/\">http:\/\/www.the worldmarch.org<\/a>    <a href=\"http:\/\/www.marchamundial.cl\/\">http:\/\/www.marchamundial.cl\/<\/a>marchamundialbiobio@gmail.com&nbsp;<\/p>\n","protected":false},"excerpt":{"rendered":"<p>\u201cTendremos que arrepentirnos en esta generaci\u00f3n, no tanto de las malas acciones de la gente perversa, sino del pasmoso silencio de la gente buena&#8230;\u201d Martin Luther King Si se utilizaran todas las armas nucleares que existen: se terminar\u00eda TODA forma de vida en la tierra. \u201cLo criminal es que con el 0,5 % del gasto [&hellip;]<\/p>\n","protected":false},"author":1,"featured_media":0,"comment_status":"open","ping_status":"open","sticky":false,"template":"","format":"standard","meta":{"footnotes":""},"categories":[129],"tags":[],"class_list":["post-4639","post","type-post","status-publish","format-standard","hentry","category-no-violencia"],"yoast_head":"<!-- This site is optimized with the Yoast SEO plugin v25.0 - https:\/\/yoast.com\/wordpress\/plugins\/seo\/ -->\n<title>Marcha Mundial Por La Paz Y La No-Violencia Comienza Ma\u00f1ana Viernes 2 De Octubre 2009 - Nuestro Bio B\u00edo<\/title>\n<meta name=\"robots\" content=\"index, follow, max-snippet:-1, max-image-preview:large, max-video-preview:-1\" \/>\n<link rel=\"canonical\" href=\"https:\/\/www.fraczinet.cl\/sitio\/2009\/10\/01\/marcha-mundial-por-la-paz-y-la-no-violencia-comienza-manana-viernes-2-de-octubre-2009\/\" \/>\n<meta property=\"og:locale\" content=\"es_ES\" \/>\n<meta property=\"og:type\" content=\"article\" \/>\n<meta property=\"og:title\" content=\"Marcha Mundial Por La Paz Y La No-Violencia Comienza Ma\u00f1ana Viernes 2 De Octubre 2009 - Nuestro Bio B\u00edo\" \/>\n<meta property=\"og:description\" content=\"\u201cTendremos que arrepentirnos en esta generaci\u00f3n, no tanto de las malas acciones de la gente perversa, sino del pasmoso silencio de la gente buena&#8230;\u201d Martin Luther King Si se utilizaran todas las armas nucleares que existen: se terminar\u00eda TODA forma de vida en la tierra. \u201cLo criminal es que con el 0,5 % del gasto [&hellip;]\" \/>\n<meta property=\"og:url\" content=\"https:\/\/www.fraczinet.cl\/sitio\/2009\/10\/01\/marcha-mundial-por-la-paz-y-la-no-violencia-comienza-manana-viernes-2-de-octubre-2009\/\" \/>\n<meta property=\"og:site_name\" content=\"Nuestro Bio B\u00edo\" \/>\n<meta property=\"article:published_time\" content=\"2009-10-01T18:04:00+00:00\" \/>\n<meta property=\"og:image\" content=\"https:\/\/www.fraczinet.cl\/sitio\/wp-content\/uploads\/2021\/07\/bannerlogo-1.gif\" \/>\n\t<meta property=\"og:image:width\" content=\"159\" \/>\n\t<meta property=\"og:image:height\" content=\"79\" \/>\n\t<meta property=\"og:image:type\" content=\"image\/gif\" \/>\n<meta name=\"author\" content=\"admin\" \/>\n<meta name=\"twitter:card\" content=\"summary_large_image\" \/>\n<meta name=\"twitter:creator\" content=\"@nuestrobiobio\" \/>\n<meta name=\"twitter:site\" content=\"@nuestrobiobio\" \/>\n<meta name=\"twitter:label1\" content=\"Escrito por\" \/>\n\t<meta name=\"twitter:data1\" content=\"admin\" \/>\n\t<meta name=\"twitter:label2\" content=\"Tiempo de lectura\" \/>\n\t<meta name=\"twitter:data2\" content=\"3 minutos\" \/>\n<script type=\"application\/ld+json\" class=\"yoast-schema-graph\">{\"@context\":\"https:\/\/schema.org\",\"@graph\":[{\"@type\":\"Article\",\"@id\":\"https:\/\/www.fraczinet.cl\/sitio\/2009\/10\/01\/marcha-mundial-por-la-paz-y-la-no-violencia-comienza-manana-viernes-2-de-octubre-2009\/#article\",\"isPartOf\":{\"@id\":\"https:\/\/www.fraczinet.cl\/sitio\/2009\/10\/01\/marcha-mundial-por-la-paz-y-la-no-violencia-comienza-manana-viernes-2-de-octubre-2009\/\"},\"author\":{\"name\":\"admin\",\"@id\":\"https:\/\/www.fraczinet.cl\/sitio\/#\/schema\/person\/bc30f98e9cb10ae7e119dbe14bc93784\"},\"headline\":\"Marcha Mundial Por La Paz Y La No-Violencia Comienza Ma\u00f1ana Viernes 2 De Octubre 2009\",\"datePublished\":\"2009-10-01T18:04:00+00:00\",\"mainEntityOfPage\":{\"@id\":\"https:\/\/www.fraczinet.cl\/sitio\/2009\/10\/01\/marcha-mundial-por-la-paz-y-la-no-violencia-comienza-manana-viernes-2-de-octubre-2009\/\"},\"wordCount\":555,\"commentCount\":0,\"publisher\":{\"@id\":\"https:\/\/www.fraczinet.cl\/sitio\/#\/schema\/person\/aec8ee4da68df2b9b0eefdad24a0d582\"},\"articleSection\":[\"No-Violencia\"],\"inLanguage\":\"es\",\"potentialAction\":[{\"@type\":\"CommentAction\",\"name\":\"Comment\",\"target\":[\"https:\/\/www.fraczinet.cl\/sitio\/2009\/10\/01\/marcha-mundial-por-la-paz-y-la-no-violencia-comienza-manana-viernes-2-de-octubre-2009\/#respond\"]}]},{\"@type\":\"WebPage\",\"@id\":\"https:\/\/www.fraczinet.cl\/sitio\/2009\/10\/01\/marcha-mundial-por-la-paz-y-la-no-violencia-comienza-manana-viernes-2-de-octubre-2009\/\",\"url\":\"https:\/\/www.fraczinet.cl\/sitio\/2009\/10\/01\/marcha-mundial-por-la-paz-y-la-no-violencia-comienza-manana-viernes-2-de-octubre-2009\/\",\"name\":\"Marcha Mundial Por La Paz Y La No-Violencia Comienza Ma\u00f1ana Viernes 2 De Octubre 2009 - Nuestro Bio B\u00edo\",\"isPartOf\":{\"@id\":\"https:\/\/www.fraczinet.cl\/sitio\/#website\"},\"datePublished\":\"2009-10-01T18:04:00+00:00\",\"breadcrumb\":{\"@id\":\"https:\/\/www.fraczinet.cl\/sitio\/2009\/10\/01\/marcha-mundial-por-la-paz-y-la-no-violencia-comienza-manana-viernes-2-de-octubre-2009\/#breadcrumb\"},\"inLanguage\":\"es\",\"potentialAction\":[{\"@type\":\"ReadAction\",\"target\":[\"https:\/\/www.fraczinet.cl\/sitio\/2009\/10\/01\/marcha-mundial-por-la-paz-y-la-no-violencia-comienza-manana-viernes-2-de-octubre-2009\/\"]}]},{\"@type\":\"BreadcrumbList\",\"@id\":\"https:\/\/www.fraczinet.cl\/sitio\/2009\/10\/01\/marcha-mundial-por-la-paz-y-la-no-violencia-comienza-manana-viernes-2-de-octubre-2009\/#breadcrumb\",\"itemListElement\":[{\"@type\":\"ListItem\",\"position\":1,\"name\":\"Portada\",\"item\":\"https:\/\/www.fraczinet.cl\/sitio\/\"},{\"@type\":\"ListItem\",\"position\":2,\"name\":\"Marcha Mundial Por La Paz Y La No-Violencia Comienza Ma\u00f1ana Viernes 2 De Octubre 2009\"}]},{\"@type\":\"WebSite\",\"@id\":\"https:\/\/www.fraczinet.cl\/sitio\/#website\",\"url\":\"https:\/\/www.fraczinet.cl\/sitio\/\",\"name\":\"Nuestro Bio B\u00edo\",\"description\":\"Tierra de Encuentros\",\"publisher\":{\"@id\":\"https:\/\/www.fraczinet.cl\/sitio\/#\/schema\/person\/aec8ee4da68df2b9b0eefdad24a0d582\"},\"potentialAction\":[{\"@type\":\"SearchAction\",\"target\":{\"@type\":\"EntryPoint\",\"urlTemplate\":\"https:\/\/www.fraczinet.cl\/sitio\/?s={search_term_string}\"},\"query-input\":{\"@type\":\"PropertyValueSpecification\",\"valueRequired\":true,\"valueName\":\"search_term_string\"}}],\"inLanguage\":\"es\"},{\"@type\":[\"Person\",\"Organization\"],\"@id\":\"https:\/\/www.fraczinet.cl\/sitio\/#\/schema\/person\/aec8ee4da68df2b9b0eefdad24a0d582\",\"name\":\"Luis Fernando Fraczinet\",\"image\":{\"@type\":\"ImageObject\",\"inLanguage\":\"es\",\"@id\":\"https:\/\/www.fraczinet.cl\/sitio\/#\/schema\/person\/image\/\",\"url\":\"https:\/\/www.fraczinet.cl\/sitio\/wp-content\/uploads\/2021\/07\/bannerlogo-1.gif\",\"contentUrl\":\"https:\/\/www.fraczinet.cl\/sitio\/wp-content\/uploads\/2021\/07\/bannerlogo-1.gif\",\"width\":159,\"height\":79,\"caption\":\"Luis Fernando Fraczinet\"},\"logo\":{\"@id\":\"https:\/\/www.fraczinet.cl\/sitio\/#\/schema\/person\/image\/\"},\"sameAs\":[\"https:\/\/www.fraczinet.cl\/sitio\/\"]},{\"@type\":\"Person\",\"@id\":\"https:\/\/www.fraczinet.cl\/sitio\/#\/schema\/person\/bc30f98e9cb10ae7e119dbe14bc93784\",\"name\":\"admin\",\"image\":{\"@type\":\"ImageObject\",\"inLanguage\":\"es\",\"@id\":\"https:\/\/www.fraczinet.cl\/sitio\/#\/schema\/person\/image\/\",\"url\":\"https:\/\/secure.gravatar.com\/avatar\/d5ad3cf7ef3b23a2bb5be73be780c86b2fc8545c3ad6b149f3913ff458c00099?s=96&d=mm&r=g\",\"contentUrl\":\"https:\/\/secure.gravatar.com\/avatar\/d5ad3cf7ef3b23a2bb5be73be780c86b2fc8545c3ad6b149f3913ff458c00099?s=96&d=mm&r=g\",\"caption\":\"admin\"},\"sameAs\":[\"https:\/\/www.fraczinet.cl\/sitio\"]}]}<\/script>\n<!-- \/ Yoast SEO plugin. -->","yoast_head_json":{"title":"Marcha Mundial Por La Paz Y La No-Violencia Comienza Ma\u00f1ana Viernes 2 De Octubre 2009 - Nuestro Bio B\u00edo","robots":{"index":"index","follow":"follow","max-snippet":"max-snippet:-1","max-image-preview":"max-image-preview:large","max-video-preview":"max-video-preview:-1"},"canonical":"https:\/\/www.fraczinet.cl\/sitio\/2009\/10\/01\/marcha-mundial-por-la-paz-y-la-no-violencia-comienza-manana-viernes-2-de-octubre-2009\/","og_locale":"es_ES","og_type":"article","og_title":"Marcha Mundial Por La Paz Y La No-Violencia Comienza Ma\u00f1ana Viernes 2 De Octubre 2009 - Nuestro Bio B\u00edo","og_description":"\u201cTendremos que arrepentirnos en esta generaci\u00f3n, no tanto de las malas acciones de la gente perversa, sino del pasmoso silencio de la gente buena&#8230;\u201d Martin Luther King Si se utilizaran todas las armas nucleares que existen: se terminar\u00eda TODA forma de vida en la tierra. \u201cLo criminal es que con el 0,5 % del gasto [&hellip;]","og_url":"https:\/\/www.fraczinet.cl\/sitio\/2009\/10\/01\/marcha-mundial-por-la-paz-y-la-no-violencia-comienza-manana-viernes-2-de-octubre-2009\/","og_site_name":"Nuestro Bio B\u00edo","article_published_time":"2009-10-01T18:04:00+00:00","og_image":[{"width":159,"height":79,"url":"https:\/\/www.fraczinet.cl\/sitio\/wp-content\/uploads\/2021\/07\/bannerlogo-1.gif","type":"image\/gif"}],"author":"admin","twitter_card":"summary_large_image","twitter_creator":"@nuestrobiobio","twitter_site":"@nuestrobiobio","twitter_misc":{"Escrito por":"admin","Tiempo de lectura":"3 minutos"},"schema":{"@context":"https:\/\/schema.org","@graph":[{"@type":"Article","@id":"https:\/\/www.fraczinet.cl\/sitio\/2009\/10\/01\/marcha-mundial-por-la-paz-y-la-no-violencia-comienza-manana-viernes-2-de-octubre-2009\/#article","isPartOf":{"@id":"https:\/\/www.fraczinet.cl\/sitio\/2009\/10\/01\/marcha-mundial-por-la-paz-y-la-no-violencia-comienza-manana-viernes-2-de-octubre-2009\/"},"author":{"name":"admin","@id":"https:\/\/www.fraczinet.cl\/sitio\/#\/schema\/person\/bc30f98e9cb10ae7e119dbe14bc93784"},"headline":"Marcha Mundial Por La Paz Y La No-Violencia Comienza Ma\u00f1ana Viernes 2 De Octubre 2009","datePublished":"2009-10-01T18:04:00+00:00","mainEntityOfPage":{"@id":"https:\/\/www.fraczinet.cl\/sitio\/2009\/10\/01\/marcha-mundial-por-la-paz-y-la-no-violencia-comienza-manana-viernes-2-de-octubre-2009\/"},"wordCount":555,"commentCount":0,"publisher":{"@id":"https:\/\/www.fraczinet.cl\/sitio\/#\/schema\/person\/aec8ee4da68df2b9b0eefdad24a0d582"},"articleSection":["No-Violencia"],"inLanguage":"es","potentialAction":[{"@type":"CommentAction","name":"Comment","target":["https:\/\/www.fraczinet.cl\/sitio\/2009\/10\/01\/marcha-mundial-por-la-paz-y-la-no-violencia-comienza-manana-viernes-2-de-octubre-2009\/#respond"]}]},{"@type":"WebPage","@id":"https:\/\/www.fraczinet.cl\/sitio\/2009\/10\/01\/marcha-mundial-por-la-paz-y-la-no-violencia-comienza-manana-viernes-2-de-octubre-2009\/","url":"https:\/\/www.fraczinet.cl\/sitio\/2009\/10\/01\/marcha-mundial-por-la-paz-y-la-no-violencia-comienza-manana-viernes-2-de-octubre-2009\/","name":"Marcha Mundial Por La Paz Y La No-Violencia Comienza Ma\u00f1ana Viernes 2 De Octubre 2009 - Nuestro Bio B\u00edo","isPartOf":{"@id":"https:\/\/www.fraczinet.cl\/sitio\/#website"},"datePublished":"2009-10-01T18:04:00+00:00","breadcrumb":{"@id":"https:\/\/www.fraczinet.cl\/sitio\/2009\/10\/01\/marcha-mundial-por-la-paz-y-la-no-violencia-comienza-manana-viernes-2-de-octubre-2009\/#breadcrumb"},"inLanguage":"es","potentialAction":[{"@type":"ReadAction","target":["https:\/\/www.fraczinet.cl\/sitio\/2009\/10\/01\/marcha-mundial-por-la-paz-y-la-no-violencia-comienza-manana-viernes-2-de-octubre-2009\/"]}]},{"@type":"BreadcrumbList","@id":"https:\/\/www.fraczinet.cl\/sitio\/2009\/10\/01\/marcha-mundial-por-la-paz-y-la-no-violencia-comienza-manana-viernes-2-de-octubre-2009\/#breadcrumb","itemListElement":[{"@type":"ListItem","position":1,"name":"Portada","item":"https:\/\/www.fraczinet.cl\/sitio\/"},{"@type":"ListItem","position":2,"name":"Marcha Mundial Por La Paz Y La No-Violencia Comienza Ma\u00f1ana Viernes 2 De Octubre 2009"}]},{"@type":"WebSite","@id":"https:\/\/www.fraczinet.cl\/sitio\/#website","url":"https:\/\/www.fraczinet.cl\/sitio\/","name":"Nuestro Bio B\u00edo","description":"Tierra de Encuentros","publisher":{"@id":"https:\/\/www.fraczinet.cl\/sitio\/#\/schema\/person\/aec8ee4da68df2b9b0eefdad24a0d582"},"potentialAction":[{"@type":"SearchAction","target":{"@type":"EntryPoint","urlTemplate":"https:\/\/www.fraczinet.cl\/sitio\/?s={search_term_string}"},"query-input":{"@type":"PropertyValueSpecification","valueRequired":true,"valueName":"search_term_string"}}],"inLanguage":"es"},{"@type":["Person","Organization"],"@id":"https:\/\/www.fraczinet.cl\/sitio\/#\/schema\/person\/aec8ee4da68df2b9b0eefdad24a0d582","name":"Luis Fernando Fraczinet","image":{"@type":"ImageObject","inLanguage":"es","@id":"https:\/\/www.fraczinet.cl\/sitio\/#\/schema\/person\/image\/","url":"https:\/\/www.fraczinet.cl\/sitio\/wp-content\/uploads\/2021\/07\/bannerlogo-1.gif","contentUrl":"https:\/\/www.fraczinet.cl\/sitio\/wp-content\/uploads\/2021\/07\/bannerlogo-1.gif","width":159,"height":79,"caption":"Luis Fernando Fraczinet"},"logo":{"@id":"https:\/\/www.fraczinet.cl\/sitio\/#\/schema\/person\/image\/"},"sameAs":["https:\/\/www.fraczinet.cl\/sitio\/"]},{"@type":"Person","@id":"https:\/\/www.fraczinet.cl\/sitio\/#\/schema\/person\/bc30f98e9cb10ae7e119dbe14bc93784","name":"admin","image":{"@type":"ImageObject","inLanguage":"es","@id":"https:\/\/www.fraczinet.cl\/sitio\/#\/schema\/person\/image\/","url":"https:\/\/secure.gravatar.com\/avatar\/d5ad3cf7ef3b23a2bb5be73be780c86b2fc8545c3ad6b149f3913ff458c00099?s=96&d=mm&r=g","contentUrl":"https:\/\/secure.gravatar.com\/avatar\/d5ad3cf7ef3b23a2bb5be73be780c86b2fc8545c3ad6b149f3913ff458c00099?s=96&d=mm&r=g","caption":"admin"},"sameAs":["https:\/\/www.fraczinet.cl\/sitio"]}]}},"_links":{"self":[{"href":"https:\/\/www.fraczinet.cl\/sitio\/wp-json\/wp\/v2\/posts\/4639","targetHints":{"allow":["GET"]}}],"collection":[{"href":"https:\/\/www.fraczinet.cl\/sitio\/wp-json\/wp\/v2\/posts"}],"about":[{"href":"https:\/\/www.fraczinet.cl\/sitio\/wp-json\/wp\/v2\/types\/post"}],"author":[{"embeddable":true,"href":"https:\/\/www.fraczinet.cl\/sitio\/wp-json\/wp\/v2\/users\/1"}],"replies":[{"embeddable":true,"href":"https:\/\/www.fraczinet.cl\/sitio\/wp-json\/wp\/v2\/comments?post=4639"}],"version-history":[{"count":0,"href":"https:\/\/www.fraczinet.cl\/sitio\/wp-json\/wp\/v2\/posts\/4639\/revisions"}],"wp:attachment":[{"href":"https:\/\/www.fraczinet.cl\/sitio\/wp-json\/wp\/v2\/media?parent=4639"}],"wp:term":[{"taxonomy":"category","embeddable":true,"href":"https:\/\/www.fraczinet.cl\/sitio\/wp-json\/wp\/v2\/categories?post=4639"},{"taxonomy":"post_tag","embeddable":true,"href":"https:\/\/www.fraczinet.cl\/sitio\/wp-json\/wp\/v2\/tags?post=4639"}],"curies":[{"name":"wp","href":"https:\/\/api.w.org\/{rel}","templated":true}]}}