{"id":4645,"date":"2009-09-30T03:32:00","date_gmt":"2009-09-30T03:32:00","guid":{"rendered":"https:\/\/www.fraczinet.cl\/sitio\/2009\/09\/30\/roberto-guerra-queremos-sentar-las-bases-de-una-red-nacional-de-gestores-culturales\/"},"modified":"2009-09-30T03:32:00","modified_gmt":"2009-09-30T03:32:00","slug":"roberto-guerra-queremos-sentar-las-bases-de-una-red-nacional-de-gestores-culturales","status":"publish","type":"post","link":"https:\/\/www.fraczinet.cl\/sitio\/2009\/09\/30\/roberto-guerra-queremos-sentar-las-bases-de-una-red-nacional-de-gestores-culturales\/","title":{"rendered":"Roberto Guerra: \u201cQueremos Sentar Las Bases De Una Red Nacional De Gestores Culturales\u201d"},"content":{"rendered":"<p>Para los d\u00edas 9, 10 y 11 de octubre en la ciudad de Santiago est\u00e1 programado un encuentro in\u00e9dito que espera congregar a todos quienes trabajan en gesti\u00f3n de la cultura. Se trata de una instancia de alcance nacional que organiza la Escuela de Gestores y Animadores Culturales, cuyos ejes de de trabajo ser\u00e1n la gesti\u00f3n cultural y participaci\u00f3n ciudadana, la formaci\u00f3n en gesti\u00f3n cultural, la animaci\u00f3n sociocultural, el desarrollo cultural inclusivo, el financiamiento de la cultura y las pol\u00edticas p\u00fablicas e institucionalidad cultural.  Roberto Guerra, director de la Escuela de Gestores y Animadores Culturales, entrega m\u00e1s antecedentes sobre este encuentro.  Encuentro  \u00bfDe qui\u00e9n o qui\u00e9nes proviene la idea de realizar un encuentro nacional de gestores y animadores culturales y qu\u00e9 inquietudes iniciales estimulan una actividad de este tipo?  &#8211; Dir\u00eda que el proyecto de realizar un encuentro nacional es un viejo anhelo que la misma realidad fue empujando a concretar. En nuestro caso, desde la experiencia formativa que lleva a cabo la Escuela de Gestores y Animadores Culturales, apareci\u00f3 la inquietud de los propios alumnos en los debates de las sesiones, quienes dec\u00edan \u201ces necesario organizarse\u201d, por lo que fue tomando forma la idea de generar un encuentro de ex alumnos de la Escuela. Poco a poco, y en el marco de la discusi\u00f3n con ellos mismos y del equipo de la Escuela, convenimos en que lo que se requer\u00eda era un encuentro abierto a los actores culturales de la regi\u00f3n. As\u00ed surgi\u00f3 lo que llamamos \u201c1er Encuentro de Gestores y Animadores Culturales de la regi\u00f3n Metropolitana. Encontr\u00e1ndonos para articular voluntades y animar los cambios en la cultura\u201d. En relaci\u00f3n con las motivaciones, dir\u00eda que en general es dar cuenta de una necesidad muchas veces expresada por diversos actores culturales de la regi\u00f3n de generar otros espacios, que fueran m\u00e1s all\u00e1 del hecho de reunirse y que permitieran generar una actor\u00eda que, se considera, hace falta en la regi\u00f3n. Part\u00edamos de la premisa que, si bien es cierto se aprecia un crecimiento del sector cultural, existen niveles muy bajos de asociatividad de los gestores, lo que no se condice con el enorme caudal de acciones que este sector desarrolla. M\u00e1s adelante, este esfuerzo se encontr\u00f3 con el que ven\u00eda desarrollando Anfucultura, con quien establecimos una alianza en funci\u00f3n de sacar adelante este desaf\u00edo, y desde all\u00ed abrir la convocatoria a otras instituciones con quienes hemos venido trabajando en este plano en los \u00faltimos a\u00f1os, por lo que la convocatoria al encuentro nacional surge como resultado natural de este proceso.  \u00bfCu\u00e1les fueron las principales conclusiones del encuentro de la regi\u00f3n Metropolitana?  &#8211; Se han realizado dos encuentros en la regi\u00f3n Metropolitana que han convocado a m\u00e1s de 300 actores culturales de casi la totalidad de las comunas de la regi\u00f3n, asunto in\u00e9dito en los \u00faltimos a\u00f1os. Ahora, considerando las organizaciones e instituciones a los que pertenecen, permite concluir que el proceso de discusi\u00f3n ha sido muy inclusivo y diverso, a\u00fan con las objetivas limitaciones materiales que ha tenido, pues se trata de una iniciativa totalmente autogestionada en lo financiero. En general, con la discusi\u00f3n de ambos encuentros se ratific\u00f3 la idea de formar la Red Metropolitana de Gestores y Animadores Culturales, que en la actualidad est\u00e1 en pleno proceso de conformaci\u00f3n de equipos y trabajo territorial, adem\u00e1s de levantar un directorio regional de actores culturales, fortalecer la capacitaci\u00f3n, y una propuesta muy interesante que se est\u00e1 trabajando relacionada con establecer el d\u00eda del gestor cultural. Pronto saldr\u00e1 una publicaci\u00f3n que recoge ampliamente lo que fueron estos encuentros.  \u00bfQu\u00e9 destacar\u00edas en torno a la metodolog\u00eda o la din\u00e1mica pensada para el encuentro nacional?  &#8211; Varios aspectos. En primer lugar, el car\u00e1cter participativo y descentralizado que posee la construcci\u00f3n del programa del encuentro, dado que lo que se busca es que sea el propio sector cultural, a trav\u00e9s de sus diversos actores, quienes propongan e implementen los espacios de discusi\u00f3n del evento. Esta l\u00f3gica busca romper la tradicional verticalidad con que se organizan eventos en el sector cultural, donde no existe posibilidad de participar m\u00e1s que de asistente. En ese sentido apostamos por la madurez de los actores culturales para que hagan suyo el encuentro y lleven a \u00e9l sus experiencias, saberes, cr\u00edticas y propuestas, para de este modo dar efectivamente cuenta de qui\u00e9nes son y en qu\u00e9 est\u00e1n los gestores culturales chilenos. Por otro lado, destacar\u00eda la flexibilidad metodol\u00f3gica para desarrollar los debates, en donde se busca que a trav\u00e9s de diversos formatos, ya sean paneles, conferencias, charlas y experiencias se posibilite el abordaje de los temas, lo que permitir\u00e1 generar una oferta muy diversa a nivel del programa. En este marco se inserta el funcionamiento de las mesas de discusi\u00f3n, que hemos definido como espacios de discusi\u00f3n en profundidad del temario del encuentro para avanzar en la generaci\u00f3n de propuestas e iniciativas de acci\u00f3n espec\u00edficas para el sector.  \u00bfA cu\u00e1ntas personas esperan convocar los organizadores y de qu\u00e9 manera \u00e9stos se vinculan con otras entidades de gestores culturales activas?  &#8211; Desde que lanzamos la convocatoria encontramos gran aceptaci\u00f3n de los gestores y organizaciones de, hasta ahora, casi todas las regiones de Chile, lo que nos confirma lo acertado y necesario de generar este encuentro. Existe una enorme necesidad de vincularse y saber en qu\u00e9 est\u00e1 el otro, del mismo modo que una visi\u00f3n cr\u00edtica respecto de la forma en que estamos construyendo el desarrollo cultural en nuestro pa\u00eds. Dir\u00eda que en general son esas las \u201cse\u00f1ales\u201d que se recogen en las conversaciones y la correspondencia. En este proceso diversas organizaciones han manifestado su voluntad de adherirse a la convocatoria y patrocinar el encuentro, dentro de las que destacan la Comisi\u00f3n Bicentenario, la Universidad Academia de Humanismo Cristiano, la Biblioteca de Santiago, el Colegio de Asistentes Sociales de Chile, el Sindicato de Cantores Urbanos, SICUCH, Le Monde Diplomatique y, a nivel internacional, la Red Iberoamericana de Animaci\u00f3n Sociocultural, RIA; la Red de Gestores del Valle del Cauca de Colombia, Municipalidad y Cultura de Espa\u00f1a, Recursos Culturales de Argentina, entre otros. Es importante destacar hemos planteado trabajar de forma descentralizada a trav\u00e9s de la realizaci\u00f3n de encuentros regionales y zonales que buscan ir motivando y articulando a los actores culturales camino al encuentro nacional. De este modo, las estimaciones que hemos realizado considerando los mensajes recibidos y los encuentros regionales en curso, nos hacen pensar que ser\u00e1 un encuentro muy masivo.  \u00bfQu\u00e9 esperan lograr al final de los tres d\u00edas de trabajo considerando que este encuentro podr\u00eda constituirse en un hito de confluencia de actores y organizaciones culturales chilenos?  &#8211; S\u00ed, es lo que creemos y estamos trabajando para eso, para que en octubre los actores culturales chilenos, independientemente del lugar desde el que lleven a cabo su labor, se encuentren, dialoguen, intercambien experiencias y visualicen posibilidades de acci\u00f3n com\u00fan. Respecto de los logros, dir\u00eda que giran en torno de tres cosas: contribuir a la visibilizaci\u00f3n de las pr\u00e1cticas de gesti\u00f3n cultural comunitaria, levantar un diagn\u00f3stico del estado del sector cultural en este terreno y dar una fuerte se\u00f1al en el campo de la asociatividad de los gestores, que esperamos se traduzca en sentar las bases de la <span style=\"font-weight: bold;\">Red Nacional de Gestores Culturales<\/span>, una instancia que la misma realidad viene demostrando que hace falta en nuestro pa\u00eds. Si eso se da, ser\u00eda un avance muy significativo.  \u00bfHay un tema central que interese discutir en este encuentro?  &#8211; La convocatoria en ese sentido es muy clara en relaci\u00f3n con que lo que se busca es inaugurar un debate nacional respecto del desarrollo de la pol\u00edtica cultural chilena y estimular el incremento de la asociatividad de los gestores culturales.  \u00bfPor qu\u00e9?  &#8211; Esto es muy relevante sobretodo si se considera que la gesti\u00f3n cultural comunitaria constituye el sector m\u00e1s numeroso del campo de la gesti\u00f3n cultural chilena y, parad\u00f3jicamente, no cuenta con una instancia que la agrupe y represente. Si bien es cierto, esto \u00faltimo es parte de un proceso de maduraci\u00f3n que tomar\u00e1 su tiempo, es fundamental para que este sector formule sus propuestas y se integre activamente al proceso de construcci\u00f3n de nuestra institucionalidad cultural. En el caso de la pol\u00edtica, lo central desde mi punto de vista es generar las condiciones para que este proceso sea todo lo inclusivo y participativo que el caso amerita.  \u00bfHay invitados, nacionales o internacionales, que te interese destacar?  &#8211; Con la convocatoria al evento se ha dado algo muy especial que nos tiene muy contentos, y es la gran aceptaci\u00f3n que ha tenido el evento tanto en Chile como en el exterior, lo que de alg\u00fan modo nos dice que vamos por el camino correcto. En marzo tuvimos la oportunidad de participar en el VI Campus Euroamericano de Cooperaci\u00f3n Cultural realizado en Buenos Aires, donde compartimos con compa\u00f1eros de diversos pa\u00edses de Am\u00e9rica Latina y Europa, encontrando gran aceptaci\u00f3n e inter\u00e9s en participar. Desde all\u00ed y junto al trabajo de socializaci\u00f3n de la convocatoria con las redes de la Escuela, hemos recibido adhesiones y solicitud de invitaciones de Argentina, Bolivia, Per\u00fa, Uruguay, Paraguay, Ecuador, Colombia, M\u00e9xico y Espa\u00f1a. Actualmente nos encontramos en proceso de confirmar algunas personalidades a quienes hemos cursado invitaciones especiales para participar mediante conferencias y talleres. Nos hemos propuesto inaugurar el encuentro con un panel de car\u00e1cter internacional de primer nivel en la idea de generar un debate que recoja las reflexiones que en diversos pa\u00edses de Am\u00e9rica Latina se vienen llevando a cabo acerca de la gesti\u00f3n cultural, que permitan problematizarla, en el marco de lo que creemos fundamental, que es la apertura del debate en Chile respecto de las pol\u00edticas culturales de cara al bicentenario.  En el <a href=\"http:\/\/encuentronacionaldegestores.wordpress.com\/\">blog de la Escuela de Gestores y Animadores Culturales<\/a> hay una frase que dice \u201c\u00a1Fortaleciendo la asociatividad para una nueva gesti\u00f3n cultural!\u201d \u00bfCu\u00e1l es esa nueva gesti\u00f3n cultural? \u00bfEs precisamente el encuentro programado una plataforma para trabajar esta nueva gesti\u00f3n?  &#8211; Claro. Creemos que la experiencia desarrollada a la fecha en el campo de la gesti\u00f3n cultural amerita una discusi\u00f3n profunda respecto de este quehacer que desde diversos espacios, tanto institucionales como desde la sociedad civil, se est\u00e1n desarrollando en Chile. La gesti\u00f3n se ha popularizado al punto de que en cultura pareciera que todo es gesti\u00f3n dejando de lado el sentido, el que, creo, debe ser el coraz\u00f3n del quehacer cultural. Me asiste la convicci\u00f3n que en Chile, como sucede en otros pa\u00edses, existen miles de experiencias que se reconocen en la gesti\u00f3n cultural, que trabajan a diario en los territorios, pero que son invisibles para \u201cotro tipo de gesti\u00f3n cultural\u201d, una institucionalizada, que de com\u00fan no advierte la existencia de este tipo de experiencias, o simplemente las ignora. Se ha popularizado la noci\u00f3n de gestor cultural como un t\u00e9cnico que se ocupa de la formulaci\u00f3n de proyectos, lo que no hace m\u00e1s que limitar y desvirtuar la labor de un gestor cultural que en el marco del escenario cultural chileno debiese orientar su quehacer a la generaci\u00f3n de sentidos, espacios de expresi\u00f3n, participaci\u00f3n en funci\u00f3n de prop\u00f3sitos de inter\u00e9s colectivo. En este sentido, me parece que existen razones m\u00e1s que suficientes para abrir este debate y avanzar en caracterizar la gesti\u00f3n cultural que requerimos para este momento hist\u00f3rico, sus fundamentos, herramientas, su marco \u00e9tico y pol\u00edtico, entre otros aspectos.  Suele ocurrir con los encuentros masivos que su repercusi\u00f3n es de corto alcance si no se piensa en relaci\u00f3n con otros proyectos o actividades posteriores. \u00bfCu\u00e1les ser\u00edan \u00e9stas?  &#8211; Esperamos que el debate que se realice en el contexto del encuentro sea sistematizado y devuelto a los participantes y el sector cultural en forma de una publicaci\u00f3n que de cuenta de lo que se discuta y concluya. Del mismo modo, nos interesa entregar estas conclusiones a todos los actores sociales y pol\u00edticos que tengan relaci\u00f3n con el sector cultural, y que puedan contribuir a viabilizar las propuestas que de seguro aparecer\u00e1n, tanto a nivel nacional como en el exterior, ya que los gestores chilenos deben comenzar a actuar de manera mas sistem\u00e1tica y organizada en los debates internacionales que est\u00e1n en curso.  Fuente: <a href=\"http:\/\/www.consejodelacultura.cl\/gestores\/index.php?page=articulo&amp;articulo=7676\">Consejo Nacional de la Cultura y las Artes<\/a>&nbsp;<\/p>\n","protected":false},"excerpt":{"rendered":"<p>Para los d\u00edas 9, 10 y 11 de octubre en la ciudad de Santiago est\u00e1 programado un encuentro in\u00e9dito que espera congregar a todos quienes trabajan en gesti\u00f3n de la cultura. Se trata de una instancia de alcance nacional que organiza la Escuela de Gestores y Animadores Culturales, cuyos ejes de de trabajo ser\u00e1n la [&hellip;]<\/p>\n","protected":false},"author":1,"featured_media":0,"comment_status":"open","ping_status":"open","sticky":false,"template":"","format":"standard","meta":{"footnotes":""},"categories":[207],"tags":[],"class_list":["post-4645","post","type-post","status-publish","format-standard","hentry","category-gestion-cultural"],"yoast_head":"<!-- This site is optimized with the Yoast SEO plugin v25.0 - https:\/\/yoast.com\/wordpress\/plugins\/seo\/ -->\n<title>Roberto Guerra: \u201cQueremos Sentar Las Bases De Una Red Nacional De Gestores Culturales\u201d - Nuestro Bio B\u00edo<\/title>\n<meta name=\"robots\" content=\"index, follow, max-snippet:-1, max-image-preview:large, max-video-preview:-1\" \/>\n<link rel=\"canonical\" href=\"https:\/\/www.fraczinet.cl\/sitio\/2009\/09\/30\/roberto-guerra-queremos-sentar-las-bases-de-una-red-nacional-de-gestores-culturales\/\" \/>\n<meta property=\"og:locale\" content=\"es_ES\" \/>\n<meta property=\"og:type\" content=\"article\" \/>\n<meta property=\"og:title\" content=\"Roberto Guerra: \u201cQueremos Sentar Las Bases De Una Red Nacional De Gestores Culturales\u201d - Nuestro Bio B\u00edo\" \/>\n<meta property=\"og:description\" content=\"Para los d\u00edas 9, 10 y 11 de octubre en la ciudad de Santiago est\u00e1 programado un encuentro in\u00e9dito que espera congregar a todos quienes trabajan en gesti\u00f3n de la cultura. Se trata de una instancia de alcance nacional que organiza la Escuela de Gestores y Animadores Culturales, cuyos ejes de de trabajo ser\u00e1n la [&hellip;]\" \/>\n<meta property=\"og:url\" content=\"https:\/\/www.fraczinet.cl\/sitio\/2009\/09\/30\/roberto-guerra-queremos-sentar-las-bases-de-una-red-nacional-de-gestores-culturales\/\" \/>\n<meta property=\"og:site_name\" content=\"Nuestro Bio B\u00edo\" \/>\n<meta property=\"article:published_time\" content=\"2009-09-30T03:32:00+00:00\" \/>\n<meta property=\"og:image\" content=\"https:\/\/www.fraczinet.cl\/sitio\/wp-content\/uploads\/2021\/07\/bannerlogo-1.gif\" \/>\n\t<meta property=\"og:image:width\" content=\"159\" \/>\n\t<meta property=\"og:image:height\" content=\"79\" \/>\n\t<meta property=\"og:image:type\" content=\"image\/gif\" \/>\n<meta name=\"author\" content=\"admin\" \/>\n<meta name=\"twitter:card\" content=\"summary_large_image\" \/>\n<meta name=\"twitter:creator\" content=\"@nuestrobiobio\" \/>\n<meta name=\"twitter:site\" content=\"@nuestrobiobio\" \/>\n<meta name=\"twitter:label1\" content=\"Escrito por\" \/>\n\t<meta name=\"twitter:data1\" content=\"admin\" \/>\n\t<meta name=\"twitter:label2\" content=\"Tiempo de lectura\" \/>\n\t<meta name=\"twitter:data2\" content=\"11 minutos\" \/>\n<script type=\"application\/ld+json\" class=\"yoast-schema-graph\">{\"@context\":\"https:\/\/schema.org\",\"@graph\":[{\"@type\":\"Article\",\"@id\":\"https:\/\/www.fraczinet.cl\/sitio\/2009\/09\/30\/roberto-guerra-queremos-sentar-las-bases-de-una-red-nacional-de-gestores-culturales\/#article\",\"isPartOf\":{\"@id\":\"https:\/\/www.fraczinet.cl\/sitio\/2009\/09\/30\/roberto-guerra-queremos-sentar-las-bases-de-una-red-nacional-de-gestores-culturales\/\"},\"author\":{\"name\":\"admin\",\"@id\":\"https:\/\/www.fraczinet.cl\/sitio\/#\/schema\/person\/bc30f98e9cb10ae7e119dbe14bc93784\"},\"headline\":\"Roberto Guerra: \u201cQueremos Sentar Las Bases De Una Red Nacional De Gestores Culturales\u201d\",\"datePublished\":\"2009-09-30T03:32:00+00:00\",\"mainEntityOfPage\":{\"@id\":\"https:\/\/www.fraczinet.cl\/sitio\/2009\/09\/30\/roberto-guerra-queremos-sentar-las-bases-de-una-red-nacional-de-gestores-culturales\/\"},\"wordCount\":2175,\"commentCount\":0,\"publisher\":{\"@id\":\"https:\/\/www.fraczinet.cl\/sitio\/#\/schema\/person\/aec8ee4da68df2b9b0eefdad24a0d582\"},\"articleSection\":[\"Gesti\u00f3n Cultural\"],\"inLanguage\":\"es\",\"potentialAction\":[{\"@type\":\"CommentAction\",\"name\":\"Comment\",\"target\":[\"https:\/\/www.fraczinet.cl\/sitio\/2009\/09\/30\/roberto-guerra-queremos-sentar-las-bases-de-una-red-nacional-de-gestores-culturales\/#respond\"]}]},{\"@type\":\"WebPage\",\"@id\":\"https:\/\/www.fraczinet.cl\/sitio\/2009\/09\/30\/roberto-guerra-queremos-sentar-las-bases-de-una-red-nacional-de-gestores-culturales\/\",\"url\":\"https:\/\/www.fraczinet.cl\/sitio\/2009\/09\/30\/roberto-guerra-queremos-sentar-las-bases-de-una-red-nacional-de-gestores-culturales\/\",\"name\":\"Roberto Guerra: \u201cQueremos Sentar Las Bases De Una Red Nacional De Gestores Culturales\u201d - Nuestro Bio B\u00edo\",\"isPartOf\":{\"@id\":\"https:\/\/www.fraczinet.cl\/sitio\/#website\"},\"datePublished\":\"2009-09-30T03:32:00+00:00\",\"breadcrumb\":{\"@id\":\"https:\/\/www.fraczinet.cl\/sitio\/2009\/09\/30\/roberto-guerra-queremos-sentar-las-bases-de-una-red-nacional-de-gestores-culturales\/#breadcrumb\"},\"inLanguage\":\"es\",\"potentialAction\":[{\"@type\":\"ReadAction\",\"target\":[\"https:\/\/www.fraczinet.cl\/sitio\/2009\/09\/30\/roberto-guerra-queremos-sentar-las-bases-de-una-red-nacional-de-gestores-culturales\/\"]}]},{\"@type\":\"BreadcrumbList\",\"@id\":\"https:\/\/www.fraczinet.cl\/sitio\/2009\/09\/30\/roberto-guerra-queremos-sentar-las-bases-de-una-red-nacional-de-gestores-culturales\/#breadcrumb\",\"itemListElement\":[{\"@type\":\"ListItem\",\"position\":1,\"name\":\"Portada\",\"item\":\"https:\/\/www.fraczinet.cl\/sitio\/\"},{\"@type\":\"ListItem\",\"position\":2,\"name\":\"Roberto Guerra: \u201cQueremos Sentar Las Bases De Una Red Nacional De Gestores Culturales\u201d\"}]},{\"@type\":\"WebSite\",\"@id\":\"https:\/\/www.fraczinet.cl\/sitio\/#website\",\"url\":\"https:\/\/www.fraczinet.cl\/sitio\/\",\"name\":\"Nuestro Bio B\u00edo\",\"description\":\"Tierra de Encuentros\",\"publisher\":{\"@id\":\"https:\/\/www.fraczinet.cl\/sitio\/#\/schema\/person\/aec8ee4da68df2b9b0eefdad24a0d582\"},\"potentialAction\":[{\"@type\":\"SearchAction\",\"target\":{\"@type\":\"EntryPoint\",\"urlTemplate\":\"https:\/\/www.fraczinet.cl\/sitio\/?s={search_term_string}\"},\"query-input\":{\"@type\":\"PropertyValueSpecification\",\"valueRequired\":true,\"valueName\":\"search_term_string\"}}],\"inLanguage\":\"es\"},{\"@type\":[\"Person\",\"Organization\"],\"@id\":\"https:\/\/www.fraczinet.cl\/sitio\/#\/schema\/person\/aec8ee4da68df2b9b0eefdad24a0d582\",\"name\":\"Luis Fernando Fraczinet\",\"image\":{\"@type\":\"ImageObject\",\"inLanguage\":\"es\",\"@id\":\"https:\/\/www.fraczinet.cl\/sitio\/#\/schema\/person\/image\/\",\"url\":\"https:\/\/www.fraczinet.cl\/sitio\/wp-content\/uploads\/2021\/07\/bannerlogo-1.gif\",\"contentUrl\":\"https:\/\/www.fraczinet.cl\/sitio\/wp-content\/uploads\/2021\/07\/bannerlogo-1.gif\",\"width\":159,\"height\":79,\"caption\":\"Luis Fernando Fraczinet\"},\"logo\":{\"@id\":\"https:\/\/www.fraczinet.cl\/sitio\/#\/schema\/person\/image\/\"},\"sameAs\":[\"https:\/\/www.fraczinet.cl\/sitio\/\"]},{\"@type\":\"Person\",\"@id\":\"https:\/\/www.fraczinet.cl\/sitio\/#\/schema\/person\/bc30f98e9cb10ae7e119dbe14bc93784\",\"name\":\"admin\",\"image\":{\"@type\":\"ImageObject\",\"inLanguage\":\"es\",\"@id\":\"https:\/\/www.fraczinet.cl\/sitio\/#\/schema\/person\/image\/\",\"url\":\"https:\/\/secure.gravatar.com\/avatar\/d5ad3cf7ef3b23a2bb5be73be780c86b2fc8545c3ad6b149f3913ff458c00099?s=96&d=mm&r=g\",\"contentUrl\":\"https:\/\/secure.gravatar.com\/avatar\/d5ad3cf7ef3b23a2bb5be73be780c86b2fc8545c3ad6b149f3913ff458c00099?s=96&d=mm&r=g\",\"caption\":\"admin\"},\"sameAs\":[\"https:\/\/www.fraczinet.cl\/sitio\"]}]}<\/script>\n<!-- \/ Yoast SEO plugin. -->","yoast_head_json":{"title":"Roberto Guerra: \u201cQueremos Sentar Las Bases De Una Red Nacional De Gestores Culturales\u201d - Nuestro Bio B\u00edo","robots":{"index":"index","follow":"follow","max-snippet":"max-snippet:-1","max-image-preview":"max-image-preview:large","max-video-preview":"max-video-preview:-1"},"canonical":"https:\/\/www.fraczinet.cl\/sitio\/2009\/09\/30\/roberto-guerra-queremos-sentar-las-bases-de-una-red-nacional-de-gestores-culturales\/","og_locale":"es_ES","og_type":"article","og_title":"Roberto Guerra: \u201cQueremos Sentar Las Bases De Una Red Nacional De Gestores Culturales\u201d - Nuestro Bio B\u00edo","og_description":"Para los d\u00edas 9, 10 y 11 de octubre en la ciudad de Santiago est\u00e1 programado un encuentro in\u00e9dito que espera congregar a todos quienes trabajan en gesti\u00f3n de la cultura. Se trata de una instancia de alcance nacional que organiza la Escuela de Gestores y Animadores Culturales, cuyos ejes de de trabajo ser\u00e1n la [&hellip;]","og_url":"https:\/\/www.fraczinet.cl\/sitio\/2009\/09\/30\/roberto-guerra-queremos-sentar-las-bases-de-una-red-nacional-de-gestores-culturales\/","og_site_name":"Nuestro Bio B\u00edo","article_published_time":"2009-09-30T03:32:00+00:00","og_image":[{"width":159,"height":79,"url":"https:\/\/www.fraczinet.cl\/sitio\/wp-content\/uploads\/2021\/07\/bannerlogo-1.gif","type":"image\/gif"}],"author":"admin","twitter_card":"summary_large_image","twitter_creator":"@nuestrobiobio","twitter_site":"@nuestrobiobio","twitter_misc":{"Escrito por":"admin","Tiempo de lectura":"11 minutos"},"schema":{"@context":"https:\/\/schema.org","@graph":[{"@type":"Article","@id":"https:\/\/www.fraczinet.cl\/sitio\/2009\/09\/30\/roberto-guerra-queremos-sentar-las-bases-de-una-red-nacional-de-gestores-culturales\/#article","isPartOf":{"@id":"https:\/\/www.fraczinet.cl\/sitio\/2009\/09\/30\/roberto-guerra-queremos-sentar-las-bases-de-una-red-nacional-de-gestores-culturales\/"},"author":{"name":"admin","@id":"https:\/\/www.fraczinet.cl\/sitio\/#\/schema\/person\/bc30f98e9cb10ae7e119dbe14bc93784"},"headline":"Roberto Guerra: \u201cQueremos Sentar Las Bases De Una Red Nacional De Gestores Culturales\u201d","datePublished":"2009-09-30T03:32:00+00:00","mainEntityOfPage":{"@id":"https:\/\/www.fraczinet.cl\/sitio\/2009\/09\/30\/roberto-guerra-queremos-sentar-las-bases-de-una-red-nacional-de-gestores-culturales\/"},"wordCount":2175,"commentCount":0,"publisher":{"@id":"https:\/\/www.fraczinet.cl\/sitio\/#\/schema\/person\/aec8ee4da68df2b9b0eefdad24a0d582"},"articleSection":["Gesti\u00f3n Cultural"],"inLanguage":"es","potentialAction":[{"@type":"CommentAction","name":"Comment","target":["https:\/\/www.fraczinet.cl\/sitio\/2009\/09\/30\/roberto-guerra-queremos-sentar-las-bases-de-una-red-nacional-de-gestores-culturales\/#respond"]}]},{"@type":"WebPage","@id":"https:\/\/www.fraczinet.cl\/sitio\/2009\/09\/30\/roberto-guerra-queremos-sentar-las-bases-de-una-red-nacional-de-gestores-culturales\/","url":"https:\/\/www.fraczinet.cl\/sitio\/2009\/09\/30\/roberto-guerra-queremos-sentar-las-bases-de-una-red-nacional-de-gestores-culturales\/","name":"Roberto Guerra: \u201cQueremos Sentar Las Bases De Una Red Nacional De Gestores Culturales\u201d - Nuestro Bio B\u00edo","isPartOf":{"@id":"https:\/\/www.fraczinet.cl\/sitio\/#website"},"datePublished":"2009-09-30T03:32:00+00:00","breadcrumb":{"@id":"https:\/\/www.fraczinet.cl\/sitio\/2009\/09\/30\/roberto-guerra-queremos-sentar-las-bases-de-una-red-nacional-de-gestores-culturales\/#breadcrumb"},"inLanguage":"es","potentialAction":[{"@type":"ReadAction","target":["https:\/\/www.fraczinet.cl\/sitio\/2009\/09\/30\/roberto-guerra-queremos-sentar-las-bases-de-una-red-nacional-de-gestores-culturales\/"]}]},{"@type":"BreadcrumbList","@id":"https:\/\/www.fraczinet.cl\/sitio\/2009\/09\/30\/roberto-guerra-queremos-sentar-las-bases-de-una-red-nacional-de-gestores-culturales\/#breadcrumb","itemListElement":[{"@type":"ListItem","position":1,"name":"Portada","item":"https:\/\/www.fraczinet.cl\/sitio\/"},{"@type":"ListItem","position":2,"name":"Roberto Guerra: \u201cQueremos Sentar Las Bases De Una Red Nacional De Gestores Culturales\u201d"}]},{"@type":"WebSite","@id":"https:\/\/www.fraczinet.cl\/sitio\/#website","url":"https:\/\/www.fraczinet.cl\/sitio\/","name":"Nuestro Bio B\u00edo","description":"Tierra de Encuentros","publisher":{"@id":"https:\/\/www.fraczinet.cl\/sitio\/#\/schema\/person\/aec8ee4da68df2b9b0eefdad24a0d582"},"potentialAction":[{"@type":"SearchAction","target":{"@type":"EntryPoint","urlTemplate":"https:\/\/www.fraczinet.cl\/sitio\/?s={search_term_string}"},"query-input":{"@type":"PropertyValueSpecification","valueRequired":true,"valueName":"search_term_string"}}],"inLanguage":"es"},{"@type":["Person","Organization"],"@id":"https:\/\/www.fraczinet.cl\/sitio\/#\/schema\/person\/aec8ee4da68df2b9b0eefdad24a0d582","name":"Luis Fernando Fraczinet","image":{"@type":"ImageObject","inLanguage":"es","@id":"https:\/\/www.fraczinet.cl\/sitio\/#\/schema\/person\/image\/","url":"https:\/\/www.fraczinet.cl\/sitio\/wp-content\/uploads\/2021\/07\/bannerlogo-1.gif","contentUrl":"https:\/\/www.fraczinet.cl\/sitio\/wp-content\/uploads\/2021\/07\/bannerlogo-1.gif","width":159,"height":79,"caption":"Luis Fernando Fraczinet"},"logo":{"@id":"https:\/\/www.fraczinet.cl\/sitio\/#\/schema\/person\/image\/"},"sameAs":["https:\/\/www.fraczinet.cl\/sitio\/"]},{"@type":"Person","@id":"https:\/\/www.fraczinet.cl\/sitio\/#\/schema\/person\/bc30f98e9cb10ae7e119dbe14bc93784","name":"admin","image":{"@type":"ImageObject","inLanguage":"es","@id":"https:\/\/www.fraczinet.cl\/sitio\/#\/schema\/person\/image\/","url":"https:\/\/secure.gravatar.com\/avatar\/d5ad3cf7ef3b23a2bb5be73be780c86b2fc8545c3ad6b149f3913ff458c00099?s=96&d=mm&r=g","contentUrl":"https:\/\/secure.gravatar.com\/avatar\/d5ad3cf7ef3b23a2bb5be73be780c86b2fc8545c3ad6b149f3913ff458c00099?s=96&d=mm&r=g","caption":"admin"},"sameAs":["https:\/\/www.fraczinet.cl\/sitio"]}]}},"_links":{"self":[{"href":"https:\/\/www.fraczinet.cl\/sitio\/wp-json\/wp\/v2\/posts\/4645","targetHints":{"allow":["GET"]}}],"collection":[{"href":"https:\/\/www.fraczinet.cl\/sitio\/wp-json\/wp\/v2\/posts"}],"about":[{"href":"https:\/\/www.fraczinet.cl\/sitio\/wp-json\/wp\/v2\/types\/post"}],"author":[{"embeddable":true,"href":"https:\/\/www.fraczinet.cl\/sitio\/wp-json\/wp\/v2\/users\/1"}],"replies":[{"embeddable":true,"href":"https:\/\/www.fraczinet.cl\/sitio\/wp-json\/wp\/v2\/comments?post=4645"}],"version-history":[{"count":0,"href":"https:\/\/www.fraczinet.cl\/sitio\/wp-json\/wp\/v2\/posts\/4645\/revisions"}],"wp:attachment":[{"href":"https:\/\/www.fraczinet.cl\/sitio\/wp-json\/wp\/v2\/media?parent=4645"}],"wp:term":[{"taxonomy":"category","embeddable":true,"href":"https:\/\/www.fraczinet.cl\/sitio\/wp-json\/wp\/v2\/categories?post=4645"},{"taxonomy":"post_tag","embeddable":true,"href":"https:\/\/www.fraczinet.cl\/sitio\/wp-json\/wp\/v2\/tags?post=4645"}],"curies":[{"name":"wp","href":"https:\/\/api.w.org\/{rel}","templated":true}]}}