{"id":4646,"date":"2009-09-30T02:27:00","date_gmt":"2009-09-30T02:27:00","guid":{"rendered":"https:\/\/www.fraczinet.cl\/sitio\/2009\/09\/30\/tres-ponencias-de-la-region-seran-los-representantes-al-encuentro-nacional-de-gestores-y-animadores-culturales\/"},"modified":"2009-09-30T02:27:00","modified_gmt":"2009-09-30T02:27:00","slug":"tres-ponencias-de-la-region-seran-los-representantes-al-encuentro-nacional-de-gestores-y-animadores-culturales","status":"publish","type":"post","link":"https:\/\/www.fraczinet.cl\/sitio\/2009\/09\/30\/tres-ponencias-de-la-region-seran-los-representantes-al-encuentro-nacional-de-gestores-y-animadores-culturales\/","title":{"rendered":"Tres Ponencias de la Regi\u00f3n Ser\u00e1n Los Representantes Al Encuentro Nacional De Gestores Y Animadores Culturales"},"content":{"rendered":"<p>El Primer Encuentro Nacional de Gestores y Animadores Culturales que se realizar\u00e1 en Santiago desde el 9 al 11 de octubre, contar\u00e1 con representantes de Colombia, Uruguay, Espa\u00f1a, Argentina, el Ministro de Culturas de Per\u00fa entre otras autoridades. Adem\u00e1s de las presentaciones, la Regi\u00f3n del Bio B\u00edo se har\u00e1 part\u00edcipe de la discusi\u00f3n con las propuestas que fueron desarrolladas en los encuentros regionales realizados en Chill\u00e1n (28 de agosto) y en Concepci\u00f3n (25 de septiembre).  Habr\u00e1n 10 paneles, 3 Mesas de trabajo, 31 Ponencias, 11 Muestras de Experiencias,  y 6 Talleres. Destaca la realizaci\u00f3n de la \u201cFeria de la Cultura\u00bb Exposici\u00f3n de artesanos e instituciones, con la presentaci\u00f3n art\u00edstica de Sandra Amaya (Argentina) y Carmen Prieto (Bolerista), as\u00ed como del charanguista Freddy Torrealba y danza con Fantas\u00eda Boliviana, el Grupo Amina desde Puerto Montt, y una muestra teatral a cargo del grupos de mujeres \u00abCentro Contigo Mujer\u201d de Valdivia, entre las expresiones art\u00edsticas que se desarrollar\u00e1n durante el encuentro.  Las ponencias de la regi\u00f3n que se presentar\u00e1n en este encuentro son:&nbsp;<\/p>\n<div><\/div>\n<div>&nbsp;1.- \u201cGesti\u00f3n cultural y participaci\u00f3n ciudadana, nuevas maneras de abordar la participaci\u00f3n en la gesti\u00f3n cultural de las organizaciones p\u00fablicas y privadas\u201d por parte del Centro Art\u00edstico y Cultural V\u00edctor Jara de Chill\u00e1n, expondr\u00e1 Estrella Monroy.&nbsp;<\/p>\n<div><\/div>\n<div>&nbsp;2.- \u201cROJOALCUBO, Iniciativa de puesta en valor del patrimonio arquitect\u00f3nico\u201d. Cristian Tapia, Arquitecto, Erwin Brevis Vergara, Arquitectos, ROJOALCUBO. Invitados: Representante de la I. Municipalidad de Concepci\u00f3n. representante de la Escuela de Arquitectura de la Universidad de Concepci\u00f3n, representante de la Escuela de Arquitectura de la Universidad del Bio B\u00edo.&nbsp;<\/p>\n<div><\/div>\n<div>&nbsp;3.- Nuestro Bio B\u00edo Tierra de Encuentros, Una Experiencia Familiar. Luis Fraczinet Ch\u00e1vez  M\u00e1s informaci\u00f3n en <a href=\"http:\/\/www.egac.cl\/\">www.egac.cl<\/a> <a href=\"http:\/\/2.bp.blogspot.com\/_2S_RxGRVjis\/SsLC5GW9QcI\/AAAAAAAALy4\/9F06IcQw6n8\/s1600-h\/egac.gif\"><img decoding=\"async\" alt=\"\" border=\"0\" id=\"BLOGGER_PHOTO_ID_5387082390503768514\" src=\"http:\/\/2.bp.blogspot.com\/_2S_RxGRVjis\/SsLC5GW9QcI\/AAAAAAAALy4\/9F06IcQw6n8\/s200\/egac.gif\" style=\"cursor: pointer; float: left; height: 137px; margin: 0px 10px 10px 0px; width: 159px;\" \/><\/a><\/div>\n<\/div>\n<\/div>\n","protected":false},"excerpt":{"rendered":"<p>El Primer Encuentro Nacional de Gestores y Animadores Culturales que se realizar\u00e1 en Santiago desde el 9 al 11 de octubre, contar\u00e1 con representantes de Colombia, Uruguay, Espa\u00f1a, Argentina, el Ministro de Culturas de Per\u00fa entre otras autoridades. Adem\u00e1s de las presentaciones, la Regi\u00f3n del Bio B\u00edo se har\u00e1 part\u00edcipe de la discusi\u00f3n con las [&hellip;]<\/p>\n","protected":false},"author":1,"featured_media":0,"comment_status":"open","ping_status":"open","sticky":false,"template":"","format":"standard","meta":{"footnotes":""},"categories":[196,207],"tags":[],"class_list":["post-4646","post","type-post","status-publish","format-standard","hentry","category-congresos","category-gestion-cultural"],"yoast_head":"<!-- This site is optimized with the Yoast SEO plugin v25.0 - https:\/\/yoast.com\/wordpress\/plugins\/seo\/ -->\n<title>Tres Ponencias de la Regi\u00f3n Ser\u00e1n Los Representantes Al Encuentro Nacional De Gestores Y Animadores Culturales - Nuestro Bio B\u00edo<\/title>\n<meta name=\"robots\" content=\"index, follow, max-snippet:-1, max-image-preview:large, max-video-preview:-1\" \/>\n<link rel=\"canonical\" href=\"https:\/\/www.fraczinet.cl\/sitio\/2009\/09\/30\/tres-ponencias-de-la-region-seran-los-representantes-al-encuentro-nacional-de-gestores-y-animadores-culturales\/\" \/>\n<meta property=\"og:locale\" content=\"es_ES\" \/>\n<meta property=\"og:type\" content=\"article\" \/>\n<meta property=\"og:title\" content=\"Tres Ponencias de la Regi\u00f3n Ser\u00e1n Los Representantes Al Encuentro Nacional De Gestores Y Animadores Culturales - Nuestro Bio B\u00edo\" \/>\n<meta property=\"og:description\" content=\"El Primer Encuentro Nacional de Gestores y Animadores Culturales que se realizar\u00e1 en Santiago desde el 9 al 11 de octubre, contar\u00e1 con representantes de Colombia, Uruguay, Espa\u00f1a, Argentina, el Ministro de Culturas de Per\u00fa entre otras autoridades. Adem\u00e1s de las presentaciones, la Regi\u00f3n del Bio B\u00edo se har\u00e1 part\u00edcipe de la discusi\u00f3n con las [&hellip;]\" \/>\n<meta property=\"og:url\" content=\"https:\/\/www.fraczinet.cl\/sitio\/2009\/09\/30\/tres-ponencias-de-la-region-seran-los-representantes-al-encuentro-nacional-de-gestores-y-animadores-culturales\/\" \/>\n<meta property=\"og:site_name\" content=\"Nuestro Bio B\u00edo\" \/>\n<meta property=\"article:published_time\" content=\"2009-09-30T02:27:00+00:00\" \/>\n<meta property=\"og:image\" content=\"http:\/\/2.bp.blogspot.com\/_2S_RxGRVjis\/SsLC5GW9QcI\/AAAAAAAALy4\/9F06IcQw6n8\/s200\/egac.gif\" \/>\n<meta name=\"author\" content=\"admin\" \/>\n<meta name=\"twitter:card\" content=\"summary_large_image\" \/>\n<meta name=\"twitter:creator\" content=\"@nuestrobiobio\" \/>\n<meta name=\"twitter:site\" content=\"@nuestrobiobio\" \/>\n<meta name=\"twitter:label1\" content=\"Escrito por\" \/>\n\t<meta name=\"twitter:data1\" content=\"admin\" \/>\n\t<meta name=\"twitter:label2\" content=\"Tiempo de lectura\" \/>\n\t<meta name=\"twitter:data2\" content=\"2 minutos\" \/>\n<script type=\"application\/ld+json\" class=\"yoast-schema-graph\">{\"@context\":\"https:\/\/schema.org\",\"@graph\":[{\"@type\":\"Article\",\"@id\":\"https:\/\/www.fraczinet.cl\/sitio\/2009\/09\/30\/tres-ponencias-de-la-region-seran-los-representantes-al-encuentro-nacional-de-gestores-y-animadores-culturales\/#article\",\"isPartOf\":{\"@id\":\"https:\/\/www.fraczinet.cl\/sitio\/2009\/09\/30\/tres-ponencias-de-la-region-seran-los-representantes-al-encuentro-nacional-de-gestores-y-animadores-culturales\/\"},\"author\":{\"name\":\"admin\",\"@id\":\"https:\/\/www.fraczinet.cl\/sitio\/#\/schema\/person\/bc30f98e9cb10ae7e119dbe14bc93784\"},\"headline\":\"Tres Ponencias de la Regi\u00f3n Ser\u00e1n Los Representantes Al Encuentro Nacional De Gestores Y Animadores Culturales\",\"datePublished\":\"2009-09-30T02:27:00+00:00\",\"mainEntityOfPage\":{\"@id\":\"https:\/\/www.fraczinet.cl\/sitio\/2009\/09\/30\/tres-ponencias-de-la-region-seran-los-representantes-al-encuentro-nacional-de-gestores-y-animadores-culturales\/\"},\"wordCount\":324,\"commentCount\":0,\"publisher\":{\"@id\":\"https:\/\/www.fraczinet.cl\/sitio\/#\/schema\/person\/aec8ee4da68df2b9b0eefdad24a0d582\"},\"image\":{\"@id\":\"https:\/\/www.fraczinet.cl\/sitio\/2009\/09\/30\/tres-ponencias-de-la-region-seran-los-representantes-al-encuentro-nacional-de-gestores-y-animadores-culturales\/#primaryimage\"},\"thumbnailUrl\":\"http:\/\/2.bp.blogspot.com\/_2S_RxGRVjis\/SsLC5GW9QcI\/AAAAAAAALy4\/9F06IcQw6n8\/s200\/egac.gif\",\"articleSection\":[\"Congresos\",\"Gesti\u00f3n Cultural\"],\"inLanguage\":\"es\",\"potentialAction\":[{\"@type\":\"CommentAction\",\"name\":\"Comment\",\"target\":[\"https:\/\/www.fraczinet.cl\/sitio\/2009\/09\/30\/tres-ponencias-de-la-region-seran-los-representantes-al-encuentro-nacional-de-gestores-y-animadores-culturales\/#respond\"]}]},{\"@type\":\"WebPage\",\"@id\":\"https:\/\/www.fraczinet.cl\/sitio\/2009\/09\/30\/tres-ponencias-de-la-region-seran-los-representantes-al-encuentro-nacional-de-gestores-y-animadores-culturales\/\",\"url\":\"https:\/\/www.fraczinet.cl\/sitio\/2009\/09\/30\/tres-ponencias-de-la-region-seran-los-representantes-al-encuentro-nacional-de-gestores-y-animadores-culturales\/\",\"name\":\"Tres Ponencias de la Regi\u00f3n Ser\u00e1n Los Representantes Al Encuentro Nacional De Gestores Y Animadores Culturales - Nuestro Bio B\u00edo\",\"isPartOf\":{\"@id\":\"https:\/\/www.fraczinet.cl\/sitio\/#website\"},\"primaryImageOfPage\":{\"@id\":\"https:\/\/www.fraczinet.cl\/sitio\/2009\/09\/30\/tres-ponencias-de-la-region-seran-los-representantes-al-encuentro-nacional-de-gestores-y-animadores-culturales\/#primaryimage\"},\"image\":{\"@id\":\"https:\/\/www.fraczinet.cl\/sitio\/2009\/09\/30\/tres-ponencias-de-la-region-seran-los-representantes-al-encuentro-nacional-de-gestores-y-animadores-culturales\/#primaryimage\"},\"thumbnailUrl\":\"http:\/\/2.bp.blogspot.com\/_2S_RxGRVjis\/SsLC5GW9QcI\/AAAAAAAALy4\/9F06IcQw6n8\/s200\/egac.gif\",\"datePublished\":\"2009-09-30T02:27:00+00:00\",\"breadcrumb\":{\"@id\":\"https:\/\/www.fraczinet.cl\/sitio\/2009\/09\/30\/tres-ponencias-de-la-region-seran-los-representantes-al-encuentro-nacional-de-gestores-y-animadores-culturales\/#breadcrumb\"},\"inLanguage\":\"es\",\"potentialAction\":[{\"@type\":\"ReadAction\",\"target\":[\"https:\/\/www.fraczinet.cl\/sitio\/2009\/09\/30\/tres-ponencias-de-la-region-seran-los-representantes-al-encuentro-nacional-de-gestores-y-animadores-culturales\/\"]}]},{\"@type\":\"ImageObject\",\"inLanguage\":\"es\",\"@id\":\"https:\/\/www.fraczinet.cl\/sitio\/2009\/09\/30\/tres-ponencias-de-la-region-seran-los-representantes-al-encuentro-nacional-de-gestores-y-animadores-culturales\/#primaryimage\",\"url\":\"http:\/\/2.bp.blogspot.com\/_2S_RxGRVjis\/SsLC5GW9QcI\/AAAAAAAALy4\/9F06IcQw6n8\/s200\/egac.gif\",\"contentUrl\":\"http:\/\/2.bp.blogspot.com\/_2S_RxGRVjis\/SsLC5GW9QcI\/AAAAAAAALy4\/9F06IcQw6n8\/s200\/egac.gif\"},{\"@type\":\"BreadcrumbList\",\"@id\":\"https:\/\/www.fraczinet.cl\/sitio\/2009\/09\/30\/tres-ponencias-de-la-region-seran-los-representantes-al-encuentro-nacional-de-gestores-y-animadores-culturales\/#breadcrumb\",\"itemListElement\":[{\"@type\":\"ListItem\",\"position\":1,\"name\":\"Portada\",\"item\":\"https:\/\/www.fraczinet.cl\/sitio\/\"},{\"@type\":\"ListItem\",\"position\":2,\"name\":\"Tres Ponencias de la Regi\u00f3n Ser\u00e1n Los Representantes Al Encuentro Nacional De Gestores Y Animadores Culturales\"}]},{\"@type\":\"WebSite\",\"@id\":\"https:\/\/www.fraczinet.cl\/sitio\/#website\",\"url\":\"https:\/\/www.fraczinet.cl\/sitio\/\",\"name\":\"Nuestro Bio B\u00edo\",\"description\":\"Tierra de Encuentros\",\"publisher\":{\"@id\":\"https:\/\/www.fraczinet.cl\/sitio\/#\/schema\/person\/aec8ee4da68df2b9b0eefdad24a0d582\"},\"potentialAction\":[{\"@type\":\"SearchAction\",\"target\":{\"@type\":\"EntryPoint\",\"urlTemplate\":\"https:\/\/www.fraczinet.cl\/sitio\/?s={search_term_string}\"},\"query-input\":{\"@type\":\"PropertyValueSpecification\",\"valueRequired\":true,\"valueName\":\"search_term_string\"}}],\"inLanguage\":\"es\"},{\"@type\":[\"Person\",\"Organization\"],\"@id\":\"https:\/\/www.fraczinet.cl\/sitio\/#\/schema\/person\/aec8ee4da68df2b9b0eefdad24a0d582\",\"name\":\"Luis Fernando Fraczinet\",\"image\":{\"@type\":\"ImageObject\",\"inLanguage\":\"es\",\"@id\":\"https:\/\/www.fraczinet.cl\/sitio\/#\/schema\/person\/image\/\",\"url\":\"https:\/\/www.fraczinet.cl\/sitio\/wp-content\/uploads\/2021\/07\/bannerlogo-1.gif\",\"contentUrl\":\"https:\/\/www.fraczinet.cl\/sitio\/wp-content\/uploads\/2021\/07\/bannerlogo-1.gif\",\"width\":159,\"height\":79,\"caption\":\"Luis Fernando Fraczinet\"},\"logo\":{\"@id\":\"https:\/\/www.fraczinet.cl\/sitio\/#\/schema\/person\/image\/\"},\"sameAs\":[\"https:\/\/www.fraczinet.cl\/sitio\/\"]},{\"@type\":\"Person\",\"@id\":\"https:\/\/www.fraczinet.cl\/sitio\/#\/schema\/person\/bc30f98e9cb10ae7e119dbe14bc93784\",\"name\":\"admin\",\"image\":{\"@type\":\"ImageObject\",\"inLanguage\":\"es\",\"@id\":\"https:\/\/www.fraczinet.cl\/sitio\/#\/schema\/person\/image\/\",\"url\":\"https:\/\/secure.gravatar.com\/avatar\/d5ad3cf7ef3b23a2bb5be73be780c86b2fc8545c3ad6b149f3913ff458c00099?s=96&d=mm&r=g\",\"contentUrl\":\"https:\/\/secure.gravatar.com\/avatar\/d5ad3cf7ef3b23a2bb5be73be780c86b2fc8545c3ad6b149f3913ff458c00099?s=96&d=mm&r=g\",\"caption\":\"admin\"},\"sameAs\":[\"https:\/\/www.fraczinet.cl\/sitio\"]}]}<\/script>\n<!-- \/ Yoast SEO plugin. -->","yoast_head_json":{"title":"Tres Ponencias de la Regi\u00f3n Ser\u00e1n Los Representantes Al Encuentro Nacional De Gestores Y Animadores Culturales - Nuestro Bio B\u00edo","robots":{"index":"index","follow":"follow","max-snippet":"max-snippet:-1","max-image-preview":"max-image-preview:large","max-video-preview":"max-video-preview:-1"},"canonical":"https:\/\/www.fraczinet.cl\/sitio\/2009\/09\/30\/tres-ponencias-de-la-region-seran-los-representantes-al-encuentro-nacional-de-gestores-y-animadores-culturales\/","og_locale":"es_ES","og_type":"article","og_title":"Tres Ponencias de la Regi\u00f3n Ser\u00e1n Los Representantes Al Encuentro Nacional De Gestores Y Animadores Culturales - Nuestro Bio B\u00edo","og_description":"El Primer Encuentro Nacional de Gestores y Animadores Culturales que se realizar\u00e1 en Santiago desde el 9 al 11 de octubre, contar\u00e1 con representantes de Colombia, Uruguay, Espa\u00f1a, Argentina, el Ministro de Culturas de Per\u00fa entre otras autoridades. Adem\u00e1s de las presentaciones, la Regi\u00f3n del Bio B\u00edo se har\u00e1 part\u00edcipe de la discusi\u00f3n con las [&hellip;]","og_url":"https:\/\/www.fraczinet.cl\/sitio\/2009\/09\/30\/tres-ponencias-de-la-region-seran-los-representantes-al-encuentro-nacional-de-gestores-y-animadores-culturales\/","og_site_name":"Nuestro Bio B\u00edo","article_published_time":"2009-09-30T02:27:00+00:00","og_image":[{"url":"http:\/\/2.bp.blogspot.com\/_2S_RxGRVjis\/SsLC5GW9QcI\/AAAAAAAALy4\/9F06IcQw6n8\/s200\/egac.gif","type":"","width":"","height":""}],"author":"admin","twitter_card":"summary_large_image","twitter_creator":"@nuestrobiobio","twitter_site":"@nuestrobiobio","twitter_misc":{"Escrito por":"admin","Tiempo de lectura":"2 minutos"},"schema":{"@context":"https:\/\/schema.org","@graph":[{"@type":"Article","@id":"https:\/\/www.fraczinet.cl\/sitio\/2009\/09\/30\/tres-ponencias-de-la-region-seran-los-representantes-al-encuentro-nacional-de-gestores-y-animadores-culturales\/#article","isPartOf":{"@id":"https:\/\/www.fraczinet.cl\/sitio\/2009\/09\/30\/tres-ponencias-de-la-region-seran-los-representantes-al-encuentro-nacional-de-gestores-y-animadores-culturales\/"},"author":{"name":"admin","@id":"https:\/\/www.fraczinet.cl\/sitio\/#\/schema\/person\/bc30f98e9cb10ae7e119dbe14bc93784"},"headline":"Tres Ponencias de la Regi\u00f3n Ser\u00e1n Los Representantes Al Encuentro Nacional De Gestores Y Animadores Culturales","datePublished":"2009-09-30T02:27:00+00:00","mainEntityOfPage":{"@id":"https:\/\/www.fraczinet.cl\/sitio\/2009\/09\/30\/tres-ponencias-de-la-region-seran-los-representantes-al-encuentro-nacional-de-gestores-y-animadores-culturales\/"},"wordCount":324,"commentCount":0,"publisher":{"@id":"https:\/\/www.fraczinet.cl\/sitio\/#\/schema\/person\/aec8ee4da68df2b9b0eefdad24a0d582"},"image":{"@id":"https:\/\/www.fraczinet.cl\/sitio\/2009\/09\/30\/tres-ponencias-de-la-region-seran-los-representantes-al-encuentro-nacional-de-gestores-y-animadores-culturales\/#primaryimage"},"thumbnailUrl":"http:\/\/2.bp.blogspot.com\/_2S_RxGRVjis\/SsLC5GW9QcI\/AAAAAAAALy4\/9F06IcQw6n8\/s200\/egac.gif","articleSection":["Congresos","Gesti\u00f3n Cultural"],"inLanguage":"es","potentialAction":[{"@type":"CommentAction","name":"Comment","target":["https:\/\/www.fraczinet.cl\/sitio\/2009\/09\/30\/tres-ponencias-de-la-region-seran-los-representantes-al-encuentro-nacional-de-gestores-y-animadores-culturales\/#respond"]}]},{"@type":"WebPage","@id":"https:\/\/www.fraczinet.cl\/sitio\/2009\/09\/30\/tres-ponencias-de-la-region-seran-los-representantes-al-encuentro-nacional-de-gestores-y-animadores-culturales\/","url":"https:\/\/www.fraczinet.cl\/sitio\/2009\/09\/30\/tres-ponencias-de-la-region-seran-los-representantes-al-encuentro-nacional-de-gestores-y-animadores-culturales\/","name":"Tres Ponencias de la Regi\u00f3n Ser\u00e1n Los Representantes Al Encuentro Nacional De Gestores Y Animadores Culturales - Nuestro Bio B\u00edo","isPartOf":{"@id":"https:\/\/www.fraczinet.cl\/sitio\/#website"},"primaryImageOfPage":{"@id":"https:\/\/www.fraczinet.cl\/sitio\/2009\/09\/30\/tres-ponencias-de-la-region-seran-los-representantes-al-encuentro-nacional-de-gestores-y-animadores-culturales\/#primaryimage"},"image":{"@id":"https:\/\/www.fraczinet.cl\/sitio\/2009\/09\/30\/tres-ponencias-de-la-region-seran-los-representantes-al-encuentro-nacional-de-gestores-y-animadores-culturales\/#primaryimage"},"thumbnailUrl":"http:\/\/2.bp.blogspot.com\/_2S_RxGRVjis\/SsLC5GW9QcI\/AAAAAAAALy4\/9F06IcQw6n8\/s200\/egac.gif","datePublished":"2009-09-30T02:27:00+00:00","breadcrumb":{"@id":"https:\/\/www.fraczinet.cl\/sitio\/2009\/09\/30\/tres-ponencias-de-la-region-seran-los-representantes-al-encuentro-nacional-de-gestores-y-animadores-culturales\/#breadcrumb"},"inLanguage":"es","potentialAction":[{"@type":"ReadAction","target":["https:\/\/www.fraczinet.cl\/sitio\/2009\/09\/30\/tres-ponencias-de-la-region-seran-los-representantes-al-encuentro-nacional-de-gestores-y-animadores-culturales\/"]}]},{"@type":"ImageObject","inLanguage":"es","@id":"https:\/\/www.fraczinet.cl\/sitio\/2009\/09\/30\/tres-ponencias-de-la-region-seran-los-representantes-al-encuentro-nacional-de-gestores-y-animadores-culturales\/#primaryimage","url":"http:\/\/2.bp.blogspot.com\/_2S_RxGRVjis\/SsLC5GW9QcI\/AAAAAAAALy4\/9F06IcQw6n8\/s200\/egac.gif","contentUrl":"http:\/\/2.bp.blogspot.com\/_2S_RxGRVjis\/SsLC5GW9QcI\/AAAAAAAALy4\/9F06IcQw6n8\/s200\/egac.gif"},{"@type":"BreadcrumbList","@id":"https:\/\/www.fraczinet.cl\/sitio\/2009\/09\/30\/tres-ponencias-de-la-region-seran-los-representantes-al-encuentro-nacional-de-gestores-y-animadores-culturales\/#breadcrumb","itemListElement":[{"@type":"ListItem","position":1,"name":"Portada","item":"https:\/\/www.fraczinet.cl\/sitio\/"},{"@type":"ListItem","position":2,"name":"Tres Ponencias de la Regi\u00f3n Ser\u00e1n Los Representantes Al Encuentro Nacional De Gestores Y Animadores Culturales"}]},{"@type":"WebSite","@id":"https:\/\/www.fraczinet.cl\/sitio\/#website","url":"https:\/\/www.fraczinet.cl\/sitio\/","name":"Nuestro Bio B\u00edo","description":"Tierra de Encuentros","publisher":{"@id":"https:\/\/www.fraczinet.cl\/sitio\/#\/schema\/person\/aec8ee4da68df2b9b0eefdad24a0d582"},"potentialAction":[{"@type":"SearchAction","target":{"@type":"EntryPoint","urlTemplate":"https:\/\/www.fraczinet.cl\/sitio\/?s={search_term_string}"},"query-input":{"@type":"PropertyValueSpecification","valueRequired":true,"valueName":"search_term_string"}}],"inLanguage":"es"},{"@type":["Person","Organization"],"@id":"https:\/\/www.fraczinet.cl\/sitio\/#\/schema\/person\/aec8ee4da68df2b9b0eefdad24a0d582","name":"Luis Fernando Fraczinet","image":{"@type":"ImageObject","inLanguage":"es","@id":"https:\/\/www.fraczinet.cl\/sitio\/#\/schema\/person\/image\/","url":"https:\/\/www.fraczinet.cl\/sitio\/wp-content\/uploads\/2021\/07\/bannerlogo-1.gif","contentUrl":"https:\/\/www.fraczinet.cl\/sitio\/wp-content\/uploads\/2021\/07\/bannerlogo-1.gif","width":159,"height":79,"caption":"Luis Fernando Fraczinet"},"logo":{"@id":"https:\/\/www.fraczinet.cl\/sitio\/#\/schema\/person\/image\/"},"sameAs":["https:\/\/www.fraczinet.cl\/sitio\/"]},{"@type":"Person","@id":"https:\/\/www.fraczinet.cl\/sitio\/#\/schema\/person\/bc30f98e9cb10ae7e119dbe14bc93784","name":"admin","image":{"@type":"ImageObject","inLanguage":"es","@id":"https:\/\/www.fraczinet.cl\/sitio\/#\/schema\/person\/image\/","url":"https:\/\/secure.gravatar.com\/avatar\/d5ad3cf7ef3b23a2bb5be73be780c86b2fc8545c3ad6b149f3913ff458c00099?s=96&d=mm&r=g","contentUrl":"https:\/\/secure.gravatar.com\/avatar\/d5ad3cf7ef3b23a2bb5be73be780c86b2fc8545c3ad6b149f3913ff458c00099?s=96&d=mm&r=g","caption":"admin"},"sameAs":["https:\/\/www.fraczinet.cl\/sitio"]}]}},"_links":{"self":[{"href":"https:\/\/www.fraczinet.cl\/sitio\/wp-json\/wp\/v2\/posts\/4646","targetHints":{"allow":["GET"]}}],"collection":[{"href":"https:\/\/www.fraczinet.cl\/sitio\/wp-json\/wp\/v2\/posts"}],"about":[{"href":"https:\/\/www.fraczinet.cl\/sitio\/wp-json\/wp\/v2\/types\/post"}],"author":[{"embeddable":true,"href":"https:\/\/www.fraczinet.cl\/sitio\/wp-json\/wp\/v2\/users\/1"}],"replies":[{"embeddable":true,"href":"https:\/\/www.fraczinet.cl\/sitio\/wp-json\/wp\/v2\/comments?post=4646"}],"version-history":[{"count":0,"href":"https:\/\/www.fraczinet.cl\/sitio\/wp-json\/wp\/v2\/posts\/4646\/revisions"}],"wp:attachment":[{"href":"https:\/\/www.fraczinet.cl\/sitio\/wp-json\/wp\/v2\/media?parent=4646"}],"wp:term":[{"taxonomy":"category","embeddable":true,"href":"https:\/\/www.fraczinet.cl\/sitio\/wp-json\/wp\/v2\/categories?post=4646"},{"taxonomy":"post_tag","embeddable":true,"href":"https:\/\/www.fraczinet.cl\/sitio\/wp-json\/wp\/v2\/tags?post=4646"}],"curies":[{"name":"wp","href":"https:\/\/api.w.org\/{rel}","templated":true}]}}