{"id":4653,"date":"2009-09-28T16:43:00","date_gmt":"2009-09-28T16:43:00","guid":{"rendered":"https:\/\/www.fraczinet.cl\/sitio\/2009\/09\/28\/los-dos-simones-simon-bolivar-y-simon-rodriguez\/"},"modified":"2022-10-04T16:24:50","modified_gmt":"2022-10-04T16:24:50","slug":"los-dos-simones-simon-bolivar-y-simon-rodriguez","status":"publish","type":"post","link":"https:\/\/www.fraczinet.cl\/sitio\/2009\/09\/28\/los-dos-simones-simon-bolivar-y-simon-rodriguez\/","title":{"rendered":"Los Dos Simones: Sim\u00f3n Bolivar Y Sim\u00f3n Rodr\u00edguez"},"content":{"rendered":"<div style=\"text-align: justify;\">Mario Herrera Novoa, Presidente de la Corporaci\u00f3n de Monumentos Hist\u00f3ricos Nacionales de Los \u00c1ngeles, tiene el agrado de invitar a Ud. a la Tertulia \u201cDr. Wladimir S\u00e1nchez\u201d, organizada por esta corporaci\u00f3n, que se realizar\u00e1 en  el Auditorio de la Universidad Santo Tom\u00e1s, calle Lautaro  286, el d\u00eda, jueves 1de octubre a las 19 hrs. <\/div>\n<div style=\"text-align: justify;\"><\/div>\n<div style=\"text-align: justify;\">Gracias a que contamos con el profesor Ram\u00f3n Barrientos entre nuestros miembros, con largos a\u00f1os de residencia en Venezuela, es que podemos hacer llegar al p\u00fablico de Los \u00c1ngeles tem\u00e1ticas que tienen que ver con historias en com\u00fan con otros pueblos de Latinoam\u00e9rica. <\/div>\n<div style=\"text-align: justify;\"><\/div>\n<div style=\"text-align: justify;\">En esta ocasi\u00f3n el profesor Ram\u00f3n Barrientos se referir\u00e1 a la historia de \u201cLos dos Simones: Sim\u00f3n Bolivar y Sim\u00f3n Rodr\u00edguez.  Todos sabemos algo referente a Sim\u00f3n Bolivar, uno de los pr\u00f3ceres de la independencia americana.  Sim\u00f3n Rodr\u00edguez es un personaje que fue profesor y formador espiritual de Sim\u00f3n Bolivar y que vivi\u00f3 una parte de su vida en Chile, espec\u00edficamente en Valpara\u00edso, Tucapel y en Concepci\u00f3n donde lo sorprendi\u00f3 el terremoto de 1835, llamado \u201cde la ruina\u201d, oportunidad en que conoci\u00f3 a Charles Darwin. <\/div>\n<div style=\"text-align: justify;\"><\/div>\n<div style=\"text-align: justify;\">Se invita a la comunidad a participar en esta tertulia para enterarnos de la relaci\u00f3n entre estos dos personajes y de las particularices de cada uno de ellos. <\/div>\n<div style=\"text-align: justify;\"><\/div>\n<div style=\"text-align: justify;\">Su asistencia otorgar\u00e1 realce a esta actividad.<\/div>\n<div style=\"text-align: justify;\"><\/div>\n<div style=\"text-align: justify;\">Los \u00c1ngeles, septiembre 2009<\/div>\n","protected":false},"excerpt":{"rendered":"<p>Mario Herrera Novoa, Presidente de la Corporaci\u00f3n de Monumentos Hist\u00f3ricos Nacionales de Los \u00c1ngeles, tiene el agrado de invitar a Ud. a la Tertulia \u201cDr. Wladimir S\u00e1nchez\u201d, organizada por esta corporaci\u00f3n, que se realizar\u00e1 en el Auditorio de la Universidad Santo Tom\u00e1s, calle Lautaro 286, el d\u00eda, jueves 1de octubre a las 19 hrs. Gracias [&hellip;]<\/p>\n","protected":false},"author":1,"featured_media":0,"comment_status":"open","ping_status":"open","sticky":false,"template":"","format":"standard","meta":{"footnotes":""},"categories":[10,223],"tags":[],"class_list":["post-4653","post","type-post","status-publish","format-standard","hentry","category-historia","category-talleres"],"yoast_head":"<!-- This site is optimized with the Yoast SEO plugin v25.0 - https:\/\/yoast.com\/wordpress\/plugins\/seo\/ -->\n<title>Los Dos Simones: Sim\u00f3n Bolivar Y Sim\u00f3n Rodr\u00edguez - Nuestro Bio B\u00edo<\/title>\n<meta name=\"robots\" content=\"index, follow, max-snippet:-1, max-image-preview:large, max-video-preview:-1\" \/>\n<link rel=\"canonical\" href=\"https:\/\/www.fraczinet.cl\/sitio\/2009\/09\/28\/los-dos-simones-simon-bolivar-y-simon-rodriguez\/\" \/>\n<meta property=\"og:locale\" content=\"es_ES\" \/>\n<meta property=\"og:type\" content=\"article\" \/>\n<meta property=\"og:title\" content=\"Los Dos Simones: Sim\u00f3n Bolivar Y Sim\u00f3n Rodr\u00edguez - Nuestro Bio B\u00edo\" \/>\n<meta property=\"og:description\" content=\"Mario Herrera Novoa, Presidente de la Corporaci\u00f3n de Monumentos Hist\u00f3ricos Nacionales de Los \u00c1ngeles, tiene el agrado de invitar a Ud. a la Tertulia \u201cDr. Wladimir S\u00e1nchez\u201d, organizada por esta corporaci\u00f3n, que se realizar\u00e1 en el Auditorio de la Universidad Santo Tom\u00e1s, calle Lautaro 286, el d\u00eda, jueves 1de octubre a las 19 hrs. Gracias [&hellip;]\" \/>\n<meta property=\"og:url\" content=\"https:\/\/www.fraczinet.cl\/sitio\/2009\/09\/28\/los-dos-simones-simon-bolivar-y-simon-rodriguez\/\" \/>\n<meta property=\"og:site_name\" content=\"Nuestro Bio B\u00edo\" \/>\n<meta property=\"article:published_time\" content=\"2009-09-28T16:43:00+00:00\" \/>\n<meta property=\"article:modified_time\" content=\"2022-10-04T16:24:50+00:00\" \/>\n<meta property=\"og:image\" content=\"https:\/\/www.fraczinet.cl\/sitio\/wp-content\/uploads\/2021\/07\/bannerlogo-1.gif\" \/>\n\t<meta property=\"og:image:width\" content=\"159\" \/>\n\t<meta property=\"og:image:height\" content=\"79\" \/>\n\t<meta property=\"og:image:type\" content=\"image\/gif\" \/>\n<meta name=\"author\" content=\"admin\" \/>\n<meta name=\"twitter:card\" content=\"summary_large_image\" \/>\n<meta name=\"twitter:creator\" content=\"@nuestrobiobio\" \/>\n<meta name=\"twitter:site\" content=\"@nuestrobiobio\" \/>\n<meta name=\"twitter:label1\" content=\"Escrito por\" \/>\n\t<meta name=\"twitter:data1\" content=\"admin\" \/>\n\t<meta name=\"twitter:label2\" content=\"Tiempo de lectura\" \/>\n\t<meta name=\"twitter:data2\" content=\"1 minuto\" \/>\n<script type=\"application\/ld+json\" class=\"yoast-schema-graph\">{\"@context\":\"https:\/\/schema.org\",\"@graph\":[{\"@type\":\"Article\",\"@id\":\"https:\/\/www.fraczinet.cl\/sitio\/2009\/09\/28\/los-dos-simones-simon-bolivar-y-simon-rodriguez\/#article\",\"isPartOf\":{\"@id\":\"https:\/\/www.fraczinet.cl\/sitio\/2009\/09\/28\/los-dos-simones-simon-bolivar-y-simon-rodriguez\/\"},\"author\":{\"name\":\"admin\",\"@id\":\"https:\/\/www.fraczinet.cl\/sitio\/#\/schema\/person\/bc30f98e9cb10ae7e119dbe14bc93784\"},\"headline\":\"Los Dos Simones: Sim\u00f3n Bolivar Y Sim\u00f3n Rodr\u00edguez\",\"datePublished\":\"2009-09-28T16:43:00+00:00\",\"dateModified\":\"2022-10-04T16:24:50+00:00\",\"mainEntityOfPage\":{\"@id\":\"https:\/\/www.fraczinet.cl\/sitio\/2009\/09\/28\/los-dos-simones-simon-bolivar-y-simon-rodriguez\/\"},\"wordCount\":254,\"commentCount\":0,\"publisher\":{\"@id\":\"https:\/\/www.fraczinet.cl\/sitio\/#\/schema\/person\/aec8ee4da68df2b9b0eefdad24a0d582\"},\"articleSection\":[\"Historia\",\"Talleres\"],\"inLanguage\":\"es\",\"potentialAction\":[{\"@type\":\"CommentAction\",\"name\":\"Comment\",\"target\":[\"https:\/\/www.fraczinet.cl\/sitio\/2009\/09\/28\/los-dos-simones-simon-bolivar-y-simon-rodriguez\/#respond\"]}]},{\"@type\":\"WebPage\",\"@id\":\"https:\/\/www.fraczinet.cl\/sitio\/2009\/09\/28\/los-dos-simones-simon-bolivar-y-simon-rodriguez\/\",\"url\":\"https:\/\/www.fraczinet.cl\/sitio\/2009\/09\/28\/los-dos-simones-simon-bolivar-y-simon-rodriguez\/\",\"name\":\"Los Dos Simones: Sim\u00f3n Bolivar Y Sim\u00f3n Rodr\u00edguez - Nuestro Bio B\u00edo\",\"isPartOf\":{\"@id\":\"https:\/\/www.fraczinet.cl\/sitio\/#website\"},\"datePublished\":\"2009-09-28T16:43:00+00:00\",\"dateModified\":\"2022-10-04T16:24:50+00:00\",\"breadcrumb\":{\"@id\":\"https:\/\/www.fraczinet.cl\/sitio\/2009\/09\/28\/los-dos-simones-simon-bolivar-y-simon-rodriguez\/#breadcrumb\"},\"inLanguage\":\"es\",\"potentialAction\":[{\"@type\":\"ReadAction\",\"target\":[\"https:\/\/www.fraczinet.cl\/sitio\/2009\/09\/28\/los-dos-simones-simon-bolivar-y-simon-rodriguez\/\"]}]},{\"@type\":\"BreadcrumbList\",\"@id\":\"https:\/\/www.fraczinet.cl\/sitio\/2009\/09\/28\/los-dos-simones-simon-bolivar-y-simon-rodriguez\/#breadcrumb\",\"itemListElement\":[{\"@type\":\"ListItem\",\"position\":1,\"name\":\"Portada\",\"item\":\"https:\/\/www.fraczinet.cl\/sitio\/\"},{\"@type\":\"ListItem\",\"position\":2,\"name\":\"Los Dos Simones: Sim\u00f3n Bolivar Y Sim\u00f3n Rodr\u00edguez\"}]},{\"@type\":\"WebSite\",\"@id\":\"https:\/\/www.fraczinet.cl\/sitio\/#website\",\"url\":\"https:\/\/www.fraczinet.cl\/sitio\/\",\"name\":\"Nuestro Bio B\u00edo\",\"description\":\"Tierra de Encuentros\",\"publisher\":{\"@id\":\"https:\/\/www.fraczinet.cl\/sitio\/#\/schema\/person\/aec8ee4da68df2b9b0eefdad24a0d582\"},\"potentialAction\":[{\"@type\":\"SearchAction\",\"target\":{\"@type\":\"EntryPoint\",\"urlTemplate\":\"https:\/\/www.fraczinet.cl\/sitio\/?s={search_term_string}\"},\"query-input\":{\"@type\":\"PropertyValueSpecification\",\"valueRequired\":true,\"valueName\":\"search_term_string\"}}],\"inLanguage\":\"es\"},{\"@type\":[\"Person\",\"Organization\"],\"@id\":\"https:\/\/www.fraczinet.cl\/sitio\/#\/schema\/person\/aec8ee4da68df2b9b0eefdad24a0d582\",\"name\":\"Luis Fernando Fraczinet\",\"image\":{\"@type\":\"ImageObject\",\"inLanguage\":\"es\",\"@id\":\"https:\/\/www.fraczinet.cl\/sitio\/#\/schema\/person\/image\/\",\"url\":\"https:\/\/www.fraczinet.cl\/sitio\/wp-content\/uploads\/2021\/07\/bannerlogo-1.gif\",\"contentUrl\":\"https:\/\/www.fraczinet.cl\/sitio\/wp-content\/uploads\/2021\/07\/bannerlogo-1.gif\",\"width\":159,\"height\":79,\"caption\":\"Luis Fernando Fraczinet\"},\"logo\":{\"@id\":\"https:\/\/www.fraczinet.cl\/sitio\/#\/schema\/person\/image\/\"},\"sameAs\":[\"https:\/\/www.fraczinet.cl\/sitio\/\"]},{\"@type\":\"Person\",\"@id\":\"https:\/\/www.fraczinet.cl\/sitio\/#\/schema\/person\/bc30f98e9cb10ae7e119dbe14bc93784\",\"name\":\"admin\",\"image\":{\"@type\":\"ImageObject\",\"inLanguage\":\"es\",\"@id\":\"https:\/\/www.fraczinet.cl\/sitio\/#\/schema\/person\/image\/\",\"url\":\"https:\/\/secure.gravatar.com\/avatar\/d5ad3cf7ef3b23a2bb5be73be780c86b2fc8545c3ad6b149f3913ff458c00099?s=96&d=mm&r=g\",\"contentUrl\":\"https:\/\/secure.gravatar.com\/avatar\/d5ad3cf7ef3b23a2bb5be73be780c86b2fc8545c3ad6b149f3913ff458c00099?s=96&d=mm&r=g\",\"caption\":\"admin\"},\"sameAs\":[\"https:\/\/www.fraczinet.cl\/sitio\"]}]}<\/script>\n<!-- \/ Yoast SEO plugin. -->","yoast_head_json":{"title":"Los Dos Simones: Sim\u00f3n Bolivar Y Sim\u00f3n Rodr\u00edguez - Nuestro Bio B\u00edo","robots":{"index":"index","follow":"follow","max-snippet":"max-snippet:-1","max-image-preview":"max-image-preview:large","max-video-preview":"max-video-preview:-1"},"canonical":"https:\/\/www.fraczinet.cl\/sitio\/2009\/09\/28\/los-dos-simones-simon-bolivar-y-simon-rodriguez\/","og_locale":"es_ES","og_type":"article","og_title":"Los Dos Simones: Sim\u00f3n Bolivar Y Sim\u00f3n Rodr\u00edguez - Nuestro Bio B\u00edo","og_description":"Mario Herrera Novoa, Presidente de la Corporaci\u00f3n de Monumentos Hist\u00f3ricos Nacionales de Los \u00c1ngeles, tiene el agrado de invitar a Ud. a la Tertulia \u201cDr. Wladimir S\u00e1nchez\u201d, organizada por esta corporaci\u00f3n, que se realizar\u00e1 en el Auditorio de la Universidad Santo Tom\u00e1s, calle Lautaro 286, el d\u00eda, jueves 1de octubre a las 19 hrs. Gracias [&hellip;]","og_url":"https:\/\/www.fraczinet.cl\/sitio\/2009\/09\/28\/los-dos-simones-simon-bolivar-y-simon-rodriguez\/","og_site_name":"Nuestro Bio B\u00edo","article_published_time":"2009-09-28T16:43:00+00:00","article_modified_time":"2022-10-04T16:24:50+00:00","og_image":[{"width":159,"height":79,"url":"https:\/\/www.fraczinet.cl\/sitio\/wp-content\/uploads\/2021\/07\/bannerlogo-1.gif","type":"image\/gif"}],"author":"admin","twitter_card":"summary_large_image","twitter_creator":"@nuestrobiobio","twitter_site":"@nuestrobiobio","twitter_misc":{"Escrito por":"admin","Tiempo de lectura":"1 minuto"},"schema":{"@context":"https:\/\/schema.org","@graph":[{"@type":"Article","@id":"https:\/\/www.fraczinet.cl\/sitio\/2009\/09\/28\/los-dos-simones-simon-bolivar-y-simon-rodriguez\/#article","isPartOf":{"@id":"https:\/\/www.fraczinet.cl\/sitio\/2009\/09\/28\/los-dos-simones-simon-bolivar-y-simon-rodriguez\/"},"author":{"name":"admin","@id":"https:\/\/www.fraczinet.cl\/sitio\/#\/schema\/person\/bc30f98e9cb10ae7e119dbe14bc93784"},"headline":"Los Dos Simones: Sim\u00f3n Bolivar Y Sim\u00f3n Rodr\u00edguez","datePublished":"2009-09-28T16:43:00+00:00","dateModified":"2022-10-04T16:24:50+00:00","mainEntityOfPage":{"@id":"https:\/\/www.fraczinet.cl\/sitio\/2009\/09\/28\/los-dos-simones-simon-bolivar-y-simon-rodriguez\/"},"wordCount":254,"commentCount":0,"publisher":{"@id":"https:\/\/www.fraczinet.cl\/sitio\/#\/schema\/person\/aec8ee4da68df2b9b0eefdad24a0d582"},"articleSection":["Historia","Talleres"],"inLanguage":"es","potentialAction":[{"@type":"CommentAction","name":"Comment","target":["https:\/\/www.fraczinet.cl\/sitio\/2009\/09\/28\/los-dos-simones-simon-bolivar-y-simon-rodriguez\/#respond"]}]},{"@type":"WebPage","@id":"https:\/\/www.fraczinet.cl\/sitio\/2009\/09\/28\/los-dos-simones-simon-bolivar-y-simon-rodriguez\/","url":"https:\/\/www.fraczinet.cl\/sitio\/2009\/09\/28\/los-dos-simones-simon-bolivar-y-simon-rodriguez\/","name":"Los Dos Simones: Sim\u00f3n Bolivar Y Sim\u00f3n Rodr\u00edguez - Nuestro Bio B\u00edo","isPartOf":{"@id":"https:\/\/www.fraczinet.cl\/sitio\/#website"},"datePublished":"2009-09-28T16:43:00+00:00","dateModified":"2022-10-04T16:24:50+00:00","breadcrumb":{"@id":"https:\/\/www.fraczinet.cl\/sitio\/2009\/09\/28\/los-dos-simones-simon-bolivar-y-simon-rodriguez\/#breadcrumb"},"inLanguage":"es","potentialAction":[{"@type":"ReadAction","target":["https:\/\/www.fraczinet.cl\/sitio\/2009\/09\/28\/los-dos-simones-simon-bolivar-y-simon-rodriguez\/"]}]},{"@type":"BreadcrumbList","@id":"https:\/\/www.fraczinet.cl\/sitio\/2009\/09\/28\/los-dos-simones-simon-bolivar-y-simon-rodriguez\/#breadcrumb","itemListElement":[{"@type":"ListItem","position":1,"name":"Portada","item":"https:\/\/www.fraczinet.cl\/sitio\/"},{"@type":"ListItem","position":2,"name":"Los Dos Simones: Sim\u00f3n Bolivar Y Sim\u00f3n Rodr\u00edguez"}]},{"@type":"WebSite","@id":"https:\/\/www.fraczinet.cl\/sitio\/#website","url":"https:\/\/www.fraczinet.cl\/sitio\/","name":"Nuestro Bio B\u00edo","description":"Tierra de Encuentros","publisher":{"@id":"https:\/\/www.fraczinet.cl\/sitio\/#\/schema\/person\/aec8ee4da68df2b9b0eefdad24a0d582"},"potentialAction":[{"@type":"SearchAction","target":{"@type":"EntryPoint","urlTemplate":"https:\/\/www.fraczinet.cl\/sitio\/?s={search_term_string}"},"query-input":{"@type":"PropertyValueSpecification","valueRequired":true,"valueName":"search_term_string"}}],"inLanguage":"es"},{"@type":["Person","Organization"],"@id":"https:\/\/www.fraczinet.cl\/sitio\/#\/schema\/person\/aec8ee4da68df2b9b0eefdad24a0d582","name":"Luis Fernando Fraczinet","image":{"@type":"ImageObject","inLanguage":"es","@id":"https:\/\/www.fraczinet.cl\/sitio\/#\/schema\/person\/image\/","url":"https:\/\/www.fraczinet.cl\/sitio\/wp-content\/uploads\/2021\/07\/bannerlogo-1.gif","contentUrl":"https:\/\/www.fraczinet.cl\/sitio\/wp-content\/uploads\/2021\/07\/bannerlogo-1.gif","width":159,"height":79,"caption":"Luis Fernando Fraczinet"},"logo":{"@id":"https:\/\/www.fraczinet.cl\/sitio\/#\/schema\/person\/image\/"},"sameAs":["https:\/\/www.fraczinet.cl\/sitio\/"]},{"@type":"Person","@id":"https:\/\/www.fraczinet.cl\/sitio\/#\/schema\/person\/bc30f98e9cb10ae7e119dbe14bc93784","name":"admin","image":{"@type":"ImageObject","inLanguage":"es","@id":"https:\/\/www.fraczinet.cl\/sitio\/#\/schema\/person\/image\/","url":"https:\/\/secure.gravatar.com\/avatar\/d5ad3cf7ef3b23a2bb5be73be780c86b2fc8545c3ad6b149f3913ff458c00099?s=96&d=mm&r=g","contentUrl":"https:\/\/secure.gravatar.com\/avatar\/d5ad3cf7ef3b23a2bb5be73be780c86b2fc8545c3ad6b149f3913ff458c00099?s=96&d=mm&r=g","caption":"admin"},"sameAs":["https:\/\/www.fraczinet.cl\/sitio"]}]}},"_links":{"self":[{"href":"https:\/\/www.fraczinet.cl\/sitio\/wp-json\/wp\/v2\/posts\/4653","targetHints":{"allow":["GET"]}}],"collection":[{"href":"https:\/\/www.fraczinet.cl\/sitio\/wp-json\/wp\/v2\/posts"}],"about":[{"href":"https:\/\/www.fraczinet.cl\/sitio\/wp-json\/wp\/v2\/types\/post"}],"author":[{"embeddable":true,"href":"https:\/\/www.fraczinet.cl\/sitio\/wp-json\/wp\/v2\/users\/1"}],"replies":[{"embeddable":true,"href":"https:\/\/www.fraczinet.cl\/sitio\/wp-json\/wp\/v2\/comments?post=4653"}],"version-history":[{"count":1,"href":"https:\/\/www.fraczinet.cl\/sitio\/wp-json\/wp\/v2\/posts\/4653\/revisions"}],"predecessor-version":[{"id":13919,"href":"https:\/\/www.fraczinet.cl\/sitio\/wp-json\/wp\/v2\/posts\/4653\/revisions\/13919"}],"wp:attachment":[{"href":"https:\/\/www.fraczinet.cl\/sitio\/wp-json\/wp\/v2\/media?parent=4653"}],"wp:term":[{"taxonomy":"category","embeddable":true,"href":"https:\/\/www.fraczinet.cl\/sitio\/wp-json\/wp\/v2\/categories?post=4653"},{"taxonomy":"post_tag","embeddable":true,"href":"https:\/\/www.fraczinet.cl\/sitio\/wp-json\/wp\/v2\/tags?post=4653"}],"curies":[{"name":"wp","href":"https:\/\/api.w.org\/{rel}","templated":true}]}}