{"id":4658,"date":"2009-09-25T11:46:00","date_gmt":"2009-09-25T11:46:00","guid":{"rendered":"https:\/\/www.fraczinet.cl\/sitio\/2009\/09\/25\/la-cultura-es-arte-y-parte-segundo-encuentro-regional-de-la-cultura\/"},"modified":"2009-09-25T11:46:00","modified_gmt":"2009-09-25T11:46:00","slug":"la-cultura-es-arte-y-parte-segundo-encuentro-regional-de-la-cultura","status":"publish","type":"post","link":"https:\/\/www.fraczinet.cl\/sitio\/2009\/09\/25\/la-cultura-es-arte-y-parte-segundo-encuentro-regional-de-la-cultura\/","title":{"rendered":"La Cultura Es Arte Y Parte. Segundo Encuentro Regional de la Cultura"},"content":{"rendered":"<div style=\"text-align: justify;\">Durante todo el d\u00eda se estar\u00e1 realizando el Segundo Encuentro Regional de los Trabajadores de la Cultura y que en esta ocasi\u00f3n es la Universidad del Bio B\u00edo (en Concepci\u00f3n) quien actuar\u00e1 como anfitri\u00f3n.  El Primer Encuentro, realizado en la ciudad de Chill\u00e1n fue organizado por el Centro Cultural V\u00edctor Jara y cont\u00f3 con la participaci\u00f3n de actores culturales de las provincias de Bio B\u00edo, Concepci\u00f3n y \u00d1uble.<\/div>\n<div style=\"text-align: justify;\"><\/div>\n<div style=\"text-align: justify;\">Este segundo encuentro culminar\u00e1 con la propuesta que se efectuar\u00e1 como Regi\u00f3n del Bio B\u00edo al Primer Encuentro Nacional de Gestores y Animadores Culturales que se realizar\u00e1 en Santiago los d\u00edas 9, 10 y 11 de octubre.<\/div>\n","protected":false},"excerpt":{"rendered":"<p>Durante todo el d\u00eda se estar\u00e1 realizando el Segundo Encuentro Regional de los Trabajadores de la Cultura y que en esta ocasi\u00f3n es la Universidad del Bio B\u00edo (en Concepci\u00f3n) quien actuar\u00e1 como anfitri\u00f3n. El Primer Encuentro, realizado en la ciudad de Chill\u00e1n fue organizado por el Centro Cultural V\u00edctor Jara y cont\u00f3 con la [&hellip;]<\/p>\n","protected":false},"author":1,"featured_media":0,"comment_status":"open","ping_status":"open","sticky":false,"template":"","format":"standard","meta":{"footnotes":""},"categories":[196],"tags":[],"class_list":["post-4658","post","type-post","status-publish","format-standard","hentry","category-congresos"],"yoast_head":"<!-- This site is optimized with the Yoast SEO plugin v25.0 - https:\/\/yoast.com\/wordpress\/plugins\/seo\/ -->\n<title>La Cultura Es Arte Y Parte. Segundo Encuentro Regional de la Cultura - Nuestro Bio B\u00edo<\/title>\n<meta name=\"robots\" content=\"index, follow, max-snippet:-1, max-image-preview:large, max-video-preview:-1\" \/>\n<link rel=\"canonical\" href=\"https:\/\/www.fraczinet.cl\/sitio\/2009\/09\/25\/la-cultura-es-arte-y-parte-segundo-encuentro-regional-de-la-cultura\/\" \/>\n<meta property=\"og:locale\" content=\"es_ES\" \/>\n<meta property=\"og:type\" content=\"article\" \/>\n<meta property=\"og:title\" content=\"La Cultura Es Arte Y Parte. Segundo Encuentro Regional de la Cultura - Nuestro Bio B\u00edo\" \/>\n<meta property=\"og:description\" content=\"Durante todo el d\u00eda se estar\u00e1 realizando el Segundo Encuentro Regional de los Trabajadores de la Cultura y que en esta ocasi\u00f3n es la Universidad del Bio B\u00edo (en Concepci\u00f3n) quien actuar\u00e1 como anfitri\u00f3n. El Primer Encuentro, realizado en la ciudad de Chill\u00e1n fue organizado por el Centro Cultural V\u00edctor Jara y cont\u00f3 con la [&hellip;]\" \/>\n<meta property=\"og:url\" content=\"https:\/\/www.fraczinet.cl\/sitio\/2009\/09\/25\/la-cultura-es-arte-y-parte-segundo-encuentro-regional-de-la-cultura\/\" \/>\n<meta property=\"og:site_name\" content=\"Nuestro Bio B\u00edo\" \/>\n<meta property=\"article:published_time\" content=\"2009-09-25T11:46:00+00:00\" \/>\n<meta property=\"og:image\" content=\"https:\/\/www.fraczinet.cl\/sitio\/wp-content\/uploads\/2021\/07\/bannerlogo-1.gif\" \/>\n\t<meta property=\"og:image:width\" content=\"159\" \/>\n\t<meta property=\"og:image:height\" content=\"79\" \/>\n\t<meta property=\"og:image:type\" content=\"image\/gif\" \/>\n<meta name=\"author\" content=\"admin\" \/>\n<meta name=\"twitter:card\" content=\"summary_large_image\" \/>\n<meta name=\"twitter:creator\" content=\"@nuestrobiobio\" \/>\n<meta name=\"twitter:site\" content=\"@nuestrobiobio\" \/>\n<meta name=\"twitter:label1\" content=\"Escrito por\" \/>\n\t<meta name=\"twitter:data1\" content=\"admin\" \/>\n\t<meta name=\"twitter:label2\" content=\"Tiempo de lectura\" \/>\n\t<meta name=\"twitter:data2\" content=\"1 minuto\" \/>\n<script type=\"application\/ld+json\" class=\"yoast-schema-graph\">{\"@context\":\"https:\/\/schema.org\",\"@graph\":[{\"@type\":\"Article\",\"@id\":\"https:\/\/www.fraczinet.cl\/sitio\/2009\/09\/25\/la-cultura-es-arte-y-parte-segundo-encuentro-regional-de-la-cultura\/#article\",\"isPartOf\":{\"@id\":\"https:\/\/www.fraczinet.cl\/sitio\/2009\/09\/25\/la-cultura-es-arte-y-parte-segundo-encuentro-regional-de-la-cultura\/\"},\"author\":{\"name\":\"admin\",\"@id\":\"https:\/\/www.fraczinet.cl\/sitio\/#\/schema\/person\/bc30f98e9cb10ae7e119dbe14bc93784\"},\"headline\":\"La Cultura Es Arte Y Parte. Segundo Encuentro Regional de la Cultura\",\"datePublished\":\"2009-09-25T11:46:00+00:00\",\"mainEntityOfPage\":{\"@id\":\"https:\/\/www.fraczinet.cl\/sitio\/2009\/09\/25\/la-cultura-es-arte-y-parte-segundo-encuentro-regional-de-la-cultura\/\"},\"wordCount\":127,\"commentCount\":0,\"publisher\":{\"@id\":\"https:\/\/www.fraczinet.cl\/sitio\/#\/schema\/person\/aec8ee4da68df2b9b0eefdad24a0d582\"},\"articleSection\":[\"Congresos\"],\"inLanguage\":\"es\",\"potentialAction\":[{\"@type\":\"CommentAction\",\"name\":\"Comment\",\"target\":[\"https:\/\/www.fraczinet.cl\/sitio\/2009\/09\/25\/la-cultura-es-arte-y-parte-segundo-encuentro-regional-de-la-cultura\/#respond\"]}]},{\"@type\":\"WebPage\",\"@id\":\"https:\/\/www.fraczinet.cl\/sitio\/2009\/09\/25\/la-cultura-es-arte-y-parte-segundo-encuentro-regional-de-la-cultura\/\",\"url\":\"https:\/\/www.fraczinet.cl\/sitio\/2009\/09\/25\/la-cultura-es-arte-y-parte-segundo-encuentro-regional-de-la-cultura\/\",\"name\":\"La Cultura Es Arte Y Parte. Segundo Encuentro Regional de la Cultura - Nuestro Bio B\u00edo\",\"isPartOf\":{\"@id\":\"https:\/\/www.fraczinet.cl\/sitio\/#website\"},\"datePublished\":\"2009-09-25T11:46:00+00:00\",\"breadcrumb\":{\"@id\":\"https:\/\/www.fraczinet.cl\/sitio\/2009\/09\/25\/la-cultura-es-arte-y-parte-segundo-encuentro-regional-de-la-cultura\/#breadcrumb\"},\"inLanguage\":\"es\",\"potentialAction\":[{\"@type\":\"ReadAction\",\"target\":[\"https:\/\/www.fraczinet.cl\/sitio\/2009\/09\/25\/la-cultura-es-arte-y-parte-segundo-encuentro-regional-de-la-cultura\/\"]}]},{\"@type\":\"BreadcrumbList\",\"@id\":\"https:\/\/www.fraczinet.cl\/sitio\/2009\/09\/25\/la-cultura-es-arte-y-parte-segundo-encuentro-regional-de-la-cultura\/#breadcrumb\",\"itemListElement\":[{\"@type\":\"ListItem\",\"position\":1,\"name\":\"Portada\",\"item\":\"https:\/\/www.fraczinet.cl\/sitio\/\"},{\"@type\":\"ListItem\",\"position\":2,\"name\":\"La Cultura Es Arte Y Parte. Segundo Encuentro Regional de la Cultura\"}]},{\"@type\":\"WebSite\",\"@id\":\"https:\/\/www.fraczinet.cl\/sitio\/#website\",\"url\":\"https:\/\/www.fraczinet.cl\/sitio\/\",\"name\":\"Nuestro Bio B\u00edo\",\"description\":\"Tierra de Encuentros\",\"publisher\":{\"@id\":\"https:\/\/www.fraczinet.cl\/sitio\/#\/schema\/person\/aec8ee4da68df2b9b0eefdad24a0d582\"},\"potentialAction\":[{\"@type\":\"SearchAction\",\"target\":{\"@type\":\"EntryPoint\",\"urlTemplate\":\"https:\/\/www.fraczinet.cl\/sitio\/?s={search_term_string}\"},\"query-input\":{\"@type\":\"PropertyValueSpecification\",\"valueRequired\":true,\"valueName\":\"search_term_string\"}}],\"inLanguage\":\"es\"},{\"@type\":[\"Person\",\"Organization\"],\"@id\":\"https:\/\/www.fraczinet.cl\/sitio\/#\/schema\/person\/aec8ee4da68df2b9b0eefdad24a0d582\",\"name\":\"Luis Fernando Fraczinet\",\"image\":{\"@type\":\"ImageObject\",\"inLanguage\":\"es\",\"@id\":\"https:\/\/www.fraczinet.cl\/sitio\/#\/schema\/person\/image\/\",\"url\":\"https:\/\/www.fraczinet.cl\/sitio\/wp-content\/uploads\/2021\/07\/bannerlogo-1.gif\",\"contentUrl\":\"https:\/\/www.fraczinet.cl\/sitio\/wp-content\/uploads\/2021\/07\/bannerlogo-1.gif\",\"width\":159,\"height\":79,\"caption\":\"Luis Fernando Fraczinet\"},\"logo\":{\"@id\":\"https:\/\/www.fraczinet.cl\/sitio\/#\/schema\/person\/image\/\"},\"sameAs\":[\"https:\/\/www.fraczinet.cl\/sitio\/\"]},{\"@type\":\"Person\",\"@id\":\"https:\/\/www.fraczinet.cl\/sitio\/#\/schema\/person\/bc30f98e9cb10ae7e119dbe14bc93784\",\"name\":\"admin\",\"image\":{\"@type\":\"ImageObject\",\"inLanguage\":\"es\",\"@id\":\"https:\/\/www.fraczinet.cl\/sitio\/#\/schema\/person\/image\/\",\"url\":\"https:\/\/secure.gravatar.com\/avatar\/d5ad3cf7ef3b23a2bb5be73be780c86b2fc8545c3ad6b149f3913ff458c00099?s=96&d=mm&r=g\",\"contentUrl\":\"https:\/\/secure.gravatar.com\/avatar\/d5ad3cf7ef3b23a2bb5be73be780c86b2fc8545c3ad6b149f3913ff458c00099?s=96&d=mm&r=g\",\"caption\":\"admin\"},\"sameAs\":[\"https:\/\/www.fraczinet.cl\/sitio\"]}]}<\/script>\n<!-- \/ Yoast SEO plugin. -->","yoast_head_json":{"title":"La Cultura Es Arte Y Parte. Segundo Encuentro Regional de la Cultura - Nuestro Bio B\u00edo","robots":{"index":"index","follow":"follow","max-snippet":"max-snippet:-1","max-image-preview":"max-image-preview:large","max-video-preview":"max-video-preview:-1"},"canonical":"https:\/\/www.fraczinet.cl\/sitio\/2009\/09\/25\/la-cultura-es-arte-y-parte-segundo-encuentro-regional-de-la-cultura\/","og_locale":"es_ES","og_type":"article","og_title":"La Cultura Es Arte Y Parte. Segundo Encuentro Regional de la Cultura - Nuestro Bio B\u00edo","og_description":"Durante todo el d\u00eda se estar\u00e1 realizando el Segundo Encuentro Regional de los Trabajadores de la Cultura y que en esta ocasi\u00f3n es la Universidad del Bio B\u00edo (en Concepci\u00f3n) quien actuar\u00e1 como anfitri\u00f3n. El Primer Encuentro, realizado en la ciudad de Chill\u00e1n fue organizado por el Centro Cultural V\u00edctor Jara y cont\u00f3 con la [&hellip;]","og_url":"https:\/\/www.fraczinet.cl\/sitio\/2009\/09\/25\/la-cultura-es-arte-y-parte-segundo-encuentro-regional-de-la-cultura\/","og_site_name":"Nuestro Bio B\u00edo","article_published_time":"2009-09-25T11:46:00+00:00","og_image":[{"width":159,"height":79,"url":"https:\/\/www.fraczinet.cl\/sitio\/wp-content\/uploads\/2021\/07\/bannerlogo-1.gif","type":"image\/gif"}],"author":"admin","twitter_card":"summary_large_image","twitter_creator":"@nuestrobiobio","twitter_site":"@nuestrobiobio","twitter_misc":{"Escrito por":"admin","Tiempo de lectura":"1 minuto"},"schema":{"@context":"https:\/\/schema.org","@graph":[{"@type":"Article","@id":"https:\/\/www.fraczinet.cl\/sitio\/2009\/09\/25\/la-cultura-es-arte-y-parte-segundo-encuentro-regional-de-la-cultura\/#article","isPartOf":{"@id":"https:\/\/www.fraczinet.cl\/sitio\/2009\/09\/25\/la-cultura-es-arte-y-parte-segundo-encuentro-regional-de-la-cultura\/"},"author":{"name":"admin","@id":"https:\/\/www.fraczinet.cl\/sitio\/#\/schema\/person\/bc30f98e9cb10ae7e119dbe14bc93784"},"headline":"La Cultura Es Arte Y Parte. Segundo Encuentro Regional de la Cultura","datePublished":"2009-09-25T11:46:00+00:00","mainEntityOfPage":{"@id":"https:\/\/www.fraczinet.cl\/sitio\/2009\/09\/25\/la-cultura-es-arte-y-parte-segundo-encuentro-regional-de-la-cultura\/"},"wordCount":127,"commentCount":0,"publisher":{"@id":"https:\/\/www.fraczinet.cl\/sitio\/#\/schema\/person\/aec8ee4da68df2b9b0eefdad24a0d582"},"articleSection":["Congresos"],"inLanguage":"es","potentialAction":[{"@type":"CommentAction","name":"Comment","target":["https:\/\/www.fraczinet.cl\/sitio\/2009\/09\/25\/la-cultura-es-arte-y-parte-segundo-encuentro-regional-de-la-cultura\/#respond"]}]},{"@type":"WebPage","@id":"https:\/\/www.fraczinet.cl\/sitio\/2009\/09\/25\/la-cultura-es-arte-y-parte-segundo-encuentro-regional-de-la-cultura\/","url":"https:\/\/www.fraczinet.cl\/sitio\/2009\/09\/25\/la-cultura-es-arte-y-parte-segundo-encuentro-regional-de-la-cultura\/","name":"La Cultura Es Arte Y Parte. Segundo Encuentro Regional de la Cultura - Nuestro Bio B\u00edo","isPartOf":{"@id":"https:\/\/www.fraczinet.cl\/sitio\/#website"},"datePublished":"2009-09-25T11:46:00+00:00","breadcrumb":{"@id":"https:\/\/www.fraczinet.cl\/sitio\/2009\/09\/25\/la-cultura-es-arte-y-parte-segundo-encuentro-regional-de-la-cultura\/#breadcrumb"},"inLanguage":"es","potentialAction":[{"@type":"ReadAction","target":["https:\/\/www.fraczinet.cl\/sitio\/2009\/09\/25\/la-cultura-es-arte-y-parte-segundo-encuentro-regional-de-la-cultura\/"]}]},{"@type":"BreadcrumbList","@id":"https:\/\/www.fraczinet.cl\/sitio\/2009\/09\/25\/la-cultura-es-arte-y-parte-segundo-encuentro-regional-de-la-cultura\/#breadcrumb","itemListElement":[{"@type":"ListItem","position":1,"name":"Portada","item":"https:\/\/www.fraczinet.cl\/sitio\/"},{"@type":"ListItem","position":2,"name":"La Cultura Es Arte Y Parte. Segundo Encuentro Regional de la Cultura"}]},{"@type":"WebSite","@id":"https:\/\/www.fraczinet.cl\/sitio\/#website","url":"https:\/\/www.fraczinet.cl\/sitio\/","name":"Nuestro Bio B\u00edo","description":"Tierra de Encuentros","publisher":{"@id":"https:\/\/www.fraczinet.cl\/sitio\/#\/schema\/person\/aec8ee4da68df2b9b0eefdad24a0d582"},"potentialAction":[{"@type":"SearchAction","target":{"@type":"EntryPoint","urlTemplate":"https:\/\/www.fraczinet.cl\/sitio\/?s={search_term_string}"},"query-input":{"@type":"PropertyValueSpecification","valueRequired":true,"valueName":"search_term_string"}}],"inLanguage":"es"},{"@type":["Person","Organization"],"@id":"https:\/\/www.fraczinet.cl\/sitio\/#\/schema\/person\/aec8ee4da68df2b9b0eefdad24a0d582","name":"Luis Fernando Fraczinet","image":{"@type":"ImageObject","inLanguage":"es","@id":"https:\/\/www.fraczinet.cl\/sitio\/#\/schema\/person\/image\/","url":"https:\/\/www.fraczinet.cl\/sitio\/wp-content\/uploads\/2021\/07\/bannerlogo-1.gif","contentUrl":"https:\/\/www.fraczinet.cl\/sitio\/wp-content\/uploads\/2021\/07\/bannerlogo-1.gif","width":159,"height":79,"caption":"Luis Fernando Fraczinet"},"logo":{"@id":"https:\/\/www.fraczinet.cl\/sitio\/#\/schema\/person\/image\/"},"sameAs":["https:\/\/www.fraczinet.cl\/sitio\/"]},{"@type":"Person","@id":"https:\/\/www.fraczinet.cl\/sitio\/#\/schema\/person\/bc30f98e9cb10ae7e119dbe14bc93784","name":"admin","image":{"@type":"ImageObject","inLanguage":"es","@id":"https:\/\/www.fraczinet.cl\/sitio\/#\/schema\/person\/image\/","url":"https:\/\/secure.gravatar.com\/avatar\/d5ad3cf7ef3b23a2bb5be73be780c86b2fc8545c3ad6b149f3913ff458c00099?s=96&d=mm&r=g","contentUrl":"https:\/\/secure.gravatar.com\/avatar\/d5ad3cf7ef3b23a2bb5be73be780c86b2fc8545c3ad6b149f3913ff458c00099?s=96&d=mm&r=g","caption":"admin"},"sameAs":["https:\/\/www.fraczinet.cl\/sitio"]}]}},"_links":{"self":[{"href":"https:\/\/www.fraczinet.cl\/sitio\/wp-json\/wp\/v2\/posts\/4658","targetHints":{"allow":["GET"]}}],"collection":[{"href":"https:\/\/www.fraczinet.cl\/sitio\/wp-json\/wp\/v2\/posts"}],"about":[{"href":"https:\/\/www.fraczinet.cl\/sitio\/wp-json\/wp\/v2\/types\/post"}],"author":[{"embeddable":true,"href":"https:\/\/www.fraczinet.cl\/sitio\/wp-json\/wp\/v2\/users\/1"}],"replies":[{"embeddable":true,"href":"https:\/\/www.fraczinet.cl\/sitio\/wp-json\/wp\/v2\/comments?post=4658"}],"version-history":[{"count":0,"href":"https:\/\/www.fraczinet.cl\/sitio\/wp-json\/wp\/v2\/posts\/4658\/revisions"}],"wp:attachment":[{"href":"https:\/\/www.fraczinet.cl\/sitio\/wp-json\/wp\/v2\/media?parent=4658"}],"wp:term":[{"taxonomy":"category","embeddable":true,"href":"https:\/\/www.fraczinet.cl\/sitio\/wp-json\/wp\/v2\/categories?post=4658"},{"taxonomy":"post_tag","embeddable":true,"href":"https:\/\/www.fraczinet.cl\/sitio\/wp-json\/wp\/v2\/tags?post=4658"}],"curies":[{"name":"wp","href":"https:\/\/api.w.org\/{rel}","templated":true}]}}