{"id":4666,"date":"2009-09-23T23:57:00","date_gmt":"2009-09-23T23:57:00","guid":{"rendered":"https:\/\/www.fraczinet.cl\/sitio\/2009\/09\/23\/a-un-ano-de-iniciarse-educacion-2020\/"},"modified":"2009-09-23T23:57:00","modified_gmt":"2009-09-23T23:57:00","slug":"a-un-ano-de-iniciarse-educacion-2020","status":"publish","type":"post","link":"https:\/\/www.fraczinet.cl\/sitio\/a-un-ano-de-iniciarse-educacion-2020\/","title":{"rendered":"A Un A\u00f1o De Iniciarse Educaci\u00f3n 2020"},"content":{"rendered":"<div style=\"text-align: justify;\">Ya ha pasado un a\u00f1o desde que comenzamos este camino. Y hoy, en nuestro primer aniversario, cuando ya somos m\u00e1s de 60.000 personas que queremos cambiar la educaci\u00f3n en Chile, tenemos importantes noticias que contarte:<\/div>\n<div style=\"text-align: justify;\"><\/div>\n<div style=\"text-align: justify;\"><span style=\"font-weight: bold;\">Consulta Ciudadana<\/span><\/div>\n<div style=\"text-align: justify;\"><\/div>\n<div style=\"text-align: justify;\">Por primera vez estamos realizando una Consulta Ciudadana acerca de nuestras propuestas para este a\u00f1o (descarga nuestra Agenda Inmediata 2009-2010, donde est\u00e1n detalladas). Tu participaci\u00f3n es fundamental: queremos que estas propuestas sean consideradas en el presupuesto nacional 2010 que se aprobar\u00e1 durante estos d\u00edas. Y para eso, necesitamos mostrar a las autoridades cu\u00e1l es su aprobaci\u00f3n entre la ciudadan\u00eda.<\/div>\n<div style=\"text-align: justify;\">Cont\u00e9stala ahora en http:\/\/www.encuestafacil.com\/RespWeb\/Qn.aspx?EID=553978 y ay\u00fadanos a difundirla entre tus amigos, colegas y familia!<\/div>\n<div style=\"text-align: justify;\"><\/div>\n<div style=\"text-align: justify;\"><span style=\"font-weight: bold;\">Educaci\u00f3n 2020 al aire<\/span><\/div>\n<div style=\"text-align: justify;\"><\/div>\n<div style=\"text-align: justify;\">Queremos invitarte a que escuches y divulgues nuestro flamante programa de radio SALA 2020, realizado por un equipo de periodistas de la Universidad Cat\u00f3lica y conducido por el reconocido periodista Juan Manuel Astorga. Todos los viernes a las 14.00 hrs. por www.radiouc.cl (660 AM). La primera entrevista fue al Premio Nacional de Educaci\u00f3n Profesor Mario Leyton.<\/div>\n<div style=\"text-align: justify;\"><\/div>\n<div style=\"text-align: justify;\">Esc\u00fachanos tambi\u00e9n en http:\/\/www.podcaster.cl\/category\/radio-uc\/sala-2020\/.<\/div>\n<div style=\"text-align: justify;\"><\/div>\n<div style=\"text-align: justify;\"><span style=\"font-weight: bold;\">S\u00edguenos en Twitter<\/span>.<\/div>\n<div style=\"text-align: justify;\"><\/div>\n<div style=\"text-align: justify;\">Desde hace un mes estamos presentes en este canal electr\u00f3nico, donde informamos a m\u00e1s de 1200 seguidores sobre nuestras actividades, logros y opiniones de manera instant\u00e1nea. S\u00edguenos en www.twitter.com\/educacion2020<\/div>\n<div style=\"text-align: justify;\"><\/div>\n<div style=\"text-align: justify;\">Educaci\u00f3n 2020 es un Movimiento Ciudadano que busca una mejora sustantiva en la calidad y la igualdad en la educaci\u00f3n chilena. Visita nuestra p\u00e1gina web www.educacion2020.cl y hazte adherente. Si ya lo eres, invita a tus amigos a ser adherentes. Mientras m\u00e1s seamos, estaremos m\u00e1s cerca de tener para el 2020 una educaci\u00f3n para todos de la que podamos estar orgullosos.<\/div>\n<div style=\"text-align: justify;\"><\/div>\n<div style=\"text-align: justify;\"><\/div>\n","protected":false},"excerpt":{"rendered":"<p>Ya ha pasado un a\u00f1o desde que comenzamos este camino. Y hoy, en nuestro primer aniversario, cuando ya somos m\u00e1s de 60.000 personas que queremos cambiar la educaci\u00f3n en Chile, tenemos importantes noticias que contarte: Consulta Ciudadana Por primera vez estamos realizando una Consulta Ciudadana acerca de nuestras propuestas para este a\u00f1o (descarga nuestra Agenda [&hellip;]<\/p>\n","protected":false},"author":1,"featured_media":0,"comment_status":"open","ping_status":"closed","sticky":false,"template":"","format":"standard","meta":{"footnotes":""},"categories":[113,151],"tags":[],"class_list":["post-4666","post","type-post","status-publish","format-standard","hentry","category-ciudadania","category-educacion"],"yoast_head":"<!-- This site is optimized with the Yoast SEO plugin v28.2 - https:\/\/yoast.com\/product\/yoast-seo-wordpress\/ -->\n<title>A Un A\u00f1o De Iniciarse Educaci\u00f3n 2020 - Nuestro Bio B\u00edo<\/title>\n<meta name=\"robots\" content=\"index, follow, max-snippet:-1, max-image-preview:large, max-video-preview:-1\" \/>\n<link rel=\"canonical\" href=\"https:\/\/www.fraczinet.cl\/sitio\/a-un-ano-de-iniciarse-educacion-2020\/\" \/>\n<meta property=\"og:locale\" content=\"es_ES\" \/>\n<meta property=\"og:type\" content=\"article\" \/>\n<meta property=\"og:title\" content=\"A Un A\u00f1o De Iniciarse Educaci\u00f3n 2020 - Nuestro Bio B\u00edo\" \/>\n<meta property=\"og:description\" content=\"Ya ha pasado un a\u00f1o desde que comenzamos este camino. Y hoy, en nuestro primer aniversario, cuando ya somos m\u00e1s de 60.000 personas que queremos cambiar la educaci\u00f3n en Chile, tenemos importantes noticias que contarte: Consulta Ciudadana Por primera vez estamos realizando una Consulta Ciudadana acerca de nuestras propuestas para este a\u00f1o (descarga nuestra Agenda [&hellip;]\" \/>\n<meta property=\"og:url\" content=\"https:\/\/www.fraczinet.cl\/sitio\/a-un-ano-de-iniciarse-educacion-2020\/\" \/>\n<meta property=\"og:site_name\" content=\"Nuestro Bio B\u00edo\" \/>\n<meta property=\"article:publisher\" content=\"https:\/\/www.facebook.com\/groups\/15721414452\/\" \/>\n<meta property=\"article:published_time\" content=\"2009-09-23T23:57:00+00:00\" \/>\n<meta property=\"og:image\" content=\"https:\/\/www.fraczinet.cl\/sitio\/wp-content\/uploads\/2021\/07\/bannerlogo-1.gif\" \/>\n\t<meta property=\"og:image:width\" content=\"159\" \/>\n\t<meta property=\"og:image:height\" content=\"79\" \/>\n\t<meta property=\"og:image:type\" content=\"image\/gif\" \/>\n<meta name=\"twitter:card\" content=\"summary_large_image\" \/>\n<meta name=\"twitter:creator\" content=\"@nuestrobiobio\" \/>\n<meta name=\"twitter:site\" content=\"@nuestrobiobio\" \/>\n<meta name=\"twitter:label1\" content=\"Escrito por\" \/>\n\t<meta name=\"twitter:data1\" content=\"\" \/>\n\t<meta name=\"twitter:label2\" content=\"Tiempo de lectura\" \/>\n\t<meta name=\"twitter:data2\" content=\"2 minutos\" \/>\n<script type=\"application\/ld+json\" class=\"yoast-schema-graph\">{\"@context\":\"https:\\\/\\\/schema.org\",\"@graph\":[{\"@type\":\"Article\",\"@id\":\"https:\\\/\\\/www.fraczinet.cl\\\/sitio\\\/a-un-ano-de-iniciarse-educacion-2020\\\/#article\",\"isPartOf\":{\"@id\":\"https:\\\/\\\/www.fraczinet.cl\\\/sitio\\\/a-un-ano-de-iniciarse-educacion-2020\\\/\"},\"author\":{\"name\":\"\",\"@id\":\"\"},\"headline\":\"A Un A\u00f1o De Iniciarse Educaci\u00f3n 2020\",\"datePublished\":\"2009-09-23T23:57:00+00:00\",\"mainEntityOfPage\":{\"@id\":\"https:\\\/\\\/www.fraczinet.cl\\\/sitio\\\/a-un-ano-de-iniciarse-educacion-2020\\\/\"},\"wordCount\":314,\"commentCount\":2,\"articleSection\":[\"Ciudadan\u00eda\",\"Educaci\u00f3n\"],\"inLanguage\":\"es\",\"potentialAction\":[{\"@type\":\"CommentAction\",\"name\":\"Comment\",\"target\":[\"https:\\\/\\\/www.fraczinet.cl\\\/sitio\\\/a-un-ano-de-iniciarse-educacion-2020\\\/#respond\"]}]},{\"@type\":\"WebPage\",\"@id\":\"https:\\\/\\\/www.fraczinet.cl\\\/sitio\\\/a-un-ano-de-iniciarse-educacion-2020\\\/\",\"url\":\"https:\\\/\\\/www.fraczinet.cl\\\/sitio\\\/a-un-ano-de-iniciarse-educacion-2020\\\/\",\"name\":\"A Un A\u00f1o De Iniciarse Educaci\u00f3n 2020 - Nuestro Bio B\u00edo\",\"isPartOf\":{\"@id\":\"https:\\\/\\\/www.fraczinet.cl\\\/sitio\\\/#website\"},\"datePublished\":\"2009-09-23T23:57:00+00:00\",\"author\":{\"@id\":\"\"},\"breadcrumb\":{\"@id\":\"https:\\\/\\\/www.fraczinet.cl\\\/sitio\\\/a-un-ano-de-iniciarse-educacion-2020\\\/#breadcrumb\"},\"inLanguage\":\"es\",\"potentialAction\":[{\"@type\":\"ReadAction\",\"target\":[\"https:\\\/\\\/www.fraczinet.cl\\\/sitio\\\/a-un-ano-de-iniciarse-educacion-2020\\\/\"]}]},{\"@type\":\"BreadcrumbList\",\"@id\":\"https:\\\/\\\/www.fraczinet.cl\\\/sitio\\\/a-un-ano-de-iniciarse-educacion-2020\\\/#breadcrumb\",\"itemListElement\":[{\"@type\":\"ListItem\",\"position\":1,\"name\":\"Portada\",\"item\":\"https:\\\/\\\/www.fraczinet.cl\\\/sitio\\\/\"},{\"@type\":\"ListItem\",\"position\":2,\"name\":\"A Un A\u00f1o De Iniciarse Educaci\u00f3n 2020\"}]},{\"@type\":\"WebSite\",\"@id\":\"https:\\\/\\\/www.fraczinet.cl\\\/sitio\\\/#website\",\"url\":\"https:\\\/\\\/www.fraczinet.cl\\\/sitio\\\/\",\"name\":\"Nuestro Bio B\u00edo\",\"description\":\"Tierra de Encuentros\",\"potentialAction\":[{\"@type\":\"SearchAction\",\"target\":{\"@type\":\"EntryPoint\",\"urlTemplate\":\"https:\\\/\\\/www.fraczinet.cl\\\/sitio\\\/?s={search_term_string}\"},\"query-input\":{\"@type\":\"PropertyValueSpecification\",\"valueRequired\":true,\"valueName\":\"search_term_string\"}}],\"inLanguage\":\"es\"},{\"@type\":\"Person\",\"@id\":\"\"}]}<\/script>\n<!-- \/ Yoast SEO plugin. -->","yoast_head_json":{"title":"A Un A\u00f1o De Iniciarse Educaci\u00f3n 2020 - Nuestro Bio B\u00edo","robots":{"index":"index","follow":"follow","max-snippet":"max-snippet:-1","max-image-preview":"max-image-preview:large","max-video-preview":"max-video-preview:-1"},"canonical":"https:\/\/www.fraczinet.cl\/sitio\/a-un-ano-de-iniciarse-educacion-2020\/","og_locale":"es_ES","og_type":"article","og_title":"A Un A\u00f1o De Iniciarse Educaci\u00f3n 2020 - Nuestro Bio B\u00edo","og_description":"Ya ha pasado un a\u00f1o desde que comenzamos este camino. Y hoy, en nuestro primer aniversario, cuando ya somos m\u00e1s de 60.000 personas que queremos cambiar la educaci\u00f3n en Chile, tenemos importantes noticias que contarte: Consulta Ciudadana Por primera vez estamos realizando una Consulta Ciudadana acerca de nuestras propuestas para este a\u00f1o (descarga nuestra Agenda [&hellip;]","og_url":"https:\/\/www.fraczinet.cl\/sitio\/a-un-ano-de-iniciarse-educacion-2020\/","og_site_name":"Nuestro Bio B\u00edo","article_publisher":"https:\/\/www.facebook.com\/groups\/15721414452\/","article_published_time":"2009-09-23T23:57:00+00:00","og_image":[{"width":159,"height":79,"url":"https:\/\/www.fraczinet.cl\/sitio\/wp-content\/uploads\/2021\/07\/bannerlogo-1.gif","type":"image\/gif"}],"twitter_card":"summary_large_image","twitter_creator":"@nuestrobiobio","twitter_site":"@nuestrobiobio","twitter_misc":{"Escrito por":"","Tiempo de lectura":"2 minutos"},"schema":{"@context":"https:\/\/schema.org","@graph":[{"@type":"Article","@id":"https:\/\/www.fraczinet.cl\/sitio\/a-un-ano-de-iniciarse-educacion-2020\/#article","isPartOf":{"@id":"https:\/\/www.fraczinet.cl\/sitio\/a-un-ano-de-iniciarse-educacion-2020\/"},"author":{"name":"","@id":""},"headline":"A Un A\u00f1o De Iniciarse Educaci\u00f3n 2020","datePublished":"2009-09-23T23:57:00+00:00","mainEntityOfPage":{"@id":"https:\/\/www.fraczinet.cl\/sitio\/a-un-ano-de-iniciarse-educacion-2020\/"},"wordCount":314,"commentCount":2,"articleSection":["Ciudadan\u00eda","Educaci\u00f3n"],"inLanguage":"es","potentialAction":[{"@type":"CommentAction","name":"Comment","target":["https:\/\/www.fraczinet.cl\/sitio\/a-un-ano-de-iniciarse-educacion-2020\/#respond"]}]},{"@type":"WebPage","@id":"https:\/\/www.fraczinet.cl\/sitio\/a-un-ano-de-iniciarse-educacion-2020\/","url":"https:\/\/www.fraczinet.cl\/sitio\/a-un-ano-de-iniciarse-educacion-2020\/","name":"A Un A\u00f1o De Iniciarse Educaci\u00f3n 2020 - Nuestro Bio B\u00edo","isPartOf":{"@id":"https:\/\/www.fraczinet.cl\/sitio\/#website"},"datePublished":"2009-09-23T23:57:00+00:00","author":{"@id":""},"breadcrumb":{"@id":"https:\/\/www.fraczinet.cl\/sitio\/a-un-ano-de-iniciarse-educacion-2020\/#breadcrumb"},"inLanguage":"es","potentialAction":[{"@type":"ReadAction","target":["https:\/\/www.fraczinet.cl\/sitio\/a-un-ano-de-iniciarse-educacion-2020\/"]}]},{"@type":"BreadcrumbList","@id":"https:\/\/www.fraczinet.cl\/sitio\/a-un-ano-de-iniciarse-educacion-2020\/#breadcrumb","itemListElement":[{"@type":"ListItem","position":1,"name":"Portada","item":"https:\/\/www.fraczinet.cl\/sitio\/"},{"@type":"ListItem","position":2,"name":"A Un A\u00f1o De Iniciarse Educaci\u00f3n 2020"}]},{"@type":"WebSite","@id":"https:\/\/www.fraczinet.cl\/sitio\/#website","url":"https:\/\/www.fraczinet.cl\/sitio\/","name":"Nuestro Bio B\u00edo","description":"Tierra de Encuentros","potentialAction":[{"@type":"SearchAction","target":{"@type":"EntryPoint","urlTemplate":"https:\/\/www.fraczinet.cl\/sitio\/?s={search_term_string}"},"query-input":{"@type":"PropertyValueSpecification","valueRequired":true,"valueName":"search_term_string"}}],"inLanguage":"es"},{"@type":"Person","@id":""}]}},"_links":{"self":[{"href":"https:\/\/www.fraczinet.cl\/sitio\/wp-json\/wp\/v2\/posts\/4666","targetHints":{"allow":["GET"]}}],"collection":[{"href":"https:\/\/www.fraczinet.cl\/sitio\/wp-json\/wp\/v2\/posts"}],"about":[{"href":"https:\/\/www.fraczinet.cl\/sitio\/wp-json\/wp\/v2\/types\/post"}],"author":[{"embeddable":true,"href":"https:\/\/www.fraczinet.cl\/sitio\/wp-json\/wp\/v2\/users\/1"}],"replies":[{"embeddable":true,"href":"https:\/\/www.fraczinet.cl\/sitio\/wp-json\/wp\/v2\/comments?post=4666"}],"version-history":[{"count":0,"href":"https:\/\/www.fraczinet.cl\/sitio\/wp-json\/wp\/v2\/posts\/4666\/revisions"}],"wp:attachment":[{"href":"https:\/\/www.fraczinet.cl\/sitio\/wp-json\/wp\/v2\/media?parent=4666"}],"wp:term":[{"taxonomy":"category","embeddable":true,"href":"https:\/\/www.fraczinet.cl\/sitio\/wp-json\/wp\/v2\/categories?post=4666"},{"taxonomy":"post_tag","embeddable":true,"href":"https:\/\/www.fraczinet.cl\/sitio\/wp-json\/wp\/v2\/tags?post=4666"}],"curies":[{"name":"wp","href":"https:\/\/api.w.org\/{rel}","templated":true}]}}