{"id":4692,"date":"2009-09-12T02:45:00","date_gmt":"2009-09-12T02:45:00","guid":{"rendered":"https:\/\/www.fraczinet.cl\/sitio\/2009\/09\/12\/la-cultura-y-sebastian-pinera\/"},"modified":"2009-09-12T02:45:00","modified_gmt":"2009-09-12T02:45:00","slug":"la-cultura-y-sebastian-pinera","status":"publish","type":"post","link":"https:\/\/www.fraczinet.cl\/sitio\/2009\/09\/12\/la-cultura-y-sebastian-pinera\/","title":{"rendered":"La Cultura Y Sebasti\u00e1n Pi\u00f1era"},"content":{"rendered":"<div style=\"text-align: justify;\">Cuenta una leyenda oriental, que un anciano recibi\u00f3 de un benefactor dos monedas. Con una compr\u00f3 un pedazo de pan y con la otra una flor. Un ni\u00f1o que pas\u00f3 le pregunt\u00f3 por qu\u00e9 hab\u00eda comprado una flor si ten\u00eda tanta hambre. Y el viejo le contest\u00f3: He comprado un pedazo de pan para tener con qu\u00e9 vivir y una flor para tener por qu\u00e9 vivir.<\/div>\n<div style=\"text-align: justify;\"><\/div>\n<div style=\"text-align: justify;\">Convencidos de que \u201cno s\u00f3lo de pan vive el hombre\u201d y de que la cultura es el espejo del alma de Chile, hemos elaborado un potente proyecto de desarrollo cultural que permita a todos alimentar su alma y enriquecer su esp\u00edritu, especialmente con nuestra cultura. Esa que con tanto talento representan nombres como Huidobro, Mistral, Neruda, Arrau y los Parra. Pero tambi\u00e9n la cultura de nuestros pueblos originarios, de nuestras colonias de inmigrantes, del campo chileno y de tantos personajes populares que emergen como las flores en un desierto florido.<\/div>\n<div style=\"text-align: justify;\"><\/div>\n<div style=\"text-align: justify;\">Por estas y mil razones la creaci\u00f3n, promoci\u00f3n y difusi\u00f3n de nuestro patrimonio cultural ser\u00e1 prioritario en nuestro futuro Gobierno y lo haremos en forma democr\u00e1tica y participativa. Nuestro lema ser\u00e1 \u201cConstruir sin Destruir\u201d, es decir, reconociendo y valorando los aportes de los gobiernos anteriores, como la creaci\u00f3n del Consejo Nacional de la Cultura y las Artes, el Fondart, la Dibam y el Consejo de Monumentos Nacionales.<\/div>\n<div style=\"text-align: justify;\"><\/div>\n<div style=\"text-align: justify;\">Sin embargo, toda obra humana es perfectible. Por eso avanzaremos en:<\/div>\n<div style=\"text-align: justify;\"><\/div>\n<div style=\"text-align: justify;\">1. Fortalecer la dimensi\u00f3n econ\u00f3mica de la actividad cultural, que hoy representan cerca del 1.3% del PIB.<\/div>\n<div style=\"text-align: justify;\"><\/div>\n<div style=\"text-align: justify;\">2. Incentivar el aporte y participaci\u00f3n del sector privado en la creaci\u00f3n y difusi\u00f3n de la cultura.<\/div>\n<div style=\"text-align: justify;\"><\/div>\n<div style=\"text-align: justify;\">3. Fortalecer la propiedad intelectual de los autores sobre sus creaciones, sin perjuicio de las excepciones necesarias en beneficio de instituciones educacionales y otras categor\u00edas especiales. En mi reciente reuni\u00f3n con artistas de la SCD compromet\u00ed mi apoyo a esta justa causa.<\/div>\n<div style=\"text-align: justify;\"><\/div>\n<div style=\"text-align: justify;\">4. Tender puentes eficaces entre la educaci\u00f3n y la cultura, pues la primera sin la \u00faltima es mero adiestramiento.<\/div>\n<div style=\"text-align: justify;\"><\/div>\n<div style=\"text-align: justify;\">5. Descentralizar la cultura, fortaleciendo el rol de las regiones y los municipios.<\/div>\n<div style=\"text-align: justify;\"><\/div>\n<div style=\"text-align: justify;\">6. Perfeccionar la ley de Monumentos Nacionales a objeto que sea un verdadero instrumento de conservaci\u00f3n y no una especie de certificado de defunci\u00f3n.<\/div>\n<div style=\"text-align: justify;\"><\/div>\n<div style=\"text-align: justify;\">7. Ampliar el campo del desarrollo cultural a \u00e1reas como el rescate de barrios hist\u00f3ricos y memoriales.<\/div>\n<div style=\"text-align: justify;\"><\/div>\n<div style=\"text-align: justify;\">8. Perfeccionar la transparencia y equidad de los sistemas de concursos p\u00fablicos y la eficacia de los procesos de seguimiento a los proyectos ganadores.<\/div>\n<div style=\"text-align: justify;\"><\/div>\n<div style=\"text-align: justify;\">La cultura no puede restringirse s\u00f3lo a los paneles de expertos, a quienes por cierto agradecemos el valioso aporte que seguir\u00e1n brindando. Cultura tambi\u00e9n habla de la forma de ser, pensar y sentir de un pueblo. Para fomentar y enriquecer la participaci\u00f3n ciudadana y el di\u00e1logo artista-ciudadano realizaremos consultas, a trav\u00e9s de los medios y ocasiones que corresponda, para recoger la opini\u00f3n de la gente \u00bfPor qu\u00e9 despojar de su leg\u00edtimo derecho a la comunidad de elegir entre, por ejemplo, construir una biblioteca municipal o un teatro comunal?<\/div>\n<div style=\"text-align: justify;\"><\/div>\n<div style=\"text-align: justify;\">Al referirnos a la calidad de vida normalmente pensamos en indicadores materiales como ingreso, salud y seguridad. Pero tambi\u00e9n la gente quiere y merece una vida cultural. Como dec\u00eda el cardenal Silva Henr\u00edquez \u201cen un cambio de \u00e9poca como el nuestro, los pueblos o son fermento del cambio cultural o son sus v\u00edctimas. S\u00f3lo los pueblos cuya alma es fuerte, sana, noble y generosa son capaces, en tales circunstancias, de modelar las culturas del ma\u00f1ana\u201d.<\/div>\n<p><\/p>\n","protected":false},"excerpt":{"rendered":"<p>Cuenta una leyenda oriental, que un anciano recibi\u00f3 de un benefactor dos monedas. Con una compr\u00f3 un pedazo de pan y con la otra una flor. Un ni\u00f1o que pas\u00f3 le pregunt\u00f3 por qu\u00e9 hab\u00eda comprado una flor si ten\u00eda tanta hambre. Y el viejo le contest\u00f3: He comprado un pedazo de pan para tener [&hellip;]<\/p>\n","protected":false},"author":1,"featured_media":0,"comment_status":"open","ping_status":"open","sticky":false,"template":"","format":"standard","meta":{"footnotes":""},"categories":[131],"tags":[],"class_list":["post-4692","post","type-post","status-publish","format-standard","hentry","category-politica"],"yoast_head":"<!-- This site is optimized with the Yoast SEO plugin v25.0 - https:\/\/yoast.com\/wordpress\/plugins\/seo\/ -->\n<title>La Cultura Y Sebasti\u00e1n Pi\u00f1era - Nuestro Bio B\u00edo<\/title>\n<meta name=\"robots\" content=\"index, follow, max-snippet:-1, max-image-preview:large, max-video-preview:-1\" \/>\n<link rel=\"canonical\" href=\"https:\/\/www.fraczinet.cl\/sitio\/2009\/09\/12\/la-cultura-y-sebastian-pinera\/\" \/>\n<meta property=\"og:locale\" content=\"es_ES\" \/>\n<meta property=\"og:type\" content=\"article\" \/>\n<meta property=\"og:title\" content=\"La Cultura Y Sebasti\u00e1n Pi\u00f1era - Nuestro Bio B\u00edo\" \/>\n<meta property=\"og:description\" content=\"Cuenta una leyenda oriental, que un anciano recibi\u00f3 de un benefactor dos monedas. Con una compr\u00f3 un pedazo de pan y con la otra una flor. Un ni\u00f1o que pas\u00f3 le pregunt\u00f3 por qu\u00e9 hab\u00eda comprado una flor si ten\u00eda tanta hambre. Y el viejo le contest\u00f3: He comprado un pedazo de pan para tener [&hellip;]\" \/>\n<meta property=\"og:url\" content=\"https:\/\/www.fraczinet.cl\/sitio\/2009\/09\/12\/la-cultura-y-sebastian-pinera\/\" \/>\n<meta property=\"og:site_name\" content=\"Nuestro Bio B\u00edo\" \/>\n<meta property=\"article:published_time\" content=\"2009-09-12T02:45:00+00:00\" \/>\n<meta property=\"og:image\" content=\"https:\/\/www.fraczinet.cl\/sitio\/wp-content\/uploads\/2021\/07\/bannerlogo-1.gif\" \/>\n\t<meta property=\"og:image:width\" content=\"159\" \/>\n\t<meta property=\"og:image:height\" content=\"79\" \/>\n\t<meta property=\"og:image:type\" content=\"image\/gif\" \/>\n<meta name=\"author\" content=\"admin\" \/>\n<meta name=\"twitter:card\" content=\"summary_large_image\" \/>\n<meta name=\"twitter:creator\" content=\"@nuestrobiobio\" \/>\n<meta name=\"twitter:site\" content=\"@nuestrobiobio\" \/>\n<meta name=\"twitter:label1\" content=\"Escrito por\" \/>\n\t<meta name=\"twitter:data1\" content=\"admin\" \/>\n\t<meta name=\"twitter:label2\" content=\"Tiempo de lectura\" \/>\n\t<meta name=\"twitter:data2\" content=\"3 minutos\" \/>\n<script type=\"application\/ld+json\" class=\"yoast-schema-graph\">{\"@context\":\"https:\/\/schema.org\",\"@graph\":[{\"@type\":\"Article\",\"@id\":\"https:\/\/www.fraczinet.cl\/sitio\/2009\/09\/12\/la-cultura-y-sebastian-pinera\/#article\",\"isPartOf\":{\"@id\":\"https:\/\/www.fraczinet.cl\/sitio\/2009\/09\/12\/la-cultura-y-sebastian-pinera\/\"},\"author\":{\"name\":\"admin\",\"@id\":\"https:\/\/www.fraczinet.cl\/sitio\/#\/schema\/person\/bc30f98e9cb10ae7e119dbe14bc93784\"},\"headline\":\"La Cultura Y Sebasti\u00e1n Pi\u00f1era\",\"datePublished\":\"2009-09-12T02:45:00+00:00\",\"mainEntityOfPage\":{\"@id\":\"https:\/\/www.fraczinet.cl\/sitio\/2009\/09\/12\/la-cultura-y-sebastian-pinera\/\"},\"wordCount\":605,\"commentCount\":0,\"publisher\":{\"@id\":\"https:\/\/www.fraczinet.cl\/sitio\/#\/schema\/person\/aec8ee4da68df2b9b0eefdad24a0d582\"},\"articleSection\":[\"Pol\u00edtica\"],\"inLanguage\":\"es\",\"potentialAction\":[{\"@type\":\"CommentAction\",\"name\":\"Comment\",\"target\":[\"https:\/\/www.fraczinet.cl\/sitio\/2009\/09\/12\/la-cultura-y-sebastian-pinera\/#respond\"]}]},{\"@type\":\"WebPage\",\"@id\":\"https:\/\/www.fraczinet.cl\/sitio\/2009\/09\/12\/la-cultura-y-sebastian-pinera\/\",\"url\":\"https:\/\/www.fraczinet.cl\/sitio\/2009\/09\/12\/la-cultura-y-sebastian-pinera\/\",\"name\":\"La Cultura Y Sebasti\u00e1n Pi\u00f1era - Nuestro Bio B\u00edo\",\"isPartOf\":{\"@id\":\"https:\/\/www.fraczinet.cl\/sitio\/#website\"},\"datePublished\":\"2009-09-12T02:45:00+00:00\",\"breadcrumb\":{\"@id\":\"https:\/\/www.fraczinet.cl\/sitio\/2009\/09\/12\/la-cultura-y-sebastian-pinera\/#breadcrumb\"},\"inLanguage\":\"es\",\"potentialAction\":[{\"@type\":\"ReadAction\",\"target\":[\"https:\/\/www.fraczinet.cl\/sitio\/2009\/09\/12\/la-cultura-y-sebastian-pinera\/\"]}]},{\"@type\":\"BreadcrumbList\",\"@id\":\"https:\/\/www.fraczinet.cl\/sitio\/2009\/09\/12\/la-cultura-y-sebastian-pinera\/#breadcrumb\",\"itemListElement\":[{\"@type\":\"ListItem\",\"position\":1,\"name\":\"Portada\",\"item\":\"https:\/\/www.fraczinet.cl\/sitio\/\"},{\"@type\":\"ListItem\",\"position\":2,\"name\":\"La Cultura Y Sebasti\u00e1n Pi\u00f1era\"}]},{\"@type\":\"WebSite\",\"@id\":\"https:\/\/www.fraczinet.cl\/sitio\/#website\",\"url\":\"https:\/\/www.fraczinet.cl\/sitio\/\",\"name\":\"Nuestro Bio B\u00edo\",\"description\":\"Tierra de Encuentros\",\"publisher\":{\"@id\":\"https:\/\/www.fraczinet.cl\/sitio\/#\/schema\/person\/aec8ee4da68df2b9b0eefdad24a0d582\"},\"potentialAction\":[{\"@type\":\"SearchAction\",\"target\":{\"@type\":\"EntryPoint\",\"urlTemplate\":\"https:\/\/www.fraczinet.cl\/sitio\/?s={search_term_string}\"},\"query-input\":{\"@type\":\"PropertyValueSpecification\",\"valueRequired\":true,\"valueName\":\"search_term_string\"}}],\"inLanguage\":\"es\"},{\"@type\":[\"Person\",\"Organization\"],\"@id\":\"https:\/\/www.fraczinet.cl\/sitio\/#\/schema\/person\/aec8ee4da68df2b9b0eefdad24a0d582\",\"name\":\"Luis Fernando Fraczinet\",\"image\":{\"@type\":\"ImageObject\",\"inLanguage\":\"es\",\"@id\":\"https:\/\/www.fraczinet.cl\/sitio\/#\/schema\/person\/image\/\",\"url\":\"https:\/\/www.fraczinet.cl\/sitio\/wp-content\/uploads\/2021\/07\/bannerlogo-1.gif\",\"contentUrl\":\"https:\/\/www.fraczinet.cl\/sitio\/wp-content\/uploads\/2021\/07\/bannerlogo-1.gif\",\"width\":159,\"height\":79,\"caption\":\"Luis Fernando Fraczinet\"},\"logo\":{\"@id\":\"https:\/\/www.fraczinet.cl\/sitio\/#\/schema\/person\/image\/\"},\"sameAs\":[\"https:\/\/www.fraczinet.cl\/sitio\/\"]},{\"@type\":\"Person\",\"@id\":\"https:\/\/www.fraczinet.cl\/sitio\/#\/schema\/person\/bc30f98e9cb10ae7e119dbe14bc93784\",\"name\":\"admin\",\"image\":{\"@type\":\"ImageObject\",\"inLanguage\":\"es\",\"@id\":\"https:\/\/www.fraczinet.cl\/sitio\/#\/schema\/person\/image\/\",\"url\":\"https:\/\/secure.gravatar.com\/avatar\/d5ad3cf7ef3b23a2bb5be73be780c86b2fc8545c3ad6b149f3913ff458c00099?s=96&d=mm&r=g\",\"contentUrl\":\"https:\/\/secure.gravatar.com\/avatar\/d5ad3cf7ef3b23a2bb5be73be780c86b2fc8545c3ad6b149f3913ff458c00099?s=96&d=mm&r=g\",\"caption\":\"admin\"},\"sameAs\":[\"https:\/\/www.fraczinet.cl\/sitio\"]}]}<\/script>\n<!-- \/ Yoast SEO plugin. -->","yoast_head_json":{"title":"La Cultura Y Sebasti\u00e1n Pi\u00f1era - Nuestro Bio B\u00edo","robots":{"index":"index","follow":"follow","max-snippet":"max-snippet:-1","max-image-preview":"max-image-preview:large","max-video-preview":"max-video-preview:-1"},"canonical":"https:\/\/www.fraczinet.cl\/sitio\/2009\/09\/12\/la-cultura-y-sebastian-pinera\/","og_locale":"es_ES","og_type":"article","og_title":"La Cultura Y Sebasti\u00e1n Pi\u00f1era - Nuestro Bio B\u00edo","og_description":"Cuenta una leyenda oriental, que un anciano recibi\u00f3 de un benefactor dos monedas. Con una compr\u00f3 un pedazo de pan y con la otra una flor. Un ni\u00f1o que pas\u00f3 le pregunt\u00f3 por qu\u00e9 hab\u00eda comprado una flor si ten\u00eda tanta hambre. Y el viejo le contest\u00f3: He comprado un pedazo de pan para tener [&hellip;]","og_url":"https:\/\/www.fraczinet.cl\/sitio\/2009\/09\/12\/la-cultura-y-sebastian-pinera\/","og_site_name":"Nuestro Bio B\u00edo","article_published_time":"2009-09-12T02:45:00+00:00","og_image":[{"width":159,"height":79,"url":"https:\/\/www.fraczinet.cl\/sitio\/wp-content\/uploads\/2021\/07\/bannerlogo-1.gif","type":"image\/gif"}],"author":"admin","twitter_card":"summary_large_image","twitter_creator":"@nuestrobiobio","twitter_site":"@nuestrobiobio","twitter_misc":{"Escrito por":"admin","Tiempo de lectura":"3 minutos"},"schema":{"@context":"https:\/\/schema.org","@graph":[{"@type":"Article","@id":"https:\/\/www.fraczinet.cl\/sitio\/2009\/09\/12\/la-cultura-y-sebastian-pinera\/#article","isPartOf":{"@id":"https:\/\/www.fraczinet.cl\/sitio\/2009\/09\/12\/la-cultura-y-sebastian-pinera\/"},"author":{"name":"admin","@id":"https:\/\/www.fraczinet.cl\/sitio\/#\/schema\/person\/bc30f98e9cb10ae7e119dbe14bc93784"},"headline":"La Cultura Y Sebasti\u00e1n Pi\u00f1era","datePublished":"2009-09-12T02:45:00+00:00","mainEntityOfPage":{"@id":"https:\/\/www.fraczinet.cl\/sitio\/2009\/09\/12\/la-cultura-y-sebastian-pinera\/"},"wordCount":605,"commentCount":0,"publisher":{"@id":"https:\/\/www.fraczinet.cl\/sitio\/#\/schema\/person\/aec8ee4da68df2b9b0eefdad24a0d582"},"articleSection":["Pol\u00edtica"],"inLanguage":"es","potentialAction":[{"@type":"CommentAction","name":"Comment","target":["https:\/\/www.fraczinet.cl\/sitio\/2009\/09\/12\/la-cultura-y-sebastian-pinera\/#respond"]}]},{"@type":"WebPage","@id":"https:\/\/www.fraczinet.cl\/sitio\/2009\/09\/12\/la-cultura-y-sebastian-pinera\/","url":"https:\/\/www.fraczinet.cl\/sitio\/2009\/09\/12\/la-cultura-y-sebastian-pinera\/","name":"La Cultura Y Sebasti\u00e1n Pi\u00f1era - Nuestro Bio B\u00edo","isPartOf":{"@id":"https:\/\/www.fraczinet.cl\/sitio\/#website"},"datePublished":"2009-09-12T02:45:00+00:00","breadcrumb":{"@id":"https:\/\/www.fraczinet.cl\/sitio\/2009\/09\/12\/la-cultura-y-sebastian-pinera\/#breadcrumb"},"inLanguage":"es","potentialAction":[{"@type":"ReadAction","target":["https:\/\/www.fraczinet.cl\/sitio\/2009\/09\/12\/la-cultura-y-sebastian-pinera\/"]}]},{"@type":"BreadcrumbList","@id":"https:\/\/www.fraczinet.cl\/sitio\/2009\/09\/12\/la-cultura-y-sebastian-pinera\/#breadcrumb","itemListElement":[{"@type":"ListItem","position":1,"name":"Portada","item":"https:\/\/www.fraczinet.cl\/sitio\/"},{"@type":"ListItem","position":2,"name":"La Cultura Y Sebasti\u00e1n Pi\u00f1era"}]},{"@type":"WebSite","@id":"https:\/\/www.fraczinet.cl\/sitio\/#website","url":"https:\/\/www.fraczinet.cl\/sitio\/","name":"Nuestro Bio B\u00edo","description":"Tierra de Encuentros","publisher":{"@id":"https:\/\/www.fraczinet.cl\/sitio\/#\/schema\/person\/aec8ee4da68df2b9b0eefdad24a0d582"},"potentialAction":[{"@type":"SearchAction","target":{"@type":"EntryPoint","urlTemplate":"https:\/\/www.fraczinet.cl\/sitio\/?s={search_term_string}"},"query-input":{"@type":"PropertyValueSpecification","valueRequired":true,"valueName":"search_term_string"}}],"inLanguage":"es"},{"@type":["Person","Organization"],"@id":"https:\/\/www.fraczinet.cl\/sitio\/#\/schema\/person\/aec8ee4da68df2b9b0eefdad24a0d582","name":"Luis Fernando Fraczinet","image":{"@type":"ImageObject","inLanguage":"es","@id":"https:\/\/www.fraczinet.cl\/sitio\/#\/schema\/person\/image\/","url":"https:\/\/www.fraczinet.cl\/sitio\/wp-content\/uploads\/2021\/07\/bannerlogo-1.gif","contentUrl":"https:\/\/www.fraczinet.cl\/sitio\/wp-content\/uploads\/2021\/07\/bannerlogo-1.gif","width":159,"height":79,"caption":"Luis Fernando Fraczinet"},"logo":{"@id":"https:\/\/www.fraczinet.cl\/sitio\/#\/schema\/person\/image\/"},"sameAs":["https:\/\/www.fraczinet.cl\/sitio\/"]},{"@type":"Person","@id":"https:\/\/www.fraczinet.cl\/sitio\/#\/schema\/person\/bc30f98e9cb10ae7e119dbe14bc93784","name":"admin","image":{"@type":"ImageObject","inLanguage":"es","@id":"https:\/\/www.fraczinet.cl\/sitio\/#\/schema\/person\/image\/","url":"https:\/\/secure.gravatar.com\/avatar\/d5ad3cf7ef3b23a2bb5be73be780c86b2fc8545c3ad6b149f3913ff458c00099?s=96&d=mm&r=g","contentUrl":"https:\/\/secure.gravatar.com\/avatar\/d5ad3cf7ef3b23a2bb5be73be780c86b2fc8545c3ad6b149f3913ff458c00099?s=96&d=mm&r=g","caption":"admin"},"sameAs":["https:\/\/www.fraczinet.cl\/sitio"]}]}},"_links":{"self":[{"href":"https:\/\/www.fraczinet.cl\/sitio\/wp-json\/wp\/v2\/posts\/4692","targetHints":{"allow":["GET"]}}],"collection":[{"href":"https:\/\/www.fraczinet.cl\/sitio\/wp-json\/wp\/v2\/posts"}],"about":[{"href":"https:\/\/www.fraczinet.cl\/sitio\/wp-json\/wp\/v2\/types\/post"}],"author":[{"embeddable":true,"href":"https:\/\/www.fraczinet.cl\/sitio\/wp-json\/wp\/v2\/users\/1"}],"replies":[{"embeddable":true,"href":"https:\/\/www.fraczinet.cl\/sitio\/wp-json\/wp\/v2\/comments?post=4692"}],"version-history":[{"count":0,"href":"https:\/\/www.fraczinet.cl\/sitio\/wp-json\/wp\/v2\/posts\/4692\/revisions"}],"wp:attachment":[{"href":"https:\/\/www.fraczinet.cl\/sitio\/wp-json\/wp\/v2\/media?parent=4692"}],"wp:term":[{"taxonomy":"category","embeddable":true,"href":"https:\/\/www.fraczinet.cl\/sitio\/wp-json\/wp\/v2\/categories?post=4692"},{"taxonomy":"post_tag","embeddable":true,"href":"https:\/\/www.fraczinet.cl\/sitio\/wp-json\/wp\/v2\/tags?post=4692"}],"curies":[{"name":"wp","href":"https:\/\/api.w.org\/{rel}","templated":true}]}}