{"id":4693,"date":"2009-09-12T02:36:00","date_gmt":"2009-09-12T02:36:00","guid":{"rendered":"https:\/\/www.fraczinet.cl\/sitio\/2009\/09\/12\/la-cultura-y-jorge-arrate\/"},"modified":"2009-09-12T02:36:00","modified_gmt":"2009-09-12T02:36:00","slug":"la-cultura-y-jorge-arrate","status":"publish","type":"post","link":"https:\/\/www.fraczinet.cl\/sitio\/2009\/09\/12\/la-cultura-y-jorge-arrate\/","title":{"rendered":"La Cultura Y Jorge Arrate"},"content":{"rendered":"<div style=\"text-align: justify;\">El primero de agosto con la presencia una nutrida representaci\u00f3n de Premios Nacionales de artes, letras y pl\u00e1stica, en el Caf\u00e9 Bar Borne de la comuna de \u00d1u\u00f1oa, el candidato presidencial del Juntos Podemos y el Frente Amplio, Jorge Arrate, present\u00f3 el comando de artistas e intelectuales que adhieren a su campa\u00f1a. <\/div>\n<div style=\"text-align: justify;\"><\/div>\n<div style=\"text-align: justify;\">M\u00e1s de doscientos representantes del mundo de las artes y la cultura, formalizaron oficialmente su adhesi\u00f3n a la candidatura presidencial de Jorge Arrate estampando su firma en un documento donde se comprometen a trabajar en la campa\u00f1a y a sumar nuevas fuerzas a la opci\u00f3n presidencial de la izquierda chilena.<\/div>\n<div style=\"text-align: justify;\"><\/div>\n<div style=\"text-align: justify;\">El comando est\u00e1 integrado, entre otros, por la escritora Eugenia Prado, el poeta Reynaldo Lac\u00e1mara, el cineasta Igor Contreras, el actor Alfredo Castro, como tambi\u00e9n por el premio nacional de Artes, Gonzalo D\u00edaz, y Faride Zer\u00e1n, premio nacional de periodismo.<\/div>\n<div style=\"text-align: justify;\"><\/div>\n<div style=\"text-align: justify;\">En el concurrido acto, el mundo de la cultura rescat\u00f3 la validez de la pasi\u00f3n pol\u00edtica y su cruce con el arte, donde la candidatura de Jorge Arrate se abre como un espacio, un lugar para pensar y escenificar los principales valores de artistas e intelectuales: la creatividad.<\/div>\n<div style=\"text-align: justify;\"><\/div>\n<div style=\"text-align: justify;\">Nelly Richard, ensayista y cr\u00edtica literaria, se\u00f1al\u00f3 que la candidatura presidencial del Juntos Podemos representa fielmente el esp\u00edritu de la izquierda, pues \u201cse alza como una memoria de lucha, pero tambi\u00e9n como una imagen de futuro, que rescata los ideales so\u00f1adores que expanden esta mezquina realidad\u201d.<\/div>\n<div style=\"text-align: justify;\"><\/div>\n<div style=\"text-align: justify;\">El Premio Nacional de Artes 2007, Guillermo N\u00fa\u00f1ez,  rescat\u00f3 la herencia dejada por el presidente Salvador Allende e hizo un llamado a trabajar arduamente para lograr estos cambios pol\u00edticos y sociales, tal como se hizo antes de obtener el triunfo de la Unidad Popular en 1970.<\/div>\n<div style=\"text-align: justify;\"><\/div>\n<div style=\"text-align: justify;\"><span style=\"font-weight: bold;\">Palabras de Guillermo Teillier<\/span> <\/div>\n<div style=\"text-align: justify;\"><\/div>\n<div style=\"text-align: justify;\">Otro de los presente fue el escritor, profesor, Presidente del Partido Comunista y candidato a diputado por el distrito 28, Guillermo Teillier, quien se\u00f1al\u00f3 que \u201cesta es la primera candidatura presidencial que convoca un apoyo tan grande de personas del \u00e1mbito cultural y art\u00edstico. La explicaci\u00f3n es que es la \u00fanica candidatura aut\u00e9ntica de izquierda que propone cambios estructurales. No es m\u00e1s de lo mismo, sino que representa un verdadero cambio cultural para nuestro pa\u00eds\u201d.<\/div>\n<div style=\"text-align: justify;\"><\/div>\n<div style=\"text-align: justify;\"><span style=\"font-weight: bold;\">Una nueva Constituci\u00f3n para Chile<\/span><\/div>\n<div style=\"text-align: justify;\"><\/div>\n<div style=\"text-align: justify;\">El candidato presidencial del Juntos Podemos, Jorge Arrate, expuso la importancia de la cultura en el mundo, como as\u00ed tambi\u00e9n el beneficio que significa para todos los artistas nacionales un cambio a la Constituci\u00f3n Pol\u00edtica que rige hoy en Chile.<\/div>\n<div style=\"text-align: justify;\"><\/div>\n<div style=\"text-align: justify;\">\u00abUno de los objetivos de nuestra campa\u00f1a es cambiar la Constituci\u00f3n de Chile a trav\u00e9s de una asamblea constituyente y cuan importante para la cultura de nuestro pa\u00eds ser\u00eda que lo logr\u00e1ramos. El eje doctrinario de la actual Constituci\u00f3n es la econom\u00eda neoliberal y para permear aquello, los artistas e intelectuales son fundamentales\u00bb, dijo el abanderado allendista.<\/div>\n<div style=\"text-align: justify;\"><\/div>\n<div style=\"text-align: justify;\">El presidenciable de Izquierda subray\u00f3 en tal sentido que \u00abnosotros somos los que queremos poner la idea de la democracia como cultura\u00bb.<\/div>\n<div style=\"text-align: justify;\"><\/div>\n<div style=\"text-align: justify;\">\u201cQueremos elaborar una nueva Constituci\u00f3n, pero no una que sea elaborada entre cuatro paredes y se imponga a la ciudadan\u00eda y que adem\u00e1s profundice los males que trae consigo este modelo econ\u00f3mico neoliberal. Nosotros queremos formar una Asamblea Constituyente que tenga una participaci\u00f3n real en la creaci\u00f3n de esta nueva Carta Institucional. Es por eso que hemos solicitado al Ministro del Interior, Jos\u00e9 Edmundo P\u00e9rez Yoma, que en las elecciones de diciembre se incluya una cuarta urna,  donde los chilenos y chilenas se pronuncien si quieren esta nueva Constituci\u00f3n\u201d, plante\u00f3 Arrate.<\/div>\n<div style=\"text-align: justify;\"><\/div>\n<div style=\"text-align: justify;\">Destac\u00f3 que el d\u00eda de las elecciones constituye \u00abel momento en que todos valemos lo mismo en una sociedad que cada d\u00eda nos hace m\u00e1s distintos por lo que tenemos. Nosotros luchamos por un pa\u00eds sea el gran vector, precisamente para que todos tengamos iguales derechos y oportunidades\u00bb.<\/div>\n<div style=\"text-align: justify;\"><\/div>\n<div style=\"text-align: justify;\">Arrate relev\u00f3 tambi\u00e9n \u00abla amplitud de nuestra unidad en un arco muy amplio de sensibilidades, con diferencias leg\u00edtimas, pero sumables y asimilables en la idea de libertad con justicia social\u00bb.<\/div>\n<div style=\"text-align: justify;\"><\/div>\n<div style=\"text-align: justify;\">Record\u00f3 que su campa\u00f1a tiene componentes que \u00abotras no alcanzan. Nosotros tenemos este comando de artistas e intelectuales y tambi\u00e9n el comando de trabajadores m\u00e1s representativo y amplio. Igualmente tenemos siete presidentes de federaciones estudiantiles y 11 de las 16 organizaciones estudiantiles existentes son dirigidas por representantes de izquierda, la mayor\u00eda de cuyos dirigentes est\u00e1 con nosotros, por eso nos temen, tratan de borrarnos y de disfrazar a otros para darles nuestro lugar\u00bb.<\/div>\n<div style=\"text-align: justify;\"><\/div>\n<div style=\"text-align: justify;\">\u00abNosotros les decimos, ninguna otra candidatura tiene este arco de unidad y potencia real, no de hologramas medi\u00e1ticos. Nosotros, la izquierda somos reales y estamos ampliando el surco como nadie se hab\u00eda propuesto hasta ahora, a pesar de los pesares y con la alegr\u00eda del camino que m\u00e1s temprano que tarde nos llevar\u00e1 a la victoria. Por eso nos temen\u00bb, subray\u00f3 Arrate.<\/div>\n<div style=\"text-align: justify;\"><\/div>\n<div style=\"text-align: justify;\">Sin embargo, fue categ\u00f3rico al advertir que \u00abel pasado no sirve como para ponerle un calco y convertirlo autom\u00e1ticamente en futuro, tenemos que ser capaces de generar y difundir la fuerza de nuestras ideas\u00bb.<\/div>\n","protected":false},"excerpt":{"rendered":"<p>El primero de agosto con la presencia una nutrida representaci\u00f3n de Premios Nacionales de artes, letras y pl\u00e1stica, en el Caf\u00e9 Bar Borne de la comuna de \u00d1u\u00f1oa, el candidato presidencial del Juntos Podemos y el Frente Amplio, Jorge Arrate, present\u00f3 el comando de artistas e intelectuales que adhieren a su campa\u00f1a. M\u00e1s de doscientos [&hellip;]<\/p>\n","protected":false},"author":1,"featured_media":0,"comment_status":"open","ping_status":"open","sticky":false,"template":"","format":"standard","meta":{"footnotes":""},"categories":[131],"tags":[],"class_list":["post-4693","post","type-post","status-publish","format-standard","hentry","category-politica"],"yoast_head":"<!-- This site is optimized with the Yoast SEO plugin v25.0 - https:\/\/yoast.com\/wordpress\/plugins\/seo\/ -->\n<title>La Cultura Y Jorge Arrate - Nuestro Bio B\u00edo<\/title>\n<meta name=\"robots\" content=\"index, follow, max-snippet:-1, max-image-preview:large, max-video-preview:-1\" \/>\n<link rel=\"canonical\" href=\"https:\/\/www.fraczinet.cl\/sitio\/2009\/09\/12\/la-cultura-y-jorge-arrate\/\" \/>\n<meta property=\"og:locale\" content=\"es_ES\" \/>\n<meta property=\"og:type\" content=\"article\" \/>\n<meta property=\"og:title\" content=\"La Cultura Y Jorge Arrate - Nuestro Bio B\u00edo\" \/>\n<meta property=\"og:description\" content=\"El primero de agosto con la presencia una nutrida representaci\u00f3n de Premios Nacionales de artes, letras y pl\u00e1stica, en el Caf\u00e9 Bar Borne de la comuna de \u00d1u\u00f1oa, el candidato presidencial del Juntos Podemos y el Frente Amplio, Jorge Arrate, present\u00f3 el comando de artistas e intelectuales que adhieren a su campa\u00f1a. M\u00e1s de doscientos [&hellip;]\" \/>\n<meta property=\"og:url\" content=\"https:\/\/www.fraczinet.cl\/sitio\/2009\/09\/12\/la-cultura-y-jorge-arrate\/\" \/>\n<meta property=\"og:site_name\" content=\"Nuestro Bio B\u00edo\" \/>\n<meta property=\"article:published_time\" content=\"2009-09-12T02:36:00+00:00\" \/>\n<meta property=\"og:image\" content=\"https:\/\/www.fraczinet.cl\/sitio\/wp-content\/uploads\/2021\/07\/bannerlogo-1.gif\" \/>\n\t<meta property=\"og:image:width\" content=\"159\" \/>\n\t<meta property=\"og:image:height\" content=\"79\" \/>\n\t<meta property=\"og:image:type\" content=\"image\/gif\" \/>\n<meta name=\"author\" content=\"admin\" \/>\n<meta name=\"twitter:card\" content=\"summary_large_image\" \/>\n<meta name=\"twitter:creator\" content=\"@nuestrobiobio\" \/>\n<meta name=\"twitter:site\" content=\"@nuestrobiobio\" \/>\n<meta name=\"twitter:label1\" content=\"Escrito por\" \/>\n\t<meta name=\"twitter:data1\" content=\"admin\" \/>\n\t<meta name=\"twitter:label2\" content=\"Tiempo de lectura\" \/>\n\t<meta name=\"twitter:data2\" content=\"4 minutos\" \/>\n<script type=\"application\/ld+json\" class=\"yoast-schema-graph\">{\"@context\":\"https:\/\/schema.org\",\"@graph\":[{\"@type\":\"Article\",\"@id\":\"https:\/\/www.fraczinet.cl\/sitio\/2009\/09\/12\/la-cultura-y-jorge-arrate\/#article\",\"isPartOf\":{\"@id\":\"https:\/\/www.fraczinet.cl\/sitio\/2009\/09\/12\/la-cultura-y-jorge-arrate\/\"},\"author\":{\"name\":\"admin\",\"@id\":\"https:\/\/www.fraczinet.cl\/sitio\/#\/schema\/person\/bc30f98e9cb10ae7e119dbe14bc93784\"},\"headline\":\"La Cultura Y Jorge Arrate\",\"datePublished\":\"2009-09-12T02:36:00+00:00\",\"mainEntityOfPage\":{\"@id\":\"https:\/\/www.fraczinet.cl\/sitio\/2009\/09\/12\/la-cultura-y-jorge-arrate\/\"},\"wordCount\":886,\"commentCount\":0,\"publisher\":{\"@id\":\"https:\/\/www.fraczinet.cl\/sitio\/#\/schema\/person\/aec8ee4da68df2b9b0eefdad24a0d582\"},\"articleSection\":[\"Pol\u00edtica\"],\"inLanguage\":\"es\",\"potentialAction\":[{\"@type\":\"CommentAction\",\"name\":\"Comment\",\"target\":[\"https:\/\/www.fraczinet.cl\/sitio\/2009\/09\/12\/la-cultura-y-jorge-arrate\/#respond\"]}]},{\"@type\":\"WebPage\",\"@id\":\"https:\/\/www.fraczinet.cl\/sitio\/2009\/09\/12\/la-cultura-y-jorge-arrate\/\",\"url\":\"https:\/\/www.fraczinet.cl\/sitio\/2009\/09\/12\/la-cultura-y-jorge-arrate\/\",\"name\":\"La Cultura Y Jorge Arrate - Nuestro Bio B\u00edo\",\"isPartOf\":{\"@id\":\"https:\/\/www.fraczinet.cl\/sitio\/#website\"},\"datePublished\":\"2009-09-12T02:36:00+00:00\",\"breadcrumb\":{\"@id\":\"https:\/\/www.fraczinet.cl\/sitio\/2009\/09\/12\/la-cultura-y-jorge-arrate\/#breadcrumb\"},\"inLanguage\":\"es\",\"potentialAction\":[{\"@type\":\"ReadAction\",\"target\":[\"https:\/\/www.fraczinet.cl\/sitio\/2009\/09\/12\/la-cultura-y-jorge-arrate\/\"]}]},{\"@type\":\"BreadcrumbList\",\"@id\":\"https:\/\/www.fraczinet.cl\/sitio\/2009\/09\/12\/la-cultura-y-jorge-arrate\/#breadcrumb\",\"itemListElement\":[{\"@type\":\"ListItem\",\"position\":1,\"name\":\"Portada\",\"item\":\"https:\/\/www.fraczinet.cl\/sitio\/\"},{\"@type\":\"ListItem\",\"position\":2,\"name\":\"La Cultura Y Jorge Arrate\"}]},{\"@type\":\"WebSite\",\"@id\":\"https:\/\/www.fraczinet.cl\/sitio\/#website\",\"url\":\"https:\/\/www.fraczinet.cl\/sitio\/\",\"name\":\"Nuestro Bio B\u00edo\",\"description\":\"Tierra de Encuentros\",\"publisher\":{\"@id\":\"https:\/\/www.fraczinet.cl\/sitio\/#\/schema\/person\/aec8ee4da68df2b9b0eefdad24a0d582\"},\"potentialAction\":[{\"@type\":\"SearchAction\",\"target\":{\"@type\":\"EntryPoint\",\"urlTemplate\":\"https:\/\/www.fraczinet.cl\/sitio\/?s={search_term_string}\"},\"query-input\":{\"@type\":\"PropertyValueSpecification\",\"valueRequired\":true,\"valueName\":\"search_term_string\"}}],\"inLanguage\":\"es\"},{\"@type\":[\"Person\",\"Organization\"],\"@id\":\"https:\/\/www.fraczinet.cl\/sitio\/#\/schema\/person\/aec8ee4da68df2b9b0eefdad24a0d582\",\"name\":\"Luis Fernando Fraczinet\",\"image\":{\"@type\":\"ImageObject\",\"inLanguage\":\"es\",\"@id\":\"https:\/\/www.fraczinet.cl\/sitio\/#\/schema\/person\/image\/\",\"url\":\"https:\/\/www.fraczinet.cl\/sitio\/wp-content\/uploads\/2021\/07\/bannerlogo-1.gif\",\"contentUrl\":\"https:\/\/www.fraczinet.cl\/sitio\/wp-content\/uploads\/2021\/07\/bannerlogo-1.gif\",\"width\":159,\"height\":79,\"caption\":\"Luis Fernando Fraczinet\"},\"logo\":{\"@id\":\"https:\/\/www.fraczinet.cl\/sitio\/#\/schema\/person\/image\/\"},\"sameAs\":[\"https:\/\/www.fraczinet.cl\/sitio\/\"]},{\"@type\":\"Person\",\"@id\":\"https:\/\/www.fraczinet.cl\/sitio\/#\/schema\/person\/bc30f98e9cb10ae7e119dbe14bc93784\",\"name\":\"admin\",\"image\":{\"@type\":\"ImageObject\",\"inLanguage\":\"es\",\"@id\":\"https:\/\/www.fraczinet.cl\/sitio\/#\/schema\/person\/image\/\",\"url\":\"https:\/\/secure.gravatar.com\/avatar\/d5ad3cf7ef3b23a2bb5be73be780c86b2fc8545c3ad6b149f3913ff458c00099?s=96&d=mm&r=g\",\"contentUrl\":\"https:\/\/secure.gravatar.com\/avatar\/d5ad3cf7ef3b23a2bb5be73be780c86b2fc8545c3ad6b149f3913ff458c00099?s=96&d=mm&r=g\",\"caption\":\"admin\"},\"sameAs\":[\"https:\/\/www.fraczinet.cl\/sitio\"]}]}<\/script>\n<!-- \/ Yoast SEO plugin. -->","yoast_head_json":{"title":"La Cultura Y Jorge Arrate - Nuestro Bio B\u00edo","robots":{"index":"index","follow":"follow","max-snippet":"max-snippet:-1","max-image-preview":"max-image-preview:large","max-video-preview":"max-video-preview:-1"},"canonical":"https:\/\/www.fraczinet.cl\/sitio\/2009\/09\/12\/la-cultura-y-jorge-arrate\/","og_locale":"es_ES","og_type":"article","og_title":"La Cultura Y Jorge Arrate - Nuestro Bio B\u00edo","og_description":"El primero de agosto con la presencia una nutrida representaci\u00f3n de Premios Nacionales de artes, letras y pl\u00e1stica, en el Caf\u00e9 Bar Borne de la comuna de \u00d1u\u00f1oa, el candidato presidencial del Juntos Podemos y el Frente Amplio, Jorge Arrate, present\u00f3 el comando de artistas e intelectuales que adhieren a su campa\u00f1a. M\u00e1s de doscientos [&hellip;]","og_url":"https:\/\/www.fraczinet.cl\/sitio\/2009\/09\/12\/la-cultura-y-jorge-arrate\/","og_site_name":"Nuestro Bio B\u00edo","article_published_time":"2009-09-12T02:36:00+00:00","og_image":[{"width":159,"height":79,"url":"https:\/\/www.fraczinet.cl\/sitio\/wp-content\/uploads\/2021\/07\/bannerlogo-1.gif","type":"image\/gif"}],"author":"admin","twitter_card":"summary_large_image","twitter_creator":"@nuestrobiobio","twitter_site":"@nuestrobiobio","twitter_misc":{"Escrito por":"admin","Tiempo de lectura":"4 minutos"},"schema":{"@context":"https:\/\/schema.org","@graph":[{"@type":"Article","@id":"https:\/\/www.fraczinet.cl\/sitio\/2009\/09\/12\/la-cultura-y-jorge-arrate\/#article","isPartOf":{"@id":"https:\/\/www.fraczinet.cl\/sitio\/2009\/09\/12\/la-cultura-y-jorge-arrate\/"},"author":{"name":"admin","@id":"https:\/\/www.fraczinet.cl\/sitio\/#\/schema\/person\/bc30f98e9cb10ae7e119dbe14bc93784"},"headline":"La Cultura Y Jorge Arrate","datePublished":"2009-09-12T02:36:00+00:00","mainEntityOfPage":{"@id":"https:\/\/www.fraczinet.cl\/sitio\/2009\/09\/12\/la-cultura-y-jorge-arrate\/"},"wordCount":886,"commentCount":0,"publisher":{"@id":"https:\/\/www.fraczinet.cl\/sitio\/#\/schema\/person\/aec8ee4da68df2b9b0eefdad24a0d582"},"articleSection":["Pol\u00edtica"],"inLanguage":"es","potentialAction":[{"@type":"CommentAction","name":"Comment","target":["https:\/\/www.fraczinet.cl\/sitio\/2009\/09\/12\/la-cultura-y-jorge-arrate\/#respond"]}]},{"@type":"WebPage","@id":"https:\/\/www.fraczinet.cl\/sitio\/2009\/09\/12\/la-cultura-y-jorge-arrate\/","url":"https:\/\/www.fraczinet.cl\/sitio\/2009\/09\/12\/la-cultura-y-jorge-arrate\/","name":"La Cultura Y Jorge Arrate - Nuestro Bio B\u00edo","isPartOf":{"@id":"https:\/\/www.fraczinet.cl\/sitio\/#website"},"datePublished":"2009-09-12T02:36:00+00:00","breadcrumb":{"@id":"https:\/\/www.fraczinet.cl\/sitio\/2009\/09\/12\/la-cultura-y-jorge-arrate\/#breadcrumb"},"inLanguage":"es","potentialAction":[{"@type":"ReadAction","target":["https:\/\/www.fraczinet.cl\/sitio\/2009\/09\/12\/la-cultura-y-jorge-arrate\/"]}]},{"@type":"BreadcrumbList","@id":"https:\/\/www.fraczinet.cl\/sitio\/2009\/09\/12\/la-cultura-y-jorge-arrate\/#breadcrumb","itemListElement":[{"@type":"ListItem","position":1,"name":"Portada","item":"https:\/\/www.fraczinet.cl\/sitio\/"},{"@type":"ListItem","position":2,"name":"La Cultura Y Jorge Arrate"}]},{"@type":"WebSite","@id":"https:\/\/www.fraczinet.cl\/sitio\/#website","url":"https:\/\/www.fraczinet.cl\/sitio\/","name":"Nuestro Bio B\u00edo","description":"Tierra de Encuentros","publisher":{"@id":"https:\/\/www.fraczinet.cl\/sitio\/#\/schema\/person\/aec8ee4da68df2b9b0eefdad24a0d582"},"potentialAction":[{"@type":"SearchAction","target":{"@type":"EntryPoint","urlTemplate":"https:\/\/www.fraczinet.cl\/sitio\/?s={search_term_string}"},"query-input":{"@type":"PropertyValueSpecification","valueRequired":true,"valueName":"search_term_string"}}],"inLanguage":"es"},{"@type":["Person","Organization"],"@id":"https:\/\/www.fraczinet.cl\/sitio\/#\/schema\/person\/aec8ee4da68df2b9b0eefdad24a0d582","name":"Luis Fernando Fraczinet","image":{"@type":"ImageObject","inLanguage":"es","@id":"https:\/\/www.fraczinet.cl\/sitio\/#\/schema\/person\/image\/","url":"https:\/\/www.fraczinet.cl\/sitio\/wp-content\/uploads\/2021\/07\/bannerlogo-1.gif","contentUrl":"https:\/\/www.fraczinet.cl\/sitio\/wp-content\/uploads\/2021\/07\/bannerlogo-1.gif","width":159,"height":79,"caption":"Luis Fernando Fraczinet"},"logo":{"@id":"https:\/\/www.fraczinet.cl\/sitio\/#\/schema\/person\/image\/"},"sameAs":["https:\/\/www.fraczinet.cl\/sitio\/"]},{"@type":"Person","@id":"https:\/\/www.fraczinet.cl\/sitio\/#\/schema\/person\/bc30f98e9cb10ae7e119dbe14bc93784","name":"admin","image":{"@type":"ImageObject","inLanguage":"es","@id":"https:\/\/www.fraczinet.cl\/sitio\/#\/schema\/person\/image\/","url":"https:\/\/secure.gravatar.com\/avatar\/d5ad3cf7ef3b23a2bb5be73be780c86b2fc8545c3ad6b149f3913ff458c00099?s=96&d=mm&r=g","contentUrl":"https:\/\/secure.gravatar.com\/avatar\/d5ad3cf7ef3b23a2bb5be73be780c86b2fc8545c3ad6b149f3913ff458c00099?s=96&d=mm&r=g","caption":"admin"},"sameAs":["https:\/\/www.fraczinet.cl\/sitio"]}]}},"_links":{"self":[{"href":"https:\/\/www.fraczinet.cl\/sitio\/wp-json\/wp\/v2\/posts\/4693","targetHints":{"allow":["GET"]}}],"collection":[{"href":"https:\/\/www.fraczinet.cl\/sitio\/wp-json\/wp\/v2\/posts"}],"about":[{"href":"https:\/\/www.fraczinet.cl\/sitio\/wp-json\/wp\/v2\/types\/post"}],"author":[{"embeddable":true,"href":"https:\/\/www.fraczinet.cl\/sitio\/wp-json\/wp\/v2\/users\/1"}],"replies":[{"embeddable":true,"href":"https:\/\/www.fraczinet.cl\/sitio\/wp-json\/wp\/v2\/comments?post=4693"}],"version-history":[{"count":0,"href":"https:\/\/www.fraczinet.cl\/sitio\/wp-json\/wp\/v2\/posts\/4693\/revisions"}],"wp:attachment":[{"href":"https:\/\/www.fraczinet.cl\/sitio\/wp-json\/wp\/v2\/media?parent=4693"}],"wp:term":[{"taxonomy":"category","embeddable":true,"href":"https:\/\/www.fraczinet.cl\/sitio\/wp-json\/wp\/v2\/categories?post=4693"},{"taxonomy":"post_tag","embeddable":true,"href":"https:\/\/www.fraczinet.cl\/sitio\/wp-json\/wp\/v2\/tags?post=4693"}],"curies":[{"name":"wp","href":"https:\/\/api.w.org\/{rel}","templated":true}]}}