{"id":4719,"date":"2009-09-03T17:53:00","date_gmt":"2009-09-03T17:53:00","guid":{"rendered":"https:\/\/www.fraczinet.cl\/sitio\/2009\/09\/03\/nuevas-actividades-y-talleres-familiares-en-parque-educativo\/"},"modified":"2022-10-06T00:26:43","modified_gmt":"2022-10-06T00:26:43","slug":"nuevas-actividades-y-talleres-familiares-en-parque-educativo","status":"publish","type":"post","link":"https:\/\/www.fraczinet.cl\/sitio\/2009\/09\/03\/nuevas-actividades-y-talleres-familiares-en-parque-educativo\/","title":{"rendered":"Nuevas Actividades Y Talleres Familiares En Parque Educativo"},"content":{"rendered":"<div style=\"text-align: justify;\">Para conmemorar el mes de la patria, el Parque Educativo Jorge Alessandri, ha querido resaltar algunas de nuestras costumbres criollas. Sus espacios como la Sala del \u00c1rbol, Artequin en el Parque y Vivero Educativo han creado nuevos talleres familiares para resaltar tradiciones dieciocheras.<\/div>\n<div style=\"text-align: justify;\"><\/div>\n<div style=\"text-align: justify;\">La Sala del \u00c1rbol todos los s\u00e1bados de septiembre a las 11:00 y a las 15:00 horas, realizar\u00e1 el taller \u201cViva el Remolino\u201d donde aprender\u00e1n la t\u00e9cnica de hacer un remolino con papel decorado de muchos colores; el Vivero Educativo de la misma manera, todos los s\u00e1bados, a las 11:00 y a las 15:00 horas realizar\u00e1 el taller \u201cSiembra Entretenida\u201d. En \u00e9l los asistentes aprender\u00e1n los pasos y el cuidado a seguir en este proceso; Artequin en el Parque, todos los s\u00e1bados y domingos de septiembre, a las 11:00 y a las 15:00 horas, realizar\u00e1 el taller \u201cSaboreando la Pintura\u201d. A trav\u00e9s de la apreciaci\u00f3n de pinturas realizadas por artistas chilenos que presentan su visi\u00f3n tem\u00e1tica costumbristas, los asistentes podr\u00e1n realizar un collage que represente a uno de nuestros platos tradicionales, la cazuela. Los materiales utilizados en los talleres ser\u00e1n entregados de manera gratuita y los cupos son limitados.<\/div>\n<div style=\"text-align: justify;\"><\/div>\n<div style=\"text-align: justify;\">Por otro lado, desde el lunes 7 de septiembre en nuestra galer\u00eda estaremos exhibiendo las pinturas de \u00f3leo del artista Luis Cuello bajo el t\u00edtulo de \u201cFar export\u201d.  La exposici\u00f3n puede ser visitada de martes a domingo de 10:00 a 17:00 horas, la entrada es liberada. <\/div>\n<div style=\"text-align: justify;\"><\/div>\n<div style=\"text-align: justify;\">Los esperamos!!!<\/div>\n<div style=\"text-align: justify;\">Recuerda que la entrada al parque es liberada y nuestro horario de atenci\u00f3n es de martes a domingo de 9:00 a 17:00 horas.<\/div>\n","protected":false},"excerpt":{"rendered":"<p>Para conmemorar el mes de la patria, el Parque Educativo Jorge Alessandri, ha querido resaltar algunas de nuestras costumbres criollas. Sus espacios como la Sala del \u00c1rbol, Artequin en el Parque y Vivero Educativo han creado nuevos talleres familiares para resaltar tradiciones dieciocheras. La Sala del \u00c1rbol todos los s\u00e1bados de septiembre a las 11:00 [&hellip;]<\/p>\n","protected":false},"author":1,"featured_media":0,"comment_status":"open","ping_status":"open","sticky":false,"template":"","format":"standard","meta":{"footnotes":""},"categories":[223],"tags":[],"class_list":["post-4719","post","type-post","status-publish","format-standard","hentry","category-talleres"],"yoast_head":"<!-- This site is optimized with the Yoast SEO plugin v25.0 - https:\/\/yoast.com\/wordpress\/plugins\/seo\/ -->\n<title>Nuevas Actividades Y Talleres Familiares En Parque Educativo - Nuestro Bio B\u00edo<\/title>\n<meta name=\"robots\" content=\"index, follow, max-snippet:-1, max-image-preview:large, max-video-preview:-1\" \/>\n<link rel=\"canonical\" href=\"https:\/\/www.fraczinet.cl\/sitio\/2009\/09\/03\/nuevas-actividades-y-talleres-familiares-en-parque-educativo\/\" \/>\n<meta property=\"og:locale\" content=\"es_ES\" \/>\n<meta property=\"og:type\" content=\"article\" \/>\n<meta property=\"og:title\" content=\"Nuevas Actividades Y Talleres Familiares En Parque Educativo - Nuestro Bio B\u00edo\" \/>\n<meta property=\"og:description\" content=\"Para conmemorar el mes de la patria, el Parque Educativo Jorge Alessandri, ha querido resaltar algunas de nuestras costumbres criollas. Sus espacios como la Sala del \u00c1rbol, Artequin en el Parque y Vivero Educativo han creado nuevos talleres familiares para resaltar tradiciones dieciocheras. La Sala del \u00c1rbol todos los s\u00e1bados de septiembre a las 11:00 [&hellip;]\" \/>\n<meta property=\"og:url\" content=\"https:\/\/www.fraczinet.cl\/sitio\/2009\/09\/03\/nuevas-actividades-y-talleres-familiares-en-parque-educativo\/\" \/>\n<meta property=\"og:site_name\" content=\"Nuestro Bio B\u00edo\" \/>\n<meta property=\"article:published_time\" content=\"2009-09-03T17:53:00+00:00\" \/>\n<meta property=\"article:modified_time\" content=\"2022-10-06T00:26:43+00:00\" \/>\n<meta property=\"og:image\" content=\"https:\/\/www.fraczinet.cl\/sitio\/wp-content\/uploads\/2021\/07\/bannerlogo-1.gif\" \/>\n\t<meta property=\"og:image:width\" content=\"159\" \/>\n\t<meta property=\"og:image:height\" content=\"79\" \/>\n\t<meta property=\"og:image:type\" content=\"image\/gif\" \/>\n<meta name=\"author\" content=\"admin\" \/>\n<meta name=\"twitter:card\" content=\"summary_large_image\" \/>\n<meta name=\"twitter:creator\" content=\"@nuestrobiobio\" \/>\n<meta name=\"twitter:site\" content=\"@nuestrobiobio\" \/>\n<meta name=\"twitter:label1\" content=\"Escrito por\" \/>\n\t<meta name=\"twitter:data1\" content=\"admin\" \/>\n\t<meta name=\"twitter:label2\" content=\"Tiempo de lectura\" \/>\n\t<meta name=\"twitter:data2\" content=\"1 minuto\" \/>\n<script type=\"application\/ld+json\" class=\"yoast-schema-graph\">{\"@context\":\"https:\/\/schema.org\",\"@graph\":[{\"@type\":\"Article\",\"@id\":\"https:\/\/www.fraczinet.cl\/sitio\/2009\/09\/03\/nuevas-actividades-y-talleres-familiares-en-parque-educativo\/#article\",\"isPartOf\":{\"@id\":\"https:\/\/www.fraczinet.cl\/sitio\/2009\/09\/03\/nuevas-actividades-y-talleres-familiares-en-parque-educativo\/\"},\"author\":{\"name\":\"admin\",\"@id\":\"https:\/\/www.fraczinet.cl\/sitio\/#\/schema\/person\/bc30f98e9cb10ae7e119dbe14bc93784\"},\"headline\":\"Nuevas Actividades Y Talleres Familiares En Parque Educativo\",\"datePublished\":\"2009-09-03T17:53:00+00:00\",\"dateModified\":\"2022-10-06T00:26:43+00:00\",\"mainEntityOfPage\":{\"@id\":\"https:\/\/www.fraczinet.cl\/sitio\/2009\/09\/03\/nuevas-actividades-y-talleres-familiares-en-parque-educativo\/\"},\"wordCount\":276,\"commentCount\":0,\"publisher\":{\"@id\":\"https:\/\/www.fraczinet.cl\/sitio\/#\/schema\/person\/aec8ee4da68df2b9b0eefdad24a0d582\"},\"articleSection\":[\"Talleres\"],\"inLanguage\":\"es\",\"potentialAction\":[{\"@type\":\"CommentAction\",\"name\":\"Comment\",\"target\":[\"https:\/\/www.fraczinet.cl\/sitio\/2009\/09\/03\/nuevas-actividades-y-talleres-familiares-en-parque-educativo\/#respond\"]}]},{\"@type\":\"WebPage\",\"@id\":\"https:\/\/www.fraczinet.cl\/sitio\/2009\/09\/03\/nuevas-actividades-y-talleres-familiares-en-parque-educativo\/\",\"url\":\"https:\/\/www.fraczinet.cl\/sitio\/2009\/09\/03\/nuevas-actividades-y-talleres-familiares-en-parque-educativo\/\",\"name\":\"Nuevas Actividades Y Talleres Familiares En Parque Educativo - Nuestro Bio B\u00edo\",\"isPartOf\":{\"@id\":\"https:\/\/www.fraczinet.cl\/sitio\/#website\"},\"datePublished\":\"2009-09-03T17:53:00+00:00\",\"dateModified\":\"2022-10-06T00:26:43+00:00\",\"breadcrumb\":{\"@id\":\"https:\/\/www.fraczinet.cl\/sitio\/2009\/09\/03\/nuevas-actividades-y-talleres-familiares-en-parque-educativo\/#breadcrumb\"},\"inLanguage\":\"es\",\"potentialAction\":[{\"@type\":\"ReadAction\",\"target\":[\"https:\/\/www.fraczinet.cl\/sitio\/2009\/09\/03\/nuevas-actividades-y-talleres-familiares-en-parque-educativo\/\"]}]},{\"@type\":\"BreadcrumbList\",\"@id\":\"https:\/\/www.fraczinet.cl\/sitio\/2009\/09\/03\/nuevas-actividades-y-talleres-familiares-en-parque-educativo\/#breadcrumb\",\"itemListElement\":[{\"@type\":\"ListItem\",\"position\":1,\"name\":\"Portada\",\"item\":\"https:\/\/www.fraczinet.cl\/sitio\/\"},{\"@type\":\"ListItem\",\"position\":2,\"name\":\"Nuevas Actividades Y Talleres Familiares En Parque Educativo\"}]},{\"@type\":\"WebSite\",\"@id\":\"https:\/\/www.fraczinet.cl\/sitio\/#website\",\"url\":\"https:\/\/www.fraczinet.cl\/sitio\/\",\"name\":\"Nuestro Bio B\u00edo\",\"description\":\"Tierra de Encuentros\",\"publisher\":{\"@id\":\"https:\/\/www.fraczinet.cl\/sitio\/#\/schema\/person\/aec8ee4da68df2b9b0eefdad24a0d582\"},\"potentialAction\":[{\"@type\":\"SearchAction\",\"target\":{\"@type\":\"EntryPoint\",\"urlTemplate\":\"https:\/\/www.fraczinet.cl\/sitio\/?s={search_term_string}\"},\"query-input\":{\"@type\":\"PropertyValueSpecification\",\"valueRequired\":true,\"valueName\":\"search_term_string\"}}],\"inLanguage\":\"es\"},{\"@type\":[\"Person\",\"Organization\"],\"@id\":\"https:\/\/www.fraczinet.cl\/sitio\/#\/schema\/person\/aec8ee4da68df2b9b0eefdad24a0d582\",\"name\":\"Luis Fernando Fraczinet\",\"image\":{\"@type\":\"ImageObject\",\"inLanguage\":\"es\",\"@id\":\"https:\/\/www.fraczinet.cl\/sitio\/#\/schema\/person\/image\/\",\"url\":\"https:\/\/www.fraczinet.cl\/sitio\/wp-content\/uploads\/2021\/07\/bannerlogo-1.gif\",\"contentUrl\":\"https:\/\/www.fraczinet.cl\/sitio\/wp-content\/uploads\/2021\/07\/bannerlogo-1.gif\",\"width\":159,\"height\":79,\"caption\":\"Luis Fernando Fraczinet\"},\"logo\":{\"@id\":\"https:\/\/www.fraczinet.cl\/sitio\/#\/schema\/person\/image\/\"},\"sameAs\":[\"https:\/\/www.fraczinet.cl\/sitio\/\"]},{\"@type\":\"Person\",\"@id\":\"https:\/\/www.fraczinet.cl\/sitio\/#\/schema\/person\/bc30f98e9cb10ae7e119dbe14bc93784\",\"name\":\"admin\",\"image\":{\"@type\":\"ImageObject\",\"inLanguage\":\"es\",\"@id\":\"https:\/\/www.fraczinet.cl\/sitio\/#\/schema\/person\/image\/\",\"url\":\"https:\/\/secure.gravatar.com\/avatar\/d5ad3cf7ef3b23a2bb5be73be780c86b2fc8545c3ad6b149f3913ff458c00099?s=96&d=mm&r=g\",\"contentUrl\":\"https:\/\/secure.gravatar.com\/avatar\/d5ad3cf7ef3b23a2bb5be73be780c86b2fc8545c3ad6b149f3913ff458c00099?s=96&d=mm&r=g\",\"caption\":\"admin\"},\"sameAs\":[\"https:\/\/www.fraczinet.cl\/sitio\"]}]}<\/script>\n<!-- \/ Yoast SEO plugin. -->","yoast_head_json":{"title":"Nuevas Actividades Y Talleres Familiares En Parque Educativo - Nuestro Bio B\u00edo","robots":{"index":"index","follow":"follow","max-snippet":"max-snippet:-1","max-image-preview":"max-image-preview:large","max-video-preview":"max-video-preview:-1"},"canonical":"https:\/\/www.fraczinet.cl\/sitio\/2009\/09\/03\/nuevas-actividades-y-talleres-familiares-en-parque-educativo\/","og_locale":"es_ES","og_type":"article","og_title":"Nuevas Actividades Y Talleres Familiares En Parque Educativo - Nuestro Bio B\u00edo","og_description":"Para conmemorar el mes de la patria, el Parque Educativo Jorge Alessandri, ha querido resaltar algunas de nuestras costumbres criollas. Sus espacios como la Sala del \u00c1rbol, Artequin en el Parque y Vivero Educativo han creado nuevos talleres familiares para resaltar tradiciones dieciocheras. La Sala del \u00c1rbol todos los s\u00e1bados de septiembre a las 11:00 [&hellip;]","og_url":"https:\/\/www.fraczinet.cl\/sitio\/2009\/09\/03\/nuevas-actividades-y-talleres-familiares-en-parque-educativo\/","og_site_name":"Nuestro Bio B\u00edo","article_published_time":"2009-09-03T17:53:00+00:00","article_modified_time":"2022-10-06T00:26:43+00:00","og_image":[{"width":159,"height":79,"url":"https:\/\/www.fraczinet.cl\/sitio\/wp-content\/uploads\/2021\/07\/bannerlogo-1.gif","type":"image\/gif"}],"author":"admin","twitter_card":"summary_large_image","twitter_creator":"@nuestrobiobio","twitter_site":"@nuestrobiobio","twitter_misc":{"Escrito por":"admin","Tiempo de lectura":"1 minuto"},"schema":{"@context":"https:\/\/schema.org","@graph":[{"@type":"Article","@id":"https:\/\/www.fraczinet.cl\/sitio\/2009\/09\/03\/nuevas-actividades-y-talleres-familiares-en-parque-educativo\/#article","isPartOf":{"@id":"https:\/\/www.fraczinet.cl\/sitio\/2009\/09\/03\/nuevas-actividades-y-talleres-familiares-en-parque-educativo\/"},"author":{"name":"admin","@id":"https:\/\/www.fraczinet.cl\/sitio\/#\/schema\/person\/bc30f98e9cb10ae7e119dbe14bc93784"},"headline":"Nuevas Actividades Y Talleres Familiares En Parque Educativo","datePublished":"2009-09-03T17:53:00+00:00","dateModified":"2022-10-06T00:26:43+00:00","mainEntityOfPage":{"@id":"https:\/\/www.fraczinet.cl\/sitio\/2009\/09\/03\/nuevas-actividades-y-talleres-familiares-en-parque-educativo\/"},"wordCount":276,"commentCount":0,"publisher":{"@id":"https:\/\/www.fraczinet.cl\/sitio\/#\/schema\/person\/aec8ee4da68df2b9b0eefdad24a0d582"},"articleSection":["Talleres"],"inLanguage":"es","potentialAction":[{"@type":"CommentAction","name":"Comment","target":["https:\/\/www.fraczinet.cl\/sitio\/2009\/09\/03\/nuevas-actividades-y-talleres-familiares-en-parque-educativo\/#respond"]}]},{"@type":"WebPage","@id":"https:\/\/www.fraczinet.cl\/sitio\/2009\/09\/03\/nuevas-actividades-y-talleres-familiares-en-parque-educativo\/","url":"https:\/\/www.fraczinet.cl\/sitio\/2009\/09\/03\/nuevas-actividades-y-talleres-familiares-en-parque-educativo\/","name":"Nuevas Actividades Y Talleres Familiares En Parque Educativo - Nuestro Bio B\u00edo","isPartOf":{"@id":"https:\/\/www.fraczinet.cl\/sitio\/#website"},"datePublished":"2009-09-03T17:53:00+00:00","dateModified":"2022-10-06T00:26:43+00:00","breadcrumb":{"@id":"https:\/\/www.fraczinet.cl\/sitio\/2009\/09\/03\/nuevas-actividades-y-talleres-familiares-en-parque-educativo\/#breadcrumb"},"inLanguage":"es","potentialAction":[{"@type":"ReadAction","target":["https:\/\/www.fraczinet.cl\/sitio\/2009\/09\/03\/nuevas-actividades-y-talleres-familiares-en-parque-educativo\/"]}]},{"@type":"BreadcrumbList","@id":"https:\/\/www.fraczinet.cl\/sitio\/2009\/09\/03\/nuevas-actividades-y-talleres-familiares-en-parque-educativo\/#breadcrumb","itemListElement":[{"@type":"ListItem","position":1,"name":"Portada","item":"https:\/\/www.fraczinet.cl\/sitio\/"},{"@type":"ListItem","position":2,"name":"Nuevas Actividades Y Talleres Familiares En Parque Educativo"}]},{"@type":"WebSite","@id":"https:\/\/www.fraczinet.cl\/sitio\/#website","url":"https:\/\/www.fraczinet.cl\/sitio\/","name":"Nuestro Bio B\u00edo","description":"Tierra de Encuentros","publisher":{"@id":"https:\/\/www.fraczinet.cl\/sitio\/#\/schema\/person\/aec8ee4da68df2b9b0eefdad24a0d582"},"potentialAction":[{"@type":"SearchAction","target":{"@type":"EntryPoint","urlTemplate":"https:\/\/www.fraczinet.cl\/sitio\/?s={search_term_string}"},"query-input":{"@type":"PropertyValueSpecification","valueRequired":true,"valueName":"search_term_string"}}],"inLanguage":"es"},{"@type":["Person","Organization"],"@id":"https:\/\/www.fraczinet.cl\/sitio\/#\/schema\/person\/aec8ee4da68df2b9b0eefdad24a0d582","name":"Luis Fernando Fraczinet","image":{"@type":"ImageObject","inLanguage":"es","@id":"https:\/\/www.fraczinet.cl\/sitio\/#\/schema\/person\/image\/","url":"https:\/\/www.fraczinet.cl\/sitio\/wp-content\/uploads\/2021\/07\/bannerlogo-1.gif","contentUrl":"https:\/\/www.fraczinet.cl\/sitio\/wp-content\/uploads\/2021\/07\/bannerlogo-1.gif","width":159,"height":79,"caption":"Luis Fernando Fraczinet"},"logo":{"@id":"https:\/\/www.fraczinet.cl\/sitio\/#\/schema\/person\/image\/"},"sameAs":["https:\/\/www.fraczinet.cl\/sitio\/"]},{"@type":"Person","@id":"https:\/\/www.fraczinet.cl\/sitio\/#\/schema\/person\/bc30f98e9cb10ae7e119dbe14bc93784","name":"admin","image":{"@type":"ImageObject","inLanguage":"es","@id":"https:\/\/www.fraczinet.cl\/sitio\/#\/schema\/person\/image\/","url":"https:\/\/secure.gravatar.com\/avatar\/d5ad3cf7ef3b23a2bb5be73be780c86b2fc8545c3ad6b149f3913ff458c00099?s=96&d=mm&r=g","contentUrl":"https:\/\/secure.gravatar.com\/avatar\/d5ad3cf7ef3b23a2bb5be73be780c86b2fc8545c3ad6b149f3913ff458c00099?s=96&d=mm&r=g","caption":"admin"},"sameAs":["https:\/\/www.fraczinet.cl\/sitio"]}]}},"_links":{"self":[{"href":"https:\/\/www.fraczinet.cl\/sitio\/wp-json\/wp\/v2\/posts\/4719","targetHints":{"allow":["GET"]}}],"collection":[{"href":"https:\/\/www.fraczinet.cl\/sitio\/wp-json\/wp\/v2\/posts"}],"about":[{"href":"https:\/\/www.fraczinet.cl\/sitio\/wp-json\/wp\/v2\/types\/post"}],"author":[{"embeddable":true,"href":"https:\/\/www.fraczinet.cl\/sitio\/wp-json\/wp\/v2\/users\/1"}],"replies":[{"embeddable":true,"href":"https:\/\/www.fraczinet.cl\/sitio\/wp-json\/wp\/v2\/comments?post=4719"}],"version-history":[{"count":1,"href":"https:\/\/www.fraczinet.cl\/sitio\/wp-json\/wp\/v2\/posts\/4719\/revisions"}],"predecessor-version":[{"id":14222,"href":"https:\/\/www.fraczinet.cl\/sitio\/wp-json\/wp\/v2\/posts\/4719\/revisions\/14222"}],"wp:attachment":[{"href":"https:\/\/www.fraczinet.cl\/sitio\/wp-json\/wp\/v2\/media?parent=4719"}],"wp:term":[{"taxonomy":"category","embeddable":true,"href":"https:\/\/www.fraczinet.cl\/sitio\/wp-json\/wp\/v2\/categories?post=4719"},{"taxonomy":"post_tag","embeddable":true,"href":"https:\/\/www.fraczinet.cl\/sitio\/wp-json\/wp\/v2\/tags?post=4719"}],"curies":[{"name":"wp","href":"https:\/\/api.w.org\/{rel}","templated":true}]}}