{"id":4779,"date":"2009-08-05T11:28:00","date_gmt":"2009-08-05T11:28:00","guid":{"rendered":"https:\/\/www.fraczinet.cl\/sitio\/2009\/08\/05\/exposicion-de-grabados-en-busca-del-equilibrio\/"},"modified":"2009-08-05T11:28:00","modified_gmt":"2009-08-05T11:28:00","slug":"exposicion-de-grabados-en-busca-del-equilibrio","status":"publish","type":"post","link":"https:\/\/www.fraczinet.cl\/sitio\/2009\/08\/05\/exposicion-de-grabados-en-busca-del-equilibrio\/","title":{"rendered":"Exposici\u00f3n De Grabados \u00abEn Busca Del Equilibrio\u00bb"},"content":{"rendered":"<div style=\"text-align: justify;\"><a href=\"http:\/\/2.bp.blogspot.com\/_2S_RxGRVjis\/Snltu2i7QuI\/AAAAAAAALg0\/LdA6l8dzzvg\/s1600-h\/foto+exposici%C3%B3n.jpg\" style=\"clear: left; float: left; margin-bottom: 1em; margin-right: 1em;\"><img decoding=\"async\" alt=\"\" border=\"0\" id=\"BLOGGER_PHOTO_ID_5366441082672071394\" src=\"https:\/\/2.bp.blogspot.com\/_2S_RxGRVjis\/Snltu2i7QuI\/AAAAAAAALg0\/LdA6l8dzzvg\/s200\/foto+exposici%C3%B3n.jpg\" style=\"float: left; height: 107px; margin: 0px 10px 10px 0px; width: 143px;\" \/><\/a>Desde ayer martes en la galer\u00eda del Parque Educativo Jorge Alessandri se esta exhibiendo la exposici\u00f3n de grabados de Isidora Lobos Valderrama denominada \u201cEn Busca del Equilibrio\u201d, en ella Isidora nos presenta una t\u00e9cnica especial denominada Collagraph y Embossing, aprendida en Estados Unidos mientras cursaba un intercambio de Arquitectura.<\/div>\n<div style=\"text-align: justify;\"><\/div>\n<div style=\"text-align: justify;\">Una exposici\u00f3n con mucho colorido en la que Isidora pretende cautivar a sus espectadores y evocar diferentes expresiones. La muestra se estar\u00e1 exhibiendo en nuestra galer\u00eda de martes a domingo de 10:00 a 17:00 horas, hasta el domingo 30 de agosto. La entrada es liberada.<\/div>\n<div style=\"text-align: justify;\"><\/div>\n<p><\/p>\n","protected":false},"excerpt":{"rendered":"<p>Desde ayer martes en la galer\u00eda del Parque Educativo Jorge Alessandri se esta exhibiendo la exposici\u00f3n de grabados de Isidora Lobos Valderrama denominada \u201cEn Busca del Equilibrio\u201d, en ella Isidora nos presenta una t\u00e9cnica especial denominada Collagraph y Embossing, aprendida en Estados Unidos mientras cursaba un intercambio de Arquitectura. Una exposici\u00f3n con mucho colorido en [&hellip;]<\/p>\n","protected":false},"author":1,"featured_media":0,"comment_status":"open","ping_status":"open","sticky":false,"template":"","format":"standard","meta":{"footnotes":""},"categories":[68],"tags":[],"class_list":["post-4779","post","type-post","status-publish","format-standard","hentry","category-artes-visuales"],"yoast_head":"<!-- This site is optimized with the Yoast SEO plugin v25.0 - https:\/\/yoast.com\/wordpress\/plugins\/seo\/ -->\n<title>Exposici\u00f3n De Grabados &quot;En Busca Del Equilibrio&quot; - Nuestro Bio B\u00edo<\/title>\n<meta name=\"robots\" content=\"index, follow, max-snippet:-1, max-image-preview:large, max-video-preview:-1\" \/>\n<link rel=\"canonical\" href=\"https:\/\/www.fraczinet.cl\/sitio\/2009\/08\/05\/exposicion-de-grabados-en-busca-del-equilibrio\/\" \/>\n<meta property=\"og:locale\" content=\"es_ES\" \/>\n<meta property=\"og:type\" content=\"article\" \/>\n<meta property=\"og:title\" content=\"Exposici\u00f3n De Grabados &quot;En Busca Del Equilibrio&quot; - Nuestro Bio B\u00edo\" \/>\n<meta property=\"og:description\" content=\"Desde ayer martes en la galer\u00eda del Parque Educativo Jorge Alessandri se esta exhibiendo la exposici\u00f3n de grabados de Isidora Lobos Valderrama denominada \u201cEn Busca del Equilibrio\u201d, en ella Isidora nos presenta una t\u00e9cnica especial denominada Collagraph y Embossing, aprendida en Estados Unidos mientras cursaba un intercambio de Arquitectura. Una exposici\u00f3n con mucho colorido en [&hellip;]\" \/>\n<meta property=\"og:url\" content=\"https:\/\/www.fraczinet.cl\/sitio\/2009\/08\/05\/exposicion-de-grabados-en-busca-del-equilibrio\/\" \/>\n<meta property=\"og:site_name\" content=\"Nuestro Bio B\u00edo\" \/>\n<meta property=\"article:published_time\" content=\"2009-08-05T11:28:00+00:00\" \/>\n<meta property=\"og:image\" content=\"https:\/\/2.bp.blogspot.com\/_2S_RxGRVjis\/Snltu2i7QuI\/AAAAAAAALg0\/LdA6l8dzzvg\/s200\/foto+exposici%C3%B3n.jpg\" \/>\n<meta name=\"author\" content=\"admin\" \/>\n<meta name=\"twitter:card\" content=\"summary_large_image\" \/>\n<meta name=\"twitter:creator\" content=\"@nuestrobiobio\" \/>\n<meta name=\"twitter:site\" content=\"@nuestrobiobio\" \/>\n<meta name=\"twitter:label1\" content=\"Escrito por\" \/>\n\t<meta name=\"twitter:data1\" content=\"admin\" \/>\n<script type=\"application\/ld+json\" class=\"yoast-schema-graph\">{\"@context\":\"https:\/\/schema.org\",\"@graph\":[{\"@type\":\"Article\",\"@id\":\"https:\/\/www.fraczinet.cl\/sitio\/2009\/08\/05\/exposicion-de-grabados-en-busca-del-equilibrio\/#article\",\"isPartOf\":{\"@id\":\"https:\/\/www.fraczinet.cl\/sitio\/2009\/08\/05\/exposicion-de-grabados-en-busca-del-equilibrio\/\"},\"author\":{\"name\":\"admin\",\"@id\":\"https:\/\/www.fraczinet.cl\/sitio\/#\/schema\/person\/bc30f98e9cb10ae7e119dbe14bc93784\"},\"headline\":\"Exposici\u00f3n De Grabados \u00abEn Busca Del Equilibrio\u00bb\",\"datePublished\":\"2009-08-05T11:28:00+00:00\",\"mainEntityOfPage\":{\"@id\":\"https:\/\/www.fraczinet.cl\/sitio\/2009\/08\/05\/exposicion-de-grabados-en-busca-del-equilibrio\/\"},\"wordCount\":104,\"commentCount\":0,\"publisher\":{\"@id\":\"https:\/\/www.fraczinet.cl\/sitio\/#\/schema\/person\/aec8ee4da68df2b9b0eefdad24a0d582\"},\"image\":{\"@id\":\"https:\/\/www.fraczinet.cl\/sitio\/2009\/08\/05\/exposicion-de-grabados-en-busca-del-equilibrio\/#primaryimage\"},\"thumbnailUrl\":\"https:\/\/2.bp.blogspot.com\/_2S_RxGRVjis\/Snltu2i7QuI\/AAAAAAAALg0\/LdA6l8dzzvg\/s200\/foto+exposici%C3%B3n.jpg\",\"articleSection\":[\"Artes Visuales\"],\"inLanguage\":\"es\",\"potentialAction\":[{\"@type\":\"CommentAction\",\"name\":\"Comment\",\"target\":[\"https:\/\/www.fraczinet.cl\/sitio\/2009\/08\/05\/exposicion-de-grabados-en-busca-del-equilibrio\/#respond\"]}]},{\"@type\":\"WebPage\",\"@id\":\"https:\/\/www.fraczinet.cl\/sitio\/2009\/08\/05\/exposicion-de-grabados-en-busca-del-equilibrio\/\",\"url\":\"https:\/\/www.fraczinet.cl\/sitio\/2009\/08\/05\/exposicion-de-grabados-en-busca-del-equilibrio\/\",\"name\":\"Exposici\u00f3n De Grabados \\\"En Busca Del Equilibrio\\\" - Nuestro Bio B\u00edo\",\"isPartOf\":{\"@id\":\"https:\/\/www.fraczinet.cl\/sitio\/#website\"},\"primaryImageOfPage\":{\"@id\":\"https:\/\/www.fraczinet.cl\/sitio\/2009\/08\/05\/exposicion-de-grabados-en-busca-del-equilibrio\/#primaryimage\"},\"image\":{\"@id\":\"https:\/\/www.fraczinet.cl\/sitio\/2009\/08\/05\/exposicion-de-grabados-en-busca-del-equilibrio\/#primaryimage\"},\"thumbnailUrl\":\"https:\/\/2.bp.blogspot.com\/_2S_RxGRVjis\/Snltu2i7QuI\/AAAAAAAALg0\/LdA6l8dzzvg\/s200\/foto+exposici%C3%B3n.jpg\",\"datePublished\":\"2009-08-05T11:28:00+00:00\",\"breadcrumb\":{\"@id\":\"https:\/\/www.fraczinet.cl\/sitio\/2009\/08\/05\/exposicion-de-grabados-en-busca-del-equilibrio\/#breadcrumb\"},\"inLanguage\":\"es\",\"potentialAction\":[{\"@type\":\"ReadAction\",\"target\":[\"https:\/\/www.fraczinet.cl\/sitio\/2009\/08\/05\/exposicion-de-grabados-en-busca-del-equilibrio\/\"]}]},{\"@type\":\"ImageObject\",\"inLanguage\":\"es\",\"@id\":\"https:\/\/www.fraczinet.cl\/sitio\/2009\/08\/05\/exposicion-de-grabados-en-busca-del-equilibrio\/#primaryimage\",\"url\":\"https:\/\/2.bp.blogspot.com\/_2S_RxGRVjis\/Snltu2i7QuI\/AAAAAAAALg0\/LdA6l8dzzvg\/s200\/foto+exposici%C3%B3n.jpg\",\"contentUrl\":\"https:\/\/2.bp.blogspot.com\/_2S_RxGRVjis\/Snltu2i7QuI\/AAAAAAAALg0\/LdA6l8dzzvg\/s200\/foto+exposici%C3%B3n.jpg\"},{\"@type\":\"BreadcrumbList\",\"@id\":\"https:\/\/www.fraczinet.cl\/sitio\/2009\/08\/05\/exposicion-de-grabados-en-busca-del-equilibrio\/#breadcrumb\",\"itemListElement\":[{\"@type\":\"ListItem\",\"position\":1,\"name\":\"Portada\",\"item\":\"https:\/\/www.fraczinet.cl\/sitio\/\"},{\"@type\":\"ListItem\",\"position\":2,\"name\":\"Exposici\u00f3n De Grabados \u00abEn Busca Del Equilibrio\u00bb\"}]},{\"@type\":\"WebSite\",\"@id\":\"https:\/\/www.fraczinet.cl\/sitio\/#website\",\"url\":\"https:\/\/www.fraczinet.cl\/sitio\/\",\"name\":\"Nuestro Bio B\u00edo\",\"description\":\"Tierra de Encuentros\",\"publisher\":{\"@id\":\"https:\/\/www.fraczinet.cl\/sitio\/#\/schema\/person\/aec8ee4da68df2b9b0eefdad24a0d582\"},\"potentialAction\":[{\"@type\":\"SearchAction\",\"target\":{\"@type\":\"EntryPoint\",\"urlTemplate\":\"https:\/\/www.fraczinet.cl\/sitio\/?s={search_term_string}\"},\"query-input\":{\"@type\":\"PropertyValueSpecification\",\"valueRequired\":true,\"valueName\":\"search_term_string\"}}],\"inLanguage\":\"es\"},{\"@type\":[\"Person\",\"Organization\"],\"@id\":\"https:\/\/www.fraczinet.cl\/sitio\/#\/schema\/person\/aec8ee4da68df2b9b0eefdad24a0d582\",\"name\":\"Luis Fernando Fraczinet\",\"image\":{\"@type\":\"ImageObject\",\"inLanguage\":\"es\",\"@id\":\"https:\/\/www.fraczinet.cl\/sitio\/#\/schema\/person\/image\/\",\"url\":\"https:\/\/www.fraczinet.cl\/sitio\/wp-content\/uploads\/2021\/07\/bannerlogo-1.gif\",\"contentUrl\":\"https:\/\/www.fraczinet.cl\/sitio\/wp-content\/uploads\/2021\/07\/bannerlogo-1.gif\",\"width\":159,\"height\":79,\"caption\":\"Luis Fernando Fraczinet\"},\"logo\":{\"@id\":\"https:\/\/www.fraczinet.cl\/sitio\/#\/schema\/person\/image\/\"},\"sameAs\":[\"https:\/\/www.fraczinet.cl\/sitio\/\"]},{\"@type\":\"Person\",\"@id\":\"https:\/\/www.fraczinet.cl\/sitio\/#\/schema\/person\/bc30f98e9cb10ae7e119dbe14bc93784\",\"name\":\"admin\",\"image\":{\"@type\":\"ImageObject\",\"inLanguage\":\"es\",\"@id\":\"https:\/\/www.fraczinet.cl\/sitio\/#\/schema\/person\/image\/\",\"url\":\"https:\/\/secure.gravatar.com\/avatar\/d5ad3cf7ef3b23a2bb5be73be780c86b2fc8545c3ad6b149f3913ff458c00099?s=96&d=mm&r=g\",\"contentUrl\":\"https:\/\/secure.gravatar.com\/avatar\/d5ad3cf7ef3b23a2bb5be73be780c86b2fc8545c3ad6b149f3913ff458c00099?s=96&d=mm&r=g\",\"caption\":\"admin\"},\"sameAs\":[\"https:\/\/www.fraczinet.cl\/sitio\"]}]}<\/script>\n<!-- \/ Yoast SEO plugin. -->","yoast_head_json":{"title":"Exposici\u00f3n De Grabados \"En Busca Del Equilibrio\" - Nuestro Bio B\u00edo","robots":{"index":"index","follow":"follow","max-snippet":"max-snippet:-1","max-image-preview":"max-image-preview:large","max-video-preview":"max-video-preview:-1"},"canonical":"https:\/\/www.fraczinet.cl\/sitio\/2009\/08\/05\/exposicion-de-grabados-en-busca-del-equilibrio\/","og_locale":"es_ES","og_type":"article","og_title":"Exposici\u00f3n De Grabados \"En Busca Del Equilibrio\" - Nuestro Bio B\u00edo","og_description":"Desde ayer martes en la galer\u00eda del Parque Educativo Jorge Alessandri se esta exhibiendo la exposici\u00f3n de grabados de Isidora Lobos Valderrama denominada \u201cEn Busca del Equilibrio\u201d, en ella Isidora nos presenta una t\u00e9cnica especial denominada Collagraph y Embossing, aprendida en Estados Unidos mientras cursaba un intercambio de Arquitectura. Una exposici\u00f3n con mucho colorido en [&hellip;]","og_url":"https:\/\/www.fraczinet.cl\/sitio\/2009\/08\/05\/exposicion-de-grabados-en-busca-del-equilibrio\/","og_site_name":"Nuestro Bio B\u00edo","article_published_time":"2009-08-05T11:28:00+00:00","og_image":[{"url":"https:\/\/2.bp.blogspot.com\/_2S_RxGRVjis\/Snltu2i7QuI\/AAAAAAAALg0\/LdA6l8dzzvg\/s200\/foto+exposici%C3%B3n.jpg","type":"","width":"","height":""}],"author":"admin","twitter_card":"summary_large_image","twitter_creator":"@nuestrobiobio","twitter_site":"@nuestrobiobio","twitter_misc":{"Escrito por":"admin"},"schema":{"@context":"https:\/\/schema.org","@graph":[{"@type":"Article","@id":"https:\/\/www.fraczinet.cl\/sitio\/2009\/08\/05\/exposicion-de-grabados-en-busca-del-equilibrio\/#article","isPartOf":{"@id":"https:\/\/www.fraczinet.cl\/sitio\/2009\/08\/05\/exposicion-de-grabados-en-busca-del-equilibrio\/"},"author":{"name":"admin","@id":"https:\/\/www.fraczinet.cl\/sitio\/#\/schema\/person\/bc30f98e9cb10ae7e119dbe14bc93784"},"headline":"Exposici\u00f3n De Grabados \u00abEn Busca Del Equilibrio\u00bb","datePublished":"2009-08-05T11:28:00+00:00","mainEntityOfPage":{"@id":"https:\/\/www.fraczinet.cl\/sitio\/2009\/08\/05\/exposicion-de-grabados-en-busca-del-equilibrio\/"},"wordCount":104,"commentCount":0,"publisher":{"@id":"https:\/\/www.fraczinet.cl\/sitio\/#\/schema\/person\/aec8ee4da68df2b9b0eefdad24a0d582"},"image":{"@id":"https:\/\/www.fraczinet.cl\/sitio\/2009\/08\/05\/exposicion-de-grabados-en-busca-del-equilibrio\/#primaryimage"},"thumbnailUrl":"https:\/\/2.bp.blogspot.com\/_2S_RxGRVjis\/Snltu2i7QuI\/AAAAAAAALg0\/LdA6l8dzzvg\/s200\/foto+exposici%C3%B3n.jpg","articleSection":["Artes Visuales"],"inLanguage":"es","potentialAction":[{"@type":"CommentAction","name":"Comment","target":["https:\/\/www.fraczinet.cl\/sitio\/2009\/08\/05\/exposicion-de-grabados-en-busca-del-equilibrio\/#respond"]}]},{"@type":"WebPage","@id":"https:\/\/www.fraczinet.cl\/sitio\/2009\/08\/05\/exposicion-de-grabados-en-busca-del-equilibrio\/","url":"https:\/\/www.fraczinet.cl\/sitio\/2009\/08\/05\/exposicion-de-grabados-en-busca-del-equilibrio\/","name":"Exposici\u00f3n De Grabados \"En Busca Del Equilibrio\" - Nuestro Bio B\u00edo","isPartOf":{"@id":"https:\/\/www.fraczinet.cl\/sitio\/#website"},"primaryImageOfPage":{"@id":"https:\/\/www.fraczinet.cl\/sitio\/2009\/08\/05\/exposicion-de-grabados-en-busca-del-equilibrio\/#primaryimage"},"image":{"@id":"https:\/\/www.fraczinet.cl\/sitio\/2009\/08\/05\/exposicion-de-grabados-en-busca-del-equilibrio\/#primaryimage"},"thumbnailUrl":"https:\/\/2.bp.blogspot.com\/_2S_RxGRVjis\/Snltu2i7QuI\/AAAAAAAALg0\/LdA6l8dzzvg\/s200\/foto+exposici%C3%B3n.jpg","datePublished":"2009-08-05T11:28:00+00:00","breadcrumb":{"@id":"https:\/\/www.fraczinet.cl\/sitio\/2009\/08\/05\/exposicion-de-grabados-en-busca-del-equilibrio\/#breadcrumb"},"inLanguage":"es","potentialAction":[{"@type":"ReadAction","target":["https:\/\/www.fraczinet.cl\/sitio\/2009\/08\/05\/exposicion-de-grabados-en-busca-del-equilibrio\/"]}]},{"@type":"ImageObject","inLanguage":"es","@id":"https:\/\/www.fraczinet.cl\/sitio\/2009\/08\/05\/exposicion-de-grabados-en-busca-del-equilibrio\/#primaryimage","url":"https:\/\/2.bp.blogspot.com\/_2S_RxGRVjis\/Snltu2i7QuI\/AAAAAAAALg0\/LdA6l8dzzvg\/s200\/foto+exposici%C3%B3n.jpg","contentUrl":"https:\/\/2.bp.blogspot.com\/_2S_RxGRVjis\/Snltu2i7QuI\/AAAAAAAALg0\/LdA6l8dzzvg\/s200\/foto+exposici%C3%B3n.jpg"},{"@type":"BreadcrumbList","@id":"https:\/\/www.fraczinet.cl\/sitio\/2009\/08\/05\/exposicion-de-grabados-en-busca-del-equilibrio\/#breadcrumb","itemListElement":[{"@type":"ListItem","position":1,"name":"Portada","item":"https:\/\/www.fraczinet.cl\/sitio\/"},{"@type":"ListItem","position":2,"name":"Exposici\u00f3n De Grabados \u00abEn Busca Del Equilibrio\u00bb"}]},{"@type":"WebSite","@id":"https:\/\/www.fraczinet.cl\/sitio\/#website","url":"https:\/\/www.fraczinet.cl\/sitio\/","name":"Nuestro Bio B\u00edo","description":"Tierra de Encuentros","publisher":{"@id":"https:\/\/www.fraczinet.cl\/sitio\/#\/schema\/person\/aec8ee4da68df2b9b0eefdad24a0d582"},"potentialAction":[{"@type":"SearchAction","target":{"@type":"EntryPoint","urlTemplate":"https:\/\/www.fraczinet.cl\/sitio\/?s={search_term_string}"},"query-input":{"@type":"PropertyValueSpecification","valueRequired":true,"valueName":"search_term_string"}}],"inLanguage":"es"},{"@type":["Person","Organization"],"@id":"https:\/\/www.fraczinet.cl\/sitio\/#\/schema\/person\/aec8ee4da68df2b9b0eefdad24a0d582","name":"Luis Fernando Fraczinet","image":{"@type":"ImageObject","inLanguage":"es","@id":"https:\/\/www.fraczinet.cl\/sitio\/#\/schema\/person\/image\/","url":"https:\/\/www.fraczinet.cl\/sitio\/wp-content\/uploads\/2021\/07\/bannerlogo-1.gif","contentUrl":"https:\/\/www.fraczinet.cl\/sitio\/wp-content\/uploads\/2021\/07\/bannerlogo-1.gif","width":159,"height":79,"caption":"Luis Fernando Fraczinet"},"logo":{"@id":"https:\/\/www.fraczinet.cl\/sitio\/#\/schema\/person\/image\/"},"sameAs":["https:\/\/www.fraczinet.cl\/sitio\/"]},{"@type":"Person","@id":"https:\/\/www.fraczinet.cl\/sitio\/#\/schema\/person\/bc30f98e9cb10ae7e119dbe14bc93784","name":"admin","image":{"@type":"ImageObject","inLanguage":"es","@id":"https:\/\/www.fraczinet.cl\/sitio\/#\/schema\/person\/image\/","url":"https:\/\/secure.gravatar.com\/avatar\/d5ad3cf7ef3b23a2bb5be73be780c86b2fc8545c3ad6b149f3913ff458c00099?s=96&d=mm&r=g","contentUrl":"https:\/\/secure.gravatar.com\/avatar\/d5ad3cf7ef3b23a2bb5be73be780c86b2fc8545c3ad6b149f3913ff458c00099?s=96&d=mm&r=g","caption":"admin"},"sameAs":["https:\/\/www.fraczinet.cl\/sitio"]}]}},"_links":{"self":[{"href":"https:\/\/www.fraczinet.cl\/sitio\/wp-json\/wp\/v2\/posts\/4779","targetHints":{"allow":["GET"]}}],"collection":[{"href":"https:\/\/www.fraczinet.cl\/sitio\/wp-json\/wp\/v2\/posts"}],"about":[{"href":"https:\/\/www.fraczinet.cl\/sitio\/wp-json\/wp\/v2\/types\/post"}],"author":[{"embeddable":true,"href":"https:\/\/www.fraczinet.cl\/sitio\/wp-json\/wp\/v2\/users\/1"}],"replies":[{"embeddable":true,"href":"https:\/\/www.fraczinet.cl\/sitio\/wp-json\/wp\/v2\/comments?post=4779"}],"version-history":[{"count":0,"href":"https:\/\/www.fraczinet.cl\/sitio\/wp-json\/wp\/v2\/posts\/4779\/revisions"}],"wp:attachment":[{"href":"https:\/\/www.fraczinet.cl\/sitio\/wp-json\/wp\/v2\/media?parent=4779"}],"wp:term":[{"taxonomy":"category","embeddable":true,"href":"https:\/\/www.fraczinet.cl\/sitio\/wp-json\/wp\/v2\/categories?post=4779"},{"taxonomy":"post_tag","embeddable":true,"href":"https:\/\/www.fraczinet.cl\/sitio\/wp-json\/wp\/v2\/tags?post=4779"}],"curies":[{"name":"wp","href":"https:\/\/api.w.org\/{rel}","templated":true}]}}