{"id":4787,"date":"2009-08-03T15:13:00","date_gmt":"2009-08-03T15:13:00","guid":{"rendered":"https:\/\/www.fraczinet.cl\/sitio\/2009\/08\/03\/cobquecura-ecomuseo\/"},"modified":"2009-08-03T15:13:00","modified_gmt":"2009-08-03T15:13:00","slug":"cobquecura-ecomuseo","status":"publish","type":"post","link":"https:\/\/www.fraczinet.cl\/sitio\/2009\/08\/03\/cobquecura-ecomuseo\/","title":{"rendered":"Cobquecura EcoMuseo"},"content":{"rendered":"<div style=\"text-align: justify;\"><a href=\"http:\/\/4.bp.blogspot.com\/_2S_RxGRVjis\/SncCVivAOGI\/AAAAAAAALfU\/3vq8OqBpp3Y\/s1600-h\/shapeimage_12.jpg\" style=\"clear: left; float: left; margin-bottom: 1em; margin-right: 1em;\"><img decoding=\"async\" alt=\"\" border=\"0\" id=\"BLOGGER_PHOTO_ID_5365760050159695970\" src=\"https:\/\/4.bp.blogspot.com\/_2S_RxGRVjis\/SncCVivAOGI\/AAAAAAAALfU\/3vq8OqBpp3Y\/s400\/shapeimage_12.jpg\" style=\"float: left; height: 91px; margin: 0px 10px 10px 0px; width: 143px;\" \/><\/a>Cobquecura Ecomuseo es la idea de integrar Museo y Medio Ambiente, orientado sobre la identidad de un territorio, sustentado en la participaci\u00f3n de sus habitantes, fundado en el crecimiento del bienestar y del desarrollo de la comunidad.<\/div>\n<div style=\"text-align: justify;\"><\/div>\n<div style=\"text-align: justify;\">Un Ecomuseo es lo apropiado para poder desarrollar el inter\u00e9s en las ra\u00edces de esta Zona rica en tradiciones, folklore y cultura. Esta es una iniciativa privada que con mucho esfuerzo y cari\u00f1os se ha ido logrando, como parte de la celebraci\u00f3n del Bicentenario y la mantenci\u00f3n del la arquitectura de la \u00e9poca de la rep\u00fablica.<\/div>\n<div style=\"text-align: justify;\"><\/div>\n<div style=\"text-align: justify;\">La formaci\u00f3n de una Corporaci\u00f3n que logre enclavarse en la comunidad y mantenga este esfuerzo a trav\u00e9s de los a\u00f1os es el deseo de quienes han dado vida a esta iniciativa.<\/div>\n<div style=\"text-align: justify;\"><\/div>\n<div style=\"text-align: justify;\"><a href=\"http:\/\/1.bp.blogspot.com\/_2S_RxGRVjis\/SncCgRLaMvI\/AAAAAAAALfc\/xCkVYsXp3Hw\/s1600-h\/shapeimage_18.jpg\"><img decoding=\"async\" alt=\"\" border=\"0\" id=\"BLOGGER_PHOTO_ID_5365760234425561842\" src=\"https:\/\/1.bp.blogspot.com\/_2S_RxGRVjis\/SncCgRLaMvI\/AAAAAAAALfc\/xCkVYsXp3Hw\/s400\/shapeimage_18.jpg\" style=\"cursor: hand; cursor: pointer; float: left; height: 91px; margin: 0 10px 10px 0; width: 143px;\" \/><\/a>El Ecomuseo esta investigando, rescatando, registrando, protegiendo todo lo relacionado con el arte, tradiciones historia, cultura y medio ambiente de Cobquecura.<\/div>\n<div style=\"text-align: justify;\">Cobquecura ha sido declarado dos veces Monumento Nacional por la naturaleza sorprendente y por la creatividad del hombre.<\/div>\n<div style=\"text-align: justify;\"><\/div>\n<div style=\"text-align: justify;\"><a href=\"http:\/\/3.bp.blogspot.com\/_2S_RxGRVjis\/SncCqlRfvZI\/AAAAAAAALfk\/wWehdmMgAJA\/s1600-h\/shapeimage_9.jpg\"><img decoding=\"async\" alt=\"\" border=\"0\" id=\"BLOGGER_PHOTO_ID_5365760411618491794\" src=\"https:\/\/3.bp.blogspot.com\/_2S_RxGRVjis\/SncCqlRfvZI\/AAAAAAAALfk\/wWehdmMgAJA\/s400\/shapeimage_9.jpg\" style=\"cursor: hand; cursor: pointer; float: left; height: 154px; margin: 0 10px 10px 0; width: 143px;\" \/><\/a>1-  La entrada a la casona o zagu\u00e1n, Mural  \u201cEncuentro de Culturas<\/div>\n<div style=\"text-align: justify;\">2-  Santuario de la Naturaleza: dedicada a la flora fauna y la protecci\u00f3n del Medio Ambiente.<\/div>\n<div style=\"text-align: justify;\">3- Zona T\u00edpica: Estudio del hombre desde la cer\u00e1mica precolombina hasta  la arquitectura del siglo XIX,  <\/div>\n<div style=\"text-align: justify;\">4- Galer\u00eda : Exhibiciones preparadas por el Museo de Gr\u00e1fica de Chillan <\/div>\n<div style=\"text-align: justify;\">4- Auditorio Mariano Latorre y Fidel Sep\u00falveda: Eventos , seminarios, clases y reuniones.<\/div>\n<div style=\"text-align: justify;\">5-  Jard\u00edn  Hist\u00f3rico y  un jard\u00edn org\u00e1nico urbano e instalaci\u00f3n  del medio ambiente<\/div>\n<div style=\"text-align: justify;\"><\/div>\n<div style=\"text-align: justify;\"><span style=\"font-weight: bold;\">Mujeres en la Restauraci\u00f3n del Ecomuseo Cobquecura<\/span><\/div>\n<div style=\"text-align: justify;\"><\/div>\n<div style=\"text-align: justify;\"><a href=\"http:\/\/1.bp.blogspot.com\/_2S_RxGRVjis\/SncC3l3ZRrI\/AAAAAAAALfs\/0kdgI8d1wPs\/s1600-h\/shapeimage_24.jpg\"><img decoding=\"async\" alt=\"\" border=\"0\" id=\"BLOGGER_PHOTO_ID_5365760635115751090\" src=\"https:\/\/1.bp.blogspot.com\/_2S_RxGRVjis\/SncC3l3ZRrI\/AAAAAAAALfs\/0kdgI8d1wPs\/s400\/shapeimage_24.jpg\" style=\"cursor: hand; cursor: pointer; float: left; height: 91px; margin: 0 10px 10px 0; width: 143px;\" \/><\/a>Pr\u00e1cticas culturales, mitos o modelos sociales determinaron por siglos algunos trabajos que deb\u00edan realizar las mujeres y que generalmente fueron mal remuneradas. Los avances del mundo globalizado, con cambios tecnol\u00f3gicos, rapidez en comunicaciones,  la salud p\u00fablica, educaci\u00f3n masiva, est\u00e1n llegando a lugares apartados como Cobquecura y dando nuevas oportunidades de g\u00e9nero.<\/div>\n<div style=\"text-align: justify;\"><\/div>\n<div style=\"text-align: justify;\"><a href=\"http:\/\/1.bp.blogspot.com\/_2S_RxGRVjis\/SncDAQA64eI\/AAAAAAAALf0\/YQy7DqZhnYU\/s1600-h\/shapeimage_25.jpg\"><img decoding=\"async\" alt=\"\" border=\"0\" id=\"BLOGGER_PHOTO_ID_5365760783868944866\" src=\"https:\/\/1.bp.blogspot.com\/_2S_RxGRVjis\/SncDAQA64eI\/AAAAAAAALf0\/YQy7DqZhnYU\/s400\/shapeimage_25.jpg\" style=\"cursor: hand; cursor: pointer; float: left; height: 192px; margin: 0 10px 10px 0; width: 143px;\" \/><\/a>Clases de  gasfiter\u00eda carpinter\u00eda, electricidad y primeros auxilios, fueron impartidas, en la restauraci\u00f3n del edificio, logrando las metas establecidas y sobrepas\u00e1ndolas gracias a su dedicaci\u00f3n,  entusiasmo, compromiso y perseverancia de las integrantes de este proyecto.<\/div>\n","protected":false},"excerpt":{"rendered":"<p>Cobquecura Ecomuseo es la idea de integrar Museo y Medio Ambiente, orientado sobre la identidad de un territorio, sustentado en la participaci\u00f3n de sus habitantes, fundado en el crecimiento del bienestar y del desarrollo de la comunidad. Un Ecomuseo es lo apropiado para poder desarrollar el inter\u00e9s en las ra\u00edces de esta Zona rica en [&hellip;]<\/p>\n","protected":false},"author":1,"featured_media":0,"comment_status":"open","ping_status":"open","sticky":false,"template":"","format":"standard","meta":{"footnotes":""},"categories":[37,224],"tags":[],"class_list":["post-4787","post","type-post","status-publish","format-standard","hentry","category-cobquecura","category-museos"],"yoast_head":"<!-- This site is optimized with the Yoast SEO plugin v25.0 - https:\/\/yoast.com\/wordpress\/plugins\/seo\/ -->\n<title>Cobquecura EcoMuseo - Nuestro Bio B\u00edo<\/title>\n<meta name=\"robots\" content=\"index, follow, max-snippet:-1, max-image-preview:large, max-video-preview:-1\" \/>\n<link rel=\"canonical\" href=\"https:\/\/www.fraczinet.cl\/sitio\/2009\/08\/03\/cobquecura-ecomuseo\/\" \/>\n<meta property=\"og:locale\" content=\"es_ES\" \/>\n<meta property=\"og:type\" content=\"article\" \/>\n<meta property=\"og:title\" content=\"Cobquecura EcoMuseo - Nuestro Bio B\u00edo\" \/>\n<meta property=\"og:description\" content=\"Cobquecura Ecomuseo es la idea de integrar Museo y Medio Ambiente, orientado sobre la identidad de un territorio, sustentado en la participaci\u00f3n de sus habitantes, fundado en el crecimiento del bienestar y del desarrollo de la comunidad. Un Ecomuseo es lo apropiado para poder desarrollar el inter\u00e9s en las ra\u00edces de esta Zona rica en [&hellip;]\" \/>\n<meta property=\"og:url\" content=\"https:\/\/www.fraczinet.cl\/sitio\/2009\/08\/03\/cobquecura-ecomuseo\/\" \/>\n<meta property=\"og:site_name\" content=\"Nuestro Bio B\u00edo\" \/>\n<meta property=\"article:published_time\" content=\"2009-08-03T15:13:00+00:00\" \/>\n<meta property=\"og:image\" content=\"https:\/\/4.bp.blogspot.com\/_2S_RxGRVjis\/SncCVivAOGI\/AAAAAAAALfU\/3vq8OqBpp3Y\/s400\/shapeimage_12.jpg\" \/>\n<meta name=\"author\" content=\"admin\" \/>\n<meta name=\"twitter:card\" content=\"summary_large_image\" \/>\n<meta name=\"twitter:creator\" content=\"@nuestrobiobio\" \/>\n<meta name=\"twitter:site\" content=\"@nuestrobiobio\" \/>\n<meta name=\"twitter:label1\" content=\"Escrito por\" \/>\n\t<meta name=\"twitter:data1\" content=\"admin\" \/>\n\t<meta name=\"twitter:label2\" content=\"Tiempo de lectura\" \/>\n\t<meta name=\"twitter:data2\" content=\"2 minutos\" \/>\n<script type=\"application\/ld+json\" class=\"yoast-schema-graph\">{\"@context\":\"https:\/\/schema.org\",\"@graph\":[{\"@type\":\"Article\",\"@id\":\"https:\/\/www.fraczinet.cl\/sitio\/2009\/08\/03\/cobquecura-ecomuseo\/#article\",\"isPartOf\":{\"@id\":\"https:\/\/www.fraczinet.cl\/sitio\/2009\/08\/03\/cobquecura-ecomuseo\/\"},\"author\":{\"name\":\"admin\",\"@id\":\"https:\/\/www.fraczinet.cl\/sitio\/#\/schema\/person\/bc30f98e9cb10ae7e119dbe14bc93784\"},\"headline\":\"Cobquecura EcoMuseo\",\"datePublished\":\"2009-08-03T15:13:00+00:00\",\"mainEntityOfPage\":{\"@id\":\"https:\/\/www.fraczinet.cl\/sitio\/2009\/08\/03\/cobquecura-ecomuseo\/\"},\"wordCount\":374,\"commentCount\":0,\"publisher\":{\"@id\":\"https:\/\/www.fraczinet.cl\/sitio\/#\/schema\/person\/aec8ee4da68df2b9b0eefdad24a0d582\"},\"image\":{\"@id\":\"https:\/\/www.fraczinet.cl\/sitio\/2009\/08\/03\/cobquecura-ecomuseo\/#primaryimage\"},\"thumbnailUrl\":\"https:\/\/4.bp.blogspot.com\/_2S_RxGRVjis\/SncCVivAOGI\/AAAAAAAALfU\/3vq8OqBpp3Y\/s400\/shapeimage_12.jpg\",\"articleSection\":[\"Cobquecura\",\"Museos\"],\"inLanguage\":\"es\",\"potentialAction\":[{\"@type\":\"CommentAction\",\"name\":\"Comment\",\"target\":[\"https:\/\/www.fraczinet.cl\/sitio\/2009\/08\/03\/cobquecura-ecomuseo\/#respond\"]}]},{\"@type\":\"WebPage\",\"@id\":\"https:\/\/www.fraczinet.cl\/sitio\/2009\/08\/03\/cobquecura-ecomuseo\/\",\"url\":\"https:\/\/www.fraczinet.cl\/sitio\/2009\/08\/03\/cobquecura-ecomuseo\/\",\"name\":\"Cobquecura EcoMuseo - Nuestro Bio B\u00edo\",\"isPartOf\":{\"@id\":\"https:\/\/www.fraczinet.cl\/sitio\/#website\"},\"primaryImageOfPage\":{\"@id\":\"https:\/\/www.fraczinet.cl\/sitio\/2009\/08\/03\/cobquecura-ecomuseo\/#primaryimage\"},\"image\":{\"@id\":\"https:\/\/www.fraczinet.cl\/sitio\/2009\/08\/03\/cobquecura-ecomuseo\/#primaryimage\"},\"thumbnailUrl\":\"https:\/\/4.bp.blogspot.com\/_2S_RxGRVjis\/SncCVivAOGI\/AAAAAAAALfU\/3vq8OqBpp3Y\/s400\/shapeimage_12.jpg\",\"datePublished\":\"2009-08-03T15:13:00+00:00\",\"breadcrumb\":{\"@id\":\"https:\/\/www.fraczinet.cl\/sitio\/2009\/08\/03\/cobquecura-ecomuseo\/#breadcrumb\"},\"inLanguage\":\"es\",\"potentialAction\":[{\"@type\":\"ReadAction\",\"target\":[\"https:\/\/www.fraczinet.cl\/sitio\/2009\/08\/03\/cobquecura-ecomuseo\/\"]}]},{\"@type\":\"ImageObject\",\"inLanguage\":\"es\",\"@id\":\"https:\/\/www.fraczinet.cl\/sitio\/2009\/08\/03\/cobquecura-ecomuseo\/#primaryimage\",\"url\":\"https:\/\/4.bp.blogspot.com\/_2S_RxGRVjis\/SncCVivAOGI\/AAAAAAAALfU\/3vq8OqBpp3Y\/s400\/shapeimage_12.jpg\",\"contentUrl\":\"https:\/\/4.bp.blogspot.com\/_2S_RxGRVjis\/SncCVivAOGI\/AAAAAAAALfU\/3vq8OqBpp3Y\/s400\/shapeimage_12.jpg\"},{\"@type\":\"BreadcrumbList\",\"@id\":\"https:\/\/www.fraczinet.cl\/sitio\/2009\/08\/03\/cobquecura-ecomuseo\/#breadcrumb\",\"itemListElement\":[{\"@type\":\"ListItem\",\"position\":1,\"name\":\"Portada\",\"item\":\"https:\/\/www.fraczinet.cl\/sitio\/\"},{\"@type\":\"ListItem\",\"position\":2,\"name\":\"Cobquecura EcoMuseo\"}]},{\"@type\":\"WebSite\",\"@id\":\"https:\/\/www.fraczinet.cl\/sitio\/#website\",\"url\":\"https:\/\/www.fraczinet.cl\/sitio\/\",\"name\":\"Nuestro Bio B\u00edo\",\"description\":\"Tierra de Encuentros\",\"publisher\":{\"@id\":\"https:\/\/www.fraczinet.cl\/sitio\/#\/schema\/person\/aec8ee4da68df2b9b0eefdad24a0d582\"},\"potentialAction\":[{\"@type\":\"SearchAction\",\"target\":{\"@type\":\"EntryPoint\",\"urlTemplate\":\"https:\/\/www.fraczinet.cl\/sitio\/?s={search_term_string}\"},\"query-input\":{\"@type\":\"PropertyValueSpecification\",\"valueRequired\":true,\"valueName\":\"search_term_string\"}}],\"inLanguage\":\"es\"},{\"@type\":[\"Person\",\"Organization\"],\"@id\":\"https:\/\/www.fraczinet.cl\/sitio\/#\/schema\/person\/aec8ee4da68df2b9b0eefdad24a0d582\",\"name\":\"Luis Fernando Fraczinet\",\"image\":{\"@type\":\"ImageObject\",\"inLanguage\":\"es\",\"@id\":\"https:\/\/www.fraczinet.cl\/sitio\/#\/schema\/person\/image\/\",\"url\":\"https:\/\/www.fraczinet.cl\/sitio\/wp-content\/uploads\/2021\/07\/bannerlogo-1.gif\",\"contentUrl\":\"https:\/\/www.fraczinet.cl\/sitio\/wp-content\/uploads\/2021\/07\/bannerlogo-1.gif\",\"width\":159,\"height\":79,\"caption\":\"Luis Fernando Fraczinet\"},\"logo\":{\"@id\":\"https:\/\/www.fraczinet.cl\/sitio\/#\/schema\/person\/image\/\"},\"sameAs\":[\"https:\/\/www.fraczinet.cl\/sitio\/\"]},{\"@type\":\"Person\",\"@id\":\"https:\/\/www.fraczinet.cl\/sitio\/#\/schema\/person\/bc30f98e9cb10ae7e119dbe14bc93784\",\"name\":\"admin\",\"image\":{\"@type\":\"ImageObject\",\"inLanguage\":\"es\",\"@id\":\"https:\/\/www.fraczinet.cl\/sitio\/#\/schema\/person\/image\/\",\"url\":\"https:\/\/secure.gravatar.com\/avatar\/d5ad3cf7ef3b23a2bb5be73be780c86b2fc8545c3ad6b149f3913ff458c00099?s=96&d=mm&r=g\",\"contentUrl\":\"https:\/\/secure.gravatar.com\/avatar\/d5ad3cf7ef3b23a2bb5be73be780c86b2fc8545c3ad6b149f3913ff458c00099?s=96&d=mm&r=g\",\"caption\":\"admin\"},\"sameAs\":[\"https:\/\/www.fraczinet.cl\/sitio\"]}]}<\/script>\n<!-- \/ Yoast SEO plugin. -->","yoast_head_json":{"title":"Cobquecura EcoMuseo - Nuestro Bio B\u00edo","robots":{"index":"index","follow":"follow","max-snippet":"max-snippet:-1","max-image-preview":"max-image-preview:large","max-video-preview":"max-video-preview:-1"},"canonical":"https:\/\/www.fraczinet.cl\/sitio\/2009\/08\/03\/cobquecura-ecomuseo\/","og_locale":"es_ES","og_type":"article","og_title":"Cobquecura EcoMuseo - Nuestro Bio B\u00edo","og_description":"Cobquecura Ecomuseo es la idea de integrar Museo y Medio Ambiente, orientado sobre la identidad de un territorio, sustentado en la participaci\u00f3n de sus habitantes, fundado en el crecimiento del bienestar y del desarrollo de la comunidad. Un Ecomuseo es lo apropiado para poder desarrollar el inter\u00e9s en las ra\u00edces de esta Zona rica en [&hellip;]","og_url":"https:\/\/www.fraczinet.cl\/sitio\/2009\/08\/03\/cobquecura-ecomuseo\/","og_site_name":"Nuestro Bio B\u00edo","article_published_time":"2009-08-03T15:13:00+00:00","og_image":[{"url":"https:\/\/4.bp.blogspot.com\/_2S_RxGRVjis\/SncCVivAOGI\/AAAAAAAALfU\/3vq8OqBpp3Y\/s400\/shapeimage_12.jpg","type":"","width":"","height":""}],"author":"admin","twitter_card":"summary_large_image","twitter_creator":"@nuestrobiobio","twitter_site":"@nuestrobiobio","twitter_misc":{"Escrito por":"admin","Tiempo de lectura":"2 minutos"},"schema":{"@context":"https:\/\/schema.org","@graph":[{"@type":"Article","@id":"https:\/\/www.fraczinet.cl\/sitio\/2009\/08\/03\/cobquecura-ecomuseo\/#article","isPartOf":{"@id":"https:\/\/www.fraczinet.cl\/sitio\/2009\/08\/03\/cobquecura-ecomuseo\/"},"author":{"name":"admin","@id":"https:\/\/www.fraczinet.cl\/sitio\/#\/schema\/person\/bc30f98e9cb10ae7e119dbe14bc93784"},"headline":"Cobquecura EcoMuseo","datePublished":"2009-08-03T15:13:00+00:00","mainEntityOfPage":{"@id":"https:\/\/www.fraczinet.cl\/sitio\/2009\/08\/03\/cobquecura-ecomuseo\/"},"wordCount":374,"commentCount":0,"publisher":{"@id":"https:\/\/www.fraczinet.cl\/sitio\/#\/schema\/person\/aec8ee4da68df2b9b0eefdad24a0d582"},"image":{"@id":"https:\/\/www.fraczinet.cl\/sitio\/2009\/08\/03\/cobquecura-ecomuseo\/#primaryimage"},"thumbnailUrl":"https:\/\/4.bp.blogspot.com\/_2S_RxGRVjis\/SncCVivAOGI\/AAAAAAAALfU\/3vq8OqBpp3Y\/s400\/shapeimage_12.jpg","articleSection":["Cobquecura","Museos"],"inLanguage":"es","potentialAction":[{"@type":"CommentAction","name":"Comment","target":["https:\/\/www.fraczinet.cl\/sitio\/2009\/08\/03\/cobquecura-ecomuseo\/#respond"]}]},{"@type":"WebPage","@id":"https:\/\/www.fraczinet.cl\/sitio\/2009\/08\/03\/cobquecura-ecomuseo\/","url":"https:\/\/www.fraczinet.cl\/sitio\/2009\/08\/03\/cobquecura-ecomuseo\/","name":"Cobquecura EcoMuseo - Nuestro Bio B\u00edo","isPartOf":{"@id":"https:\/\/www.fraczinet.cl\/sitio\/#website"},"primaryImageOfPage":{"@id":"https:\/\/www.fraczinet.cl\/sitio\/2009\/08\/03\/cobquecura-ecomuseo\/#primaryimage"},"image":{"@id":"https:\/\/www.fraczinet.cl\/sitio\/2009\/08\/03\/cobquecura-ecomuseo\/#primaryimage"},"thumbnailUrl":"https:\/\/4.bp.blogspot.com\/_2S_RxGRVjis\/SncCVivAOGI\/AAAAAAAALfU\/3vq8OqBpp3Y\/s400\/shapeimage_12.jpg","datePublished":"2009-08-03T15:13:00+00:00","breadcrumb":{"@id":"https:\/\/www.fraczinet.cl\/sitio\/2009\/08\/03\/cobquecura-ecomuseo\/#breadcrumb"},"inLanguage":"es","potentialAction":[{"@type":"ReadAction","target":["https:\/\/www.fraczinet.cl\/sitio\/2009\/08\/03\/cobquecura-ecomuseo\/"]}]},{"@type":"ImageObject","inLanguage":"es","@id":"https:\/\/www.fraczinet.cl\/sitio\/2009\/08\/03\/cobquecura-ecomuseo\/#primaryimage","url":"https:\/\/4.bp.blogspot.com\/_2S_RxGRVjis\/SncCVivAOGI\/AAAAAAAALfU\/3vq8OqBpp3Y\/s400\/shapeimage_12.jpg","contentUrl":"https:\/\/4.bp.blogspot.com\/_2S_RxGRVjis\/SncCVivAOGI\/AAAAAAAALfU\/3vq8OqBpp3Y\/s400\/shapeimage_12.jpg"},{"@type":"BreadcrumbList","@id":"https:\/\/www.fraczinet.cl\/sitio\/2009\/08\/03\/cobquecura-ecomuseo\/#breadcrumb","itemListElement":[{"@type":"ListItem","position":1,"name":"Portada","item":"https:\/\/www.fraczinet.cl\/sitio\/"},{"@type":"ListItem","position":2,"name":"Cobquecura EcoMuseo"}]},{"@type":"WebSite","@id":"https:\/\/www.fraczinet.cl\/sitio\/#website","url":"https:\/\/www.fraczinet.cl\/sitio\/","name":"Nuestro Bio B\u00edo","description":"Tierra de Encuentros","publisher":{"@id":"https:\/\/www.fraczinet.cl\/sitio\/#\/schema\/person\/aec8ee4da68df2b9b0eefdad24a0d582"},"potentialAction":[{"@type":"SearchAction","target":{"@type":"EntryPoint","urlTemplate":"https:\/\/www.fraczinet.cl\/sitio\/?s={search_term_string}"},"query-input":{"@type":"PropertyValueSpecification","valueRequired":true,"valueName":"search_term_string"}}],"inLanguage":"es"},{"@type":["Person","Organization"],"@id":"https:\/\/www.fraczinet.cl\/sitio\/#\/schema\/person\/aec8ee4da68df2b9b0eefdad24a0d582","name":"Luis Fernando Fraczinet","image":{"@type":"ImageObject","inLanguage":"es","@id":"https:\/\/www.fraczinet.cl\/sitio\/#\/schema\/person\/image\/","url":"https:\/\/www.fraczinet.cl\/sitio\/wp-content\/uploads\/2021\/07\/bannerlogo-1.gif","contentUrl":"https:\/\/www.fraczinet.cl\/sitio\/wp-content\/uploads\/2021\/07\/bannerlogo-1.gif","width":159,"height":79,"caption":"Luis Fernando Fraczinet"},"logo":{"@id":"https:\/\/www.fraczinet.cl\/sitio\/#\/schema\/person\/image\/"},"sameAs":["https:\/\/www.fraczinet.cl\/sitio\/"]},{"@type":"Person","@id":"https:\/\/www.fraczinet.cl\/sitio\/#\/schema\/person\/bc30f98e9cb10ae7e119dbe14bc93784","name":"admin","image":{"@type":"ImageObject","inLanguage":"es","@id":"https:\/\/www.fraczinet.cl\/sitio\/#\/schema\/person\/image\/","url":"https:\/\/secure.gravatar.com\/avatar\/d5ad3cf7ef3b23a2bb5be73be780c86b2fc8545c3ad6b149f3913ff458c00099?s=96&d=mm&r=g","contentUrl":"https:\/\/secure.gravatar.com\/avatar\/d5ad3cf7ef3b23a2bb5be73be780c86b2fc8545c3ad6b149f3913ff458c00099?s=96&d=mm&r=g","caption":"admin"},"sameAs":["https:\/\/www.fraczinet.cl\/sitio"]}]}},"_links":{"self":[{"href":"https:\/\/www.fraczinet.cl\/sitio\/wp-json\/wp\/v2\/posts\/4787","targetHints":{"allow":["GET"]}}],"collection":[{"href":"https:\/\/www.fraczinet.cl\/sitio\/wp-json\/wp\/v2\/posts"}],"about":[{"href":"https:\/\/www.fraczinet.cl\/sitio\/wp-json\/wp\/v2\/types\/post"}],"author":[{"embeddable":true,"href":"https:\/\/www.fraczinet.cl\/sitio\/wp-json\/wp\/v2\/users\/1"}],"replies":[{"embeddable":true,"href":"https:\/\/www.fraczinet.cl\/sitio\/wp-json\/wp\/v2\/comments?post=4787"}],"version-history":[{"count":0,"href":"https:\/\/www.fraczinet.cl\/sitio\/wp-json\/wp\/v2\/posts\/4787\/revisions"}],"wp:attachment":[{"href":"https:\/\/www.fraczinet.cl\/sitio\/wp-json\/wp\/v2\/media?parent=4787"}],"wp:term":[{"taxonomy":"category","embeddable":true,"href":"https:\/\/www.fraczinet.cl\/sitio\/wp-json\/wp\/v2\/categories?post=4787"},{"taxonomy":"post_tag","embeddable":true,"href":"https:\/\/www.fraczinet.cl\/sitio\/wp-json\/wp\/v2\/tags?post=4787"}],"curies":[{"name":"wp","href":"https:\/\/api.w.org\/{rel}","templated":true}]}}