{"id":4801,"date":"2009-07-31T11:10:00","date_gmt":"2009-07-31T11:10:00","guid":{"rendered":"https:\/\/www.fraczinet.cl\/sitio\/2009\/07\/31\/exposicion-de-grabados-en-busca-del-equilibrio-de-isidora-lobos-valderrama\/"},"modified":"2022-10-06T00:34:01","modified_gmt":"2022-10-06T00:34:01","slug":"exposicion-de-grabados-en-busca-del-equilibrio-de-isidora-lobos-valderrama","status":"publish","type":"post","link":"https:\/\/www.fraczinet.cl\/sitio\/2009\/07\/31\/exposicion-de-grabados-en-busca-del-equilibrio-de-isidora-lobos-valderrama\/","title":{"rendered":"Exposici\u00f3n de grabados \u201cEn Busca Del Equilibrio\u201d De Isidora Lobos Valderrama"},"content":{"rendered":"<div style=\"text-align: justify;\">Durante las vacaciones de invierno, el Parque Educativo Jorge Alessandri recibi\u00f3 a m\u00e1s de 4 mil personas, entre adultos y ni\u00f1os, en donde \u00e9stos \u00faltimos participaron muy entusiastas de nuestros talleres realizados en nuestros distintos espacios. Con la llegada de agosto el parque quiere que los menores sigan disfrutando de las actividades, para lo cual algunos de nuestros espacios han preparado nuevos talleres para compartir en familia.<\/div>\n<div style=\"text-align: justify;\"><\/div>\n<div style=\"text-align: justify;\">La Sala del \u00c1rbol todos los s\u00e1bados de agosto a las 11:00 y a las 15:00 horas tendr\u00e1 el taller \u201cJuguetes de Papel\u201d; de la misma manera el Vivero Educativo a las 11:00 y a las 15:00 horas realizar\u00e1 el taller \u201cSiembra Entretenida\u201d, y finalmente Artequin en el Parque los d\u00edas s\u00e1bados y domingo a las 11:00 y a las 15:00 horas tendr\u00e1 el taller \u201cLa Mujer y sus Obras\u201d. Los participantes del taller a trav\u00e9s de un audiovisual conocer\u00e1n la vida y obras de Frida Kahlo y Rosalba Carriera, para finalizar con la creaci\u00f3n de un collage con rostros de pintoras destacadas. Por otro lado para los amantes de la naturaleza podr\u00e1n disfrutar de nuestros recorridos guiados por el Parque o Senderos, presenciado bellos paisajes con una flora y fauna privilegiada.<\/div>\n<div style=\"text-align: justify;\"><\/div>\n<div style=\"text-align: justify;\">Finalmente el lunes 3 de agosto a las 19:30 horas en la galer\u00eda del Parque, se llevar\u00e1 a cabo la inauguraci\u00f3n de la exposici\u00f3n de grabados \u201cEn Busca del Equilibrio\u201d, de Isidora Lobos Valderrama con la t\u00e9cnica Collagraph y Embossing, la cual Isidora aprendi\u00f3 en la Universidad de Virginia Tech, Washington DC, Estados Unidos, mientras realizaba un intercambio de Arquitectura. Un conjunto de grabados en donde Isidora quiere de alguna manera a trav\u00e9s de los colores utilizados causar diferentes sensaciones al espectador. La exposici\u00f3n estar\u00e1 abierta al p\u00fablico desde el 4 de agosto y puede ser visitada hasta el 30 de agosto de martes a domingo de 10:00 a 17:00 horas.<\/div>\n<div style=\"text-align: justify;\"><\/div>\n<div style=\"text-align: justify;\">Los esperamos!!!<\/div>\n<div style=\"text-align: justify;\"><\/div>\n<div style=\"text-align: justify;\">Recuerda que la entrada al parque es liberada y nuestro horario de atenci\u00f3n es de martes a domingo de 9:00 a 17:00 horas. Todos los materiales utilizados en los talleres ser\u00e1n entregados de manera gratuita<\/div>\n<p><\/p>\n","protected":false},"excerpt":{"rendered":"<p>Durante las vacaciones de invierno, el Parque Educativo Jorge Alessandri recibi\u00f3 a m\u00e1s de 4 mil personas, entre adultos y ni\u00f1os, en donde \u00e9stos \u00faltimos participaron muy entusiastas de nuestros talleres realizados en nuestros distintos espacios. Con la llegada de agosto el parque quiere que los menores sigan disfrutando de las actividades, para lo cual [&hellip;]<\/p>\n","protected":false},"author":1,"featured_media":0,"comment_status":"open","ping_status":"open","sticky":false,"template":"","format":"standard","meta":{"footnotes":""},"categories":[68],"tags":[],"class_list":["post-4801","post","type-post","status-publish","format-standard","hentry","category-artes-visuales"],"yoast_head":"<!-- This site is optimized with the Yoast SEO plugin v25.0 - https:\/\/yoast.com\/wordpress\/plugins\/seo\/ -->\n<title>Exposici\u00f3n de grabados \u201cEn Busca Del Equilibrio\u201d De Isidora Lobos Valderrama - Nuestro Bio B\u00edo<\/title>\n<meta name=\"robots\" content=\"index, follow, max-snippet:-1, max-image-preview:large, max-video-preview:-1\" \/>\n<link rel=\"canonical\" href=\"https:\/\/www.fraczinet.cl\/sitio\/2009\/07\/31\/exposicion-de-grabados-en-busca-del-equilibrio-de-isidora-lobos-valderrama\/\" \/>\n<meta property=\"og:locale\" content=\"es_ES\" \/>\n<meta property=\"og:type\" content=\"article\" \/>\n<meta property=\"og:title\" content=\"Exposici\u00f3n de grabados \u201cEn Busca Del Equilibrio\u201d De Isidora Lobos Valderrama - Nuestro Bio B\u00edo\" \/>\n<meta property=\"og:description\" content=\"Durante las vacaciones de invierno, el Parque Educativo Jorge Alessandri recibi\u00f3 a m\u00e1s de 4 mil personas, entre adultos y ni\u00f1os, en donde \u00e9stos \u00faltimos participaron muy entusiastas de nuestros talleres realizados en nuestros distintos espacios. Con la llegada de agosto el parque quiere que los menores sigan disfrutando de las actividades, para lo cual [&hellip;]\" \/>\n<meta property=\"og:url\" content=\"https:\/\/www.fraczinet.cl\/sitio\/2009\/07\/31\/exposicion-de-grabados-en-busca-del-equilibrio-de-isidora-lobos-valderrama\/\" \/>\n<meta property=\"og:site_name\" content=\"Nuestro Bio B\u00edo\" \/>\n<meta property=\"article:published_time\" content=\"2009-07-31T11:10:00+00:00\" \/>\n<meta property=\"article:modified_time\" content=\"2022-10-06T00:34:01+00:00\" \/>\n<meta property=\"og:image\" content=\"https:\/\/www.fraczinet.cl\/sitio\/wp-content\/uploads\/2021\/07\/bannerlogo-1.gif\" \/>\n\t<meta property=\"og:image:width\" content=\"159\" \/>\n\t<meta property=\"og:image:height\" content=\"79\" \/>\n\t<meta property=\"og:image:type\" content=\"image\/gif\" \/>\n<meta name=\"author\" content=\"admin\" \/>\n<meta name=\"twitter:card\" content=\"summary_large_image\" \/>\n<meta name=\"twitter:creator\" content=\"@nuestrobiobio\" \/>\n<meta name=\"twitter:site\" content=\"@nuestrobiobio\" \/>\n<meta name=\"twitter:label1\" content=\"Escrito por\" \/>\n\t<meta name=\"twitter:data1\" content=\"admin\" \/>\n\t<meta name=\"twitter:label2\" content=\"Tiempo de lectura\" \/>\n\t<meta name=\"twitter:data2\" content=\"2 minutos\" \/>\n<script type=\"application\/ld+json\" class=\"yoast-schema-graph\">{\"@context\":\"https:\/\/schema.org\",\"@graph\":[{\"@type\":\"Article\",\"@id\":\"https:\/\/www.fraczinet.cl\/sitio\/2009\/07\/31\/exposicion-de-grabados-en-busca-del-equilibrio-de-isidora-lobos-valderrama\/#article\",\"isPartOf\":{\"@id\":\"https:\/\/www.fraczinet.cl\/sitio\/2009\/07\/31\/exposicion-de-grabados-en-busca-del-equilibrio-de-isidora-lobos-valderrama\/\"},\"author\":{\"name\":\"admin\",\"@id\":\"https:\/\/www.fraczinet.cl\/sitio\/#\/schema\/person\/bc30f98e9cb10ae7e119dbe14bc93784\"},\"headline\":\"Exposici\u00f3n de grabados \u201cEn Busca Del Equilibrio\u201d De Isidora Lobos Valderrama\",\"datePublished\":\"2009-07-31T11:10:00+00:00\",\"dateModified\":\"2022-10-06T00:34:01+00:00\",\"mainEntityOfPage\":{\"@id\":\"https:\/\/www.fraczinet.cl\/sitio\/2009\/07\/31\/exposicion-de-grabados-en-busca-del-equilibrio-de-isidora-lobos-valderrama\/\"},\"wordCount\":362,\"commentCount\":0,\"publisher\":{\"@id\":\"https:\/\/www.fraczinet.cl\/sitio\/#\/schema\/person\/aec8ee4da68df2b9b0eefdad24a0d582\"},\"articleSection\":[\"Artes Visuales\"],\"inLanguage\":\"es\",\"potentialAction\":[{\"@type\":\"CommentAction\",\"name\":\"Comment\",\"target\":[\"https:\/\/www.fraczinet.cl\/sitio\/2009\/07\/31\/exposicion-de-grabados-en-busca-del-equilibrio-de-isidora-lobos-valderrama\/#respond\"]}]},{\"@type\":\"WebPage\",\"@id\":\"https:\/\/www.fraczinet.cl\/sitio\/2009\/07\/31\/exposicion-de-grabados-en-busca-del-equilibrio-de-isidora-lobos-valderrama\/\",\"url\":\"https:\/\/www.fraczinet.cl\/sitio\/2009\/07\/31\/exposicion-de-grabados-en-busca-del-equilibrio-de-isidora-lobos-valderrama\/\",\"name\":\"Exposici\u00f3n de grabados \u201cEn Busca Del Equilibrio\u201d De Isidora Lobos Valderrama - Nuestro Bio B\u00edo\",\"isPartOf\":{\"@id\":\"https:\/\/www.fraczinet.cl\/sitio\/#website\"},\"datePublished\":\"2009-07-31T11:10:00+00:00\",\"dateModified\":\"2022-10-06T00:34:01+00:00\",\"breadcrumb\":{\"@id\":\"https:\/\/www.fraczinet.cl\/sitio\/2009\/07\/31\/exposicion-de-grabados-en-busca-del-equilibrio-de-isidora-lobos-valderrama\/#breadcrumb\"},\"inLanguage\":\"es\",\"potentialAction\":[{\"@type\":\"ReadAction\",\"target\":[\"https:\/\/www.fraczinet.cl\/sitio\/2009\/07\/31\/exposicion-de-grabados-en-busca-del-equilibrio-de-isidora-lobos-valderrama\/\"]}]},{\"@type\":\"BreadcrumbList\",\"@id\":\"https:\/\/www.fraczinet.cl\/sitio\/2009\/07\/31\/exposicion-de-grabados-en-busca-del-equilibrio-de-isidora-lobos-valderrama\/#breadcrumb\",\"itemListElement\":[{\"@type\":\"ListItem\",\"position\":1,\"name\":\"Portada\",\"item\":\"https:\/\/www.fraczinet.cl\/sitio\/\"},{\"@type\":\"ListItem\",\"position\":2,\"name\":\"Exposici\u00f3n de grabados \u201cEn Busca Del Equilibrio\u201d De Isidora Lobos Valderrama\"}]},{\"@type\":\"WebSite\",\"@id\":\"https:\/\/www.fraczinet.cl\/sitio\/#website\",\"url\":\"https:\/\/www.fraczinet.cl\/sitio\/\",\"name\":\"Nuestro Bio B\u00edo\",\"description\":\"Tierra de Encuentros\",\"publisher\":{\"@id\":\"https:\/\/www.fraczinet.cl\/sitio\/#\/schema\/person\/aec8ee4da68df2b9b0eefdad24a0d582\"},\"potentialAction\":[{\"@type\":\"SearchAction\",\"target\":{\"@type\":\"EntryPoint\",\"urlTemplate\":\"https:\/\/www.fraczinet.cl\/sitio\/?s={search_term_string}\"},\"query-input\":{\"@type\":\"PropertyValueSpecification\",\"valueRequired\":true,\"valueName\":\"search_term_string\"}}],\"inLanguage\":\"es\"},{\"@type\":[\"Person\",\"Organization\"],\"@id\":\"https:\/\/www.fraczinet.cl\/sitio\/#\/schema\/person\/aec8ee4da68df2b9b0eefdad24a0d582\",\"name\":\"Luis Fernando Fraczinet\",\"image\":{\"@type\":\"ImageObject\",\"inLanguage\":\"es\",\"@id\":\"https:\/\/www.fraczinet.cl\/sitio\/#\/schema\/person\/image\/\",\"url\":\"https:\/\/www.fraczinet.cl\/sitio\/wp-content\/uploads\/2021\/07\/bannerlogo-1.gif\",\"contentUrl\":\"https:\/\/www.fraczinet.cl\/sitio\/wp-content\/uploads\/2021\/07\/bannerlogo-1.gif\",\"width\":159,\"height\":79,\"caption\":\"Luis Fernando Fraczinet\"},\"logo\":{\"@id\":\"https:\/\/www.fraczinet.cl\/sitio\/#\/schema\/person\/image\/\"},\"sameAs\":[\"https:\/\/www.fraczinet.cl\/sitio\/\"]},{\"@type\":\"Person\",\"@id\":\"https:\/\/www.fraczinet.cl\/sitio\/#\/schema\/person\/bc30f98e9cb10ae7e119dbe14bc93784\",\"name\":\"admin\",\"image\":{\"@type\":\"ImageObject\",\"inLanguage\":\"es\",\"@id\":\"https:\/\/www.fraczinet.cl\/sitio\/#\/schema\/person\/image\/\",\"url\":\"https:\/\/secure.gravatar.com\/avatar\/d5ad3cf7ef3b23a2bb5be73be780c86b2fc8545c3ad6b149f3913ff458c00099?s=96&d=mm&r=g\",\"contentUrl\":\"https:\/\/secure.gravatar.com\/avatar\/d5ad3cf7ef3b23a2bb5be73be780c86b2fc8545c3ad6b149f3913ff458c00099?s=96&d=mm&r=g\",\"caption\":\"admin\"},\"sameAs\":[\"https:\/\/www.fraczinet.cl\/sitio\"]}]}<\/script>\n<!-- \/ Yoast SEO plugin. -->","yoast_head_json":{"title":"Exposici\u00f3n de grabados \u201cEn Busca Del Equilibrio\u201d De Isidora Lobos Valderrama - Nuestro Bio B\u00edo","robots":{"index":"index","follow":"follow","max-snippet":"max-snippet:-1","max-image-preview":"max-image-preview:large","max-video-preview":"max-video-preview:-1"},"canonical":"https:\/\/www.fraczinet.cl\/sitio\/2009\/07\/31\/exposicion-de-grabados-en-busca-del-equilibrio-de-isidora-lobos-valderrama\/","og_locale":"es_ES","og_type":"article","og_title":"Exposici\u00f3n de grabados \u201cEn Busca Del Equilibrio\u201d De Isidora Lobos Valderrama - Nuestro Bio B\u00edo","og_description":"Durante las vacaciones de invierno, el Parque Educativo Jorge Alessandri recibi\u00f3 a m\u00e1s de 4 mil personas, entre adultos y ni\u00f1os, en donde \u00e9stos \u00faltimos participaron muy entusiastas de nuestros talleres realizados en nuestros distintos espacios. Con la llegada de agosto el parque quiere que los menores sigan disfrutando de las actividades, para lo cual [&hellip;]","og_url":"https:\/\/www.fraczinet.cl\/sitio\/2009\/07\/31\/exposicion-de-grabados-en-busca-del-equilibrio-de-isidora-lobos-valderrama\/","og_site_name":"Nuestro Bio B\u00edo","article_published_time":"2009-07-31T11:10:00+00:00","article_modified_time":"2022-10-06T00:34:01+00:00","og_image":[{"width":159,"height":79,"url":"https:\/\/www.fraczinet.cl\/sitio\/wp-content\/uploads\/2021\/07\/bannerlogo-1.gif","type":"image\/gif"}],"author":"admin","twitter_card":"summary_large_image","twitter_creator":"@nuestrobiobio","twitter_site":"@nuestrobiobio","twitter_misc":{"Escrito por":"admin","Tiempo de lectura":"2 minutos"},"schema":{"@context":"https:\/\/schema.org","@graph":[{"@type":"Article","@id":"https:\/\/www.fraczinet.cl\/sitio\/2009\/07\/31\/exposicion-de-grabados-en-busca-del-equilibrio-de-isidora-lobos-valderrama\/#article","isPartOf":{"@id":"https:\/\/www.fraczinet.cl\/sitio\/2009\/07\/31\/exposicion-de-grabados-en-busca-del-equilibrio-de-isidora-lobos-valderrama\/"},"author":{"name":"admin","@id":"https:\/\/www.fraczinet.cl\/sitio\/#\/schema\/person\/bc30f98e9cb10ae7e119dbe14bc93784"},"headline":"Exposici\u00f3n de grabados \u201cEn Busca Del Equilibrio\u201d De Isidora Lobos Valderrama","datePublished":"2009-07-31T11:10:00+00:00","dateModified":"2022-10-06T00:34:01+00:00","mainEntityOfPage":{"@id":"https:\/\/www.fraczinet.cl\/sitio\/2009\/07\/31\/exposicion-de-grabados-en-busca-del-equilibrio-de-isidora-lobos-valderrama\/"},"wordCount":362,"commentCount":0,"publisher":{"@id":"https:\/\/www.fraczinet.cl\/sitio\/#\/schema\/person\/aec8ee4da68df2b9b0eefdad24a0d582"},"articleSection":["Artes Visuales"],"inLanguage":"es","potentialAction":[{"@type":"CommentAction","name":"Comment","target":["https:\/\/www.fraczinet.cl\/sitio\/2009\/07\/31\/exposicion-de-grabados-en-busca-del-equilibrio-de-isidora-lobos-valderrama\/#respond"]}]},{"@type":"WebPage","@id":"https:\/\/www.fraczinet.cl\/sitio\/2009\/07\/31\/exposicion-de-grabados-en-busca-del-equilibrio-de-isidora-lobos-valderrama\/","url":"https:\/\/www.fraczinet.cl\/sitio\/2009\/07\/31\/exposicion-de-grabados-en-busca-del-equilibrio-de-isidora-lobos-valderrama\/","name":"Exposici\u00f3n de grabados \u201cEn Busca Del Equilibrio\u201d De Isidora Lobos Valderrama - Nuestro Bio B\u00edo","isPartOf":{"@id":"https:\/\/www.fraczinet.cl\/sitio\/#website"},"datePublished":"2009-07-31T11:10:00+00:00","dateModified":"2022-10-06T00:34:01+00:00","breadcrumb":{"@id":"https:\/\/www.fraczinet.cl\/sitio\/2009\/07\/31\/exposicion-de-grabados-en-busca-del-equilibrio-de-isidora-lobos-valderrama\/#breadcrumb"},"inLanguage":"es","potentialAction":[{"@type":"ReadAction","target":["https:\/\/www.fraczinet.cl\/sitio\/2009\/07\/31\/exposicion-de-grabados-en-busca-del-equilibrio-de-isidora-lobos-valderrama\/"]}]},{"@type":"BreadcrumbList","@id":"https:\/\/www.fraczinet.cl\/sitio\/2009\/07\/31\/exposicion-de-grabados-en-busca-del-equilibrio-de-isidora-lobos-valderrama\/#breadcrumb","itemListElement":[{"@type":"ListItem","position":1,"name":"Portada","item":"https:\/\/www.fraczinet.cl\/sitio\/"},{"@type":"ListItem","position":2,"name":"Exposici\u00f3n de grabados \u201cEn Busca Del Equilibrio\u201d De Isidora Lobos Valderrama"}]},{"@type":"WebSite","@id":"https:\/\/www.fraczinet.cl\/sitio\/#website","url":"https:\/\/www.fraczinet.cl\/sitio\/","name":"Nuestro Bio B\u00edo","description":"Tierra de Encuentros","publisher":{"@id":"https:\/\/www.fraczinet.cl\/sitio\/#\/schema\/person\/aec8ee4da68df2b9b0eefdad24a0d582"},"potentialAction":[{"@type":"SearchAction","target":{"@type":"EntryPoint","urlTemplate":"https:\/\/www.fraczinet.cl\/sitio\/?s={search_term_string}"},"query-input":{"@type":"PropertyValueSpecification","valueRequired":true,"valueName":"search_term_string"}}],"inLanguage":"es"},{"@type":["Person","Organization"],"@id":"https:\/\/www.fraczinet.cl\/sitio\/#\/schema\/person\/aec8ee4da68df2b9b0eefdad24a0d582","name":"Luis Fernando Fraczinet","image":{"@type":"ImageObject","inLanguage":"es","@id":"https:\/\/www.fraczinet.cl\/sitio\/#\/schema\/person\/image\/","url":"https:\/\/www.fraczinet.cl\/sitio\/wp-content\/uploads\/2021\/07\/bannerlogo-1.gif","contentUrl":"https:\/\/www.fraczinet.cl\/sitio\/wp-content\/uploads\/2021\/07\/bannerlogo-1.gif","width":159,"height":79,"caption":"Luis Fernando Fraczinet"},"logo":{"@id":"https:\/\/www.fraczinet.cl\/sitio\/#\/schema\/person\/image\/"},"sameAs":["https:\/\/www.fraczinet.cl\/sitio\/"]},{"@type":"Person","@id":"https:\/\/www.fraczinet.cl\/sitio\/#\/schema\/person\/bc30f98e9cb10ae7e119dbe14bc93784","name":"admin","image":{"@type":"ImageObject","inLanguage":"es","@id":"https:\/\/www.fraczinet.cl\/sitio\/#\/schema\/person\/image\/","url":"https:\/\/secure.gravatar.com\/avatar\/d5ad3cf7ef3b23a2bb5be73be780c86b2fc8545c3ad6b149f3913ff458c00099?s=96&d=mm&r=g","contentUrl":"https:\/\/secure.gravatar.com\/avatar\/d5ad3cf7ef3b23a2bb5be73be780c86b2fc8545c3ad6b149f3913ff458c00099?s=96&d=mm&r=g","caption":"admin"},"sameAs":["https:\/\/www.fraczinet.cl\/sitio"]}]}},"_links":{"self":[{"href":"https:\/\/www.fraczinet.cl\/sitio\/wp-json\/wp\/v2\/posts\/4801","targetHints":{"allow":["GET"]}}],"collection":[{"href":"https:\/\/www.fraczinet.cl\/sitio\/wp-json\/wp\/v2\/posts"}],"about":[{"href":"https:\/\/www.fraczinet.cl\/sitio\/wp-json\/wp\/v2\/types\/post"}],"author":[{"embeddable":true,"href":"https:\/\/www.fraczinet.cl\/sitio\/wp-json\/wp\/v2\/users\/1"}],"replies":[{"embeddable":true,"href":"https:\/\/www.fraczinet.cl\/sitio\/wp-json\/wp\/v2\/comments?post=4801"}],"version-history":[{"count":1,"href":"https:\/\/www.fraczinet.cl\/sitio\/wp-json\/wp\/v2\/posts\/4801\/revisions"}],"predecessor-version":[{"id":14226,"href":"https:\/\/www.fraczinet.cl\/sitio\/wp-json\/wp\/v2\/posts\/4801\/revisions\/14226"}],"wp:attachment":[{"href":"https:\/\/www.fraczinet.cl\/sitio\/wp-json\/wp\/v2\/media?parent=4801"}],"wp:term":[{"taxonomy":"category","embeddable":true,"href":"https:\/\/www.fraczinet.cl\/sitio\/wp-json\/wp\/v2\/categories?post=4801"},{"taxonomy":"post_tag","embeddable":true,"href":"https:\/\/www.fraczinet.cl\/sitio\/wp-json\/wp\/v2\/tags?post=4801"}],"curies":[{"name":"wp","href":"https:\/\/api.w.org\/{rel}","templated":true}]}}