{"id":4803,"date":"2009-07-29T20:57:00","date_gmt":"2009-07-29T20:57:00","guid":{"rendered":"https:\/\/www.fraczinet.cl\/sitio\/2009\/07\/29\/nahuelqueo-un-hombre-con-caracter-y-city-una-noche-en-el-fin-del-mundo\/"},"modified":"2009-07-29T20:57:00","modified_gmt":"2009-07-29T20:57:00","slug":"nahuelqueo-un-hombre-con-caracter-y-city-una-noche-en-el-fin-del-mundo","status":"publish","type":"post","link":"https:\/\/www.fraczinet.cl\/sitio\/2009\/07\/29\/nahuelqueo-un-hombre-con-caracter-y-city-una-noche-en-el-fin-del-mundo\/","title":{"rendered":"\u00abNahuelqueo un hombre con car\u00e1cter\u00bb y \u00abCity, una noche en el fin del mundo\u00bb"},"content":{"rendered":"<div style=\"text-align: justify;\">Teatro b\u00e1rbaro Presenta Restrospectiva Unipersonal. Leonardo Prieto, Creador del Unipersonal m\u00e1s Notable que haya urgido en nuestro medio.<\/div>\n<div style=\"text-align: justify;\"><\/div>\n<div style=\"text-align: justify;\">El Mercurio Santiago<\/div>\n<div style=\"text-align: justify;\"><\/div>\n<div style=\"text-align: justify;\">\u2026un espect\u00e1culo de un solo hombre de una inventiva prodigiosa.<\/div>\n<div style=\"text-align: justify;\">La cara de Prieto es una m\u00e1scara en constante transformaci\u00f3n; su cuerpo es un monstruo genial y su \u00fanico accesorio funciona como un fabuloso inductor de juego.<\/div>\n<div style=\"text-align: justify;\"><\/div>\n<div style=\"text-align: justify;\">Apoyado por algunas luces, logra evocar m\u00faltiples locaciones y su narraci\u00f3n es extremadamente cinematogr\u00e1fica.<\/div>\n<div style=\"text-align: justify;\">J\u00f6el Cramesnil, Revista Casandre, Par\u00eds, Francia<\/div>\n<div style=\"text-align: justify;\"><\/div>\n<div style=\"text-align: justify;\">Decenas de personajes, m\u00faltiples locaciones, un s\u00f3lo actor, un escenario vac\u00edo, luces y sonido. LEONARDO PRIETO, UN TALENTO PORTENTOSO QUE CREA UNA NUEVA MANERA DE HACER TEATRO<\/div>\n<div style=\"text-align: justify;\"><\/div>\n<div style=\"text-align: justify;\">30 de Julio\/ 20:30 hrs\/ Sala 2<\/div>\n<div style=\"text-align: justify;\">NAHUELQUEO, UN HOMBRE CON CARACTER<\/div>\n<div style=\"text-align: justify;\">El mejor esp\u00e9ctaculo de teatro unipersonal, Teatro B\u00e1rbaro presenta en Concepci\u00f3n la aclamada obra escrita , dirigida y actuada por Lalo Prieto en compa\u00f1\u00eda de el vers\u00e1til Marco Sierra, 23 personajes, un actor y &#8230;Marco&#8230;<\/div>\n<div style=\"text-align: justify;\">Aclamada en Europa y elogiada por la cr\u00edtica nacional, genial, ins\u00f3lita, divertida y llena de car\u00e1cter<\/div>\n<div style=\"text-align: justify;\"><\/div>\n<div style=\"text-align: justify;\">31 de Julio\/ 20:30 hrs\/ Sala 2<\/div>\n<div style=\"text-align: justify;\">CITY UNA NOCHE EN EL FIN DEL MUNDO<\/div>\n<div style=\"text-align: justify;\">En \u201c City\u2026\u201d, creada para un escenario peque\u00f1o, Lalo Prieto hace gala de su tremenda vitalidad e histrionismo. Con un lenguaje realista, raccontos, una estructura cercana al cine, situaciones reconocibles, mucho humor negro, cuenta la noche en que dos amigos, sus parejas, periodistas y polic\u00edas se enfrentan al delirio, los celos, el alcohol, las drogas\u2026<\/div>\n<div style=\"text-align: justify;\"><\/div>\n<div style=\"text-align: justify;\">Es una \u201ctragicomedia terrible\u201d, que encanta al p\u00fablico, tal como encant\u00f3 a la cr\u00edtica. Lalo Prieto, que admira a Arthaud y a Tarantino, se da el lujo de ofrecer diferentes finales.<\/div>\n<div style=\"text-align: justify;\"><\/div>\n<div style=\"text-align: justify;\"><\/div>\n<div style=\"text-align: justify;\">ESTUDIANTES $ 2.000<\/div>\n<div style=\"text-align: justify;\">GENERAL $ 3.000<\/div>\n<div style=\"text-align: justify;\">ABONO 2 D\u00cdAS ESTUDIANTES $ 3.000<\/div>\n<div style=\"text-align: justify;\">ABONO 2 D\u00cdAS GENERAL $ 5.000<\/div>\n","protected":false},"excerpt":{"rendered":"<p>Teatro b\u00e1rbaro Presenta Restrospectiva Unipersonal. Leonardo Prieto, Creador del Unipersonal m\u00e1s Notable que haya urgido en nuestro medio. El Mercurio Santiago \u2026un espect\u00e1culo de un solo hombre de una inventiva prodigiosa. La cara de Prieto es una m\u00e1scara en constante transformaci\u00f3n; su cuerpo es un monstruo genial y su \u00fanico accesorio funciona como un fabuloso [&hellip;]<\/p>\n","protected":false},"author":1,"featured_media":0,"comment_status":"open","ping_status":"open","sticky":false,"template":"","format":"standard","meta":{"footnotes":""},"categories":[127],"tags":[],"class_list":["post-4803","post","type-post","status-publish","format-standard","hentry","category-teatro"],"yoast_head":"<!-- This site is optimized with the Yoast SEO plugin v25.0 - https:\/\/yoast.com\/wordpress\/plugins\/seo\/ -->\n<title>&quot;Nahuelqueo un hombre con car\u00e1cter&quot; y &quot;City, una noche en el fin del mundo&quot; - Nuestro Bio B\u00edo<\/title>\n<meta name=\"robots\" content=\"index, follow, max-snippet:-1, max-image-preview:large, max-video-preview:-1\" \/>\n<link rel=\"canonical\" href=\"https:\/\/www.fraczinet.cl\/sitio\/2009\/07\/29\/nahuelqueo-un-hombre-con-caracter-y-city-una-noche-en-el-fin-del-mundo\/\" \/>\n<meta property=\"og:locale\" content=\"es_ES\" \/>\n<meta property=\"og:type\" content=\"article\" \/>\n<meta property=\"og:title\" content=\"&quot;Nahuelqueo un hombre con car\u00e1cter&quot; y &quot;City, una noche en el fin del mundo&quot; - Nuestro Bio B\u00edo\" \/>\n<meta property=\"og:description\" content=\"Teatro b\u00e1rbaro Presenta Restrospectiva Unipersonal. Leonardo Prieto, Creador del Unipersonal m\u00e1s Notable que haya urgido en nuestro medio. El Mercurio Santiago \u2026un espect\u00e1culo de un solo hombre de una inventiva prodigiosa. La cara de Prieto es una m\u00e1scara en constante transformaci\u00f3n; su cuerpo es un monstruo genial y su \u00fanico accesorio funciona como un fabuloso [&hellip;]\" \/>\n<meta property=\"og:url\" content=\"https:\/\/www.fraczinet.cl\/sitio\/2009\/07\/29\/nahuelqueo-un-hombre-con-caracter-y-city-una-noche-en-el-fin-del-mundo\/\" \/>\n<meta property=\"og:site_name\" content=\"Nuestro Bio B\u00edo\" \/>\n<meta property=\"article:published_time\" content=\"2009-07-29T20:57:00+00:00\" \/>\n<meta property=\"og:image\" content=\"https:\/\/www.fraczinet.cl\/sitio\/wp-content\/uploads\/2021\/07\/bannerlogo-1.gif\" \/>\n\t<meta property=\"og:image:width\" content=\"159\" \/>\n\t<meta property=\"og:image:height\" content=\"79\" \/>\n\t<meta property=\"og:image:type\" content=\"image\/gif\" \/>\n<meta name=\"author\" content=\"admin\" \/>\n<meta name=\"twitter:card\" content=\"summary_large_image\" \/>\n<meta name=\"twitter:creator\" content=\"@nuestrobiobio\" \/>\n<meta name=\"twitter:site\" content=\"@nuestrobiobio\" \/>\n<meta name=\"twitter:label1\" content=\"Escrito por\" \/>\n\t<meta name=\"twitter:data1\" content=\"admin\" \/>\n\t<meta name=\"twitter:label2\" content=\"Tiempo de lectura\" \/>\n\t<meta name=\"twitter:data2\" content=\"1 minuto\" \/>\n<script type=\"application\/ld+json\" class=\"yoast-schema-graph\">{\"@context\":\"https:\/\/schema.org\",\"@graph\":[{\"@type\":\"Article\",\"@id\":\"https:\/\/www.fraczinet.cl\/sitio\/2009\/07\/29\/nahuelqueo-un-hombre-con-caracter-y-city-una-noche-en-el-fin-del-mundo\/#article\",\"isPartOf\":{\"@id\":\"https:\/\/www.fraczinet.cl\/sitio\/2009\/07\/29\/nahuelqueo-un-hombre-con-caracter-y-city-una-noche-en-el-fin-del-mundo\/\"},\"author\":{\"name\":\"admin\",\"@id\":\"https:\/\/www.fraczinet.cl\/sitio\/#\/schema\/person\/bc30f98e9cb10ae7e119dbe14bc93784\"},\"headline\":\"\u00abNahuelqueo un hombre con car\u00e1cter\u00bb y \u00abCity, una noche en el fin del mundo\u00bb\",\"datePublished\":\"2009-07-29T20:57:00+00:00\",\"mainEntityOfPage\":{\"@id\":\"https:\/\/www.fraczinet.cl\/sitio\/2009\/07\/29\/nahuelqueo-un-hombre-con-caracter-y-city-una-noche-en-el-fin-del-mundo\/\"},\"wordCount\":310,\"commentCount\":0,\"publisher\":{\"@id\":\"https:\/\/www.fraczinet.cl\/sitio\/#\/schema\/person\/aec8ee4da68df2b9b0eefdad24a0d582\"},\"articleSection\":[\"Teatro\"],\"inLanguage\":\"es\",\"potentialAction\":[{\"@type\":\"CommentAction\",\"name\":\"Comment\",\"target\":[\"https:\/\/www.fraczinet.cl\/sitio\/2009\/07\/29\/nahuelqueo-un-hombre-con-caracter-y-city-una-noche-en-el-fin-del-mundo\/#respond\"]}]},{\"@type\":\"WebPage\",\"@id\":\"https:\/\/www.fraczinet.cl\/sitio\/2009\/07\/29\/nahuelqueo-un-hombre-con-caracter-y-city-una-noche-en-el-fin-del-mundo\/\",\"url\":\"https:\/\/www.fraczinet.cl\/sitio\/2009\/07\/29\/nahuelqueo-un-hombre-con-caracter-y-city-una-noche-en-el-fin-del-mundo\/\",\"name\":\"\\\"Nahuelqueo un hombre con car\u00e1cter\\\" y \\\"City, una noche en el fin del mundo\\\" - Nuestro Bio B\u00edo\",\"isPartOf\":{\"@id\":\"https:\/\/www.fraczinet.cl\/sitio\/#website\"},\"datePublished\":\"2009-07-29T20:57:00+00:00\",\"breadcrumb\":{\"@id\":\"https:\/\/www.fraczinet.cl\/sitio\/2009\/07\/29\/nahuelqueo-un-hombre-con-caracter-y-city-una-noche-en-el-fin-del-mundo\/#breadcrumb\"},\"inLanguage\":\"es\",\"potentialAction\":[{\"@type\":\"ReadAction\",\"target\":[\"https:\/\/www.fraczinet.cl\/sitio\/2009\/07\/29\/nahuelqueo-un-hombre-con-caracter-y-city-una-noche-en-el-fin-del-mundo\/\"]}]},{\"@type\":\"BreadcrumbList\",\"@id\":\"https:\/\/www.fraczinet.cl\/sitio\/2009\/07\/29\/nahuelqueo-un-hombre-con-caracter-y-city-una-noche-en-el-fin-del-mundo\/#breadcrumb\",\"itemListElement\":[{\"@type\":\"ListItem\",\"position\":1,\"name\":\"Portada\",\"item\":\"https:\/\/www.fraczinet.cl\/sitio\/\"},{\"@type\":\"ListItem\",\"position\":2,\"name\":\"\u00abNahuelqueo un hombre con car\u00e1cter\u00bb y \u00abCity, una noche en el fin del mundo\u00bb\"}]},{\"@type\":\"WebSite\",\"@id\":\"https:\/\/www.fraczinet.cl\/sitio\/#website\",\"url\":\"https:\/\/www.fraczinet.cl\/sitio\/\",\"name\":\"Nuestro Bio B\u00edo\",\"description\":\"Tierra de Encuentros\",\"publisher\":{\"@id\":\"https:\/\/www.fraczinet.cl\/sitio\/#\/schema\/person\/aec8ee4da68df2b9b0eefdad24a0d582\"},\"potentialAction\":[{\"@type\":\"SearchAction\",\"target\":{\"@type\":\"EntryPoint\",\"urlTemplate\":\"https:\/\/www.fraczinet.cl\/sitio\/?s={search_term_string}\"},\"query-input\":{\"@type\":\"PropertyValueSpecification\",\"valueRequired\":true,\"valueName\":\"search_term_string\"}}],\"inLanguage\":\"es\"},{\"@type\":[\"Person\",\"Organization\"],\"@id\":\"https:\/\/www.fraczinet.cl\/sitio\/#\/schema\/person\/aec8ee4da68df2b9b0eefdad24a0d582\",\"name\":\"Luis Fernando Fraczinet\",\"image\":{\"@type\":\"ImageObject\",\"inLanguage\":\"es\",\"@id\":\"https:\/\/www.fraczinet.cl\/sitio\/#\/schema\/person\/image\/\",\"url\":\"https:\/\/www.fraczinet.cl\/sitio\/wp-content\/uploads\/2021\/07\/bannerlogo-1.gif\",\"contentUrl\":\"https:\/\/www.fraczinet.cl\/sitio\/wp-content\/uploads\/2021\/07\/bannerlogo-1.gif\",\"width\":159,\"height\":79,\"caption\":\"Luis Fernando Fraczinet\"},\"logo\":{\"@id\":\"https:\/\/www.fraczinet.cl\/sitio\/#\/schema\/person\/image\/\"},\"sameAs\":[\"https:\/\/www.fraczinet.cl\/sitio\/\"]},{\"@type\":\"Person\",\"@id\":\"https:\/\/www.fraczinet.cl\/sitio\/#\/schema\/person\/bc30f98e9cb10ae7e119dbe14bc93784\",\"name\":\"admin\",\"image\":{\"@type\":\"ImageObject\",\"inLanguage\":\"es\",\"@id\":\"https:\/\/www.fraczinet.cl\/sitio\/#\/schema\/person\/image\/\",\"url\":\"https:\/\/secure.gravatar.com\/avatar\/d5ad3cf7ef3b23a2bb5be73be780c86b2fc8545c3ad6b149f3913ff458c00099?s=96&d=mm&r=g\",\"contentUrl\":\"https:\/\/secure.gravatar.com\/avatar\/d5ad3cf7ef3b23a2bb5be73be780c86b2fc8545c3ad6b149f3913ff458c00099?s=96&d=mm&r=g\",\"caption\":\"admin\"},\"sameAs\":[\"https:\/\/www.fraczinet.cl\/sitio\"]}]}<\/script>\n<!-- \/ Yoast SEO plugin. -->","yoast_head_json":{"title":"\"Nahuelqueo un hombre con car\u00e1cter\" y \"City, una noche en el fin del mundo\" - Nuestro Bio B\u00edo","robots":{"index":"index","follow":"follow","max-snippet":"max-snippet:-1","max-image-preview":"max-image-preview:large","max-video-preview":"max-video-preview:-1"},"canonical":"https:\/\/www.fraczinet.cl\/sitio\/2009\/07\/29\/nahuelqueo-un-hombre-con-caracter-y-city-una-noche-en-el-fin-del-mundo\/","og_locale":"es_ES","og_type":"article","og_title":"\"Nahuelqueo un hombre con car\u00e1cter\" y \"City, una noche en el fin del mundo\" - Nuestro Bio B\u00edo","og_description":"Teatro b\u00e1rbaro Presenta Restrospectiva Unipersonal. Leonardo Prieto, Creador del Unipersonal m\u00e1s Notable que haya urgido en nuestro medio. El Mercurio Santiago \u2026un espect\u00e1culo de un solo hombre de una inventiva prodigiosa. La cara de Prieto es una m\u00e1scara en constante transformaci\u00f3n; su cuerpo es un monstruo genial y su \u00fanico accesorio funciona como un fabuloso [&hellip;]","og_url":"https:\/\/www.fraczinet.cl\/sitio\/2009\/07\/29\/nahuelqueo-un-hombre-con-caracter-y-city-una-noche-en-el-fin-del-mundo\/","og_site_name":"Nuestro Bio B\u00edo","article_published_time":"2009-07-29T20:57:00+00:00","og_image":[{"width":159,"height":79,"url":"https:\/\/www.fraczinet.cl\/sitio\/wp-content\/uploads\/2021\/07\/bannerlogo-1.gif","type":"image\/gif"}],"author":"admin","twitter_card":"summary_large_image","twitter_creator":"@nuestrobiobio","twitter_site":"@nuestrobiobio","twitter_misc":{"Escrito por":"admin","Tiempo de lectura":"1 minuto"},"schema":{"@context":"https:\/\/schema.org","@graph":[{"@type":"Article","@id":"https:\/\/www.fraczinet.cl\/sitio\/2009\/07\/29\/nahuelqueo-un-hombre-con-caracter-y-city-una-noche-en-el-fin-del-mundo\/#article","isPartOf":{"@id":"https:\/\/www.fraczinet.cl\/sitio\/2009\/07\/29\/nahuelqueo-un-hombre-con-caracter-y-city-una-noche-en-el-fin-del-mundo\/"},"author":{"name":"admin","@id":"https:\/\/www.fraczinet.cl\/sitio\/#\/schema\/person\/bc30f98e9cb10ae7e119dbe14bc93784"},"headline":"\u00abNahuelqueo un hombre con car\u00e1cter\u00bb y \u00abCity, una noche en el fin del mundo\u00bb","datePublished":"2009-07-29T20:57:00+00:00","mainEntityOfPage":{"@id":"https:\/\/www.fraczinet.cl\/sitio\/2009\/07\/29\/nahuelqueo-un-hombre-con-caracter-y-city-una-noche-en-el-fin-del-mundo\/"},"wordCount":310,"commentCount":0,"publisher":{"@id":"https:\/\/www.fraczinet.cl\/sitio\/#\/schema\/person\/aec8ee4da68df2b9b0eefdad24a0d582"},"articleSection":["Teatro"],"inLanguage":"es","potentialAction":[{"@type":"CommentAction","name":"Comment","target":["https:\/\/www.fraczinet.cl\/sitio\/2009\/07\/29\/nahuelqueo-un-hombre-con-caracter-y-city-una-noche-en-el-fin-del-mundo\/#respond"]}]},{"@type":"WebPage","@id":"https:\/\/www.fraczinet.cl\/sitio\/2009\/07\/29\/nahuelqueo-un-hombre-con-caracter-y-city-una-noche-en-el-fin-del-mundo\/","url":"https:\/\/www.fraczinet.cl\/sitio\/2009\/07\/29\/nahuelqueo-un-hombre-con-caracter-y-city-una-noche-en-el-fin-del-mundo\/","name":"\"Nahuelqueo un hombre con car\u00e1cter\" y \"City, una noche en el fin del mundo\" - Nuestro Bio B\u00edo","isPartOf":{"@id":"https:\/\/www.fraczinet.cl\/sitio\/#website"},"datePublished":"2009-07-29T20:57:00+00:00","breadcrumb":{"@id":"https:\/\/www.fraczinet.cl\/sitio\/2009\/07\/29\/nahuelqueo-un-hombre-con-caracter-y-city-una-noche-en-el-fin-del-mundo\/#breadcrumb"},"inLanguage":"es","potentialAction":[{"@type":"ReadAction","target":["https:\/\/www.fraczinet.cl\/sitio\/2009\/07\/29\/nahuelqueo-un-hombre-con-caracter-y-city-una-noche-en-el-fin-del-mundo\/"]}]},{"@type":"BreadcrumbList","@id":"https:\/\/www.fraczinet.cl\/sitio\/2009\/07\/29\/nahuelqueo-un-hombre-con-caracter-y-city-una-noche-en-el-fin-del-mundo\/#breadcrumb","itemListElement":[{"@type":"ListItem","position":1,"name":"Portada","item":"https:\/\/www.fraczinet.cl\/sitio\/"},{"@type":"ListItem","position":2,"name":"\u00abNahuelqueo un hombre con car\u00e1cter\u00bb y \u00abCity, una noche en el fin del mundo\u00bb"}]},{"@type":"WebSite","@id":"https:\/\/www.fraczinet.cl\/sitio\/#website","url":"https:\/\/www.fraczinet.cl\/sitio\/","name":"Nuestro Bio B\u00edo","description":"Tierra de Encuentros","publisher":{"@id":"https:\/\/www.fraczinet.cl\/sitio\/#\/schema\/person\/aec8ee4da68df2b9b0eefdad24a0d582"},"potentialAction":[{"@type":"SearchAction","target":{"@type":"EntryPoint","urlTemplate":"https:\/\/www.fraczinet.cl\/sitio\/?s={search_term_string}"},"query-input":{"@type":"PropertyValueSpecification","valueRequired":true,"valueName":"search_term_string"}}],"inLanguage":"es"},{"@type":["Person","Organization"],"@id":"https:\/\/www.fraczinet.cl\/sitio\/#\/schema\/person\/aec8ee4da68df2b9b0eefdad24a0d582","name":"Luis Fernando Fraczinet","image":{"@type":"ImageObject","inLanguage":"es","@id":"https:\/\/www.fraczinet.cl\/sitio\/#\/schema\/person\/image\/","url":"https:\/\/www.fraczinet.cl\/sitio\/wp-content\/uploads\/2021\/07\/bannerlogo-1.gif","contentUrl":"https:\/\/www.fraczinet.cl\/sitio\/wp-content\/uploads\/2021\/07\/bannerlogo-1.gif","width":159,"height":79,"caption":"Luis Fernando Fraczinet"},"logo":{"@id":"https:\/\/www.fraczinet.cl\/sitio\/#\/schema\/person\/image\/"},"sameAs":["https:\/\/www.fraczinet.cl\/sitio\/"]},{"@type":"Person","@id":"https:\/\/www.fraczinet.cl\/sitio\/#\/schema\/person\/bc30f98e9cb10ae7e119dbe14bc93784","name":"admin","image":{"@type":"ImageObject","inLanguage":"es","@id":"https:\/\/www.fraczinet.cl\/sitio\/#\/schema\/person\/image\/","url":"https:\/\/secure.gravatar.com\/avatar\/d5ad3cf7ef3b23a2bb5be73be780c86b2fc8545c3ad6b149f3913ff458c00099?s=96&d=mm&r=g","contentUrl":"https:\/\/secure.gravatar.com\/avatar\/d5ad3cf7ef3b23a2bb5be73be780c86b2fc8545c3ad6b149f3913ff458c00099?s=96&d=mm&r=g","caption":"admin"},"sameAs":["https:\/\/www.fraczinet.cl\/sitio"]}]}},"_links":{"self":[{"href":"https:\/\/www.fraczinet.cl\/sitio\/wp-json\/wp\/v2\/posts\/4803","targetHints":{"allow":["GET"]}}],"collection":[{"href":"https:\/\/www.fraczinet.cl\/sitio\/wp-json\/wp\/v2\/posts"}],"about":[{"href":"https:\/\/www.fraczinet.cl\/sitio\/wp-json\/wp\/v2\/types\/post"}],"author":[{"embeddable":true,"href":"https:\/\/www.fraczinet.cl\/sitio\/wp-json\/wp\/v2\/users\/1"}],"replies":[{"embeddable":true,"href":"https:\/\/www.fraczinet.cl\/sitio\/wp-json\/wp\/v2\/comments?post=4803"}],"version-history":[{"count":0,"href":"https:\/\/www.fraczinet.cl\/sitio\/wp-json\/wp\/v2\/posts\/4803\/revisions"}],"wp:attachment":[{"href":"https:\/\/www.fraczinet.cl\/sitio\/wp-json\/wp\/v2\/media?parent=4803"}],"wp:term":[{"taxonomy":"category","embeddable":true,"href":"https:\/\/www.fraczinet.cl\/sitio\/wp-json\/wp\/v2\/categories?post=4803"},{"taxonomy":"post_tag","embeddable":true,"href":"https:\/\/www.fraczinet.cl\/sitio\/wp-json\/wp\/v2\/tags?post=4803"}],"curies":[{"name":"wp","href":"https:\/\/api.w.org\/{rel}","templated":true}]}}