{"id":4809,"date":"2009-07-28T20:49:00","date_gmt":"2009-07-28T20:49:00","guid":{"rendered":"https:\/\/www.fraczinet.cl\/sitio\/2009\/07\/28\/matriculas-abiertas-para-diplomado-de-teatro-espontaneo\/"},"modified":"2009-07-28T20:49:00","modified_gmt":"2009-07-28T20:49:00","slug":"matriculas-abiertas-para-diplomado-de-teatro-espontaneo","status":"publish","type":"post","link":"https:\/\/www.fraczinet.cl\/sitio\/2009\/07\/28\/matriculas-abiertas-para-diplomado-de-teatro-espontaneo\/","title":{"rendered":"Matr\u00edculas Abiertas Para Diplomado De Teatro Espont\u00e1neo"},"content":{"rendered":"<div style=\"text-align: justify;\"><a href=\"http:\/\/1.bp.blogspot.com\/_2S_RxGRVjis\/Sm9ll7M47vI\/AAAAAAAALdk\/rq9Ow-3DOOc\/s1600-h\/Afiche_diplomado.jpg\" style=\"clear: left; float: left; margin-bottom: 1em; margin-right: 1em;\"><img decoding=\"async\" alt=\"\" border=\"0\" id=\"BLOGGER_PHOTO_ID_5363617383442870002\" src=\"https:\/\/1.bp.blogspot.com\/_2S_RxGRVjis\/Sm9ll7M47vI\/AAAAAAAALdk\/rq9Ow-3DOOc\/s400\/Afiche_diplomado.jpg\" style=\"height: 283px; width: 400px;\" \/><\/a>Les recordamos que ya estamos en la fechas finales para matricular y comenzar con el Diplomado de Teatro Espont\u00e1neo a realizarse en Concepci\u00f3n a partir del 8 de Agosto. Dado lo anterior se ha ampliado el horario de atenci\u00f3n, quedando de la siguiente manera:<\/div>\n<div style=\"text-align: justify;\"><\/div>\n<div style=\"text-align: justify;\">Lunes: Desde las 16 hasta las 20 horas.<\/div>\n<div style=\"text-align: justify;\">Martes : Desde las 10 hasta las 14:00 horas.<\/div>\n<div style=\"text-align: justify;\">Mi\u00e9rcoles : Desde las 16 hasta las 20 horas.<\/div>\n<div style=\"text-align: justify;\">Jueves: Desde las 16 hasta las 20 horas.<\/div>\n<div style=\"text-align: justify;\">Viernes: Desde las 16 hasta las 20 horas.<\/div>\n<div style=\"text-align: justify;\">S\u00e1bado: Desde las 10 hasta las 14 horas.<\/div>\n<div style=\"text-align: justify;\"><\/div>\n<div style=\"text-align: justify;\">El horario de atenci\u00f3n se realizar\u00e1 en Universidad La Rep\u00fablica de Concepcion, ubicada en Orompello 235, cerca de la diagonal Pedro Aguirre Cerda.<\/div>\n<div style=\"text-align: justify;\"><\/div>\n<div style=\"text-align: justify;\">Les recordamos que este Diplomado sera impartido en Universidad La Rep\u00fablica de Concepci\u00f3n por La Compa\u00f1\u00eda de Teatro Espont\u00e1neo Transhumantes de Santiago, en horario intensivo dos sabados al mes. <\/div>\n<div style=\"text-align: justify;\"><\/div>\n<div style=\"text-align: justify;\">M\u00e1s informaci\u00f3n consultar a:<\/div>\n<div style=\"text-align: justify;\"><\/div>\n<div style=\"text-align: justify;\">Email: diplomadoconce@gmail.com<\/div>\n<div style=\"text-align: justify;\">Concepci\u00f3n Cel: 97148151; Red Fija 2465442.<\/div>\n<div style=\"text-align: justify;\">Los \u00c1ngeles Cel: 91304437<\/div>\n<div style=\"text-align: justify;\"><\/div>\n<div style=\"text-align: justify;\"><\/div>\n<div style=\"text-align: justify;\"><\/div>\n<div style=\"text-align: justify;\"><span style=\"font-weight: bold;\">Diplomado en Teatro Espont\u00e1neo con enfoque Socio-comunitario<\/span><\/div>\n<div style=\"text-align: justify;\"><\/div>\n<div style=\"text-align: justify;\">\u00abEl Teatro Espont\u00e1neo como medio de Transformaci\u00f3n Social\u00bb <\/div>\n<div style=\"text-align: justify;\"><\/div>\n<div style=\"text-align: justify;\">El Teatro Espont\u00e1neo fue desarrollado por el m\u00e9dico Jacobo Levy Moreno en Viena, a comienzos del siglo XX. A partir de su propuesta de crear un nuevo tipo de teatro, donde el actor escenificara su propia historia y no la de personajes ficticios, surge una modalidad teatral con un enorme potencial transformador de los individuos y de la sociedad a la que \u00e9ste pertenece. <\/div>\n<div style=\"text-align: justify;\"><\/div>\n<div style=\"text-align: justify;\">\u201cEl Teatro Espont\u00e1neo introduce en el pensamiento psicol\u00f3gico una nueva forma de encarar el comportamiento humano. En primer lugar, porque se propone investigarlo a trav\u00e9s de la creaci\u00f3n art\u00edstica. La representaci\u00f3n de la vida en el escenario, actuada por los propios autores del relato, permite revelar los aspectos m\u00e1s importantes del aqu\u00ed y ahora concreto, de personas concretas. Como ciencia, establece un nuevo objeto de estudio, diferente de los que se ocupan, respectivamente, tanto la psicolog\u00eda como la sociolog\u00eda. En la tentativa de comprender al hombre, privilegia la intersecci\u00f3n entre lo individual y lo colectivo.\u201d(Moys\u00e9s Aguiar, Teatro Espont\u00e1neo y Psicodrama, Edit. Agora, 1998, Brasil).<\/div>\n<div style=\"text-align: justify;\"><\/div>\n<div style=\"text-align: justify;\">El Teatro Espont\u00e1neo provee de amplias herramientas creativas que pueden ser aplicadas de manera transversal, en los \u00e1mbitos de la intervenci\u00f3n socio-comunitaria, la educaci\u00f3n, el auto-cuidado, la promoci\u00f3n en Salud, el desarrollo humano en el contexto institucional y la aplicaci\u00f3n del arte como herramienta de transformaci\u00f3n socio-cultural.<\/div>\n<div style=\"text-align: justify;\"><span style=\"font-weight: bold;\"><br \/>Objetivo General del Diplomado<\/span><\/div>\n<div style=\"text-align: justify;\"><\/div>\n<div style=\"text-align: justify;\">Construir con los participantes procesos de aprendizaje te\u00f3rico-pr\u00e1cticos de y desde el Teatro Espont\u00e1neo, en su relaci\u00f3n con la comunidad, la educaci\u00f3n, el arte y la salud.  <\/div>\n<div style=\"text-align: justify;\">Objetivos Generales por \u00c1rea de Estudio<\/div>\n<div style=\"text-align: justify;\"><\/div>\n<div style=\"text-align: justify;\">\u2022 \u00c1rea Socio-Comunitaria<\/div>\n<div style=\"text-align: justify;\">Generar una mirada articuladora desde el Teatro Espont\u00e1neo de la relaci\u00f3n socio-comunitaria como una construcci\u00f3n de sentido.<\/div>\n<div style=\"text-align: justify;\">\u2022 \u00c1rea Educaci\u00f3n<\/div>\n<div style=\"text-align: justify;\">Comprender las condiciones de la construcci\u00f3n del sujeto social mediante los aportes socio-dram\u00e1ticos y axio-dram\u00e1ticos.<\/div>\n<div style=\"text-align: justify;\">\u2022 \u00c1rea Arte-Est\u00e9tica<\/div>\n<div style=\"text-align: justify;\">Descubrir los fundamentos \u00e9ticos &#8211; est\u00e9ticos de la creaci\u00f3n colectiva desde el Teatro Espont\u00e1neo.<\/div>\n<div style=\"text-align: justify;\">\u2022 \u00c1rea Promoci\u00f3n de Salud<\/div>\n<div style=\"text-align: justify;\">Co-construir una mirada de la dimensi\u00f3n promotora de la salud del Teatro Espont\u00e1neo.<\/div>\n<div style=\"text-align: justify;\"><\/div>\n<div style=\"text-align: justify;\"><span style=\"font-weight: bold;\">Objetivos generales por M\u00f3dulos<\/span><\/div>\n<div style=\"text-align: justify;\"><\/div>\n<div style=\"text-align: justify;\">\u2022 M\u00f3dulo de inclusi\u00f3n o integraci\u00f3n<\/div>\n<div style=\"text-align: justify;\">Facilitar el reconocimiento de la comunidad mediante el trabajo axio-dram\u00e1tico como espacio \u00e9tico y est\u00e9tico de sanaci\u00f3n y cultura.<\/div>\n<div style=\"text-align: justify;\">\u2022 M\u00f3dulo de confrontaci\u00f3n o acci\u00f3n y desarrollo<\/div>\n<div style=\"text-align: justify;\">Indagaci\u00f3n metodol\u00f3gica que instala el conflicto como posibilidad clave del desarrollo creativo y promotor de salud.<\/div>\n<div style=\"text-align: justify;\">\u2022 M\u00f3dulo de afecto o realizaci\u00f3n y cierre<\/div>\n<div style=\"text-align: justify;\">Visualizar y re-potenciar el rito como acci\u00f3n transformadora de la comunidad. <\/div>\n<div style=\"text-align: justify;\"><\/div>\n<div style=\"text-align: justify;\"><span style=\"font-weight: bold;\">Objetivos Espec\u00edficos<\/span><\/div>\n<div style=\"text-align: justify;\"><\/div>\n<div style=\"text-align: justify;\">1.- Desarrollar la capacidad de obtener una visi\u00f3n critica de la comunidad mediante las t\u00e9cnicas del Teatro Espont\u00e1neo, generando multiplicidad de sentidos.<\/div>\n<div style=\"text-align: justify;\">2.- Desarrollar la capacidad de generaci\u00f3n de conocimientos por parte de la comunidad.<\/div>\n<div style=\"text-align: justify;\">3.- Potenciar la mirada intersubjetiva en la construcci\u00f3n de sujeto social.<\/div>\n<div style=\"text-align: justify;\">4.- Explorar la relaci\u00f3n entre acci\u00f3n comunitaria y expresi\u00f3n art\u00edstica.<\/div>\n<div style=\"text-align: justify;\">6.- Desarrollar la capacidad de generaci\u00f3n de cultura por parte de la comunidad.<\/div>\n<div style=\"text-align: justify;\">7.- Desarrollar la capacidad promotora de salud de las comunidades.<\/div>\n<div style=\"text-align: justify;\">8.- Explorar las potencialidades del Teatro Espont\u00e1neo de promoci\u00f3n de salud.<\/div>\n<div style=\"text-align: justify;\">9.- Visualizar las caracter\u00edsticas de la aplicaci\u00f3n Psico-dram\u00e1tica del Teatro Espont\u00e1neo.<\/div>\n","protected":false},"excerpt":{"rendered":"<p>Les recordamos que ya estamos en la fechas finales para matricular y comenzar con el Diplomado de Teatro Espont\u00e1neo a realizarse en Concepci\u00f3n a partir del 8 de Agosto. Dado lo anterior se ha ampliado el horario de atenci\u00f3n, quedando de la siguiente manera: Lunes: Desde las 16 hasta las 20 horas. Martes : Desde [&hellip;]<\/p>\n","protected":false},"author":1,"featured_media":0,"comment_status":"open","ping_status":"open","sticky":false,"template":"","format":"standard","meta":{"footnotes":""},"categories":[127],"tags":[],"class_list":["post-4809","post","type-post","status-publish","format-standard","hentry","category-teatro"],"yoast_head":"<!-- This site is optimized with the Yoast SEO plugin v25.0 - https:\/\/yoast.com\/wordpress\/plugins\/seo\/ -->\n<title>Matr\u00edculas Abiertas Para Diplomado De Teatro Espont\u00e1neo - Nuestro Bio B\u00edo<\/title>\n<meta name=\"robots\" content=\"index, follow, max-snippet:-1, max-image-preview:large, max-video-preview:-1\" \/>\n<link rel=\"canonical\" href=\"https:\/\/www.fraczinet.cl\/sitio\/2009\/07\/28\/matriculas-abiertas-para-diplomado-de-teatro-espontaneo\/\" \/>\n<meta property=\"og:locale\" content=\"es_ES\" \/>\n<meta property=\"og:type\" content=\"article\" \/>\n<meta property=\"og:title\" content=\"Matr\u00edculas Abiertas Para Diplomado De Teatro Espont\u00e1neo - Nuestro Bio B\u00edo\" \/>\n<meta property=\"og:description\" content=\"Les recordamos que ya estamos en la fechas finales para matricular y comenzar con el Diplomado de Teatro Espont\u00e1neo a realizarse en Concepci\u00f3n a partir del 8 de Agosto. Dado lo anterior se ha ampliado el horario de atenci\u00f3n, quedando de la siguiente manera: Lunes: Desde las 16 hasta las 20 horas. Martes : Desde [&hellip;]\" \/>\n<meta property=\"og:url\" content=\"https:\/\/www.fraczinet.cl\/sitio\/2009\/07\/28\/matriculas-abiertas-para-diplomado-de-teatro-espontaneo\/\" \/>\n<meta property=\"og:site_name\" content=\"Nuestro Bio B\u00edo\" \/>\n<meta property=\"article:published_time\" content=\"2009-07-28T20:49:00+00:00\" \/>\n<meta property=\"og:image\" content=\"https:\/\/1.bp.blogspot.com\/_2S_RxGRVjis\/Sm9ll7M47vI\/AAAAAAAALdk\/rq9Ow-3DOOc\/s400\/Afiche_diplomado.jpg\" \/>\n<meta name=\"author\" content=\"admin\" \/>\n<meta name=\"twitter:card\" content=\"summary_large_image\" \/>\n<meta name=\"twitter:creator\" content=\"@nuestrobiobio\" \/>\n<meta name=\"twitter:site\" content=\"@nuestrobiobio\" \/>\n<meta name=\"twitter:label1\" content=\"Escrito por\" \/>\n\t<meta name=\"twitter:data1\" content=\"admin\" \/>\n\t<meta name=\"twitter:label2\" content=\"Tiempo de lectura\" \/>\n\t<meta name=\"twitter:data2\" content=\"4 minutos\" \/>\n<script type=\"application\/ld+json\" class=\"yoast-schema-graph\">{\"@context\":\"https:\/\/schema.org\",\"@graph\":[{\"@type\":\"Article\",\"@id\":\"https:\/\/www.fraczinet.cl\/sitio\/2009\/07\/28\/matriculas-abiertas-para-diplomado-de-teatro-espontaneo\/#article\",\"isPartOf\":{\"@id\":\"https:\/\/www.fraczinet.cl\/sitio\/2009\/07\/28\/matriculas-abiertas-para-diplomado-de-teatro-espontaneo\/\"},\"author\":{\"name\":\"admin\",\"@id\":\"https:\/\/www.fraczinet.cl\/sitio\/#\/schema\/person\/bc30f98e9cb10ae7e119dbe14bc93784\"},\"headline\":\"Matr\u00edculas Abiertas Para Diplomado De Teatro Espont\u00e1neo\",\"datePublished\":\"2009-07-28T20:49:00+00:00\",\"mainEntityOfPage\":{\"@id\":\"https:\/\/www.fraczinet.cl\/sitio\/2009\/07\/28\/matriculas-abiertas-para-diplomado-de-teatro-espontaneo\/\"},\"wordCount\":750,\"commentCount\":0,\"publisher\":{\"@id\":\"https:\/\/www.fraczinet.cl\/sitio\/#\/schema\/person\/aec8ee4da68df2b9b0eefdad24a0d582\"},\"image\":{\"@id\":\"https:\/\/www.fraczinet.cl\/sitio\/2009\/07\/28\/matriculas-abiertas-para-diplomado-de-teatro-espontaneo\/#primaryimage\"},\"thumbnailUrl\":\"https:\/\/1.bp.blogspot.com\/_2S_RxGRVjis\/Sm9ll7M47vI\/AAAAAAAALdk\/rq9Ow-3DOOc\/s400\/Afiche_diplomado.jpg\",\"articleSection\":[\"Teatro\"],\"inLanguage\":\"es\",\"potentialAction\":[{\"@type\":\"CommentAction\",\"name\":\"Comment\",\"target\":[\"https:\/\/www.fraczinet.cl\/sitio\/2009\/07\/28\/matriculas-abiertas-para-diplomado-de-teatro-espontaneo\/#respond\"]}]},{\"@type\":\"WebPage\",\"@id\":\"https:\/\/www.fraczinet.cl\/sitio\/2009\/07\/28\/matriculas-abiertas-para-diplomado-de-teatro-espontaneo\/\",\"url\":\"https:\/\/www.fraczinet.cl\/sitio\/2009\/07\/28\/matriculas-abiertas-para-diplomado-de-teatro-espontaneo\/\",\"name\":\"Matr\u00edculas Abiertas Para Diplomado De Teatro Espont\u00e1neo - Nuestro Bio B\u00edo\",\"isPartOf\":{\"@id\":\"https:\/\/www.fraczinet.cl\/sitio\/#website\"},\"primaryImageOfPage\":{\"@id\":\"https:\/\/www.fraczinet.cl\/sitio\/2009\/07\/28\/matriculas-abiertas-para-diplomado-de-teatro-espontaneo\/#primaryimage\"},\"image\":{\"@id\":\"https:\/\/www.fraczinet.cl\/sitio\/2009\/07\/28\/matriculas-abiertas-para-diplomado-de-teatro-espontaneo\/#primaryimage\"},\"thumbnailUrl\":\"https:\/\/1.bp.blogspot.com\/_2S_RxGRVjis\/Sm9ll7M47vI\/AAAAAAAALdk\/rq9Ow-3DOOc\/s400\/Afiche_diplomado.jpg\",\"datePublished\":\"2009-07-28T20:49:00+00:00\",\"breadcrumb\":{\"@id\":\"https:\/\/www.fraczinet.cl\/sitio\/2009\/07\/28\/matriculas-abiertas-para-diplomado-de-teatro-espontaneo\/#breadcrumb\"},\"inLanguage\":\"es\",\"potentialAction\":[{\"@type\":\"ReadAction\",\"target\":[\"https:\/\/www.fraczinet.cl\/sitio\/2009\/07\/28\/matriculas-abiertas-para-diplomado-de-teatro-espontaneo\/\"]}]},{\"@type\":\"ImageObject\",\"inLanguage\":\"es\",\"@id\":\"https:\/\/www.fraczinet.cl\/sitio\/2009\/07\/28\/matriculas-abiertas-para-diplomado-de-teatro-espontaneo\/#primaryimage\",\"url\":\"https:\/\/1.bp.blogspot.com\/_2S_RxGRVjis\/Sm9ll7M47vI\/AAAAAAAALdk\/rq9Ow-3DOOc\/s400\/Afiche_diplomado.jpg\",\"contentUrl\":\"https:\/\/1.bp.blogspot.com\/_2S_RxGRVjis\/Sm9ll7M47vI\/AAAAAAAALdk\/rq9Ow-3DOOc\/s400\/Afiche_diplomado.jpg\"},{\"@type\":\"BreadcrumbList\",\"@id\":\"https:\/\/www.fraczinet.cl\/sitio\/2009\/07\/28\/matriculas-abiertas-para-diplomado-de-teatro-espontaneo\/#breadcrumb\",\"itemListElement\":[{\"@type\":\"ListItem\",\"position\":1,\"name\":\"Portada\",\"item\":\"https:\/\/www.fraczinet.cl\/sitio\/\"},{\"@type\":\"ListItem\",\"position\":2,\"name\":\"Matr\u00edculas Abiertas Para Diplomado De Teatro Espont\u00e1neo\"}]},{\"@type\":\"WebSite\",\"@id\":\"https:\/\/www.fraczinet.cl\/sitio\/#website\",\"url\":\"https:\/\/www.fraczinet.cl\/sitio\/\",\"name\":\"Nuestro Bio B\u00edo\",\"description\":\"Tierra de Encuentros\",\"publisher\":{\"@id\":\"https:\/\/www.fraczinet.cl\/sitio\/#\/schema\/person\/aec8ee4da68df2b9b0eefdad24a0d582\"},\"potentialAction\":[{\"@type\":\"SearchAction\",\"target\":{\"@type\":\"EntryPoint\",\"urlTemplate\":\"https:\/\/www.fraczinet.cl\/sitio\/?s={search_term_string}\"},\"query-input\":{\"@type\":\"PropertyValueSpecification\",\"valueRequired\":true,\"valueName\":\"search_term_string\"}}],\"inLanguage\":\"es\"},{\"@type\":[\"Person\",\"Organization\"],\"@id\":\"https:\/\/www.fraczinet.cl\/sitio\/#\/schema\/person\/aec8ee4da68df2b9b0eefdad24a0d582\",\"name\":\"Luis Fernando Fraczinet\",\"image\":{\"@type\":\"ImageObject\",\"inLanguage\":\"es\",\"@id\":\"https:\/\/www.fraczinet.cl\/sitio\/#\/schema\/person\/image\/\",\"url\":\"https:\/\/www.fraczinet.cl\/sitio\/wp-content\/uploads\/2021\/07\/bannerlogo-1.gif\",\"contentUrl\":\"https:\/\/www.fraczinet.cl\/sitio\/wp-content\/uploads\/2021\/07\/bannerlogo-1.gif\",\"width\":159,\"height\":79,\"caption\":\"Luis Fernando Fraczinet\"},\"logo\":{\"@id\":\"https:\/\/www.fraczinet.cl\/sitio\/#\/schema\/person\/image\/\"},\"sameAs\":[\"https:\/\/www.fraczinet.cl\/sitio\/\"]},{\"@type\":\"Person\",\"@id\":\"https:\/\/www.fraczinet.cl\/sitio\/#\/schema\/person\/bc30f98e9cb10ae7e119dbe14bc93784\",\"name\":\"admin\",\"image\":{\"@type\":\"ImageObject\",\"inLanguage\":\"es\",\"@id\":\"https:\/\/www.fraczinet.cl\/sitio\/#\/schema\/person\/image\/\",\"url\":\"https:\/\/secure.gravatar.com\/avatar\/d5ad3cf7ef3b23a2bb5be73be780c86b2fc8545c3ad6b149f3913ff458c00099?s=96&d=mm&r=g\",\"contentUrl\":\"https:\/\/secure.gravatar.com\/avatar\/d5ad3cf7ef3b23a2bb5be73be780c86b2fc8545c3ad6b149f3913ff458c00099?s=96&d=mm&r=g\",\"caption\":\"admin\"},\"sameAs\":[\"https:\/\/www.fraczinet.cl\/sitio\"]}]}<\/script>\n<!-- \/ Yoast SEO plugin. -->","yoast_head_json":{"title":"Matr\u00edculas Abiertas Para Diplomado De Teatro Espont\u00e1neo - Nuestro Bio B\u00edo","robots":{"index":"index","follow":"follow","max-snippet":"max-snippet:-1","max-image-preview":"max-image-preview:large","max-video-preview":"max-video-preview:-1"},"canonical":"https:\/\/www.fraczinet.cl\/sitio\/2009\/07\/28\/matriculas-abiertas-para-diplomado-de-teatro-espontaneo\/","og_locale":"es_ES","og_type":"article","og_title":"Matr\u00edculas Abiertas Para Diplomado De Teatro Espont\u00e1neo - Nuestro Bio B\u00edo","og_description":"Les recordamos que ya estamos en la fechas finales para matricular y comenzar con el Diplomado de Teatro Espont\u00e1neo a realizarse en Concepci\u00f3n a partir del 8 de Agosto. Dado lo anterior se ha ampliado el horario de atenci\u00f3n, quedando de la siguiente manera: Lunes: Desde las 16 hasta las 20 horas. Martes : Desde [&hellip;]","og_url":"https:\/\/www.fraczinet.cl\/sitio\/2009\/07\/28\/matriculas-abiertas-para-diplomado-de-teatro-espontaneo\/","og_site_name":"Nuestro Bio B\u00edo","article_published_time":"2009-07-28T20:49:00+00:00","og_image":[{"url":"https:\/\/1.bp.blogspot.com\/_2S_RxGRVjis\/Sm9ll7M47vI\/AAAAAAAALdk\/rq9Ow-3DOOc\/s400\/Afiche_diplomado.jpg","type":"","width":"","height":""}],"author":"admin","twitter_card":"summary_large_image","twitter_creator":"@nuestrobiobio","twitter_site":"@nuestrobiobio","twitter_misc":{"Escrito por":"admin","Tiempo de lectura":"4 minutos"},"schema":{"@context":"https:\/\/schema.org","@graph":[{"@type":"Article","@id":"https:\/\/www.fraczinet.cl\/sitio\/2009\/07\/28\/matriculas-abiertas-para-diplomado-de-teatro-espontaneo\/#article","isPartOf":{"@id":"https:\/\/www.fraczinet.cl\/sitio\/2009\/07\/28\/matriculas-abiertas-para-diplomado-de-teatro-espontaneo\/"},"author":{"name":"admin","@id":"https:\/\/www.fraczinet.cl\/sitio\/#\/schema\/person\/bc30f98e9cb10ae7e119dbe14bc93784"},"headline":"Matr\u00edculas Abiertas Para Diplomado De Teatro Espont\u00e1neo","datePublished":"2009-07-28T20:49:00+00:00","mainEntityOfPage":{"@id":"https:\/\/www.fraczinet.cl\/sitio\/2009\/07\/28\/matriculas-abiertas-para-diplomado-de-teatro-espontaneo\/"},"wordCount":750,"commentCount":0,"publisher":{"@id":"https:\/\/www.fraczinet.cl\/sitio\/#\/schema\/person\/aec8ee4da68df2b9b0eefdad24a0d582"},"image":{"@id":"https:\/\/www.fraczinet.cl\/sitio\/2009\/07\/28\/matriculas-abiertas-para-diplomado-de-teatro-espontaneo\/#primaryimage"},"thumbnailUrl":"https:\/\/1.bp.blogspot.com\/_2S_RxGRVjis\/Sm9ll7M47vI\/AAAAAAAALdk\/rq9Ow-3DOOc\/s400\/Afiche_diplomado.jpg","articleSection":["Teatro"],"inLanguage":"es","potentialAction":[{"@type":"CommentAction","name":"Comment","target":["https:\/\/www.fraczinet.cl\/sitio\/2009\/07\/28\/matriculas-abiertas-para-diplomado-de-teatro-espontaneo\/#respond"]}]},{"@type":"WebPage","@id":"https:\/\/www.fraczinet.cl\/sitio\/2009\/07\/28\/matriculas-abiertas-para-diplomado-de-teatro-espontaneo\/","url":"https:\/\/www.fraczinet.cl\/sitio\/2009\/07\/28\/matriculas-abiertas-para-diplomado-de-teatro-espontaneo\/","name":"Matr\u00edculas Abiertas Para Diplomado De Teatro Espont\u00e1neo - Nuestro Bio B\u00edo","isPartOf":{"@id":"https:\/\/www.fraczinet.cl\/sitio\/#website"},"primaryImageOfPage":{"@id":"https:\/\/www.fraczinet.cl\/sitio\/2009\/07\/28\/matriculas-abiertas-para-diplomado-de-teatro-espontaneo\/#primaryimage"},"image":{"@id":"https:\/\/www.fraczinet.cl\/sitio\/2009\/07\/28\/matriculas-abiertas-para-diplomado-de-teatro-espontaneo\/#primaryimage"},"thumbnailUrl":"https:\/\/1.bp.blogspot.com\/_2S_RxGRVjis\/Sm9ll7M47vI\/AAAAAAAALdk\/rq9Ow-3DOOc\/s400\/Afiche_diplomado.jpg","datePublished":"2009-07-28T20:49:00+00:00","breadcrumb":{"@id":"https:\/\/www.fraczinet.cl\/sitio\/2009\/07\/28\/matriculas-abiertas-para-diplomado-de-teatro-espontaneo\/#breadcrumb"},"inLanguage":"es","potentialAction":[{"@type":"ReadAction","target":["https:\/\/www.fraczinet.cl\/sitio\/2009\/07\/28\/matriculas-abiertas-para-diplomado-de-teatro-espontaneo\/"]}]},{"@type":"ImageObject","inLanguage":"es","@id":"https:\/\/www.fraczinet.cl\/sitio\/2009\/07\/28\/matriculas-abiertas-para-diplomado-de-teatro-espontaneo\/#primaryimage","url":"https:\/\/1.bp.blogspot.com\/_2S_RxGRVjis\/Sm9ll7M47vI\/AAAAAAAALdk\/rq9Ow-3DOOc\/s400\/Afiche_diplomado.jpg","contentUrl":"https:\/\/1.bp.blogspot.com\/_2S_RxGRVjis\/Sm9ll7M47vI\/AAAAAAAALdk\/rq9Ow-3DOOc\/s400\/Afiche_diplomado.jpg"},{"@type":"BreadcrumbList","@id":"https:\/\/www.fraczinet.cl\/sitio\/2009\/07\/28\/matriculas-abiertas-para-diplomado-de-teatro-espontaneo\/#breadcrumb","itemListElement":[{"@type":"ListItem","position":1,"name":"Portada","item":"https:\/\/www.fraczinet.cl\/sitio\/"},{"@type":"ListItem","position":2,"name":"Matr\u00edculas Abiertas Para Diplomado De Teatro Espont\u00e1neo"}]},{"@type":"WebSite","@id":"https:\/\/www.fraczinet.cl\/sitio\/#website","url":"https:\/\/www.fraczinet.cl\/sitio\/","name":"Nuestro Bio B\u00edo","description":"Tierra de Encuentros","publisher":{"@id":"https:\/\/www.fraczinet.cl\/sitio\/#\/schema\/person\/aec8ee4da68df2b9b0eefdad24a0d582"},"potentialAction":[{"@type":"SearchAction","target":{"@type":"EntryPoint","urlTemplate":"https:\/\/www.fraczinet.cl\/sitio\/?s={search_term_string}"},"query-input":{"@type":"PropertyValueSpecification","valueRequired":true,"valueName":"search_term_string"}}],"inLanguage":"es"},{"@type":["Person","Organization"],"@id":"https:\/\/www.fraczinet.cl\/sitio\/#\/schema\/person\/aec8ee4da68df2b9b0eefdad24a0d582","name":"Luis Fernando Fraczinet","image":{"@type":"ImageObject","inLanguage":"es","@id":"https:\/\/www.fraczinet.cl\/sitio\/#\/schema\/person\/image\/","url":"https:\/\/www.fraczinet.cl\/sitio\/wp-content\/uploads\/2021\/07\/bannerlogo-1.gif","contentUrl":"https:\/\/www.fraczinet.cl\/sitio\/wp-content\/uploads\/2021\/07\/bannerlogo-1.gif","width":159,"height":79,"caption":"Luis Fernando Fraczinet"},"logo":{"@id":"https:\/\/www.fraczinet.cl\/sitio\/#\/schema\/person\/image\/"},"sameAs":["https:\/\/www.fraczinet.cl\/sitio\/"]},{"@type":"Person","@id":"https:\/\/www.fraczinet.cl\/sitio\/#\/schema\/person\/bc30f98e9cb10ae7e119dbe14bc93784","name":"admin","image":{"@type":"ImageObject","inLanguage":"es","@id":"https:\/\/www.fraczinet.cl\/sitio\/#\/schema\/person\/image\/","url":"https:\/\/secure.gravatar.com\/avatar\/d5ad3cf7ef3b23a2bb5be73be780c86b2fc8545c3ad6b149f3913ff458c00099?s=96&d=mm&r=g","contentUrl":"https:\/\/secure.gravatar.com\/avatar\/d5ad3cf7ef3b23a2bb5be73be780c86b2fc8545c3ad6b149f3913ff458c00099?s=96&d=mm&r=g","caption":"admin"},"sameAs":["https:\/\/www.fraczinet.cl\/sitio"]}]}},"_links":{"self":[{"href":"https:\/\/www.fraczinet.cl\/sitio\/wp-json\/wp\/v2\/posts\/4809","targetHints":{"allow":["GET"]}}],"collection":[{"href":"https:\/\/www.fraczinet.cl\/sitio\/wp-json\/wp\/v2\/posts"}],"about":[{"href":"https:\/\/www.fraczinet.cl\/sitio\/wp-json\/wp\/v2\/types\/post"}],"author":[{"embeddable":true,"href":"https:\/\/www.fraczinet.cl\/sitio\/wp-json\/wp\/v2\/users\/1"}],"replies":[{"embeddable":true,"href":"https:\/\/www.fraczinet.cl\/sitio\/wp-json\/wp\/v2\/comments?post=4809"}],"version-history":[{"count":0,"href":"https:\/\/www.fraczinet.cl\/sitio\/wp-json\/wp\/v2\/posts\/4809\/revisions"}],"wp:attachment":[{"href":"https:\/\/www.fraczinet.cl\/sitio\/wp-json\/wp\/v2\/media?parent=4809"}],"wp:term":[{"taxonomy":"category","embeddable":true,"href":"https:\/\/www.fraczinet.cl\/sitio\/wp-json\/wp\/v2\/categories?post=4809"},{"taxonomy":"post_tag","embeddable":true,"href":"https:\/\/www.fraczinet.cl\/sitio\/wp-json\/wp\/v2\/tags?post=4809"}],"curies":[{"name":"wp","href":"https:\/\/api.w.org\/{rel}","templated":true}]}}