{"id":4811,"date":"2009-07-27T21:45:00","date_gmt":"2009-07-27T21:45:00","guid":{"rendered":"https:\/\/www.fraczinet.cl\/sitio\/2009\/07\/27\/jueves-y-viernes-dos-estrenos-del-teatro-barbaro\/"},"modified":"2009-07-27T21:45:00","modified_gmt":"2009-07-27T21:45:00","slug":"jueves-y-viernes-dos-estrenos-del-teatro-barbaro","status":"publish","type":"post","link":"https:\/\/www.fraczinet.cl\/sitio\/2009\/07\/27\/jueves-y-viernes-dos-estrenos-del-teatro-barbaro\/","title":{"rendered":"Jueves y Viernes Dos Estrenos del Teatro B\u00e1rbaro"},"content":{"rendered":"<div style=\"text-align: justify;\"><a href=\"http:\/\/2.bp.blogspot.com\/_2S_RxGRVjis\/Sm4gggAXojI\/AAAAAAAALdE\/dU9qPjoVCtQ\/s1600-h\/nahuelcity.jpg\" style=\"clear: left; float: left; margin-bottom: 1em; margin-right: 1em;\"><img decoding=\"async\" alt=\"\" border=\"0\" id=\"BLOGGER_PHOTO_ID_5363259948964225586\" src=\"https:\/\/2.bp.blogspot.com\/_2S_RxGRVjis\/Sm4gggAXojI\/AAAAAAAALdE\/dU9qPjoVCtQ\/s200\/nahuelcity.jpg\" style=\"float: left; height: 200px; margin: 0px 10px 10px 0px; width: 138px;\" \/><\/a>Dos estrenos del Teatro B\u00e1rbaro. Este jueves 30 de julio a las 20:30 horas en la Sala Dos, de la ciudad de Concepci\u00f3n, el Teatro B\u00e1rbaro presentar\u00e1 \u201cNahuelqueo, Un Hombre con Car\u00e1cter\u201d y el pr\u00f3ximo viernes 31 se presentar\u00e1 la obra \u201cCity, Una Noche en el Fin del Mundo\u201d en el mismo espacio a las 20:30 horas. Los valores de la entrada para ambas obras son de 2.000 pesos para Estudiantes y 3.000 pesos para P\u00fablico General. Se puede abonar por ambos d\u00edas a un valor de 3.000 estudiantes y de 5.000 pesos P\u00fablico General.<\/div>\n<div style=\"text-align: justify;\"><\/div>\n<div style=\"text-align: justify;\"><span style=\"font-weight: bold;\">Nahuelqueo, Un Hombre con Car\u00e1cter<\/span><\/div>\n<div style=\"text-align: justify;\"><\/div>\n<div style=\"text-align: justify;\">El mejor espect\u00e1culo de teatro unipersonal, Teatro B\u00e1rbaro presenta en Concepci\u00f3n la aclamada obra escrita , dirigida y actuada por Lalo Prieto en compa\u00f1\u00eda del vers\u00e1til Marco Sierra, 23 personajes, un actor y &#8230;Marco&#8230;<\/div>\n<div style=\"text-align: justify;\">Aclamada en Europa y elogiada por la cr\u00edtica nacional, genial, ins\u00f3lita, divertida y llena de car\u00e1cter.<\/div>\n<div style=\"text-align: justify;\"><\/div>\n<div style=\"text-align: justify;\"><span style=\"font-weight: bold;\">City, Una Noche en el Fin del Mundo<\/span><\/div>\n<div style=\"text-align: justify;\"><\/div>\n<div style=\"text-align: justify;\">En \u201c City\u2026\u201d, creada para un escenario peque\u00f1o, Lalo Prieto hace gala de su tremenda vitalidad e histrionismo. Con un lenguaje realista, raccontos, una estructura cercana al cine, situaciones reconocibles, mucho humor negro, cuenta la noche en que dos amigos, sus parejas, periodistas y polic\u00edas se enfrentan al delirio, los celos, el alcohol, las drogas\u2026 <\/div>\n<div style=\"text-align: justify;\"><\/div>\n<div style=\"text-align: justify;\">Es una \u201ctragicomedia terrible\u201d, que encanta al p\u00fablico, tal como encant\u00f3 a la cr\u00edtica. Lalo Prieto, que admira a Arthaud y a Tarantino, se da el lujo de ofrecer diferentes finales.<\/div>\n","protected":false},"excerpt":{"rendered":"<p>Dos estrenos del Teatro B\u00e1rbaro. Este jueves 30 de julio a las 20:30 horas en la Sala Dos, de la ciudad de Concepci\u00f3n, el Teatro B\u00e1rbaro presentar\u00e1 \u201cNahuelqueo, Un Hombre con Car\u00e1cter\u201d y el pr\u00f3ximo viernes 31 se presentar\u00e1 la obra \u201cCity, Una Noche en el Fin del Mundo\u201d en el mismo espacio a las [&hellip;]<\/p>\n","protected":false},"author":1,"featured_media":0,"comment_status":"open","ping_status":"open","sticky":false,"template":"","format":"standard","meta":{"footnotes":""},"categories":[127],"tags":[],"class_list":["post-4811","post","type-post","status-publish","format-standard","hentry","category-teatro"],"yoast_head":"<!-- This site is optimized with the Yoast SEO plugin v25.0 - https:\/\/yoast.com\/wordpress\/plugins\/seo\/ -->\n<title>Jueves y Viernes Dos Estrenos del Teatro B\u00e1rbaro - Nuestro Bio B\u00edo<\/title>\n<meta name=\"robots\" content=\"index, follow, max-snippet:-1, max-image-preview:large, max-video-preview:-1\" \/>\n<link rel=\"canonical\" href=\"https:\/\/www.fraczinet.cl\/sitio\/2009\/07\/27\/jueves-y-viernes-dos-estrenos-del-teatro-barbaro\/\" \/>\n<meta property=\"og:locale\" content=\"es_ES\" \/>\n<meta property=\"og:type\" content=\"article\" \/>\n<meta property=\"og:title\" content=\"Jueves y Viernes Dos Estrenos del Teatro B\u00e1rbaro - Nuestro Bio B\u00edo\" \/>\n<meta property=\"og:description\" content=\"Dos estrenos del Teatro B\u00e1rbaro. Este jueves 30 de julio a las 20:30 horas en la Sala Dos, de la ciudad de Concepci\u00f3n, el Teatro B\u00e1rbaro presentar\u00e1 \u201cNahuelqueo, Un Hombre con Car\u00e1cter\u201d y el pr\u00f3ximo viernes 31 se presentar\u00e1 la obra \u201cCity, Una Noche en el Fin del Mundo\u201d en el mismo espacio a las [&hellip;]\" \/>\n<meta property=\"og:url\" content=\"https:\/\/www.fraczinet.cl\/sitio\/2009\/07\/27\/jueves-y-viernes-dos-estrenos-del-teatro-barbaro\/\" \/>\n<meta property=\"og:site_name\" content=\"Nuestro Bio B\u00edo\" \/>\n<meta property=\"article:published_time\" content=\"2009-07-27T21:45:00+00:00\" \/>\n<meta property=\"og:image\" content=\"https:\/\/2.bp.blogspot.com\/_2S_RxGRVjis\/Sm4gggAXojI\/AAAAAAAALdE\/dU9qPjoVCtQ\/s200\/nahuelcity.jpg\" \/>\n<meta name=\"author\" content=\"admin\" \/>\n<meta name=\"twitter:card\" content=\"summary_large_image\" \/>\n<meta name=\"twitter:creator\" content=\"@nuestrobiobio\" \/>\n<meta name=\"twitter:site\" content=\"@nuestrobiobio\" \/>\n<meta name=\"twitter:label1\" content=\"Escrito por\" \/>\n\t<meta name=\"twitter:data1\" content=\"admin\" \/>\n\t<meta name=\"twitter:label2\" content=\"Tiempo de lectura\" \/>\n\t<meta name=\"twitter:data2\" content=\"1 minuto\" \/>\n<script type=\"application\/ld+json\" class=\"yoast-schema-graph\">{\"@context\":\"https:\/\/schema.org\",\"@graph\":[{\"@type\":\"Article\",\"@id\":\"https:\/\/www.fraczinet.cl\/sitio\/2009\/07\/27\/jueves-y-viernes-dos-estrenos-del-teatro-barbaro\/#article\",\"isPartOf\":{\"@id\":\"https:\/\/www.fraczinet.cl\/sitio\/2009\/07\/27\/jueves-y-viernes-dos-estrenos-del-teatro-barbaro\/\"},\"author\":{\"name\":\"admin\",\"@id\":\"https:\/\/www.fraczinet.cl\/sitio\/#\/schema\/person\/bc30f98e9cb10ae7e119dbe14bc93784\"},\"headline\":\"Jueves y Viernes Dos Estrenos del Teatro B\u00e1rbaro\",\"datePublished\":\"2009-07-27T21:45:00+00:00\",\"mainEntityOfPage\":{\"@id\":\"https:\/\/www.fraczinet.cl\/sitio\/2009\/07\/27\/jueves-y-viernes-dos-estrenos-del-teatro-barbaro\/\"},\"wordCount\":263,\"commentCount\":0,\"publisher\":{\"@id\":\"https:\/\/www.fraczinet.cl\/sitio\/#\/schema\/person\/aec8ee4da68df2b9b0eefdad24a0d582\"},\"image\":{\"@id\":\"https:\/\/www.fraczinet.cl\/sitio\/2009\/07\/27\/jueves-y-viernes-dos-estrenos-del-teatro-barbaro\/#primaryimage\"},\"thumbnailUrl\":\"https:\/\/2.bp.blogspot.com\/_2S_RxGRVjis\/Sm4gggAXojI\/AAAAAAAALdE\/dU9qPjoVCtQ\/s200\/nahuelcity.jpg\",\"articleSection\":[\"Teatro\"],\"inLanguage\":\"es\",\"potentialAction\":[{\"@type\":\"CommentAction\",\"name\":\"Comment\",\"target\":[\"https:\/\/www.fraczinet.cl\/sitio\/2009\/07\/27\/jueves-y-viernes-dos-estrenos-del-teatro-barbaro\/#respond\"]}]},{\"@type\":\"WebPage\",\"@id\":\"https:\/\/www.fraczinet.cl\/sitio\/2009\/07\/27\/jueves-y-viernes-dos-estrenos-del-teatro-barbaro\/\",\"url\":\"https:\/\/www.fraczinet.cl\/sitio\/2009\/07\/27\/jueves-y-viernes-dos-estrenos-del-teatro-barbaro\/\",\"name\":\"Jueves y Viernes Dos Estrenos del Teatro B\u00e1rbaro - Nuestro Bio B\u00edo\",\"isPartOf\":{\"@id\":\"https:\/\/www.fraczinet.cl\/sitio\/#website\"},\"primaryImageOfPage\":{\"@id\":\"https:\/\/www.fraczinet.cl\/sitio\/2009\/07\/27\/jueves-y-viernes-dos-estrenos-del-teatro-barbaro\/#primaryimage\"},\"image\":{\"@id\":\"https:\/\/www.fraczinet.cl\/sitio\/2009\/07\/27\/jueves-y-viernes-dos-estrenos-del-teatro-barbaro\/#primaryimage\"},\"thumbnailUrl\":\"https:\/\/2.bp.blogspot.com\/_2S_RxGRVjis\/Sm4gggAXojI\/AAAAAAAALdE\/dU9qPjoVCtQ\/s200\/nahuelcity.jpg\",\"datePublished\":\"2009-07-27T21:45:00+00:00\",\"breadcrumb\":{\"@id\":\"https:\/\/www.fraczinet.cl\/sitio\/2009\/07\/27\/jueves-y-viernes-dos-estrenos-del-teatro-barbaro\/#breadcrumb\"},\"inLanguage\":\"es\",\"potentialAction\":[{\"@type\":\"ReadAction\",\"target\":[\"https:\/\/www.fraczinet.cl\/sitio\/2009\/07\/27\/jueves-y-viernes-dos-estrenos-del-teatro-barbaro\/\"]}]},{\"@type\":\"ImageObject\",\"inLanguage\":\"es\",\"@id\":\"https:\/\/www.fraczinet.cl\/sitio\/2009\/07\/27\/jueves-y-viernes-dos-estrenos-del-teatro-barbaro\/#primaryimage\",\"url\":\"https:\/\/2.bp.blogspot.com\/_2S_RxGRVjis\/Sm4gggAXojI\/AAAAAAAALdE\/dU9qPjoVCtQ\/s200\/nahuelcity.jpg\",\"contentUrl\":\"https:\/\/2.bp.blogspot.com\/_2S_RxGRVjis\/Sm4gggAXojI\/AAAAAAAALdE\/dU9qPjoVCtQ\/s200\/nahuelcity.jpg\"},{\"@type\":\"BreadcrumbList\",\"@id\":\"https:\/\/www.fraczinet.cl\/sitio\/2009\/07\/27\/jueves-y-viernes-dos-estrenos-del-teatro-barbaro\/#breadcrumb\",\"itemListElement\":[{\"@type\":\"ListItem\",\"position\":1,\"name\":\"Portada\",\"item\":\"https:\/\/www.fraczinet.cl\/sitio\/\"},{\"@type\":\"ListItem\",\"position\":2,\"name\":\"Jueves y Viernes Dos Estrenos del Teatro B\u00e1rbaro\"}]},{\"@type\":\"WebSite\",\"@id\":\"https:\/\/www.fraczinet.cl\/sitio\/#website\",\"url\":\"https:\/\/www.fraczinet.cl\/sitio\/\",\"name\":\"Nuestro Bio B\u00edo\",\"description\":\"Tierra de Encuentros\",\"publisher\":{\"@id\":\"https:\/\/www.fraczinet.cl\/sitio\/#\/schema\/person\/aec8ee4da68df2b9b0eefdad24a0d582\"},\"potentialAction\":[{\"@type\":\"SearchAction\",\"target\":{\"@type\":\"EntryPoint\",\"urlTemplate\":\"https:\/\/www.fraczinet.cl\/sitio\/?s={search_term_string}\"},\"query-input\":{\"@type\":\"PropertyValueSpecification\",\"valueRequired\":true,\"valueName\":\"search_term_string\"}}],\"inLanguage\":\"es\"},{\"@type\":[\"Person\",\"Organization\"],\"@id\":\"https:\/\/www.fraczinet.cl\/sitio\/#\/schema\/person\/aec8ee4da68df2b9b0eefdad24a0d582\",\"name\":\"Luis Fernando Fraczinet\",\"image\":{\"@type\":\"ImageObject\",\"inLanguage\":\"es\",\"@id\":\"https:\/\/www.fraczinet.cl\/sitio\/#\/schema\/person\/image\/\",\"url\":\"https:\/\/www.fraczinet.cl\/sitio\/wp-content\/uploads\/2021\/07\/bannerlogo-1.gif\",\"contentUrl\":\"https:\/\/www.fraczinet.cl\/sitio\/wp-content\/uploads\/2021\/07\/bannerlogo-1.gif\",\"width\":159,\"height\":79,\"caption\":\"Luis Fernando Fraczinet\"},\"logo\":{\"@id\":\"https:\/\/www.fraczinet.cl\/sitio\/#\/schema\/person\/image\/\"},\"sameAs\":[\"https:\/\/www.fraczinet.cl\/sitio\/\"]},{\"@type\":\"Person\",\"@id\":\"https:\/\/www.fraczinet.cl\/sitio\/#\/schema\/person\/bc30f98e9cb10ae7e119dbe14bc93784\",\"name\":\"admin\",\"image\":{\"@type\":\"ImageObject\",\"inLanguage\":\"es\",\"@id\":\"https:\/\/www.fraczinet.cl\/sitio\/#\/schema\/person\/image\/\",\"url\":\"https:\/\/secure.gravatar.com\/avatar\/d5ad3cf7ef3b23a2bb5be73be780c86b2fc8545c3ad6b149f3913ff458c00099?s=96&d=mm&r=g\",\"contentUrl\":\"https:\/\/secure.gravatar.com\/avatar\/d5ad3cf7ef3b23a2bb5be73be780c86b2fc8545c3ad6b149f3913ff458c00099?s=96&d=mm&r=g\",\"caption\":\"admin\"},\"sameAs\":[\"https:\/\/www.fraczinet.cl\/sitio\"]}]}<\/script>\n<!-- \/ Yoast SEO plugin. -->","yoast_head_json":{"title":"Jueves y Viernes Dos Estrenos del Teatro B\u00e1rbaro - Nuestro Bio B\u00edo","robots":{"index":"index","follow":"follow","max-snippet":"max-snippet:-1","max-image-preview":"max-image-preview:large","max-video-preview":"max-video-preview:-1"},"canonical":"https:\/\/www.fraczinet.cl\/sitio\/2009\/07\/27\/jueves-y-viernes-dos-estrenos-del-teatro-barbaro\/","og_locale":"es_ES","og_type":"article","og_title":"Jueves y Viernes Dos Estrenos del Teatro B\u00e1rbaro - Nuestro Bio B\u00edo","og_description":"Dos estrenos del Teatro B\u00e1rbaro. Este jueves 30 de julio a las 20:30 horas en la Sala Dos, de la ciudad de Concepci\u00f3n, el Teatro B\u00e1rbaro presentar\u00e1 \u201cNahuelqueo, Un Hombre con Car\u00e1cter\u201d y el pr\u00f3ximo viernes 31 se presentar\u00e1 la obra \u201cCity, Una Noche en el Fin del Mundo\u201d en el mismo espacio a las [&hellip;]","og_url":"https:\/\/www.fraczinet.cl\/sitio\/2009\/07\/27\/jueves-y-viernes-dos-estrenos-del-teatro-barbaro\/","og_site_name":"Nuestro Bio B\u00edo","article_published_time":"2009-07-27T21:45:00+00:00","og_image":[{"url":"https:\/\/2.bp.blogspot.com\/_2S_RxGRVjis\/Sm4gggAXojI\/AAAAAAAALdE\/dU9qPjoVCtQ\/s200\/nahuelcity.jpg","type":"","width":"","height":""}],"author":"admin","twitter_card":"summary_large_image","twitter_creator":"@nuestrobiobio","twitter_site":"@nuestrobiobio","twitter_misc":{"Escrito por":"admin","Tiempo de lectura":"1 minuto"},"schema":{"@context":"https:\/\/schema.org","@graph":[{"@type":"Article","@id":"https:\/\/www.fraczinet.cl\/sitio\/2009\/07\/27\/jueves-y-viernes-dos-estrenos-del-teatro-barbaro\/#article","isPartOf":{"@id":"https:\/\/www.fraczinet.cl\/sitio\/2009\/07\/27\/jueves-y-viernes-dos-estrenos-del-teatro-barbaro\/"},"author":{"name":"admin","@id":"https:\/\/www.fraczinet.cl\/sitio\/#\/schema\/person\/bc30f98e9cb10ae7e119dbe14bc93784"},"headline":"Jueves y Viernes Dos Estrenos del Teatro B\u00e1rbaro","datePublished":"2009-07-27T21:45:00+00:00","mainEntityOfPage":{"@id":"https:\/\/www.fraczinet.cl\/sitio\/2009\/07\/27\/jueves-y-viernes-dos-estrenos-del-teatro-barbaro\/"},"wordCount":263,"commentCount":0,"publisher":{"@id":"https:\/\/www.fraczinet.cl\/sitio\/#\/schema\/person\/aec8ee4da68df2b9b0eefdad24a0d582"},"image":{"@id":"https:\/\/www.fraczinet.cl\/sitio\/2009\/07\/27\/jueves-y-viernes-dos-estrenos-del-teatro-barbaro\/#primaryimage"},"thumbnailUrl":"https:\/\/2.bp.blogspot.com\/_2S_RxGRVjis\/Sm4gggAXojI\/AAAAAAAALdE\/dU9qPjoVCtQ\/s200\/nahuelcity.jpg","articleSection":["Teatro"],"inLanguage":"es","potentialAction":[{"@type":"CommentAction","name":"Comment","target":["https:\/\/www.fraczinet.cl\/sitio\/2009\/07\/27\/jueves-y-viernes-dos-estrenos-del-teatro-barbaro\/#respond"]}]},{"@type":"WebPage","@id":"https:\/\/www.fraczinet.cl\/sitio\/2009\/07\/27\/jueves-y-viernes-dos-estrenos-del-teatro-barbaro\/","url":"https:\/\/www.fraczinet.cl\/sitio\/2009\/07\/27\/jueves-y-viernes-dos-estrenos-del-teatro-barbaro\/","name":"Jueves y Viernes Dos Estrenos del Teatro B\u00e1rbaro - Nuestro Bio B\u00edo","isPartOf":{"@id":"https:\/\/www.fraczinet.cl\/sitio\/#website"},"primaryImageOfPage":{"@id":"https:\/\/www.fraczinet.cl\/sitio\/2009\/07\/27\/jueves-y-viernes-dos-estrenos-del-teatro-barbaro\/#primaryimage"},"image":{"@id":"https:\/\/www.fraczinet.cl\/sitio\/2009\/07\/27\/jueves-y-viernes-dos-estrenos-del-teatro-barbaro\/#primaryimage"},"thumbnailUrl":"https:\/\/2.bp.blogspot.com\/_2S_RxGRVjis\/Sm4gggAXojI\/AAAAAAAALdE\/dU9qPjoVCtQ\/s200\/nahuelcity.jpg","datePublished":"2009-07-27T21:45:00+00:00","breadcrumb":{"@id":"https:\/\/www.fraczinet.cl\/sitio\/2009\/07\/27\/jueves-y-viernes-dos-estrenos-del-teatro-barbaro\/#breadcrumb"},"inLanguage":"es","potentialAction":[{"@type":"ReadAction","target":["https:\/\/www.fraczinet.cl\/sitio\/2009\/07\/27\/jueves-y-viernes-dos-estrenos-del-teatro-barbaro\/"]}]},{"@type":"ImageObject","inLanguage":"es","@id":"https:\/\/www.fraczinet.cl\/sitio\/2009\/07\/27\/jueves-y-viernes-dos-estrenos-del-teatro-barbaro\/#primaryimage","url":"https:\/\/2.bp.blogspot.com\/_2S_RxGRVjis\/Sm4gggAXojI\/AAAAAAAALdE\/dU9qPjoVCtQ\/s200\/nahuelcity.jpg","contentUrl":"https:\/\/2.bp.blogspot.com\/_2S_RxGRVjis\/Sm4gggAXojI\/AAAAAAAALdE\/dU9qPjoVCtQ\/s200\/nahuelcity.jpg"},{"@type":"BreadcrumbList","@id":"https:\/\/www.fraczinet.cl\/sitio\/2009\/07\/27\/jueves-y-viernes-dos-estrenos-del-teatro-barbaro\/#breadcrumb","itemListElement":[{"@type":"ListItem","position":1,"name":"Portada","item":"https:\/\/www.fraczinet.cl\/sitio\/"},{"@type":"ListItem","position":2,"name":"Jueves y Viernes Dos Estrenos del Teatro B\u00e1rbaro"}]},{"@type":"WebSite","@id":"https:\/\/www.fraczinet.cl\/sitio\/#website","url":"https:\/\/www.fraczinet.cl\/sitio\/","name":"Nuestro Bio B\u00edo","description":"Tierra de Encuentros","publisher":{"@id":"https:\/\/www.fraczinet.cl\/sitio\/#\/schema\/person\/aec8ee4da68df2b9b0eefdad24a0d582"},"potentialAction":[{"@type":"SearchAction","target":{"@type":"EntryPoint","urlTemplate":"https:\/\/www.fraczinet.cl\/sitio\/?s={search_term_string}"},"query-input":{"@type":"PropertyValueSpecification","valueRequired":true,"valueName":"search_term_string"}}],"inLanguage":"es"},{"@type":["Person","Organization"],"@id":"https:\/\/www.fraczinet.cl\/sitio\/#\/schema\/person\/aec8ee4da68df2b9b0eefdad24a0d582","name":"Luis Fernando Fraczinet","image":{"@type":"ImageObject","inLanguage":"es","@id":"https:\/\/www.fraczinet.cl\/sitio\/#\/schema\/person\/image\/","url":"https:\/\/www.fraczinet.cl\/sitio\/wp-content\/uploads\/2021\/07\/bannerlogo-1.gif","contentUrl":"https:\/\/www.fraczinet.cl\/sitio\/wp-content\/uploads\/2021\/07\/bannerlogo-1.gif","width":159,"height":79,"caption":"Luis Fernando Fraczinet"},"logo":{"@id":"https:\/\/www.fraczinet.cl\/sitio\/#\/schema\/person\/image\/"},"sameAs":["https:\/\/www.fraczinet.cl\/sitio\/"]},{"@type":"Person","@id":"https:\/\/www.fraczinet.cl\/sitio\/#\/schema\/person\/bc30f98e9cb10ae7e119dbe14bc93784","name":"admin","image":{"@type":"ImageObject","inLanguage":"es","@id":"https:\/\/www.fraczinet.cl\/sitio\/#\/schema\/person\/image\/","url":"https:\/\/secure.gravatar.com\/avatar\/d5ad3cf7ef3b23a2bb5be73be780c86b2fc8545c3ad6b149f3913ff458c00099?s=96&d=mm&r=g","contentUrl":"https:\/\/secure.gravatar.com\/avatar\/d5ad3cf7ef3b23a2bb5be73be780c86b2fc8545c3ad6b149f3913ff458c00099?s=96&d=mm&r=g","caption":"admin"},"sameAs":["https:\/\/www.fraczinet.cl\/sitio"]}]}},"_links":{"self":[{"href":"https:\/\/www.fraczinet.cl\/sitio\/wp-json\/wp\/v2\/posts\/4811","targetHints":{"allow":["GET"]}}],"collection":[{"href":"https:\/\/www.fraczinet.cl\/sitio\/wp-json\/wp\/v2\/posts"}],"about":[{"href":"https:\/\/www.fraczinet.cl\/sitio\/wp-json\/wp\/v2\/types\/post"}],"author":[{"embeddable":true,"href":"https:\/\/www.fraczinet.cl\/sitio\/wp-json\/wp\/v2\/users\/1"}],"replies":[{"embeddable":true,"href":"https:\/\/www.fraczinet.cl\/sitio\/wp-json\/wp\/v2\/comments?post=4811"}],"version-history":[{"count":0,"href":"https:\/\/www.fraczinet.cl\/sitio\/wp-json\/wp\/v2\/posts\/4811\/revisions"}],"wp:attachment":[{"href":"https:\/\/www.fraczinet.cl\/sitio\/wp-json\/wp\/v2\/media?parent=4811"}],"wp:term":[{"taxonomy":"category","embeddable":true,"href":"https:\/\/www.fraczinet.cl\/sitio\/wp-json\/wp\/v2\/categories?post=4811"},{"taxonomy":"post_tag","embeddable":true,"href":"https:\/\/www.fraczinet.cl\/sitio\/wp-json\/wp\/v2\/tags?post=4811"}],"curies":[{"name":"wp","href":"https:\/\/api.w.org\/{rel}","templated":true}]}}