{"id":4836,"date":"2009-07-17T14:38:00","date_gmt":"2009-07-17T14:38:00","guid":{"rendered":"https:\/\/www.fraczinet.cl\/sitio\/2009\/07\/17\/vacaciones-de-invierno-en-parque-educativo-jorge-alessandri\/"},"modified":"2022-10-06T00:34:48","modified_gmt":"2022-10-06T00:34:48","slug":"vacaciones-de-invierno-en-parque-educativo-jorge-alessandri","status":"publish","type":"post","link":"https:\/\/www.fraczinet.cl\/sitio\/2009\/07\/17\/vacaciones-de-invierno-en-parque-educativo-jorge-alessandri\/","title":{"rendered":"Vacaciones de Invierno en Parque Educativo Jorge Alessandri"},"content":{"rendered":"<div style=\"text-align: justify;\">Como una manera de hacer m\u00e1s entretenidas estas vacaciones de invierno, El Parque Educativo Jorge Alessandri ha organizado una serie de actividades para los ni\u00f1os en sus distintos espacios como Sala del \u00c1rbol, Artequin en el Parque y Vivero Educativo. <\/div>\n<div style=\"text-align: justify;\"><\/div>\n<div style=\"text-align: justify;\">De este modo de martes a viernes a las 11:00 y a las 15:00 horas el Vivero Educativo tiene el taller \u201cPintemos con Tierra\u201d, en donde los participantes podr\u00e1n dibujar con distintos tipos de tierra y conocer cada una de sus caracter\u00edsticas; y el s\u00e1bado a las 11:00 y a las 15:00 horas tiene el taller \u201cPoda Pr\u00e1ctica\u201d, para aquellos que desean aprender sobre el cuidado y mantenimiento de las plantas; Artequin en el Parque de martes a domingo a las 11:00 y a las 15:00 horas tiene el taller \u201cLa Mujer y sus Obras\u201d, para los amantes de la pintura femenina; finalmente la Sala del \u00c1rbol a las 11:00 y a las 15:00 horas de martes a s\u00e1bado tiene el taller \u201cDecorador de Plantas\u201d, los que asistan podr\u00e1n realizar un hermoso decorador de plantas lleno de muchos colores.<\/div>\n<div style=\"text-align: justify;\"><\/div>\n<div style=\"text-align: justify;\">Por otro lado en nuestra galer\u00eda estamos exhibiendo la muestra de fotograf\u00edas \u201cMicromundo\u201d de Sebasti\u00e1n Barrios, un conjunto de fotograf\u00edas que muestran el incre\u00edble mundo de los insectos y ar\u00e1cnidos. La muestra puede ser visitada de martes a domingo de 10:00 a 17:00 horas.<\/div>\n<div style=\"text-align: justify;\"><\/div>\n<div style=\"text-align: justify;\">Finalmente invitamos a realizar un recorrido guiado por nuestros diferentes espacios de martes a domingo de 9:00 a 17:00 horas. Recuerda que la entrada a todas nuestras actividades es liberada y la entrega de materiales para los talleres son gratuitos.<\/div>\n<div style=\"text-align: justify;\"><\/div>\n<p><\/p>\n","protected":false},"excerpt":{"rendered":"<p>Como una manera de hacer m\u00e1s entretenidas estas vacaciones de invierno, El Parque Educativo Jorge Alessandri ha organizado una serie de actividades para los ni\u00f1os en sus distintos espacios como Sala del \u00c1rbol, Artequin en el Parque y Vivero Educativo. De este modo de martes a viernes a las 11:00 y a las 15:00 horas [&hellip;]<\/p>\n","protected":false},"author":1,"featured_media":0,"comment_status":"open","ping_status":"open","sticky":false,"template":"","format":"standard","meta":{"footnotes":""},"categories":[44],"tags":[],"class_list":["post-4836","post","type-post","status-publish","format-standard","hentry","category-eventos"],"yoast_head":"<!-- This site is optimized with the Yoast SEO plugin v25.0 - https:\/\/yoast.com\/wordpress\/plugins\/seo\/ -->\n<title>Vacaciones de Invierno en Parque Educativo Jorge Alessandri - Nuestro Bio B\u00edo<\/title>\n<meta name=\"robots\" content=\"index, follow, max-snippet:-1, max-image-preview:large, max-video-preview:-1\" \/>\n<link rel=\"canonical\" href=\"https:\/\/www.fraczinet.cl\/sitio\/2009\/07\/17\/vacaciones-de-invierno-en-parque-educativo-jorge-alessandri\/\" \/>\n<meta property=\"og:locale\" content=\"es_ES\" \/>\n<meta property=\"og:type\" content=\"article\" \/>\n<meta property=\"og:title\" content=\"Vacaciones de Invierno en Parque Educativo Jorge Alessandri - Nuestro Bio B\u00edo\" \/>\n<meta property=\"og:description\" content=\"Como una manera de hacer m\u00e1s entretenidas estas vacaciones de invierno, El Parque Educativo Jorge Alessandri ha organizado una serie de actividades para los ni\u00f1os en sus distintos espacios como Sala del \u00c1rbol, Artequin en el Parque y Vivero Educativo. De este modo de martes a viernes a las 11:00 y a las 15:00 horas [&hellip;]\" \/>\n<meta property=\"og:url\" content=\"https:\/\/www.fraczinet.cl\/sitio\/2009\/07\/17\/vacaciones-de-invierno-en-parque-educativo-jorge-alessandri\/\" \/>\n<meta property=\"og:site_name\" content=\"Nuestro Bio B\u00edo\" \/>\n<meta property=\"article:published_time\" content=\"2009-07-17T14:38:00+00:00\" \/>\n<meta property=\"article:modified_time\" content=\"2022-10-06T00:34:48+00:00\" \/>\n<meta property=\"og:image\" content=\"https:\/\/www.fraczinet.cl\/sitio\/wp-content\/uploads\/2021\/07\/bannerlogo-1.gif\" \/>\n\t<meta property=\"og:image:width\" content=\"159\" \/>\n\t<meta property=\"og:image:height\" content=\"79\" \/>\n\t<meta property=\"og:image:type\" content=\"image\/gif\" \/>\n<meta name=\"author\" content=\"admin\" \/>\n<meta name=\"twitter:card\" content=\"summary_large_image\" \/>\n<meta name=\"twitter:creator\" content=\"@nuestrobiobio\" \/>\n<meta name=\"twitter:site\" content=\"@nuestrobiobio\" \/>\n<meta name=\"twitter:label1\" content=\"Escrito por\" \/>\n\t<meta name=\"twitter:data1\" content=\"admin\" \/>\n\t<meta name=\"twitter:label2\" content=\"Tiempo de lectura\" \/>\n\t<meta name=\"twitter:data2\" content=\"1 minuto\" \/>\n<script type=\"application\/ld+json\" class=\"yoast-schema-graph\">{\"@context\":\"https:\/\/schema.org\",\"@graph\":[{\"@type\":\"Article\",\"@id\":\"https:\/\/www.fraczinet.cl\/sitio\/2009\/07\/17\/vacaciones-de-invierno-en-parque-educativo-jorge-alessandri\/#article\",\"isPartOf\":{\"@id\":\"https:\/\/www.fraczinet.cl\/sitio\/2009\/07\/17\/vacaciones-de-invierno-en-parque-educativo-jorge-alessandri\/\"},\"author\":{\"name\":\"admin\",\"@id\":\"https:\/\/www.fraczinet.cl\/sitio\/#\/schema\/person\/bc30f98e9cb10ae7e119dbe14bc93784\"},\"headline\":\"Vacaciones de Invierno en Parque Educativo Jorge Alessandri\",\"datePublished\":\"2009-07-17T14:38:00+00:00\",\"dateModified\":\"2022-10-06T00:34:48+00:00\",\"mainEntityOfPage\":{\"@id\":\"https:\/\/www.fraczinet.cl\/sitio\/2009\/07\/17\/vacaciones-de-invierno-en-parque-educativo-jorge-alessandri\/\"},\"wordCount\":273,\"commentCount\":0,\"publisher\":{\"@id\":\"https:\/\/www.fraczinet.cl\/sitio\/#\/schema\/person\/aec8ee4da68df2b9b0eefdad24a0d582\"},\"articleSection\":[\"Eventos\"],\"inLanguage\":\"es\",\"potentialAction\":[{\"@type\":\"CommentAction\",\"name\":\"Comment\",\"target\":[\"https:\/\/www.fraczinet.cl\/sitio\/2009\/07\/17\/vacaciones-de-invierno-en-parque-educativo-jorge-alessandri\/#respond\"]}]},{\"@type\":\"WebPage\",\"@id\":\"https:\/\/www.fraczinet.cl\/sitio\/2009\/07\/17\/vacaciones-de-invierno-en-parque-educativo-jorge-alessandri\/\",\"url\":\"https:\/\/www.fraczinet.cl\/sitio\/2009\/07\/17\/vacaciones-de-invierno-en-parque-educativo-jorge-alessandri\/\",\"name\":\"Vacaciones de Invierno en Parque Educativo Jorge Alessandri - Nuestro Bio B\u00edo\",\"isPartOf\":{\"@id\":\"https:\/\/www.fraczinet.cl\/sitio\/#website\"},\"datePublished\":\"2009-07-17T14:38:00+00:00\",\"dateModified\":\"2022-10-06T00:34:48+00:00\",\"breadcrumb\":{\"@id\":\"https:\/\/www.fraczinet.cl\/sitio\/2009\/07\/17\/vacaciones-de-invierno-en-parque-educativo-jorge-alessandri\/#breadcrumb\"},\"inLanguage\":\"es\",\"potentialAction\":[{\"@type\":\"ReadAction\",\"target\":[\"https:\/\/www.fraczinet.cl\/sitio\/2009\/07\/17\/vacaciones-de-invierno-en-parque-educativo-jorge-alessandri\/\"]}]},{\"@type\":\"BreadcrumbList\",\"@id\":\"https:\/\/www.fraczinet.cl\/sitio\/2009\/07\/17\/vacaciones-de-invierno-en-parque-educativo-jorge-alessandri\/#breadcrumb\",\"itemListElement\":[{\"@type\":\"ListItem\",\"position\":1,\"name\":\"Portada\",\"item\":\"https:\/\/www.fraczinet.cl\/sitio\/\"},{\"@type\":\"ListItem\",\"position\":2,\"name\":\"Vacaciones de Invierno en Parque Educativo Jorge Alessandri\"}]},{\"@type\":\"WebSite\",\"@id\":\"https:\/\/www.fraczinet.cl\/sitio\/#website\",\"url\":\"https:\/\/www.fraczinet.cl\/sitio\/\",\"name\":\"Nuestro Bio B\u00edo\",\"description\":\"Tierra de Encuentros\",\"publisher\":{\"@id\":\"https:\/\/www.fraczinet.cl\/sitio\/#\/schema\/person\/aec8ee4da68df2b9b0eefdad24a0d582\"},\"potentialAction\":[{\"@type\":\"SearchAction\",\"target\":{\"@type\":\"EntryPoint\",\"urlTemplate\":\"https:\/\/www.fraczinet.cl\/sitio\/?s={search_term_string}\"},\"query-input\":{\"@type\":\"PropertyValueSpecification\",\"valueRequired\":true,\"valueName\":\"search_term_string\"}}],\"inLanguage\":\"es\"},{\"@type\":[\"Person\",\"Organization\"],\"@id\":\"https:\/\/www.fraczinet.cl\/sitio\/#\/schema\/person\/aec8ee4da68df2b9b0eefdad24a0d582\",\"name\":\"Luis Fernando Fraczinet\",\"image\":{\"@type\":\"ImageObject\",\"inLanguage\":\"es\",\"@id\":\"https:\/\/www.fraczinet.cl\/sitio\/#\/schema\/person\/image\/\",\"url\":\"https:\/\/www.fraczinet.cl\/sitio\/wp-content\/uploads\/2021\/07\/bannerlogo-1.gif\",\"contentUrl\":\"https:\/\/www.fraczinet.cl\/sitio\/wp-content\/uploads\/2021\/07\/bannerlogo-1.gif\",\"width\":159,\"height\":79,\"caption\":\"Luis Fernando Fraczinet\"},\"logo\":{\"@id\":\"https:\/\/www.fraczinet.cl\/sitio\/#\/schema\/person\/image\/\"},\"sameAs\":[\"https:\/\/www.fraczinet.cl\/sitio\/\"]},{\"@type\":\"Person\",\"@id\":\"https:\/\/www.fraczinet.cl\/sitio\/#\/schema\/person\/bc30f98e9cb10ae7e119dbe14bc93784\",\"name\":\"admin\",\"image\":{\"@type\":\"ImageObject\",\"inLanguage\":\"es\",\"@id\":\"https:\/\/www.fraczinet.cl\/sitio\/#\/schema\/person\/image\/\",\"url\":\"https:\/\/secure.gravatar.com\/avatar\/d5ad3cf7ef3b23a2bb5be73be780c86b2fc8545c3ad6b149f3913ff458c00099?s=96&d=mm&r=g\",\"contentUrl\":\"https:\/\/secure.gravatar.com\/avatar\/d5ad3cf7ef3b23a2bb5be73be780c86b2fc8545c3ad6b149f3913ff458c00099?s=96&d=mm&r=g\",\"caption\":\"admin\"},\"sameAs\":[\"https:\/\/www.fraczinet.cl\/sitio\"]}]}<\/script>\n<!-- \/ Yoast SEO plugin. -->","yoast_head_json":{"title":"Vacaciones de Invierno en Parque Educativo Jorge Alessandri - Nuestro Bio B\u00edo","robots":{"index":"index","follow":"follow","max-snippet":"max-snippet:-1","max-image-preview":"max-image-preview:large","max-video-preview":"max-video-preview:-1"},"canonical":"https:\/\/www.fraczinet.cl\/sitio\/2009\/07\/17\/vacaciones-de-invierno-en-parque-educativo-jorge-alessandri\/","og_locale":"es_ES","og_type":"article","og_title":"Vacaciones de Invierno en Parque Educativo Jorge Alessandri - Nuestro Bio B\u00edo","og_description":"Como una manera de hacer m\u00e1s entretenidas estas vacaciones de invierno, El Parque Educativo Jorge Alessandri ha organizado una serie de actividades para los ni\u00f1os en sus distintos espacios como Sala del \u00c1rbol, Artequin en el Parque y Vivero Educativo. De este modo de martes a viernes a las 11:00 y a las 15:00 horas [&hellip;]","og_url":"https:\/\/www.fraczinet.cl\/sitio\/2009\/07\/17\/vacaciones-de-invierno-en-parque-educativo-jorge-alessandri\/","og_site_name":"Nuestro Bio B\u00edo","article_published_time":"2009-07-17T14:38:00+00:00","article_modified_time":"2022-10-06T00:34:48+00:00","og_image":[{"width":159,"height":79,"url":"https:\/\/www.fraczinet.cl\/sitio\/wp-content\/uploads\/2021\/07\/bannerlogo-1.gif","type":"image\/gif"}],"author":"admin","twitter_card":"summary_large_image","twitter_creator":"@nuestrobiobio","twitter_site":"@nuestrobiobio","twitter_misc":{"Escrito por":"admin","Tiempo de lectura":"1 minuto"},"schema":{"@context":"https:\/\/schema.org","@graph":[{"@type":"Article","@id":"https:\/\/www.fraczinet.cl\/sitio\/2009\/07\/17\/vacaciones-de-invierno-en-parque-educativo-jorge-alessandri\/#article","isPartOf":{"@id":"https:\/\/www.fraczinet.cl\/sitio\/2009\/07\/17\/vacaciones-de-invierno-en-parque-educativo-jorge-alessandri\/"},"author":{"name":"admin","@id":"https:\/\/www.fraczinet.cl\/sitio\/#\/schema\/person\/bc30f98e9cb10ae7e119dbe14bc93784"},"headline":"Vacaciones de Invierno en Parque Educativo Jorge Alessandri","datePublished":"2009-07-17T14:38:00+00:00","dateModified":"2022-10-06T00:34:48+00:00","mainEntityOfPage":{"@id":"https:\/\/www.fraczinet.cl\/sitio\/2009\/07\/17\/vacaciones-de-invierno-en-parque-educativo-jorge-alessandri\/"},"wordCount":273,"commentCount":0,"publisher":{"@id":"https:\/\/www.fraczinet.cl\/sitio\/#\/schema\/person\/aec8ee4da68df2b9b0eefdad24a0d582"},"articleSection":["Eventos"],"inLanguage":"es","potentialAction":[{"@type":"CommentAction","name":"Comment","target":["https:\/\/www.fraczinet.cl\/sitio\/2009\/07\/17\/vacaciones-de-invierno-en-parque-educativo-jorge-alessandri\/#respond"]}]},{"@type":"WebPage","@id":"https:\/\/www.fraczinet.cl\/sitio\/2009\/07\/17\/vacaciones-de-invierno-en-parque-educativo-jorge-alessandri\/","url":"https:\/\/www.fraczinet.cl\/sitio\/2009\/07\/17\/vacaciones-de-invierno-en-parque-educativo-jorge-alessandri\/","name":"Vacaciones de Invierno en Parque Educativo Jorge Alessandri - Nuestro Bio B\u00edo","isPartOf":{"@id":"https:\/\/www.fraczinet.cl\/sitio\/#website"},"datePublished":"2009-07-17T14:38:00+00:00","dateModified":"2022-10-06T00:34:48+00:00","breadcrumb":{"@id":"https:\/\/www.fraczinet.cl\/sitio\/2009\/07\/17\/vacaciones-de-invierno-en-parque-educativo-jorge-alessandri\/#breadcrumb"},"inLanguage":"es","potentialAction":[{"@type":"ReadAction","target":["https:\/\/www.fraczinet.cl\/sitio\/2009\/07\/17\/vacaciones-de-invierno-en-parque-educativo-jorge-alessandri\/"]}]},{"@type":"BreadcrumbList","@id":"https:\/\/www.fraczinet.cl\/sitio\/2009\/07\/17\/vacaciones-de-invierno-en-parque-educativo-jorge-alessandri\/#breadcrumb","itemListElement":[{"@type":"ListItem","position":1,"name":"Portada","item":"https:\/\/www.fraczinet.cl\/sitio\/"},{"@type":"ListItem","position":2,"name":"Vacaciones de Invierno en Parque Educativo Jorge Alessandri"}]},{"@type":"WebSite","@id":"https:\/\/www.fraczinet.cl\/sitio\/#website","url":"https:\/\/www.fraczinet.cl\/sitio\/","name":"Nuestro Bio B\u00edo","description":"Tierra de Encuentros","publisher":{"@id":"https:\/\/www.fraczinet.cl\/sitio\/#\/schema\/person\/aec8ee4da68df2b9b0eefdad24a0d582"},"potentialAction":[{"@type":"SearchAction","target":{"@type":"EntryPoint","urlTemplate":"https:\/\/www.fraczinet.cl\/sitio\/?s={search_term_string}"},"query-input":{"@type":"PropertyValueSpecification","valueRequired":true,"valueName":"search_term_string"}}],"inLanguage":"es"},{"@type":["Person","Organization"],"@id":"https:\/\/www.fraczinet.cl\/sitio\/#\/schema\/person\/aec8ee4da68df2b9b0eefdad24a0d582","name":"Luis Fernando Fraczinet","image":{"@type":"ImageObject","inLanguage":"es","@id":"https:\/\/www.fraczinet.cl\/sitio\/#\/schema\/person\/image\/","url":"https:\/\/www.fraczinet.cl\/sitio\/wp-content\/uploads\/2021\/07\/bannerlogo-1.gif","contentUrl":"https:\/\/www.fraczinet.cl\/sitio\/wp-content\/uploads\/2021\/07\/bannerlogo-1.gif","width":159,"height":79,"caption":"Luis Fernando Fraczinet"},"logo":{"@id":"https:\/\/www.fraczinet.cl\/sitio\/#\/schema\/person\/image\/"},"sameAs":["https:\/\/www.fraczinet.cl\/sitio\/"]},{"@type":"Person","@id":"https:\/\/www.fraczinet.cl\/sitio\/#\/schema\/person\/bc30f98e9cb10ae7e119dbe14bc93784","name":"admin","image":{"@type":"ImageObject","inLanguage":"es","@id":"https:\/\/www.fraczinet.cl\/sitio\/#\/schema\/person\/image\/","url":"https:\/\/secure.gravatar.com\/avatar\/d5ad3cf7ef3b23a2bb5be73be780c86b2fc8545c3ad6b149f3913ff458c00099?s=96&d=mm&r=g","contentUrl":"https:\/\/secure.gravatar.com\/avatar\/d5ad3cf7ef3b23a2bb5be73be780c86b2fc8545c3ad6b149f3913ff458c00099?s=96&d=mm&r=g","caption":"admin"},"sameAs":["https:\/\/www.fraczinet.cl\/sitio"]}]}},"_links":{"self":[{"href":"https:\/\/www.fraczinet.cl\/sitio\/wp-json\/wp\/v2\/posts\/4836","targetHints":{"allow":["GET"]}}],"collection":[{"href":"https:\/\/www.fraczinet.cl\/sitio\/wp-json\/wp\/v2\/posts"}],"about":[{"href":"https:\/\/www.fraczinet.cl\/sitio\/wp-json\/wp\/v2\/types\/post"}],"author":[{"embeddable":true,"href":"https:\/\/www.fraczinet.cl\/sitio\/wp-json\/wp\/v2\/users\/1"}],"replies":[{"embeddable":true,"href":"https:\/\/www.fraczinet.cl\/sitio\/wp-json\/wp\/v2\/comments?post=4836"}],"version-history":[{"count":1,"href":"https:\/\/www.fraczinet.cl\/sitio\/wp-json\/wp\/v2\/posts\/4836\/revisions"}],"predecessor-version":[{"id":14227,"href":"https:\/\/www.fraczinet.cl\/sitio\/wp-json\/wp\/v2\/posts\/4836\/revisions\/14227"}],"wp:attachment":[{"href":"https:\/\/www.fraczinet.cl\/sitio\/wp-json\/wp\/v2\/media?parent=4836"}],"wp:term":[{"taxonomy":"category","embeddable":true,"href":"https:\/\/www.fraczinet.cl\/sitio\/wp-json\/wp\/v2\/categories?post=4836"},{"taxonomy":"post_tag","embeddable":true,"href":"https:\/\/www.fraczinet.cl\/sitio\/wp-json\/wp\/v2\/tags?post=4836"}],"curies":[{"name":"wp","href":"https:\/\/api.w.org\/{rel}","templated":true}]}}