{"id":4852,"date":"2009-07-09T14:36:00","date_gmt":"2009-07-09T14:36:00","guid":{"rendered":"https:\/\/www.fraczinet.cl\/sitio\/2009\/07\/09\/talleres-para-ninos-en-vacaciones-de-invierno-udec-chillan\/"},"modified":"2022-10-07T01:18:11","modified_gmt":"2022-10-07T01:18:11","slug":"talleres-para-ninos-en-vacaciones-de-invierno-udec-chillan","status":"publish","type":"post","link":"https:\/\/www.fraczinet.cl\/sitio\/2009\/07\/09\/talleres-para-ninos-en-vacaciones-de-invierno-udec-chillan\/","title":{"rendered":"Talleres Para Ni\u00f1os en Vacaciones de Invierno Udec &#8211; Chill\u00e1n"},"content":{"rendered":"<p>Centro de Extensi\u00f3n Cultural Alfonso Lagos UdeC &#8211; Chill\u00e1n dispone para este periodo de vacaciones escolares las soguientes actividades.<\/p>\n<p>PRIMERA SEMANA DE VACACIONES (13-17 DE JULIO)<\/p>\n<p>&#8211; TALLER DE M\u00c1SCARAS<br \/>DE 5 A 8 A\u00d1OS DE 9.15 A 10.30 AM<br \/>&#8211; PINTURA Y DECOUPAGE<br \/>DE 6 A 12 A\u00d1OS DE 11.00 A 12.30<br \/>&#8211; ARTE EN EL SIGLO XX<br \/>DE 9 A 13 A\u00d1OS DE 15.00 A 16.30<\/p>\n<p>SEGUNDA SEMANA DE VACACIONES (20-24 DE JULIO)<\/p>\n<p>&#8211; FOTOGRAF\u00cdA DIGITAL<br \/>DE 8 A 12 A\u00d1OS DE 15.00 A 16.30<br \/>&#8211; COCINA F\u00c1CIL<br \/>DE 5 A 7 A\u00d1OS DE 9.30 A 11.00<br \/>&#8211; COCINA RICA<br \/>DE 8 A 11 A\u00d1OS DE 11.30 A 13.00<br \/>&#8211; CREA TUS ACCESORIOS<br \/>DE 10 A 15 A\u00d1OS DE 11.00 A 13.00<br \/>&#8211; VALOR TALLER $20.000 CADA UNO CON MATERIALES INCLUIDOS.<\/p>\n<p>M\u00e1s Informaci\u00f3n en: 221167 centrodifusion@udec.cl<\/p>\n<p><\/p>\n","protected":false},"excerpt":{"rendered":"<p>Centro de Extensi\u00f3n Cultural Alfonso Lagos UdeC &#8211; Chill\u00e1n dispone para este periodo de vacaciones escolares las soguientes actividades. PRIMERA SEMANA DE VACACIONES (13-17 DE JULIO) &#8211; TALLER DE M\u00c1SCARASDE 5 A 8 A\u00d1OS DE 9.15 A 10.30 AM&#8211; PINTURA Y DECOUPAGEDE 6 A 12 A\u00d1OS DE 11.00 A 12.30&#8211; ARTE EN EL SIGLO XXDE [&hellip;]<\/p>\n","protected":false},"author":1,"featured_media":0,"comment_status":"open","ping_status":"open","sticky":false,"template":"","format":"standard","meta":{"footnotes":""},"categories":[44,223],"tags":[],"class_list":["post-4852","post","type-post","status-publish","format-standard","hentry","category-eventos","category-talleres"],"yoast_head":"<!-- This site is optimized with the Yoast SEO plugin v25.0 - https:\/\/yoast.com\/wordpress\/plugins\/seo\/ -->\n<title>Talleres Para Ni\u00f1os en Vacaciones de Invierno Udec - Chill\u00e1n - Nuestro Bio B\u00edo<\/title>\n<meta name=\"robots\" content=\"index, follow, max-snippet:-1, max-image-preview:large, max-video-preview:-1\" \/>\n<link rel=\"canonical\" href=\"https:\/\/www.fraczinet.cl\/sitio\/2009\/07\/09\/talleres-para-ninos-en-vacaciones-de-invierno-udec-chillan\/\" \/>\n<meta property=\"og:locale\" content=\"es_ES\" \/>\n<meta property=\"og:type\" content=\"article\" \/>\n<meta property=\"og:title\" content=\"Talleres Para Ni\u00f1os en Vacaciones de Invierno Udec - Chill\u00e1n - Nuestro Bio B\u00edo\" \/>\n<meta property=\"og:description\" content=\"Centro de Extensi\u00f3n Cultural Alfonso Lagos UdeC &#8211; Chill\u00e1n dispone para este periodo de vacaciones escolares las soguientes actividades. PRIMERA SEMANA DE VACACIONES (13-17 DE JULIO) &#8211; TALLER DE M\u00c1SCARASDE 5 A 8 A\u00d1OS DE 9.15 A 10.30 AM&#8211; PINTURA Y DECOUPAGEDE 6 A 12 A\u00d1OS DE 11.00 A 12.30&#8211; ARTE EN EL SIGLO XXDE [&hellip;]\" \/>\n<meta property=\"og:url\" content=\"https:\/\/www.fraczinet.cl\/sitio\/2009\/07\/09\/talleres-para-ninos-en-vacaciones-de-invierno-udec-chillan\/\" \/>\n<meta property=\"og:site_name\" content=\"Nuestro Bio B\u00edo\" \/>\n<meta property=\"article:published_time\" content=\"2009-07-09T14:36:00+00:00\" \/>\n<meta property=\"article:modified_time\" content=\"2022-10-07T01:18:11+00:00\" \/>\n<meta property=\"og:image\" content=\"https:\/\/www.fraczinet.cl\/sitio\/wp-content\/uploads\/2021\/07\/bannerlogo-1.gif\" \/>\n\t<meta property=\"og:image:width\" content=\"159\" \/>\n\t<meta property=\"og:image:height\" content=\"79\" \/>\n\t<meta property=\"og:image:type\" content=\"image\/gif\" \/>\n<meta name=\"author\" content=\"admin\" \/>\n<meta name=\"twitter:card\" content=\"summary_large_image\" \/>\n<meta name=\"twitter:creator\" content=\"@nuestrobiobio\" \/>\n<meta name=\"twitter:site\" content=\"@nuestrobiobio\" \/>\n<meta name=\"twitter:label1\" content=\"Escrito por\" \/>\n\t<meta name=\"twitter:data1\" content=\"admin\" \/>\n\t<meta name=\"twitter:label2\" content=\"Tiempo de lectura\" \/>\n\t<meta name=\"twitter:data2\" content=\"1 minuto\" \/>\n<script type=\"application\/ld+json\" class=\"yoast-schema-graph\">{\"@context\":\"https:\/\/schema.org\",\"@graph\":[{\"@type\":\"Article\",\"@id\":\"https:\/\/www.fraczinet.cl\/sitio\/2009\/07\/09\/talleres-para-ninos-en-vacaciones-de-invierno-udec-chillan\/#article\",\"isPartOf\":{\"@id\":\"https:\/\/www.fraczinet.cl\/sitio\/2009\/07\/09\/talleres-para-ninos-en-vacaciones-de-invierno-udec-chillan\/\"},\"author\":{\"name\":\"admin\",\"@id\":\"https:\/\/www.fraczinet.cl\/sitio\/#\/schema\/person\/bc30f98e9cb10ae7e119dbe14bc93784\"},\"headline\":\"Talleres Para Ni\u00f1os en Vacaciones de Invierno Udec &#8211; Chill\u00e1n\",\"datePublished\":\"2009-07-09T14:36:00+00:00\",\"dateModified\":\"2022-10-07T01:18:11+00:00\",\"mainEntityOfPage\":{\"@id\":\"https:\/\/www.fraczinet.cl\/sitio\/2009\/07\/09\/talleres-para-ninos-en-vacaciones-de-invierno-udec-chillan\/\"},\"wordCount\":128,\"commentCount\":0,\"publisher\":{\"@id\":\"https:\/\/www.fraczinet.cl\/sitio\/#\/schema\/person\/aec8ee4da68df2b9b0eefdad24a0d582\"},\"articleSection\":[\"Eventos\",\"Talleres\"],\"inLanguage\":\"es\",\"potentialAction\":[{\"@type\":\"CommentAction\",\"name\":\"Comment\",\"target\":[\"https:\/\/www.fraczinet.cl\/sitio\/2009\/07\/09\/talleres-para-ninos-en-vacaciones-de-invierno-udec-chillan\/#respond\"]}]},{\"@type\":\"WebPage\",\"@id\":\"https:\/\/www.fraczinet.cl\/sitio\/2009\/07\/09\/talleres-para-ninos-en-vacaciones-de-invierno-udec-chillan\/\",\"url\":\"https:\/\/www.fraczinet.cl\/sitio\/2009\/07\/09\/talleres-para-ninos-en-vacaciones-de-invierno-udec-chillan\/\",\"name\":\"Talleres Para Ni\u00f1os en Vacaciones de Invierno Udec - Chill\u00e1n - Nuestro Bio B\u00edo\",\"isPartOf\":{\"@id\":\"https:\/\/www.fraczinet.cl\/sitio\/#website\"},\"datePublished\":\"2009-07-09T14:36:00+00:00\",\"dateModified\":\"2022-10-07T01:18:11+00:00\",\"breadcrumb\":{\"@id\":\"https:\/\/www.fraczinet.cl\/sitio\/2009\/07\/09\/talleres-para-ninos-en-vacaciones-de-invierno-udec-chillan\/#breadcrumb\"},\"inLanguage\":\"es\",\"potentialAction\":[{\"@type\":\"ReadAction\",\"target\":[\"https:\/\/www.fraczinet.cl\/sitio\/2009\/07\/09\/talleres-para-ninos-en-vacaciones-de-invierno-udec-chillan\/\"]}]},{\"@type\":\"BreadcrumbList\",\"@id\":\"https:\/\/www.fraczinet.cl\/sitio\/2009\/07\/09\/talleres-para-ninos-en-vacaciones-de-invierno-udec-chillan\/#breadcrumb\",\"itemListElement\":[{\"@type\":\"ListItem\",\"position\":1,\"name\":\"Portada\",\"item\":\"https:\/\/www.fraczinet.cl\/sitio\/\"},{\"@type\":\"ListItem\",\"position\":2,\"name\":\"Talleres Para Ni\u00f1os en Vacaciones de Invierno Udec &#8211; Chill\u00e1n\"}]},{\"@type\":\"WebSite\",\"@id\":\"https:\/\/www.fraczinet.cl\/sitio\/#website\",\"url\":\"https:\/\/www.fraczinet.cl\/sitio\/\",\"name\":\"Nuestro Bio B\u00edo\",\"description\":\"Tierra de Encuentros\",\"publisher\":{\"@id\":\"https:\/\/www.fraczinet.cl\/sitio\/#\/schema\/person\/aec8ee4da68df2b9b0eefdad24a0d582\"},\"potentialAction\":[{\"@type\":\"SearchAction\",\"target\":{\"@type\":\"EntryPoint\",\"urlTemplate\":\"https:\/\/www.fraczinet.cl\/sitio\/?s={search_term_string}\"},\"query-input\":{\"@type\":\"PropertyValueSpecification\",\"valueRequired\":true,\"valueName\":\"search_term_string\"}}],\"inLanguage\":\"es\"},{\"@type\":[\"Person\",\"Organization\"],\"@id\":\"https:\/\/www.fraczinet.cl\/sitio\/#\/schema\/person\/aec8ee4da68df2b9b0eefdad24a0d582\",\"name\":\"Luis Fernando Fraczinet\",\"image\":{\"@type\":\"ImageObject\",\"inLanguage\":\"es\",\"@id\":\"https:\/\/www.fraczinet.cl\/sitio\/#\/schema\/person\/image\/\",\"url\":\"https:\/\/www.fraczinet.cl\/sitio\/wp-content\/uploads\/2021\/07\/bannerlogo-1.gif\",\"contentUrl\":\"https:\/\/www.fraczinet.cl\/sitio\/wp-content\/uploads\/2021\/07\/bannerlogo-1.gif\",\"width\":159,\"height\":79,\"caption\":\"Luis Fernando Fraczinet\"},\"logo\":{\"@id\":\"https:\/\/www.fraczinet.cl\/sitio\/#\/schema\/person\/image\/\"},\"sameAs\":[\"https:\/\/www.fraczinet.cl\/sitio\/\"]},{\"@type\":\"Person\",\"@id\":\"https:\/\/www.fraczinet.cl\/sitio\/#\/schema\/person\/bc30f98e9cb10ae7e119dbe14bc93784\",\"name\":\"admin\",\"image\":{\"@type\":\"ImageObject\",\"inLanguage\":\"es\",\"@id\":\"https:\/\/www.fraczinet.cl\/sitio\/#\/schema\/person\/image\/\",\"url\":\"https:\/\/secure.gravatar.com\/avatar\/d5ad3cf7ef3b23a2bb5be73be780c86b2fc8545c3ad6b149f3913ff458c00099?s=96&d=mm&r=g\",\"contentUrl\":\"https:\/\/secure.gravatar.com\/avatar\/d5ad3cf7ef3b23a2bb5be73be780c86b2fc8545c3ad6b149f3913ff458c00099?s=96&d=mm&r=g\",\"caption\":\"admin\"},\"sameAs\":[\"https:\/\/www.fraczinet.cl\/sitio\"]}]}<\/script>\n<!-- \/ Yoast SEO plugin. -->","yoast_head_json":{"title":"Talleres Para Ni\u00f1os en Vacaciones de Invierno Udec - Chill\u00e1n - Nuestro Bio B\u00edo","robots":{"index":"index","follow":"follow","max-snippet":"max-snippet:-1","max-image-preview":"max-image-preview:large","max-video-preview":"max-video-preview:-1"},"canonical":"https:\/\/www.fraczinet.cl\/sitio\/2009\/07\/09\/talleres-para-ninos-en-vacaciones-de-invierno-udec-chillan\/","og_locale":"es_ES","og_type":"article","og_title":"Talleres Para Ni\u00f1os en Vacaciones de Invierno Udec - Chill\u00e1n - Nuestro Bio B\u00edo","og_description":"Centro de Extensi\u00f3n Cultural Alfonso Lagos UdeC &#8211; Chill\u00e1n dispone para este periodo de vacaciones escolares las soguientes actividades. PRIMERA SEMANA DE VACACIONES (13-17 DE JULIO) &#8211; TALLER DE M\u00c1SCARASDE 5 A 8 A\u00d1OS DE 9.15 A 10.30 AM&#8211; PINTURA Y DECOUPAGEDE 6 A 12 A\u00d1OS DE 11.00 A 12.30&#8211; ARTE EN EL SIGLO XXDE [&hellip;]","og_url":"https:\/\/www.fraczinet.cl\/sitio\/2009\/07\/09\/talleres-para-ninos-en-vacaciones-de-invierno-udec-chillan\/","og_site_name":"Nuestro Bio B\u00edo","article_published_time":"2009-07-09T14:36:00+00:00","article_modified_time":"2022-10-07T01:18:11+00:00","og_image":[{"width":159,"height":79,"url":"https:\/\/www.fraczinet.cl\/sitio\/wp-content\/uploads\/2021\/07\/bannerlogo-1.gif","type":"image\/gif"}],"author":"admin","twitter_card":"summary_large_image","twitter_creator":"@nuestrobiobio","twitter_site":"@nuestrobiobio","twitter_misc":{"Escrito por":"admin","Tiempo de lectura":"1 minuto"},"schema":{"@context":"https:\/\/schema.org","@graph":[{"@type":"Article","@id":"https:\/\/www.fraczinet.cl\/sitio\/2009\/07\/09\/talleres-para-ninos-en-vacaciones-de-invierno-udec-chillan\/#article","isPartOf":{"@id":"https:\/\/www.fraczinet.cl\/sitio\/2009\/07\/09\/talleres-para-ninos-en-vacaciones-de-invierno-udec-chillan\/"},"author":{"name":"admin","@id":"https:\/\/www.fraczinet.cl\/sitio\/#\/schema\/person\/bc30f98e9cb10ae7e119dbe14bc93784"},"headline":"Talleres Para Ni\u00f1os en Vacaciones de Invierno Udec &#8211; Chill\u00e1n","datePublished":"2009-07-09T14:36:00+00:00","dateModified":"2022-10-07T01:18:11+00:00","mainEntityOfPage":{"@id":"https:\/\/www.fraczinet.cl\/sitio\/2009\/07\/09\/talleres-para-ninos-en-vacaciones-de-invierno-udec-chillan\/"},"wordCount":128,"commentCount":0,"publisher":{"@id":"https:\/\/www.fraczinet.cl\/sitio\/#\/schema\/person\/aec8ee4da68df2b9b0eefdad24a0d582"},"articleSection":["Eventos","Talleres"],"inLanguage":"es","potentialAction":[{"@type":"CommentAction","name":"Comment","target":["https:\/\/www.fraczinet.cl\/sitio\/2009\/07\/09\/talleres-para-ninos-en-vacaciones-de-invierno-udec-chillan\/#respond"]}]},{"@type":"WebPage","@id":"https:\/\/www.fraczinet.cl\/sitio\/2009\/07\/09\/talleres-para-ninos-en-vacaciones-de-invierno-udec-chillan\/","url":"https:\/\/www.fraczinet.cl\/sitio\/2009\/07\/09\/talleres-para-ninos-en-vacaciones-de-invierno-udec-chillan\/","name":"Talleres Para Ni\u00f1os en Vacaciones de Invierno Udec - Chill\u00e1n - Nuestro Bio B\u00edo","isPartOf":{"@id":"https:\/\/www.fraczinet.cl\/sitio\/#website"},"datePublished":"2009-07-09T14:36:00+00:00","dateModified":"2022-10-07T01:18:11+00:00","breadcrumb":{"@id":"https:\/\/www.fraczinet.cl\/sitio\/2009\/07\/09\/talleres-para-ninos-en-vacaciones-de-invierno-udec-chillan\/#breadcrumb"},"inLanguage":"es","potentialAction":[{"@type":"ReadAction","target":["https:\/\/www.fraczinet.cl\/sitio\/2009\/07\/09\/talleres-para-ninos-en-vacaciones-de-invierno-udec-chillan\/"]}]},{"@type":"BreadcrumbList","@id":"https:\/\/www.fraczinet.cl\/sitio\/2009\/07\/09\/talleres-para-ninos-en-vacaciones-de-invierno-udec-chillan\/#breadcrumb","itemListElement":[{"@type":"ListItem","position":1,"name":"Portada","item":"https:\/\/www.fraczinet.cl\/sitio\/"},{"@type":"ListItem","position":2,"name":"Talleres Para Ni\u00f1os en Vacaciones de Invierno Udec &#8211; Chill\u00e1n"}]},{"@type":"WebSite","@id":"https:\/\/www.fraczinet.cl\/sitio\/#website","url":"https:\/\/www.fraczinet.cl\/sitio\/","name":"Nuestro Bio B\u00edo","description":"Tierra de Encuentros","publisher":{"@id":"https:\/\/www.fraczinet.cl\/sitio\/#\/schema\/person\/aec8ee4da68df2b9b0eefdad24a0d582"},"potentialAction":[{"@type":"SearchAction","target":{"@type":"EntryPoint","urlTemplate":"https:\/\/www.fraczinet.cl\/sitio\/?s={search_term_string}"},"query-input":{"@type":"PropertyValueSpecification","valueRequired":true,"valueName":"search_term_string"}}],"inLanguage":"es"},{"@type":["Person","Organization"],"@id":"https:\/\/www.fraczinet.cl\/sitio\/#\/schema\/person\/aec8ee4da68df2b9b0eefdad24a0d582","name":"Luis Fernando Fraczinet","image":{"@type":"ImageObject","inLanguage":"es","@id":"https:\/\/www.fraczinet.cl\/sitio\/#\/schema\/person\/image\/","url":"https:\/\/www.fraczinet.cl\/sitio\/wp-content\/uploads\/2021\/07\/bannerlogo-1.gif","contentUrl":"https:\/\/www.fraczinet.cl\/sitio\/wp-content\/uploads\/2021\/07\/bannerlogo-1.gif","width":159,"height":79,"caption":"Luis Fernando Fraczinet"},"logo":{"@id":"https:\/\/www.fraczinet.cl\/sitio\/#\/schema\/person\/image\/"},"sameAs":["https:\/\/www.fraczinet.cl\/sitio\/"]},{"@type":"Person","@id":"https:\/\/www.fraczinet.cl\/sitio\/#\/schema\/person\/bc30f98e9cb10ae7e119dbe14bc93784","name":"admin","image":{"@type":"ImageObject","inLanguage":"es","@id":"https:\/\/www.fraczinet.cl\/sitio\/#\/schema\/person\/image\/","url":"https:\/\/secure.gravatar.com\/avatar\/d5ad3cf7ef3b23a2bb5be73be780c86b2fc8545c3ad6b149f3913ff458c00099?s=96&d=mm&r=g","contentUrl":"https:\/\/secure.gravatar.com\/avatar\/d5ad3cf7ef3b23a2bb5be73be780c86b2fc8545c3ad6b149f3913ff458c00099?s=96&d=mm&r=g","caption":"admin"},"sameAs":["https:\/\/www.fraczinet.cl\/sitio"]}]}},"_links":{"self":[{"href":"https:\/\/www.fraczinet.cl\/sitio\/wp-json\/wp\/v2\/posts\/4852","targetHints":{"allow":["GET"]}}],"collection":[{"href":"https:\/\/www.fraczinet.cl\/sitio\/wp-json\/wp\/v2\/posts"}],"about":[{"href":"https:\/\/www.fraczinet.cl\/sitio\/wp-json\/wp\/v2\/types\/post"}],"author":[{"embeddable":true,"href":"https:\/\/www.fraczinet.cl\/sitio\/wp-json\/wp\/v2\/users\/1"}],"replies":[{"embeddable":true,"href":"https:\/\/www.fraczinet.cl\/sitio\/wp-json\/wp\/v2\/comments?post=4852"}],"version-history":[{"count":1,"href":"https:\/\/www.fraczinet.cl\/sitio\/wp-json\/wp\/v2\/posts\/4852\/revisions"}],"predecessor-version":[{"id":14480,"href":"https:\/\/www.fraczinet.cl\/sitio\/wp-json\/wp\/v2\/posts\/4852\/revisions\/14480"}],"wp:attachment":[{"href":"https:\/\/www.fraczinet.cl\/sitio\/wp-json\/wp\/v2\/media?parent=4852"}],"wp:term":[{"taxonomy":"category","embeddable":true,"href":"https:\/\/www.fraczinet.cl\/sitio\/wp-json\/wp\/v2\/categories?post=4852"},{"taxonomy":"post_tag","embeddable":true,"href":"https:\/\/www.fraczinet.cl\/sitio\/wp-json\/wp\/v2\/tags?post=4852"}],"curies":[{"name":"wp","href":"https:\/\/api.w.org\/{rel}","templated":true}]}}