{"id":4853,"date":"2009-07-09T14:28:00","date_gmt":"2009-07-09T14:28:00","guid":{"rendered":"https:\/\/www.fraczinet.cl\/sitio\/2009\/07\/09\/tertulia-dr-wladimir-sanchez-marcha-mundial-por-la-paz-y-la-no-violencia\/"},"modified":"2022-10-04T23:18:34","modified_gmt":"2022-10-04T23:18:34","slug":"tertulia-dr-wladimir-sanchez-marcha-mundial-por-la-paz-y-la-no-violencia","status":"publish","type":"post","link":"https:\/\/www.fraczinet.cl\/sitio\/2009\/07\/09\/tertulia-dr-wladimir-sanchez-marcha-mundial-por-la-paz-y-la-no-violencia\/","title":{"rendered":"Tertulia \u201cDr. Wladimir S\u00e1nchez\u201d &#8211; Marcha Mundial por la Paz y la No-Violencia"},"content":{"rendered":"<div style=\"text-align: justify;\">Mario Herrera Novoa, Presidente de la Corporaci\u00f3n de Monumentos Hist\u00f3ricos Nacionales de Los \u00c1ngeles, tiene el agrado de invitar a Ud. a la Tertulia \u201cDr. Wladimir S\u00e1nchez\u201d, organizada por esta corporaci\u00f3n, que se realizar\u00e1 en  el Auditorio de la Universidad Santo Tom\u00e1s, calle Lautaro  286 en la ciudad de Los \u00c1ngeles, el d\u00eda, lunes 13 de julio a las 19 hrs. <\/div>\n<div style=\"text-align: justify;\"><\/div>\n<div style=\"text-align: justify;\">En esta ocasi\u00f3n se contara con la presencia del Sr. Robinson T. Rioseco Hahn, quien se referir\u00e1, exhibir\u00e1 videos e intercambiara opiniones con el p\u00fablico sobre la campa\u00f1a Marcha Mundial por la Paz y la No-Violencia.<\/div>\n<div style=\"text-align: justify;\"><\/div>\n<div style=\"text-align: justify;\">El Sr. Rioseco, ha sido un estudioso y difusor de diferentes corrientes de pensamiento, reflexionando sobre temas fundamentales en la vida de las personas como el sufrimiento, la muerte y la trascendencia.<\/div>\n<div style=\"text-align: justify;\"><\/div>\n<div style=\"text-align: justify;\">Se invita a la comunidad a participar en esta tertulia para  analizar con el invitado sus puntos de vista relacionados con la campa\u00f1a por la paz y la no violencia.<\/div>\n<div style=\"text-align: justify;\"><\/div>\n<div style=\"text-align: justify;\">Los \u00c1ngeles, julio 2009<\/div>\n<div style=\"text-align: justify;\"><\/div>\n<p><\/p>\n","protected":false},"excerpt":{"rendered":"<p>Mario Herrera Novoa, Presidente de la Corporaci\u00f3n de Monumentos Hist\u00f3ricos Nacionales de Los \u00c1ngeles, tiene el agrado de invitar a Ud. a la Tertulia \u201cDr. Wladimir S\u00e1nchez\u201d, organizada por esta corporaci\u00f3n, que se realizar\u00e1 en el Auditorio de la Universidad Santo Tom\u00e1s, calle Lautaro 286 en la ciudad de Los \u00c1ngeles, el d\u00eda, lunes 13 [&hellip;]<\/p>\n","protected":false},"author":1,"featured_media":0,"comment_status":"open","ping_status":"open","sticky":false,"template":"","format":"standard","meta":{"footnotes":""},"categories":[129],"tags":[],"class_list":["post-4853","post","type-post","status-publish","format-standard","hentry","category-no-violencia"],"yoast_head":"<!-- This site is optimized with the Yoast SEO plugin v25.0 - https:\/\/yoast.com\/wordpress\/plugins\/seo\/ -->\n<title>Tertulia \u201cDr. Wladimir S\u00e1nchez\u201d - Marcha Mundial por la Paz y la No-Violencia - Nuestro Bio B\u00edo<\/title>\n<meta name=\"robots\" content=\"index, follow, max-snippet:-1, max-image-preview:large, max-video-preview:-1\" \/>\n<link rel=\"canonical\" href=\"https:\/\/www.fraczinet.cl\/sitio\/2009\/07\/09\/tertulia-dr-wladimir-sanchez-marcha-mundial-por-la-paz-y-la-no-violencia\/\" \/>\n<meta property=\"og:locale\" content=\"es_ES\" \/>\n<meta property=\"og:type\" content=\"article\" \/>\n<meta property=\"og:title\" content=\"Tertulia \u201cDr. Wladimir S\u00e1nchez\u201d - Marcha Mundial por la Paz y la No-Violencia - Nuestro Bio B\u00edo\" \/>\n<meta property=\"og:description\" content=\"Mario Herrera Novoa, Presidente de la Corporaci\u00f3n de Monumentos Hist\u00f3ricos Nacionales de Los \u00c1ngeles, tiene el agrado de invitar a Ud. a la Tertulia \u201cDr. Wladimir S\u00e1nchez\u201d, organizada por esta corporaci\u00f3n, que se realizar\u00e1 en el Auditorio de la Universidad Santo Tom\u00e1s, calle Lautaro 286 en la ciudad de Los \u00c1ngeles, el d\u00eda, lunes 13 [&hellip;]\" \/>\n<meta property=\"og:url\" content=\"https:\/\/www.fraczinet.cl\/sitio\/2009\/07\/09\/tertulia-dr-wladimir-sanchez-marcha-mundial-por-la-paz-y-la-no-violencia\/\" \/>\n<meta property=\"og:site_name\" content=\"Nuestro Bio B\u00edo\" \/>\n<meta property=\"article:published_time\" content=\"2009-07-09T14:28:00+00:00\" \/>\n<meta property=\"article:modified_time\" content=\"2022-10-04T23:18:34+00:00\" \/>\n<meta property=\"og:image\" content=\"https:\/\/www.fraczinet.cl\/sitio\/wp-content\/uploads\/2021\/07\/bannerlogo-1.gif\" \/>\n\t<meta property=\"og:image:width\" content=\"159\" \/>\n\t<meta property=\"og:image:height\" content=\"79\" \/>\n\t<meta property=\"og:image:type\" content=\"image\/gif\" \/>\n<meta name=\"author\" content=\"admin\" \/>\n<meta name=\"twitter:card\" content=\"summary_large_image\" \/>\n<meta name=\"twitter:creator\" content=\"@nuestrobiobio\" \/>\n<meta name=\"twitter:site\" content=\"@nuestrobiobio\" \/>\n<meta name=\"twitter:label1\" content=\"Escrito por\" \/>\n\t<meta name=\"twitter:data1\" content=\"admin\" \/>\n\t<meta name=\"twitter:label2\" content=\"Tiempo de lectura\" \/>\n\t<meta name=\"twitter:data2\" content=\"1 minuto\" \/>\n<script type=\"application\/ld+json\" class=\"yoast-schema-graph\">{\"@context\":\"https:\/\/schema.org\",\"@graph\":[{\"@type\":\"Article\",\"@id\":\"https:\/\/www.fraczinet.cl\/sitio\/2009\/07\/09\/tertulia-dr-wladimir-sanchez-marcha-mundial-por-la-paz-y-la-no-violencia\/#article\",\"isPartOf\":{\"@id\":\"https:\/\/www.fraczinet.cl\/sitio\/2009\/07\/09\/tertulia-dr-wladimir-sanchez-marcha-mundial-por-la-paz-y-la-no-violencia\/\"},\"author\":{\"name\":\"admin\",\"@id\":\"https:\/\/www.fraczinet.cl\/sitio\/#\/schema\/person\/bc30f98e9cb10ae7e119dbe14bc93784\"},\"headline\":\"Tertulia \u201cDr. Wladimir S\u00e1nchez\u201d &#8211; Marcha Mundial por la Paz y la No-Violencia\",\"datePublished\":\"2009-07-09T14:28:00+00:00\",\"dateModified\":\"2022-10-04T23:18:34+00:00\",\"mainEntityOfPage\":{\"@id\":\"https:\/\/www.fraczinet.cl\/sitio\/2009\/07\/09\/tertulia-dr-wladimir-sanchez-marcha-mundial-por-la-paz-y-la-no-violencia\/\"},\"wordCount\":183,\"commentCount\":0,\"publisher\":{\"@id\":\"https:\/\/www.fraczinet.cl\/sitio\/#\/schema\/person\/aec8ee4da68df2b9b0eefdad24a0d582\"},\"articleSection\":[\"No-Violencia\"],\"inLanguage\":\"es\",\"potentialAction\":[{\"@type\":\"CommentAction\",\"name\":\"Comment\",\"target\":[\"https:\/\/www.fraczinet.cl\/sitio\/2009\/07\/09\/tertulia-dr-wladimir-sanchez-marcha-mundial-por-la-paz-y-la-no-violencia\/#respond\"]}]},{\"@type\":\"WebPage\",\"@id\":\"https:\/\/www.fraczinet.cl\/sitio\/2009\/07\/09\/tertulia-dr-wladimir-sanchez-marcha-mundial-por-la-paz-y-la-no-violencia\/\",\"url\":\"https:\/\/www.fraczinet.cl\/sitio\/2009\/07\/09\/tertulia-dr-wladimir-sanchez-marcha-mundial-por-la-paz-y-la-no-violencia\/\",\"name\":\"Tertulia \u201cDr. Wladimir S\u00e1nchez\u201d - Marcha Mundial por la Paz y la No-Violencia - Nuestro Bio B\u00edo\",\"isPartOf\":{\"@id\":\"https:\/\/www.fraczinet.cl\/sitio\/#website\"},\"datePublished\":\"2009-07-09T14:28:00+00:00\",\"dateModified\":\"2022-10-04T23:18:34+00:00\",\"breadcrumb\":{\"@id\":\"https:\/\/www.fraczinet.cl\/sitio\/2009\/07\/09\/tertulia-dr-wladimir-sanchez-marcha-mundial-por-la-paz-y-la-no-violencia\/#breadcrumb\"},\"inLanguage\":\"es\",\"potentialAction\":[{\"@type\":\"ReadAction\",\"target\":[\"https:\/\/www.fraczinet.cl\/sitio\/2009\/07\/09\/tertulia-dr-wladimir-sanchez-marcha-mundial-por-la-paz-y-la-no-violencia\/\"]}]},{\"@type\":\"BreadcrumbList\",\"@id\":\"https:\/\/www.fraczinet.cl\/sitio\/2009\/07\/09\/tertulia-dr-wladimir-sanchez-marcha-mundial-por-la-paz-y-la-no-violencia\/#breadcrumb\",\"itemListElement\":[{\"@type\":\"ListItem\",\"position\":1,\"name\":\"Portada\",\"item\":\"https:\/\/www.fraczinet.cl\/sitio\/\"},{\"@type\":\"ListItem\",\"position\":2,\"name\":\"Tertulia \u201cDr. Wladimir S\u00e1nchez\u201d &#8211; Marcha Mundial por la Paz y la No-Violencia\"}]},{\"@type\":\"WebSite\",\"@id\":\"https:\/\/www.fraczinet.cl\/sitio\/#website\",\"url\":\"https:\/\/www.fraczinet.cl\/sitio\/\",\"name\":\"Nuestro Bio B\u00edo\",\"description\":\"Tierra de Encuentros\",\"publisher\":{\"@id\":\"https:\/\/www.fraczinet.cl\/sitio\/#\/schema\/person\/aec8ee4da68df2b9b0eefdad24a0d582\"},\"potentialAction\":[{\"@type\":\"SearchAction\",\"target\":{\"@type\":\"EntryPoint\",\"urlTemplate\":\"https:\/\/www.fraczinet.cl\/sitio\/?s={search_term_string}\"},\"query-input\":{\"@type\":\"PropertyValueSpecification\",\"valueRequired\":true,\"valueName\":\"search_term_string\"}}],\"inLanguage\":\"es\"},{\"@type\":[\"Person\",\"Organization\"],\"@id\":\"https:\/\/www.fraczinet.cl\/sitio\/#\/schema\/person\/aec8ee4da68df2b9b0eefdad24a0d582\",\"name\":\"Luis Fernando Fraczinet\",\"image\":{\"@type\":\"ImageObject\",\"inLanguage\":\"es\",\"@id\":\"https:\/\/www.fraczinet.cl\/sitio\/#\/schema\/person\/image\/\",\"url\":\"https:\/\/www.fraczinet.cl\/sitio\/wp-content\/uploads\/2021\/07\/bannerlogo-1.gif\",\"contentUrl\":\"https:\/\/www.fraczinet.cl\/sitio\/wp-content\/uploads\/2021\/07\/bannerlogo-1.gif\",\"width\":159,\"height\":79,\"caption\":\"Luis Fernando Fraczinet\"},\"logo\":{\"@id\":\"https:\/\/www.fraczinet.cl\/sitio\/#\/schema\/person\/image\/\"},\"sameAs\":[\"https:\/\/www.fraczinet.cl\/sitio\/\"]},{\"@type\":\"Person\",\"@id\":\"https:\/\/www.fraczinet.cl\/sitio\/#\/schema\/person\/bc30f98e9cb10ae7e119dbe14bc93784\",\"name\":\"admin\",\"image\":{\"@type\":\"ImageObject\",\"inLanguage\":\"es\",\"@id\":\"https:\/\/www.fraczinet.cl\/sitio\/#\/schema\/person\/image\/\",\"url\":\"https:\/\/secure.gravatar.com\/avatar\/d5ad3cf7ef3b23a2bb5be73be780c86b2fc8545c3ad6b149f3913ff458c00099?s=96&d=mm&r=g\",\"contentUrl\":\"https:\/\/secure.gravatar.com\/avatar\/d5ad3cf7ef3b23a2bb5be73be780c86b2fc8545c3ad6b149f3913ff458c00099?s=96&d=mm&r=g\",\"caption\":\"admin\"},\"sameAs\":[\"https:\/\/www.fraczinet.cl\/sitio\"]}]}<\/script>\n<!-- \/ Yoast SEO plugin. -->","yoast_head_json":{"title":"Tertulia \u201cDr. Wladimir S\u00e1nchez\u201d - Marcha Mundial por la Paz y la No-Violencia - Nuestro Bio B\u00edo","robots":{"index":"index","follow":"follow","max-snippet":"max-snippet:-1","max-image-preview":"max-image-preview:large","max-video-preview":"max-video-preview:-1"},"canonical":"https:\/\/www.fraczinet.cl\/sitio\/2009\/07\/09\/tertulia-dr-wladimir-sanchez-marcha-mundial-por-la-paz-y-la-no-violencia\/","og_locale":"es_ES","og_type":"article","og_title":"Tertulia \u201cDr. Wladimir S\u00e1nchez\u201d - Marcha Mundial por la Paz y la No-Violencia - Nuestro Bio B\u00edo","og_description":"Mario Herrera Novoa, Presidente de la Corporaci\u00f3n de Monumentos Hist\u00f3ricos Nacionales de Los \u00c1ngeles, tiene el agrado de invitar a Ud. a la Tertulia \u201cDr. Wladimir S\u00e1nchez\u201d, organizada por esta corporaci\u00f3n, que se realizar\u00e1 en el Auditorio de la Universidad Santo Tom\u00e1s, calle Lautaro 286 en la ciudad de Los \u00c1ngeles, el d\u00eda, lunes 13 [&hellip;]","og_url":"https:\/\/www.fraczinet.cl\/sitio\/2009\/07\/09\/tertulia-dr-wladimir-sanchez-marcha-mundial-por-la-paz-y-la-no-violencia\/","og_site_name":"Nuestro Bio B\u00edo","article_published_time":"2009-07-09T14:28:00+00:00","article_modified_time":"2022-10-04T23:18:34+00:00","og_image":[{"width":159,"height":79,"url":"https:\/\/www.fraczinet.cl\/sitio\/wp-content\/uploads\/2021\/07\/bannerlogo-1.gif","type":"image\/gif"}],"author":"admin","twitter_card":"summary_large_image","twitter_creator":"@nuestrobiobio","twitter_site":"@nuestrobiobio","twitter_misc":{"Escrito por":"admin","Tiempo de lectura":"1 minuto"},"schema":{"@context":"https:\/\/schema.org","@graph":[{"@type":"Article","@id":"https:\/\/www.fraczinet.cl\/sitio\/2009\/07\/09\/tertulia-dr-wladimir-sanchez-marcha-mundial-por-la-paz-y-la-no-violencia\/#article","isPartOf":{"@id":"https:\/\/www.fraczinet.cl\/sitio\/2009\/07\/09\/tertulia-dr-wladimir-sanchez-marcha-mundial-por-la-paz-y-la-no-violencia\/"},"author":{"name":"admin","@id":"https:\/\/www.fraczinet.cl\/sitio\/#\/schema\/person\/bc30f98e9cb10ae7e119dbe14bc93784"},"headline":"Tertulia \u201cDr. Wladimir S\u00e1nchez\u201d &#8211; Marcha Mundial por la Paz y la No-Violencia","datePublished":"2009-07-09T14:28:00+00:00","dateModified":"2022-10-04T23:18:34+00:00","mainEntityOfPage":{"@id":"https:\/\/www.fraczinet.cl\/sitio\/2009\/07\/09\/tertulia-dr-wladimir-sanchez-marcha-mundial-por-la-paz-y-la-no-violencia\/"},"wordCount":183,"commentCount":0,"publisher":{"@id":"https:\/\/www.fraczinet.cl\/sitio\/#\/schema\/person\/aec8ee4da68df2b9b0eefdad24a0d582"},"articleSection":["No-Violencia"],"inLanguage":"es","potentialAction":[{"@type":"CommentAction","name":"Comment","target":["https:\/\/www.fraczinet.cl\/sitio\/2009\/07\/09\/tertulia-dr-wladimir-sanchez-marcha-mundial-por-la-paz-y-la-no-violencia\/#respond"]}]},{"@type":"WebPage","@id":"https:\/\/www.fraczinet.cl\/sitio\/2009\/07\/09\/tertulia-dr-wladimir-sanchez-marcha-mundial-por-la-paz-y-la-no-violencia\/","url":"https:\/\/www.fraczinet.cl\/sitio\/2009\/07\/09\/tertulia-dr-wladimir-sanchez-marcha-mundial-por-la-paz-y-la-no-violencia\/","name":"Tertulia \u201cDr. Wladimir S\u00e1nchez\u201d - Marcha Mundial por la Paz y la No-Violencia - Nuestro Bio B\u00edo","isPartOf":{"@id":"https:\/\/www.fraczinet.cl\/sitio\/#website"},"datePublished":"2009-07-09T14:28:00+00:00","dateModified":"2022-10-04T23:18:34+00:00","breadcrumb":{"@id":"https:\/\/www.fraczinet.cl\/sitio\/2009\/07\/09\/tertulia-dr-wladimir-sanchez-marcha-mundial-por-la-paz-y-la-no-violencia\/#breadcrumb"},"inLanguage":"es","potentialAction":[{"@type":"ReadAction","target":["https:\/\/www.fraczinet.cl\/sitio\/2009\/07\/09\/tertulia-dr-wladimir-sanchez-marcha-mundial-por-la-paz-y-la-no-violencia\/"]}]},{"@type":"BreadcrumbList","@id":"https:\/\/www.fraczinet.cl\/sitio\/2009\/07\/09\/tertulia-dr-wladimir-sanchez-marcha-mundial-por-la-paz-y-la-no-violencia\/#breadcrumb","itemListElement":[{"@type":"ListItem","position":1,"name":"Portada","item":"https:\/\/www.fraczinet.cl\/sitio\/"},{"@type":"ListItem","position":2,"name":"Tertulia \u201cDr. Wladimir S\u00e1nchez\u201d &#8211; Marcha Mundial por la Paz y la No-Violencia"}]},{"@type":"WebSite","@id":"https:\/\/www.fraczinet.cl\/sitio\/#website","url":"https:\/\/www.fraczinet.cl\/sitio\/","name":"Nuestro Bio B\u00edo","description":"Tierra de Encuentros","publisher":{"@id":"https:\/\/www.fraczinet.cl\/sitio\/#\/schema\/person\/aec8ee4da68df2b9b0eefdad24a0d582"},"potentialAction":[{"@type":"SearchAction","target":{"@type":"EntryPoint","urlTemplate":"https:\/\/www.fraczinet.cl\/sitio\/?s={search_term_string}"},"query-input":{"@type":"PropertyValueSpecification","valueRequired":true,"valueName":"search_term_string"}}],"inLanguage":"es"},{"@type":["Person","Organization"],"@id":"https:\/\/www.fraczinet.cl\/sitio\/#\/schema\/person\/aec8ee4da68df2b9b0eefdad24a0d582","name":"Luis Fernando Fraczinet","image":{"@type":"ImageObject","inLanguage":"es","@id":"https:\/\/www.fraczinet.cl\/sitio\/#\/schema\/person\/image\/","url":"https:\/\/www.fraczinet.cl\/sitio\/wp-content\/uploads\/2021\/07\/bannerlogo-1.gif","contentUrl":"https:\/\/www.fraczinet.cl\/sitio\/wp-content\/uploads\/2021\/07\/bannerlogo-1.gif","width":159,"height":79,"caption":"Luis Fernando Fraczinet"},"logo":{"@id":"https:\/\/www.fraczinet.cl\/sitio\/#\/schema\/person\/image\/"},"sameAs":["https:\/\/www.fraczinet.cl\/sitio\/"]},{"@type":"Person","@id":"https:\/\/www.fraczinet.cl\/sitio\/#\/schema\/person\/bc30f98e9cb10ae7e119dbe14bc93784","name":"admin","image":{"@type":"ImageObject","inLanguage":"es","@id":"https:\/\/www.fraczinet.cl\/sitio\/#\/schema\/person\/image\/","url":"https:\/\/secure.gravatar.com\/avatar\/d5ad3cf7ef3b23a2bb5be73be780c86b2fc8545c3ad6b149f3913ff458c00099?s=96&d=mm&r=g","contentUrl":"https:\/\/secure.gravatar.com\/avatar\/d5ad3cf7ef3b23a2bb5be73be780c86b2fc8545c3ad6b149f3913ff458c00099?s=96&d=mm&r=g","caption":"admin"},"sameAs":["https:\/\/www.fraczinet.cl\/sitio"]}]}},"_links":{"self":[{"href":"https:\/\/www.fraczinet.cl\/sitio\/wp-json\/wp\/v2\/posts\/4853","targetHints":{"allow":["GET"]}}],"collection":[{"href":"https:\/\/www.fraczinet.cl\/sitio\/wp-json\/wp\/v2\/posts"}],"about":[{"href":"https:\/\/www.fraczinet.cl\/sitio\/wp-json\/wp\/v2\/types\/post"}],"author":[{"embeddable":true,"href":"https:\/\/www.fraczinet.cl\/sitio\/wp-json\/wp\/v2\/users\/1"}],"replies":[{"embeddable":true,"href":"https:\/\/www.fraczinet.cl\/sitio\/wp-json\/wp\/v2\/comments?post=4853"}],"version-history":[{"count":1,"href":"https:\/\/www.fraczinet.cl\/sitio\/wp-json\/wp\/v2\/posts\/4853\/revisions"}],"predecessor-version":[{"id":13957,"href":"https:\/\/www.fraczinet.cl\/sitio\/wp-json\/wp\/v2\/posts\/4853\/revisions\/13957"}],"wp:attachment":[{"href":"https:\/\/www.fraczinet.cl\/sitio\/wp-json\/wp\/v2\/media?parent=4853"}],"wp:term":[{"taxonomy":"category","embeddable":true,"href":"https:\/\/www.fraczinet.cl\/sitio\/wp-json\/wp\/v2\/categories?post=4853"},{"taxonomy":"post_tag","embeddable":true,"href":"https:\/\/www.fraczinet.cl\/sitio\/wp-json\/wp\/v2\/tags?post=4853"}],"curies":[{"name":"wp","href":"https:\/\/api.w.org\/{rel}","templated":true}]}}