{"id":4869,"date":"2009-07-01T19:24:00","date_gmt":"2009-07-01T19:24:00","guid":{"rendered":"https:\/\/www.fraczinet.cl\/sitio\/2009\/07\/01\/ballet-argentino-dirigido-por-ricky-pashkus-y-julio-bocca-junto-a-la-orquesta-sinfonica\/"},"modified":"2022-10-05T23:14:10","modified_gmt":"2022-10-05T23:14:10","slug":"ballet-argentino-dirigido-por-ricky-pashkus-y-julio-bocca-junto-a-la-orquesta-sinfonica","status":"publish","type":"post","link":"https:\/\/www.fraczinet.cl\/sitio\/2009\/07\/01\/ballet-argentino-dirigido-por-ricky-pashkus-y-julio-bocca-junto-a-la-orquesta-sinfonica\/","title":{"rendered":"Ballet Argentino Dirigido por Ricky Pashkus y Julio Bocca Junto a la Orquesta Sinf\u00f3nica"},"content":{"rendered":"<div style=\"text-align: justify;\">Un ballet creado por uno de los m\u00e1s importantes bailarines del mundo y el acompa\u00f1amiento de la Orquesta Sinf\u00f3nica de la Universidad de Concepci\u00f3n, le dan vida a la pr\u00f3xima Temporada de Danza de la Corporaci\u00f3n Cultural Universidad de Concepci\u00f3n. Sin duda, un espect\u00e1culo \u00fanico es el que se podr\u00e1 apreciar en Concepci\u00f3n, con la visita a nuestra ciudad por primera vez del Ballet Argentino que presenta la Fundaci\u00f3n Julio Bocca.<\/div>\n<div style=\"text-align: justify;\"><\/div>\n<div style=\"text-align: justify;\">Este montaje es parte de la Temporada de Danza 2009 de la Corporaci\u00f3n Cultural de la Universidad de Concepci\u00f3n y se realizar\u00e1 en tres funciones, los d\u00edas 9, 10 y 11 de julio a las 20 horas en el Teatro UdeC, bajo la direcci\u00f3n general del maestro argentino Carlos Calleja.<\/div>\n<div style=\"text-align: justify;\"><\/div>\n<div style=\"text-align: justify;\">El Ballet Argentino nace en Mar de Plata en 1990. Desde entonces han actuado pr\u00e1cticamente sin interrupciones en los teatros y \u00f3peras m\u00e1s importantes de los cinco continentes, entre ellos en el City Center Theatre y en el Joyce Theatre, de Nueva York; adem\u00e1s de presentaciones en la \u00d3pera de Par\u00eds, en el Mariinski (antiguo Kirov) de Leningrado y de ser la primera compa\u00f1\u00eda extranjera en actuar en el Palacio Hermitage de San Petersburgo. <\/div>\n<div style=\"text-align: justify;\"><\/div>\n<div style=\"text-align: justify;\">Se define como una muestra de la capacidad art\u00edstica y la excelencia de los bailarines argentinos, las que se mantienen a trav\u00e9s de los a\u00f1os gracias a la r\u00edgida selecci\u00f3n de j\u00f3venes bailarines, reclutados en estrictas audiciones en toda Argentina. Desde 1997, Ricky Pashkus y Julio Bocca son sus directores.<\/div>\n<div style=\"text-align: justify;\"><\/div>\n<div style=\"text-align: justify;\">Junto a esto, el Ballet Argentino se ha transformado en una importante escuela, ya que m\u00e1s de cien bailarines que comenzaron con la compa\u00f1\u00eda est\u00e1n actuando en distintos teatros de Argentina Europa y Am\u00e9rica. <\/div>\n<div style=\"text-align: justify;\"><\/div>\n<div style=\"text-align: justify;\">A Concepci\u00f3n, vienen especialmente tra\u00eddos por la Corporaci\u00f3n Cultural de la Universidad de Concepci\u00f3n a presentar el montaje CL\u00c1SICOS y otro de corte popular y contempor\u00e1neo denominado PERFUMES, con esencias de Tango, Vals, Jazz y Bolero, y con sus dos principales figuras: Eleonora Cassano y Cecilia Figaredo, entre otros bailarines. Se trata de un nuevo espect\u00e1culo que contar\u00e1 al comienzo con una obertura de El Lago de los Cisnes, de P.I.Tchaikovsky, a cargo de la Orquesta Sinf\u00f3nica de la Universidad de Concepci\u00f3n. Luego vendr\u00e1 el turno del montaje Cl\u00e1sicos, del Ballet Argentino de la Fundaci\u00f3n Julio Bocca, que realizar\u00e1 una serie de Pas de Deux (paso a dos, donde una pareja de bailarines ejecutan los pasos) con las obras Corsario; Diana y Acte\u00f3n; y Don Quijote, e interpretadas por la orquesta sinf\u00f3nica. En la segunda parte, El Ballet Argentino presentar\u00e1 el montaje Perfumes, de la destacada core\u00f3grafa argentina Ana Stekelman. Se trata de una fusi\u00f3n de ritmos y estilos tan dis\u00edmiles como el tango tradicional y el de vanguardia, el vals de Strauss y el bolero, con lo m\u00e1s depurado de la danza contempor\u00e1nea. <\/div>\n<div style=\"text-align: justify;\"><\/div>\n<div style=\"text-align: justify;\">La direcci\u00f3n general de este montaje es de Carlos Calleja, director argentino que desde fines de 2002 es director titular de la Orquesta Acad\u00e9mica del Teatro Col\u00f3n. Fue director titular de la Orquesta Sinf\u00f3nica de la Municipalidad de Avellaneda y director adjunto de la Orquesta Juvenil de Radio Nacional, desempe\u00f1\u00e1ndose tambi\u00e9n al frente de las principales orquestas de interior del pa\u00eds, as\u00ed como de Brasil, Cuba y Chile. Como compositor, ha escrito obras corales, orquestales y sinf\u00f3nico-corales.<\/div>\n<div style=\"text-align: justify;\"><\/div>\n<div style=\"text-align: justify;\">El Ballet Argentino junto a la Orquesta Sinf\u00f3nica Universidad de Concepci\u00f3n se presentan en la Temporada de Danza 2009. Las funciones ser\u00e1n el 9, 10 y 11 de Julio a las 20 horas en el Teatro UdeC. Entradas en venta en Boleter\u00eda. General $15000; convenios $10000; balc\u00f3n $5000; estudiantes $5000.<\/div>\n<p><\/p>\n","protected":false},"excerpt":{"rendered":"<p>Un ballet creado por uno de los m\u00e1s importantes bailarines del mundo y el acompa\u00f1amiento de la Orquesta Sinf\u00f3nica de la Universidad de Concepci\u00f3n, le dan vida a la pr\u00f3xima Temporada de Danza de la Corporaci\u00f3n Cultural Universidad de Concepci\u00f3n. Sin duda, un espect\u00e1culo \u00fanico es el que se podr\u00e1 apreciar en Concepci\u00f3n, con la [&hellip;]<\/p>\n","protected":false},"author":1,"featured_media":0,"comment_status":"open","ping_status":"open","sticky":false,"template":"","format":"standard","meta":{"footnotes":""},"categories":[212],"tags":[],"class_list":["post-4869","post","type-post","status-publish","format-standard","hentry","category-danza"],"yoast_head":"<!-- This site is optimized with the Yoast SEO plugin v25.0 - https:\/\/yoast.com\/wordpress\/plugins\/seo\/ -->\n<title>Ballet Argentino Dirigido por Ricky Pashkus y Julio Bocca Junto a la Orquesta Sinf\u00f3nica - Nuestro Bio B\u00edo<\/title>\n<meta name=\"robots\" content=\"index, follow, max-snippet:-1, max-image-preview:large, max-video-preview:-1\" \/>\n<link rel=\"canonical\" href=\"https:\/\/www.fraczinet.cl\/sitio\/2009\/07\/01\/ballet-argentino-dirigido-por-ricky-pashkus-y-julio-bocca-junto-a-la-orquesta-sinfonica\/\" \/>\n<meta property=\"og:locale\" content=\"es_ES\" \/>\n<meta property=\"og:type\" content=\"article\" \/>\n<meta property=\"og:title\" content=\"Ballet Argentino Dirigido por Ricky Pashkus y Julio Bocca Junto a la Orquesta Sinf\u00f3nica - Nuestro Bio B\u00edo\" \/>\n<meta property=\"og:description\" content=\"Un ballet creado por uno de los m\u00e1s importantes bailarines del mundo y el acompa\u00f1amiento de la Orquesta Sinf\u00f3nica de la Universidad de Concepci\u00f3n, le dan vida a la pr\u00f3xima Temporada de Danza de la Corporaci\u00f3n Cultural Universidad de Concepci\u00f3n. Sin duda, un espect\u00e1culo \u00fanico es el que se podr\u00e1 apreciar en Concepci\u00f3n, con la [&hellip;]\" \/>\n<meta property=\"og:url\" content=\"https:\/\/www.fraczinet.cl\/sitio\/2009\/07\/01\/ballet-argentino-dirigido-por-ricky-pashkus-y-julio-bocca-junto-a-la-orquesta-sinfonica\/\" \/>\n<meta property=\"og:site_name\" content=\"Nuestro Bio B\u00edo\" \/>\n<meta property=\"article:published_time\" content=\"2009-07-01T19:24:00+00:00\" \/>\n<meta property=\"article:modified_time\" content=\"2022-10-05T23:14:10+00:00\" \/>\n<meta property=\"og:image\" content=\"https:\/\/www.fraczinet.cl\/sitio\/wp-content\/uploads\/2021\/07\/bannerlogo-1.gif\" \/>\n\t<meta property=\"og:image:width\" content=\"159\" \/>\n\t<meta property=\"og:image:height\" content=\"79\" \/>\n\t<meta property=\"og:image:type\" content=\"image\/gif\" \/>\n<meta name=\"author\" content=\"admin\" \/>\n<meta name=\"twitter:card\" content=\"summary_large_image\" \/>\n<meta name=\"twitter:creator\" content=\"@nuestrobiobio\" \/>\n<meta name=\"twitter:site\" content=\"@nuestrobiobio\" \/>\n<meta name=\"twitter:label1\" content=\"Escrito por\" \/>\n\t<meta name=\"twitter:data1\" content=\"admin\" \/>\n\t<meta name=\"twitter:label2\" content=\"Tiempo de lectura\" \/>\n\t<meta name=\"twitter:data2\" content=\"3 minutos\" \/>\n<script type=\"application\/ld+json\" class=\"yoast-schema-graph\">{\"@context\":\"https:\/\/schema.org\",\"@graph\":[{\"@type\":\"Article\",\"@id\":\"https:\/\/www.fraczinet.cl\/sitio\/2009\/07\/01\/ballet-argentino-dirigido-por-ricky-pashkus-y-julio-bocca-junto-a-la-orquesta-sinfonica\/#article\",\"isPartOf\":{\"@id\":\"https:\/\/www.fraczinet.cl\/sitio\/2009\/07\/01\/ballet-argentino-dirigido-por-ricky-pashkus-y-julio-bocca-junto-a-la-orquesta-sinfonica\/\"},\"author\":{\"name\":\"admin\",\"@id\":\"https:\/\/www.fraczinet.cl\/sitio\/#\/schema\/person\/bc30f98e9cb10ae7e119dbe14bc93784\"},\"headline\":\"Ballet Argentino Dirigido por Ricky Pashkus y Julio Bocca Junto a la Orquesta Sinf\u00f3nica\",\"datePublished\":\"2009-07-01T19:24:00+00:00\",\"dateModified\":\"2022-10-05T23:14:10+00:00\",\"mainEntityOfPage\":{\"@id\":\"https:\/\/www.fraczinet.cl\/sitio\/2009\/07\/01\/ballet-argentino-dirigido-por-ricky-pashkus-y-julio-bocca-junto-a-la-orquesta-sinfonica\/\"},\"wordCount\":650,\"commentCount\":0,\"publisher\":{\"@id\":\"https:\/\/www.fraczinet.cl\/sitio\/#\/schema\/person\/aec8ee4da68df2b9b0eefdad24a0d582\"},\"articleSection\":[\"Danza\"],\"inLanguage\":\"es\",\"potentialAction\":[{\"@type\":\"CommentAction\",\"name\":\"Comment\",\"target\":[\"https:\/\/www.fraczinet.cl\/sitio\/2009\/07\/01\/ballet-argentino-dirigido-por-ricky-pashkus-y-julio-bocca-junto-a-la-orquesta-sinfonica\/#respond\"]}]},{\"@type\":\"WebPage\",\"@id\":\"https:\/\/www.fraczinet.cl\/sitio\/2009\/07\/01\/ballet-argentino-dirigido-por-ricky-pashkus-y-julio-bocca-junto-a-la-orquesta-sinfonica\/\",\"url\":\"https:\/\/www.fraczinet.cl\/sitio\/2009\/07\/01\/ballet-argentino-dirigido-por-ricky-pashkus-y-julio-bocca-junto-a-la-orquesta-sinfonica\/\",\"name\":\"Ballet Argentino Dirigido por Ricky Pashkus y Julio Bocca Junto a la Orquesta Sinf\u00f3nica - Nuestro Bio B\u00edo\",\"isPartOf\":{\"@id\":\"https:\/\/www.fraczinet.cl\/sitio\/#website\"},\"datePublished\":\"2009-07-01T19:24:00+00:00\",\"dateModified\":\"2022-10-05T23:14:10+00:00\",\"breadcrumb\":{\"@id\":\"https:\/\/www.fraczinet.cl\/sitio\/2009\/07\/01\/ballet-argentino-dirigido-por-ricky-pashkus-y-julio-bocca-junto-a-la-orquesta-sinfonica\/#breadcrumb\"},\"inLanguage\":\"es\",\"potentialAction\":[{\"@type\":\"ReadAction\",\"target\":[\"https:\/\/www.fraczinet.cl\/sitio\/2009\/07\/01\/ballet-argentino-dirigido-por-ricky-pashkus-y-julio-bocca-junto-a-la-orquesta-sinfonica\/\"]}]},{\"@type\":\"BreadcrumbList\",\"@id\":\"https:\/\/www.fraczinet.cl\/sitio\/2009\/07\/01\/ballet-argentino-dirigido-por-ricky-pashkus-y-julio-bocca-junto-a-la-orquesta-sinfonica\/#breadcrumb\",\"itemListElement\":[{\"@type\":\"ListItem\",\"position\":1,\"name\":\"Portada\",\"item\":\"https:\/\/www.fraczinet.cl\/sitio\/\"},{\"@type\":\"ListItem\",\"position\":2,\"name\":\"Ballet Argentino Dirigido por Ricky Pashkus y Julio Bocca Junto a la Orquesta Sinf\u00f3nica\"}]},{\"@type\":\"WebSite\",\"@id\":\"https:\/\/www.fraczinet.cl\/sitio\/#website\",\"url\":\"https:\/\/www.fraczinet.cl\/sitio\/\",\"name\":\"Nuestro Bio B\u00edo\",\"description\":\"Tierra de Encuentros\",\"publisher\":{\"@id\":\"https:\/\/www.fraczinet.cl\/sitio\/#\/schema\/person\/aec8ee4da68df2b9b0eefdad24a0d582\"},\"potentialAction\":[{\"@type\":\"SearchAction\",\"target\":{\"@type\":\"EntryPoint\",\"urlTemplate\":\"https:\/\/www.fraczinet.cl\/sitio\/?s={search_term_string}\"},\"query-input\":{\"@type\":\"PropertyValueSpecification\",\"valueRequired\":true,\"valueName\":\"search_term_string\"}}],\"inLanguage\":\"es\"},{\"@type\":[\"Person\",\"Organization\"],\"@id\":\"https:\/\/www.fraczinet.cl\/sitio\/#\/schema\/person\/aec8ee4da68df2b9b0eefdad24a0d582\",\"name\":\"Luis Fernando Fraczinet\",\"image\":{\"@type\":\"ImageObject\",\"inLanguage\":\"es\",\"@id\":\"https:\/\/www.fraczinet.cl\/sitio\/#\/schema\/person\/image\/\",\"url\":\"https:\/\/www.fraczinet.cl\/sitio\/wp-content\/uploads\/2021\/07\/bannerlogo-1.gif\",\"contentUrl\":\"https:\/\/www.fraczinet.cl\/sitio\/wp-content\/uploads\/2021\/07\/bannerlogo-1.gif\",\"width\":159,\"height\":79,\"caption\":\"Luis Fernando Fraczinet\"},\"logo\":{\"@id\":\"https:\/\/www.fraczinet.cl\/sitio\/#\/schema\/person\/image\/\"},\"sameAs\":[\"https:\/\/www.fraczinet.cl\/sitio\/\"]},{\"@type\":\"Person\",\"@id\":\"https:\/\/www.fraczinet.cl\/sitio\/#\/schema\/person\/bc30f98e9cb10ae7e119dbe14bc93784\",\"name\":\"admin\",\"image\":{\"@type\":\"ImageObject\",\"inLanguage\":\"es\",\"@id\":\"https:\/\/www.fraczinet.cl\/sitio\/#\/schema\/person\/image\/\",\"url\":\"https:\/\/secure.gravatar.com\/avatar\/d5ad3cf7ef3b23a2bb5be73be780c86b2fc8545c3ad6b149f3913ff458c00099?s=96&d=mm&r=g\",\"contentUrl\":\"https:\/\/secure.gravatar.com\/avatar\/d5ad3cf7ef3b23a2bb5be73be780c86b2fc8545c3ad6b149f3913ff458c00099?s=96&d=mm&r=g\",\"caption\":\"admin\"},\"sameAs\":[\"https:\/\/www.fraczinet.cl\/sitio\"]}]}<\/script>\n<!-- \/ Yoast SEO plugin. -->","yoast_head_json":{"title":"Ballet Argentino Dirigido por Ricky Pashkus y Julio Bocca Junto a la Orquesta Sinf\u00f3nica - Nuestro Bio B\u00edo","robots":{"index":"index","follow":"follow","max-snippet":"max-snippet:-1","max-image-preview":"max-image-preview:large","max-video-preview":"max-video-preview:-1"},"canonical":"https:\/\/www.fraczinet.cl\/sitio\/2009\/07\/01\/ballet-argentino-dirigido-por-ricky-pashkus-y-julio-bocca-junto-a-la-orquesta-sinfonica\/","og_locale":"es_ES","og_type":"article","og_title":"Ballet Argentino Dirigido por Ricky Pashkus y Julio Bocca Junto a la Orquesta Sinf\u00f3nica - Nuestro Bio B\u00edo","og_description":"Un ballet creado por uno de los m\u00e1s importantes bailarines del mundo y el acompa\u00f1amiento de la Orquesta Sinf\u00f3nica de la Universidad de Concepci\u00f3n, le dan vida a la pr\u00f3xima Temporada de Danza de la Corporaci\u00f3n Cultural Universidad de Concepci\u00f3n. Sin duda, un espect\u00e1culo \u00fanico es el que se podr\u00e1 apreciar en Concepci\u00f3n, con la [&hellip;]","og_url":"https:\/\/www.fraczinet.cl\/sitio\/2009\/07\/01\/ballet-argentino-dirigido-por-ricky-pashkus-y-julio-bocca-junto-a-la-orquesta-sinfonica\/","og_site_name":"Nuestro Bio B\u00edo","article_published_time":"2009-07-01T19:24:00+00:00","article_modified_time":"2022-10-05T23:14:10+00:00","og_image":[{"width":159,"height":79,"url":"https:\/\/www.fraczinet.cl\/sitio\/wp-content\/uploads\/2021\/07\/bannerlogo-1.gif","type":"image\/gif"}],"author":"admin","twitter_card":"summary_large_image","twitter_creator":"@nuestrobiobio","twitter_site":"@nuestrobiobio","twitter_misc":{"Escrito por":"admin","Tiempo de lectura":"3 minutos"},"schema":{"@context":"https:\/\/schema.org","@graph":[{"@type":"Article","@id":"https:\/\/www.fraczinet.cl\/sitio\/2009\/07\/01\/ballet-argentino-dirigido-por-ricky-pashkus-y-julio-bocca-junto-a-la-orquesta-sinfonica\/#article","isPartOf":{"@id":"https:\/\/www.fraczinet.cl\/sitio\/2009\/07\/01\/ballet-argentino-dirigido-por-ricky-pashkus-y-julio-bocca-junto-a-la-orquesta-sinfonica\/"},"author":{"name":"admin","@id":"https:\/\/www.fraczinet.cl\/sitio\/#\/schema\/person\/bc30f98e9cb10ae7e119dbe14bc93784"},"headline":"Ballet Argentino Dirigido por Ricky Pashkus y Julio Bocca Junto a la Orquesta Sinf\u00f3nica","datePublished":"2009-07-01T19:24:00+00:00","dateModified":"2022-10-05T23:14:10+00:00","mainEntityOfPage":{"@id":"https:\/\/www.fraczinet.cl\/sitio\/2009\/07\/01\/ballet-argentino-dirigido-por-ricky-pashkus-y-julio-bocca-junto-a-la-orquesta-sinfonica\/"},"wordCount":650,"commentCount":0,"publisher":{"@id":"https:\/\/www.fraczinet.cl\/sitio\/#\/schema\/person\/aec8ee4da68df2b9b0eefdad24a0d582"},"articleSection":["Danza"],"inLanguage":"es","potentialAction":[{"@type":"CommentAction","name":"Comment","target":["https:\/\/www.fraczinet.cl\/sitio\/2009\/07\/01\/ballet-argentino-dirigido-por-ricky-pashkus-y-julio-bocca-junto-a-la-orquesta-sinfonica\/#respond"]}]},{"@type":"WebPage","@id":"https:\/\/www.fraczinet.cl\/sitio\/2009\/07\/01\/ballet-argentino-dirigido-por-ricky-pashkus-y-julio-bocca-junto-a-la-orquesta-sinfonica\/","url":"https:\/\/www.fraczinet.cl\/sitio\/2009\/07\/01\/ballet-argentino-dirigido-por-ricky-pashkus-y-julio-bocca-junto-a-la-orquesta-sinfonica\/","name":"Ballet Argentino Dirigido por Ricky Pashkus y Julio Bocca Junto a la Orquesta Sinf\u00f3nica - Nuestro Bio B\u00edo","isPartOf":{"@id":"https:\/\/www.fraczinet.cl\/sitio\/#website"},"datePublished":"2009-07-01T19:24:00+00:00","dateModified":"2022-10-05T23:14:10+00:00","breadcrumb":{"@id":"https:\/\/www.fraczinet.cl\/sitio\/2009\/07\/01\/ballet-argentino-dirigido-por-ricky-pashkus-y-julio-bocca-junto-a-la-orquesta-sinfonica\/#breadcrumb"},"inLanguage":"es","potentialAction":[{"@type":"ReadAction","target":["https:\/\/www.fraczinet.cl\/sitio\/2009\/07\/01\/ballet-argentino-dirigido-por-ricky-pashkus-y-julio-bocca-junto-a-la-orquesta-sinfonica\/"]}]},{"@type":"BreadcrumbList","@id":"https:\/\/www.fraczinet.cl\/sitio\/2009\/07\/01\/ballet-argentino-dirigido-por-ricky-pashkus-y-julio-bocca-junto-a-la-orquesta-sinfonica\/#breadcrumb","itemListElement":[{"@type":"ListItem","position":1,"name":"Portada","item":"https:\/\/www.fraczinet.cl\/sitio\/"},{"@type":"ListItem","position":2,"name":"Ballet Argentino Dirigido por Ricky Pashkus y Julio Bocca Junto a la Orquesta Sinf\u00f3nica"}]},{"@type":"WebSite","@id":"https:\/\/www.fraczinet.cl\/sitio\/#website","url":"https:\/\/www.fraczinet.cl\/sitio\/","name":"Nuestro Bio B\u00edo","description":"Tierra de Encuentros","publisher":{"@id":"https:\/\/www.fraczinet.cl\/sitio\/#\/schema\/person\/aec8ee4da68df2b9b0eefdad24a0d582"},"potentialAction":[{"@type":"SearchAction","target":{"@type":"EntryPoint","urlTemplate":"https:\/\/www.fraczinet.cl\/sitio\/?s={search_term_string}"},"query-input":{"@type":"PropertyValueSpecification","valueRequired":true,"valueName":"search_term_string"}}],"inLanguage":"es"},{"@type":["Person","Organization"],"@id":"https:\/\/www.fraczinet.cl\/sitio\/#\/schema\/person\/aec8ee4da68df2b9b0eefdad24a0d582","name":"Luis Fernando Fraczinet","image":{"@type":"ImageObject","inLanguage":"es","@id":"https:\/\/www.fraczinet.cl\/sitio\/#\/schema\/person\/image\/","url":"https:\/\/www.fraczinet.cl\/sitio\/wp-content\/uploads\/2021\/07\/bannerlogo-1.gif","contentUrl":"https:\/\/www.fraczinet.cl\/sitio\/wp-content\/uploads\/2021\/07\/bannerlogo-1.gif","width":159,"height":79,"caption":"Luis Fernando Fraczinet"},"logo":{"@id":"https:\/\/www.fraczinet.cl\/sitio\/#\/schema\/person\/image\/"},"sameAs":["https:\/\/www.fraczinet.cl\/sitio\/"]},{"@type":"Person","@id":"https:\/\/www.fraczinet.cl\/sitio\/#\/schema\/person\/bc30f98e9cb10ae7e119dbe14bc93784","name":"admin","image":{"@type":"ImageObject","inLanguage":"es","@id":"https:\/\/www.fraczinet.cl\/sitio\/#\/schema\/person\/image\/","url":"https:\/\/secure.gravatar.com\/avatar\/d5ad3cf7ef3b23a2bb5be73be780c86b2fc8545c3ad6b149f3913ff458c00099?s=96&d=mm&r=g","contentUrl":"https:\/\/secure.gravatar.com\/avatar\/d5ad3cf7ef3b23a2bb5be73be780c86b2fc8545c3ad6b149f3913ff458c00099?s=96&d=mm&r=g","caption":"admin"},"sameAs":["https:\/\/www.fraczinet.cl\/sitio"]}]}},"_links":{"self":[{"href":"https:\/\/www.fraczinet.cl\/sitio\/wp-json\/wp\/v2\/posts\/4869","targetHints":{"allow":["GET"]}}],"collection":[{"href":"https:\/\/www.fraczinet.cl\/sitio\/wp-json\/wp\/v2\/posts"}],"about":[{"href":"https:\/\/www.fraczinet.cl\/sitio\/wp-json\/wp\/v2\/types\/post"}],"author":[{"embeddable":true,"href":"https:\/\/www.fraczinet.cl\/sitio\/wp-json\/wp\/v2\/users\/1"}],"replies":[{"embeddable":true,"href":"https:\/\/www.fraczinet.cl\/sitio\/wp-json\/wp\/v2\/comments?post=4869"}],"version-history":[{"count":1,"href":"https:\/\/www.fraczinet.cl\/sitio\/wp-json\/wp\/v2\/posts\/4869\/revisions"}],"predecessor-version":[{"id":14150,"href":"https:\/\/www.fraczinet.cl\/sitio\/wp-json\/wp\/v2\/posts\/4869\/revisions\/14150"}],"wp:attachment":[{"href":"https:\/\/www.fraczinet.cl\/sitio\/wp-json\/wp\/v2\/media?parent=4869"}],"wp:term":[{"taxonomy":"category","embeddable":true,"href":"https:\/\/www.fraczinet.cl\/sitio\/wp-json\/wp\/v2\/categories?post=4869"},{"taxonomy":"post_tag","embeddable":true,"href":"https:\/\/www.fraczinet.cl\/sitio\/wp-json\/wp\/v2\/tags?post=4869"}],"curies":[{"name":"wp","href":"https:\/\/api.w.org\/{rel}","templated":true}]}}