{"id":4876,"date":"2009-06-29T03:24:00","date_gmt":"2009-06-29T03:24:00","guid":{"rendered":"https:\/\/www.fraczinet.cl\/sitio\/2009\/06\/29\/el-agua-no-detuvo-la-fiesta-de-san-juan\/"},"modified":"2009-06-29T03:24:00","modified_gmt":"2009-06-29T03:24:00","slug":"el-agua-no-detuvo-la-fiesta-de-san-juan","status":"publish","type":"post","link":"https:\/\/www.fraczinet.cl\/sitio\/2009\/06\/29\/el-agua-no-detuvo-la-fiesta-de-san-juan\/","title":{"rendered":"El Agua No detuvo la Fiesta de San Juan"},"content":{"rendered":"<div style=\"text-align: justify;\">A pesar del frente de mal tiempo, miles de personas llegaron a hasta la localidad de Rere para degustar de su Estofado de San Juan. <\/div>\n<div style=\"text-align: justify;\"><\/div>\n<div style=\"text-align: justify;\">Alrededor de 5 mil personas llegaron a Rere entre s\u00e1bado y domingo, para asistir al Estofado de San Juan. Aprovecharon la promoci\u00f3n con el recorrido de ferrocarriles, o bien se acomodaron en los buses o veh\u00edculos, y tomaron el viaje como toda una experiencia con la familia.<\/div>\n<div style=\"text-align: justify;\"><\/div>\n<div style=\"text-align: justify;\">En la d\u00e9cima versi\u00f3n del Estofado de San Juan en Rere se ampli\u00f3 la carpa, teniendo este a\u00f1o 20&#215;65 metros, por lo que tambi\u00e9n stand, superando los 30 puestos, para recibir a los turistas que en delegaciones, desde puntos tan lejanos como Arica, Santiago, y otras ciudades del pa\u00eds, los que probaron el famoso guiso, que contiene al menos 5 tipos de carnes, y se cocina a fuego lento en olletas de fierro fundido, como se hac\u00eda en la colonia.<\/div>\n<div style=\"text-align: justify;\"><\/div>\n<div style=\"text-align: justify;\">Pero la gastronom\u00eda local se acompa\u00f1\u00f3 de m\u00fasica folcl\u00f3rica, y un show art\u00edstico que se extiendi\u00f3 durante toda la tarde, haiendo bailar a todos los visitantes con el ritmo de los Super Charros al caer la tarde del s\u00e1bado. Junto a esto se gener\u00f3 un espacio s\u00f3lo para ni\u00f1os, con actividades recreativas pensadas para ellos. Tambi\u00e9n se realizaron circuitos tur\u00edsticos por la localidad que incluye las m\u00edticas campanas confeccionadas en aleaci\u00f3n de oro, la parroquia que guarda la historia del Padre Mayoral, y el Museo que conserva los objetos heredados del esplendor del pasado.<\/div>\n<div style=\"text-align: justify;\"><\/div>\n<p><\/p>\n","protected":false},"excerpt":{"rendered":"<p>A pesar del frente de mal tiempo, miles de personas llegaron a hasta la localidad de Rere para degustar de su Estofado de San Juan. Alrededor de 5 mil personas llegaron a Rere entre s\u00e1bado y domingo, para asistir al Estofado de San Juan. Aprovecharon la promoci\u00f3n con el recorrido de ferrocarriles, o bien se [&hellip;]<\/p>\n","protected":false},"author":1,"featured_media":0,"comment_status":"open","ping_status":"open","sticky":false,"template":"","format":"standard","meta":{"footnotes":""},"categories":[7,109],"tags":[],"class_list":["post-4876","post","type-post","status-publish","format-standard","hentry","category-fiestas-y-tradiciones","category-yumbel"],"yoast_head":"<!-- This site is optimized with the Yoast SEO plugin v25.0 - https:\/\/yoast.com\/wordpress\/plugins\/seo\/ -->\n<title>El Agua No detuvo la Fiesta de San Juan - Nuestro Bio B\u00edo<\/title>\n<meta name=\"robots\" content=\"index, follow, max-snippet:-1, max-image-preview:large, max-video-preview:-1\" \/>\n<link rel=\"canonical\" href=\"https:\/\/www.fraczinet.cl\/sitio\/2009\/06\/29\/el-agua-no-detuvo-la-fiesta-de-san-juan\/\" \/>\n<meta property=\"og:locale\" content=\"es_ES\" \/>\n<meta property=\"og:type\" content=\"article\" \/>\n<meta property=\"og:title\" content=\"El Agua No detuvo la Fiesta de San Juan - Nuestro Bio B\u00edo\" \/>\n<meta property=\"og:description\" content=\"A pesar del frente de mal tiempo, miles de personas llegaron a hasta la localidad de Rere para degustar de su Estofado de San Juan. Alrededor de 5 mil personas llegaron a Rere entre s\u00e1bado y domingo, para asistir al Estofado de San Juan. Aprovecharon la promoci\u00f3n con el recorrido de ferrocarriles, o bien se [&hellip;]\" \/>\n<meta property=\"og:url\" content=\"https:\/\/www.fraczinet.cl\/sitio\/2009\/06\/29\/el-agua-no-detuvo-la-fiesta-de-san-juan\/\" \/>\n<meta property=\"og:site_name\" content=\"Nuestro Bio B\u00edo\" \/>\n<meta property=\"article:published_time\" content=\"2009-06-29T03:24:00+00:00\" \/>\n<meta property=\"og:image\" content=\"https:\/\/www.fraczinet.cl\/sitio\/wp-content\/uploads\/2021\/07\/bannerlogo-1.gif\" \/>\n\t<meta property=\"og:image:width\" content=\"159\" \/>\n\t<meta property=\"og:image:height\" content=\"79\" \/>\n\t<meta property=\"og:image:type\" content=\"image\/gif\" \/>\n<meta name=\"author\" content=\"admin\" \/>\n<meta name=\"twitter:card\" content=\"summary_large_image\" \/>\n<meta name=\"twitter:creator\" content=\"@nuestrobiobio\" \/>\n<meta name=\"twitter:site\" content=\"@nuestrobiobio\" \/>\n<meta name=\"twitter:label1\" content=\"Escrito por\" \/>\n\t<meta name=\"twitter:data1\" content=\"admin\" \/>\n\t<meta name=\"twitter:label2\" content=\"Tiempo de lectura\" \/>\n\t<meta name=\"twitter:data2\" content=\"1 minuto\" \/>\n<script type=\"application\/ld+json\" class=\"yoast-schema-graph\">{\"@context\":\"https:\/\/schema.org\",\"@graph\":[{\"@type\":\"Article\",\"@id\":\"https:\/\/www.fraczinet.cl\/sitio\/2009\/06\/29\/el-agua-no-detuvo-la-fiesta-de-san-juan\/#article\",\"isPartOf\":{\"@id\":\"https:\/\/www.fraczinet.cl\/sitio\/2009\/06\/29\/el-agua-no-detuvo-la-fiesta-de-san-juan\/\"},\"author\":{\"name\":\"admin\",\"@id\":\"https:\/\/www.fraczinet.cl\/sitio\/#\/schema\/person\/bc30f98e9cb10ae7e119dbe14bc93784\"},\"headline\":\"El Agua No detuvo la Fiesta de San Juan\",\"datePublished\":\"2009-06-29T03:24:00+00:00\",\"mainEntityOfPage\":{\"@id\":\"https:\/\/www.fraczinet.cl\/sitio\/2009\/06\/29\/el-agua-no-detuvo-la-fiesta-de-san-juan\/\"},\"wordCount\":272,\"commentCount\":0,\"publisher\":{\"@id\":\"https:\/\/www.fraczinet.cl\/sitio\/#\/schema\/person\/aec8ee4da68df2b9b0eefdad24a0d582\"},\"articleSection\":[\"Fiestas y Tradiciones\",\"Yumbel\"],\"inLanguage\":\"es\",\"potentialAction\":[{\"@type\":\"CommentAction\",\"name\":\"Comment\",\"target\":[\"https:\/\/www.fraczinet.cl\/sitio\/2009\/06\/29\/el-agua-no-detuvo-la-fiesta-de-san-juan\/#respond\"]}]},{\"@type\":\"WebPage\",\"@id\":\"https:\/\/www.fraczinet.cl\/sitio\/2009\/06\/29\/el-agua-no-detuvo-la-fiesta-de-san-juan\/\",\"url\":\"https:\/\/www.fraczinet.cl\/sitio\/2009\/06\/29\/el-agua-no-detuvo-la-fiesta-de-san-juan\/\",\"name\":\"El Agua No detuvo la Fiesta de San Juan - Nuestro Bio B\u00edo\",\"isPartOf\":{\"@id\":\"https:\/\/www.fraczinet.cl\/sitio\/#website\"},\"datePublished\":\"2009-06-29T03:24:00+00:00\",\"breadcrumb\":{\"@id\":\"https:\/\/www.fraczinet.cl\/sitio\/2009\/06\/29\/el-agua-no-detuvo-la-fiesta-de-san-juan\/#breadcrumb\"},\"inLanguage\":\"es\",\"potentialAction\":[{\"@type\":\"ReadAction\",\"target\":[\"https:\/\/www.fraczinet.cl\/sitio\/2009\/06\/29\/el-agua-no-detuvo-la-fiesta-de-san-juan\/\"]}]},{\"@type\":\"BreadcrumbList\",\"@id\":\"https:\/\/www.fraczinet.cl\/sitio\/2009\/06\/29\/el-agua-no-detuvo-la-fiesta-de-san-juan\/#breadcrumb\",\"itemListElement\":[{\"@type\":\"ListItem\",\"position\":1,\"name\":\"Portada\",\"item\":\"https:\/\/www.fraczinet.cl\/sitio\/\"},{\"@type\":\"ListItem\",\"position\":2,\"name\":\"El Agua No detuvo la Fiesta de San Juan\"}]},{\"@type\":\"WebSite\",\"@id\":\"https:\/\/www.fraczinet.cl\/sitio\/#website\",\"url\":\"https:\/\/www.fraczinet.cl\/sitio\/\",\"name\":\"Nuestro Bio B\u00edo\",\"description\":\"Tierra de Encuentros\",\"publisher\":{\"@id\":\"https:\/\/www.fraczinet.cl\/sitio\/#\/schema\/person\/aec8ee4da68df2b9b0eefdad24a0d582\"},\"potentialAction\":[{\"@type\":\"SearchAction\",\"target\":{\"@type\":\"EntryPoint\",\"urlTemplate\":\"https:\/\/www.fraczinet.cl\/sitio\/?s={search_term_string}\"},\"query-input\":{\"@type\":\"PropertyValueSpecification\",\"valueRequired\":true,\"valueName\":\"search_term_string\"}}],\"inLanguage\":\"es\"},{\"@type\":[\"Person\",\"Organization\"],\"@id\":\"https:\/\/www.fraczinet.cl\/sitio\/#\/schema\/person\/aec8ee4da68df2b9b0eefdad24a0d582\",\"name\":\"Luis Fernando Fraczinet\",\"image\":{\"@type\":\"ImageObject\",\"inLanguage\":\"es\",\"@id\":\"https:\/\/www.fraczinet.cl\/sitio\/#\/schema\/person\/image\/\",\"url\":\"https:\/\/www.fraczinet.cl\/sitio\/wp-content\/uploads\/2021\/07\/bannerlogo-1.gif\",\"contentUrl\":\"https:\/\/www.fraczinet.cl\/sitio\/wp-content\/uploads\/2021\/07\/bannerlogo-1.gif\",\"width\":159,\"height\":79,\"caption\":\"Luis Fernando Fraczinet\"},\"logo\":{\"@id\":\"https:\/\/www.fraczinet.cl\/sitio\/#\/schema\/person\/image\/\"},\"sameAs\":[\"https:\/\/www.fraczinet.cl\/sitio\/\"]},{\"@type\":\"Person\",\"@id\":\"https:\/\/www.fraczinet.cl\/sitio\/#\/schema\/person\/bc30f98e9cb10ae7e119dbe14bc93784\",\"name\":\"admin\",\"image\":{\"@type\":\"ImageObject\",\"inLanguage\":\"es\",\"@id\":\"https:\/\/www.fraczinet.cl\/sitio\/#\/schema\/person\/image\/\",\"url\":\"https:\/\/secure.gravatar.com\/avatar\/d5ad3cf7ef3b23a2bb5be73be780c86b2fc8545c3ad6b149f3913ff458c00099?s=96&d=mm&r=g\",\"contentUrl\":\"https:\/\/secure.gravatar.com\/avatar\/d5ad3cf7ef3b23a2bb5be73be780c86b2fc8545c3ad6b149f3913ff458c00099?s=96&d=mm&r=g\",\"caption\":\"admin\"},\"sameAs\":[\"https:\/\/www.fraczinet.cl\/sitio\"]}]}<\/script>\n<!-- \/ Yoast SEO plugin. -->","yoast_head_json":{"title":"El Agua No detuvo la Fiesta de San Juan - Nuestro Bio B\u00edo","robots":{"index":"index","follow":"follow","max-snippet":"max-snippet:-1","max-image-preview":"max-image-preview:large","max-video-preview":"max-video-preview:-1"},"canonical":"https:\/\/www.fraczinet.cl\/sitio\/2009\/06\/29\/el-agua-no-detuvo-la-fiesta-de-san-juan\/","og_locale":"es_ES","og_type":"article","og_title":"El Agua No detuvo la Fiesta de San Juan - Nuestro Bio B\u00edo","og_description":"A pesar del frente de mal tiempo, miles de personas llegaron a hasta la localidad de Rere para degustar de su Estofado de San Juan. Alrededor de 5 mil personas llegaron a Rere entre s\u00e1bado y domingo, para asistir al Estofado de San Juan. Aprovecharon la promoci\u00f3n con el recorrido de ferrocarriles, o bien se [&hellip;]","og_url":"https:\/\/www.fraczinet.cl\/sitio\/2009\/06\/29\/el-agua-no-detuvo-la-fiesta-de-san-juan\/","og_site_name":"Nuestro Bio B\u00edo","article_published_time":"2009-06-29T03:24:00+00:00","og_image":[{"width":159,"height":79,"url":"https:\/\/www.fraczinet.cl\/sitio\/wp-content\/uploads\/2021\/07\/bannerlogo-1.gif","type":"image\/gif"}],"author":"admin","twitter_card":"summary_large_image","twitter_creator":"@nuestrobiobio","twitter_site":"@nuestrobiobio","twitter_misc":{"Escrito por":"admin","Tiempo de lectura":"1 minuto"},"schema":{"@context":"https:\/\/schema.org","@graph":[{"@type":"Article","@id":"https:\/\/www.fraczinet.cl\/sitio\/2009\/06\/29\/el-agua-no-detuvo-la-fiesta-de-san-juan\/#article","isPartOf":{"@id":"https:\/\/www.fraczinet.cl\/sitio\/2009\/06\/29\/el-agua-no-detuvo-la-fiesta-de-san-juan\/"},"author":{"name":"admin","@id":"https:\/\/www.fraczinet.cl\/sitio\/#\/schema\/person\/bc30f98e9cb10ae7e119dbe14bc93784"},"headline":"El Agua No detuvo la Fiesta de San Juan","datePublished":"2009-06-29T03:24:00+00:00","mainEntityOfPage":{"@id":"https:\/\/www.fraczinet.cl\/sitio\/2009\/06\/29\/el-agua-no-detuvo-la-fiesta-de-san-juan\/"},"wordCount":272,"commentCount":0,"publisher":{"@id":"https:\/\/www.fraczinet.cl\/sitio\/#\/schema\/person\/aec8ee4da68df2b9b0eefdad24a0d582"},"articleSection":["Fiestas y Tradiciones","Yumbel"],"inLanguage":"es","potentialAction":[{"@type":"CommentAction","name":"Comment","target":["https:\/\/www.fraczinet.cl\/sitio\/2009\/06\/29\/el-agua-no-detuvo-la-fiesta-de-san-juan\/#respond"]}]},{"@type":"WebPage","@id":"https:\/\/www.fraczinet.cl\/sitio\/2009\/06\/29\/el-agua-no-detuvo-la-fiesta-de-san-juan\/","url":"https:\/\/www.fraczinet.cl\/sitio\/2009\/06\/29\/el-agua-no-detuvo-la-fiesta-de-san-juan\/","name":"El Agua No detuvo la Fiesta de San Juan - Nuestro Bio B\u00edo","isPartOf":{"@id":"https:\/\/www.fraczinet.cl\/sitio\/#website"},"datePublished":"2009-06-29T03:24:00+00:00","breadcrumb":{"@id":"https:\/\/www.fraczinet.cl\/sitio\/2009\/06\/29\/el-agua-no-detuvo-la-fiesta-de-san-juan\/#breadcrumb"},"inLanguage":"es","potentialAction":[{"@type":"ReadAction","target":["https:\/\/www.fraczinet.cl\/sitio\/2009\/06\/29\/el-agua-no-detuvo-la-fiesta-de-san-juan\/"]}]},{"@type":"BreadcrumbList","@id":"https:\/\/www.fraczinet.cl\/sitio\/2009\/06\/29\/el-agua-no-detuvo-la-fiesta-de-san-juan\/#breadcrumb","itemListElement":[{"@type":"ListItem","position":1,"name":"Portada","item":"https:\/\/www.fraczinet.cl\/sitio\/"},{"@type":"ListItem","position":2,"name":"El Agua No detuvo la Fiesta de San Juan"}]},{"@type":"WebSite","@id":"https:\/\/www.fraczinet.cl\/sitio\/#website","url":"https:\/\/www.fraczinet.cl\/sitio\/","name":"Nuestro Bio B\u00edo","description":"Tierra de Encuentros","publisher":{"@id":"https:\/\/www.fraczinet.cl\/sitio\/#\/schema\/person\/aec8ee4da68df2b9b0eefdad24a0d582"},"potentialAction":[{"@type":"SearchAction","target":{"@type":"EntryPoint","urlTemplate":"https:\/\/www.fraczinet.cl\/sitio\/?s={search_term_string}"},"query-input":{"@type":"PropertyValueSpecification","valueRequired":true,"valueName":"search_term_string"}}],"inLanguage":"es"},{"@type":["Person","Organization"],"@id":"https:\/\/www.fraczinet.cl\/sitio\/#\/schema\/person\/aec8ee4da68df2b9b0eefdad24a0d582","name":"Luis Fernando Fraczinet","image":{"@type":"ImageObject","inLanguage":"es","@id":"https:\/\/www.fraczinet.cl\/sitio\/#\/schema\/person\/image\/","url":"https:\/\/www.fraczinet.cl\/sitio\/wp-content\/uploads\/2021\/07\/bannerlogo-1.gif","contentUrl":"https:\/\/www.fraczinet.cl\/sitio\/wp-content\/uploads\/2021\/07\/bannerlogo-1.gif","width":159,"height":79,"caption":"Luis Fernando Fraczinet"},"logo":{"@id":"https:\/\/www.fraczinet.cl\/sitio\/#\/schema\/person\/image\/"},"sameAs":["https:\/\/www.fraczinet.cl\/sitio\/"]},{"@type":"Person","@id":"https:\/\/www.fraczinet.cl\/sitio\/#\/schema\/person\/bc30f98e9cb10ae7e119dbe14bc93784","name":"admin","image":{"@type":"ImageObject","inLanguage":"es","@id":"https:\/\/www.fraczinet.cl\/sitio\/#\/schema\/person\/image\/","url":"https:\/\/secure.gravatar.com\/avatar\/d5ad3cf7ef3b23a2bb5be73be780c86b2fc8545c3ad6b149f3913ff458c00099?s=96&d=mm&r=g","contentUrl":"https:\/\/secure.gravatar.com\/avatar\/d5ad3cf7ef3b23a2bb5be73be780c86b2fc8545c3ad6b149f3913ff458c00099?s=96&d=mm&r=g","caption":"admin"},"sameAs":["https:\/\/www.fraczinet.cl\/sitio"]}]}},"_links":{"self":[{"href":"https:\/\/www.fraczinet.cl\/sitio\/wp-json\/wp\/v2\/posts\/4876","targetHints":{"allow":["GET"]}}],"collection":[{"href":"https:\/\/www.fraczinet.cl\/sitio\/wp-json\/wp\/v2\/posts"}],"about":[{"href":"https:\/\/www.fraczinet.cl\/sitio\/wp-json\/wp\/v2\/types\/post"}],"author":[{"embeddable":true,"href":"https:\/\/www.fraczinet.cl\/sitio\/wp-json\/wp\/v2\/users\/1"}],"replies":[{"embeddable":true,"href":"https:\/\/www.fraczinet.cl\/sitio\/wp-json\/wp\/v2\/comments?post=4876"}],"version-history":[{"count":0,"href":"https:\/\/www.fraczinet.cl\/sitio\/wp-json\/wp\/v2\/posts\/4876\/revisions"}],"wp:attachment":[{"href":"https:\/\/www.fraczinet.cl\/sitio\/wp-json\/wp\/v2\/media?parent=4876"}],"wp:term":[{"taxonomy":"category","embeddable":true,"href":"https:\/\/www.fraczinet.cl\/sitio\/wp-json\/wp\/v2\/categories?post=4876"},{"taxonomy":"post_tag","embeddable":true,"href":"https:\/\/www.fraczinet.cl\/sitio\/wp-json\/wp\/v2\/tags?post=4876"}],"curies":[{"name":"wp","href":"https:\/\/api.w.org\/{rel}","templated":true}]}}