{"id":4877,"date":"2009-06-28T02:47:00","date_gmt":"2009-06-28T02:47:00","guid":{"rendered":"https:\/\/www.fraczinet.cl\/sitio\/2009\/06\/28\/mis-colores-acrilicos-de-santiago-panichini\/"},"modified":"2009-06-28T02:47:00","modified_gmt":"2009-06-28T02:47:00","slug":"mis-colores-acrilicos-de-santiago-panichini","status":"publish","type":"post","link":"https:\/\/www.fraczinet.cl\/sitio\/mis-colores-acrilicos-de-santiago-panichini\/","title":{"rendered":"\u201cMis Colores\u201d, acr\u00edlicos de Santiago Panichini"},"content":{"rendered":"<div style=\"text-align: justify;\">En el marco del Mes Aniversario de la UCSC, la Direcci\u00f3n de Extensi\u00f3n Art\u00edstica y Cultural inaugura la Exposici\u00f3n de Acr\u00edlicos \u201cMis Colores\u201d, del artista Santiago Panichini.<\/div>\n<div style=\"text-align: justify;\"><\/div>\n<div style=\"text-align: justify;\">La muestra permanecer\u00e1 abierta durante todo el mes de Julio en la Sala de Conferencias y Exposiciones de la UCSC Caupolic\u00e1n 459, Concepci\u00f3n.<\/div>\n<div style=\"text-align: justify;\"><\/div>\n<div style=\"text-align: justify;\">Inauguraci\u00f3n: Martes 30 a las 19:30, con invitaciones<\/div>\n<div style=\"text-align: justify;\"><\/div>\n<div style=\"text-align: justify;\">Sala de Conferencias y Exposiciones:<\/div>\n<div style=\"text-align: justify;\"><\/div>\n<div style=\"text-align: justify;\">Lunes a Viernes de 10:00 a 13:00 y de 15:00 a 19:00<\/div>\n<div style=\"text-align: justify;\">S\u00e1bado: 10:00 a 14:00<\/div>\n<div style=\"text-align: justify;\"><\/div>\n<div style=\"text-align: justify;\">ENTRADA LIBERADA<\/div>\n<div style=\"text-align: justify;\"><\/div>\n","protected":false},"excerpt":{"rendered":"<p>En el marco del Mes Aniversario de la UCSC, la Direcci\u00f3n de Extensi\u00f3n Art\u00edstica y Cultural inaugura la Exposici\u00f3n de Acr\u00edlicos \u201cMis Colores\u201d, del artista Santiago Panichini. La muestra permanecer\u00e1 abierta durante todo el mes de Julio en la Sala de Conferencias y Exposiciones de la UCSC Caupolic\u00e1n 459, Concepci\u00f3n. Inauguraci\u00f3n: Martes 30 a las [&hellip;]<\/p>\n","protected":false},"author":1,"featured_media":0,"comment_status":"open","ping_status":"closed","sticky":false,"template":"","format":"standard","meta":{"footnotes":""},"categories":[68],"tags":[],"class_list":["post-4877","post","type-post","status-publish","format-standard","hentry","category-artes-visuales"],"yoast_head":"<!-- This site is optimized with the Yoast SEO plugin v28.2 - https:\/\/yoast.com\/product\/yoast-seo-wordpress\/ -->\n<title>\u201cMis Colores\u201d, acr\u00edlicos de Santiago Panichini - Nuestro Bio B\u00edo<\/title>\n<meta name=\"robots\" content=\"index, follow, max-snippet:-1, max-image-preview:large, max-video-preview:-1\" \/>\n<link rel=\"canonical\" href=\"https:\/\/www.fraczinet.cl\/sitio\/mis-colores-acrilicos-de-santiago-panichini\/\" \/>\n<meta property=\"og:locale\" content=\"es_ES\" \/>\n<meta property=\"og:type\" content=\"article\" \/>\n<meta property=\"og:title\" content=\"\u201cMis Colores\u201d, acr\u00edlicos de Santiago Panichini - Nuestro Bio B\u00edo\" \/>\n<meta property=\"og:description\" content=\"En el marco del Mes Aniversario de la UCSC, la Direcci\u00f3n de Extensi\u00f3n Art\u00edstica y Cultural inaugura la Exposici\u00f3n de Acr\u00edlicos \u201cMis Colores\u201d, del artista Santiago Panichini. La muestra permanecer\u00e1 abierta durante todo el mes de Julio en la Sala de Conferencias y Exposiciones de la UCSC Caupolic\u00e1n 459, Concepci\u00f3n. Inauguraci\u00f3n: Martes 30 a las [&hellip;]\" \/>\n<meta property=\"og:url\" content=\"https:\/\/www.fraczinet.cl\/sitio\/mis-colores-acrilicos-de-santiago-panichini\/\" \/>\n<meta property=\"og:site_name\" content=\"Nuestro Bio B\u00edo\" \/>\n<meta property=\"article:publisher\" content=\"https:\/\/www.facebook.com\/groups\/15721414452\/\" \/>\n<meta property=\"article:published_time\" content=\"2009-06-28T02:47:00+00:00\" \/>\n<meta property=\"og:image\" content=\"https:\/\/www.fraczinet.cl\/sitio\/wp-content\/uploads\/2021\/07\/bannerlogo-1.gif\" \/>\n\t<meta property=\"og:image:width\" content=\"159\" \/>\n\t<meta property=\"og:image:height\" content=\"79\" \/>\n\t<meta property=\"og:image:type\" content=\"image\/gif\" \/>\n<meta name=\"twitter:card\" content=\"summary_large_image\" \/>\n<meta name=\"twitter:creator\" content=\"@nuestrobiobio\" \/>\n<meta name=\"twitter:site\" content=\"@nuestrobiobio\" \/>\n<meta name=\"twitter:label1\" content=\"Escrito por\" \/>\n\t<meta name=\"twitter:data1\" content=\"\" \/>\n<script type=\"application\/ld+json\" class=\"yoast-schema-graph\">{\"@context\":\"https:\\\/\\\/schema.org\",\"@graph\":[{\"@type\":\"Article\",\"@id\":\"https:\\\/\\\/www.fraczinet.cl\\\/sitio\\\/mis-colores-acrilicos-de-santiago-panichini\\\/#article\",\"isPartOf\":{\"@id\":\"https:\\\/\\\/www.fraczinet.cl\\\/sitio\\\/mis-colores-acrilicos-de-santiago-panichini\\\/\"},\"author\":{\"name\":\"\",\"@id\":\"\"},\"headline\":\"\u201cMis Colores\u201d, acr\u00edlicos de Santiago Panichini\",\"datePublished\":\"2009-06-28T02:47:00+00:00\",\"mainEntityOfPage\":{\"@id\":\"https:\\\/\\\/www.fraczinet.cl\\\/sitio\\\/mis-colores-acrilicos-de-santiago-panichini\\\/\"},\"wordCount\":88,\"commentCount\":0,\"articleSection\":[\"Artes Visuales\"],\"inLanguage\":\"es\",\"potentialAction\":[{\"@type\":\"CommentAction\",\"name\":\"Comment\",\"target\":[\"https:\\\/\\\/www.fraczinet.cl\\\/sitio\\\/mis-colores-acrilicos-de-santiago-panichini\\\/#respond\"]}]},{\"@type\":\"WebPage\",\"@id\":\"https:\\\/\\\/www.fraczinet.cl\\\/sitio\\\/mis-colores-acrilicos-de-santiago-panichini\\\/\",\"url\":\"https:\\\/\\\/www.fraczinet.cl\\\/sitio\\\/mis-colores-acrilicos-de-santiago-panichini\\\/\",\"name\":\"\u201cMis Colores\u201d, acr\u00edlicos de Santiago Panichini - Nuestro Bio B\u00edo\",\"isPartOf\":{\"@id\":\"https:\\\/\\\/www.fraczinet.cl\\\/sitio\\\/#website\"},\"datePublished\":\"2009-06-28T02:47:00+00:00\",\"author\":{\"@id\":\"\"},\"breadcrumb\":{\"@id\":\"https:\\\/\\\/www.fraczinet.cl\\\/sitio\\\/mis-colores-acrilicos-de-santiago-panichini\\\/#breadcrumb\"},\"inLanguage\":\"es\",\"potentialAction\":[{\"@type\":\"ReadAction\",\"target\":[\"https:\\\/\\\/www.fraczinet.cl\\\/sitio\\\/mis-colores-acrilicos-de-santiago-panichini\\\/\"]}]},{\"@type\":\"BreadcrumbList\",\"@id\":\"https:\\\/\\\/www.fraczinet.cl\\\/sitio\\\/mis-colores-acrilicos-de-santiago-panichini\\\/#breadcrumb\",\"itemListElement\":[{\"@type\":\"ListItem\",\"position\":1,\"name\":\"Portada\",\"item\":\"https:\\\/\\\/www.fraczinet.cl\\\/sitio\\\/\"},{\"@type\":\"ListItem\",\"position\":2,\"name\":\"\u201cMis Colores\u201d, acr\u00edlicos de Santiago Panichini\"}]},{\"@type\":\"WebSite\",\"@id\":\"https:\\\/\\\/www.fraczinet.cl\\\/sitio\\\/#website\",\"url\":\"https:\\\/\\\/www.fraczinet.cl\\\/sitio\\\/\",\"name\":\"Nuestro Bio B\u00edo\",\"description\":\"Tierra de Encuentros\",\"potentialAction\":[{\"@type\":\"SearchAction\",\"target\":{\"@type\":\"EntryPoint\",\"urlTemplate\":\"https:\\\/\\\/www.fraczinet.cl\\\/sitio\\\/?s={search_term_string}\"},\"query-input\":{\"@type\":\"PropertyValueSpecification\",\"valueRequired\":true,\"valueName\":\"search_term_string\"}}],\"inLanguage\":\"es\"},{\"@type\":\"Person\",\"@id\":\"\"}]}<\/script>\n<!-- \/ Yoast SEO plugin. -->","yoast_head_json":{"title":"\u201cMis Colores\u201d, acr\u00edlicos de Santiago Panichini - Nuestro Bio B\u00edo","robots":{"index":"index","follow":"follow","max-snippet":"max-snippet:-1","max-image-preview":"max-image-preview:large","max-video-preview":"max-video-preview:-1"},"canonical":"https:\/\/www.fraczinet.cl\/sitio\/mis-colores-acrilicos-de-santiago-panichini\/","og_locale":"es_ES","og_type":"article","og_title":"\u201cMis Colores\u201d, acr\u00edlicos de Santiago Panichini - Nuestro Bio B\u00edo","og_description":"En el marco del Mes Aniversario de la UCSC, la Direcci\u00f3n de Extensi\u00f3n Art\u00edstica y Cultural inaugura la Exposici\u00f3n de Acr\u00edlicos \u201cMis Colores\u201d, del artista Santiago Panichini. La muestra permanecer\u00e1 abierta durante todo el mes de Julio en la Sala de Conferencias y Exposiciones de la UCSC Caupolic\u00e1n 459, Concepci\u00f3n. Inauguraci\u00f3n: Martes 30 a las [&hellip;]","og_url":"https:\/\/www.fraczinet.cl\/sitio\/mis-colores-acrilicos-de-santiago-panichini\/","og_site_name":"Nuestro Bio B\u00edo","article_publisher":"https:\/\/www.facebook.com\/groups\/15721414452\/","article_published_time":"2009-06-28T02:47:00+00:00","og_image":[{"width":159,"height":79,"url":"https:\/\/www.fraczinet.cl\/sitio\/wp-content\/uploads\/2021\/07\/bannerlogo-1.gif","type":"image\/gif"}],"twitter_card":"summary_large_image","twitter_creator":"@nuestrobiobio","twitter_site":"@nuestrobiobio","twitter_misc":{"Escrito por":""},"schema":{"@context":"https:\/\/schema.org","@graph":[{"@type":"Article","@id":"https:\/\/www.fraczinet.cl\/sitio\/mis-colores-acrilicos-de-santiago-panichini\/#article","isPartOf":{"@id":"https:\/\/www.fraczinet.cl\/sitio\/mis-colores-acrilicos-de-santiago-panichini\/"},"author":{"name":"","@id":""},"headline":"\u201cMis Colores\u201d, acr\u00edlicos de Santiago Panichini","datePublished":"2009-06-28T02:47:00+00:00","mainEntityOfPage":{"@id":"https:\/\/www.fraczinet.cl\/sitio\/mis-colores-acrilicos-de-santiago-panichini\/"},"wordCount":88,"commentCount":0,"articleSection":["Artes Visuales"],"inLanguage":"es","potentialAction":[{"@type":"CommentAction","name":"Comment","target":["https:\/\/www.fraczinet.cl\/sitio\/mis-colores-acrilicos-de-santiago-panichini\/#respond"]}]},{"@type":"WebPage","@id":"https:\/\/www.fraczinet.cl\/sitio\/mis-colores-acrilicos-de-santiago-panichini\/","url":"https:\/\/www.fraczinet.cl\/sitio\/mis-colores-acrilicos-de-santiago-panichini\/","name":"\u201cMis Colores\u201d, acr\u00edlicos de Santiago Panichini - Nuestro Bio B\u00edo","isPartOf":{"@id":"https:\/\/www.fraczinet.cl\/sitio\/#website"},"datePublished":"2009-06-28T02:47:00+00:00","author":{"@id":""},"breadcrumb":{"@id":"https:\/\/www.fraczinet.cl\/sitio\/mis-colores-acrilicos-de-santiago-panichini\/#breadcrumb"},"inLanguage":"es","potentialAction":[{"@type":"ReadAction","target":["https:\/\/www.fraczinet.cl\/sitio\/mis-colores-acrilicos-de-santiago-panichini\/"]}]},{"@type":"BreadcrumbList","@id":"https:\/\/www.fraczinet.cl\/sitio\/mis-colores-acrilicos-de-santiago-panichini\/#breadcrumb","itemListElement":[{"@type":"ListItem","position":1,"name":"Portada","item":"https:\/\/www.fraczinet.cl\/sitio\/"},{"@type":"ListItem","position":2,"name":"\u201cMis Colores\u201d, acr\u00edlicos de Santiago Panichini"}]},{"@type":"WebSite","@id":"https:\/\/www.fraczinet.cl\/sitio\/#website","url":"https:\/\/www.fraczinet.cl\/sitio\/","name":"Nuestro Bio B\u00edo","description":"Tierra de Encuentros","potentialAction":[{"@type":"SearchAction","target":{"@type":"EntryPoint","urlTemplate":"https:\/\/www.fraczinet.cl\/sitio\/?s={search_term_string}"},"query-input":{"@type":"PropertyValueSpecification","valueRequired":true,"valueName":"search_term_string"}}],"inLanguage":"es"},{"@type":"Person","@id":""}]}},"_links":{"self":[{"href":"https:\/\/www.fraczinet.cl\/sitio\/wp-json\/wp\/v2\/posts\/4877","targetHints":{"allow":["GET"]}}],"collection":[{"href":"https:\/\/www.fraczinet.cl\/sitio\/wp-json\/wp\/v2\/posts"}],"about":[{"href":"https:\/\/www.fraczinet.cl\/sitio\/wp-json\/wp\/v2\/types\/post"}],"author":[{"embeddable":true,"href":"https:\/\/www.fraczinet.cl\/sitio\/wp-json\/wp\/v2\/users\/1"}],"replies":[{"embeddable":true,"href":"https:\/\/www.fraczinet.cl\/sitio\/wp-json\/wp\/v2\/comments?post=4877"}],"version-history":[{"count":0,"href":"https:\/\/www.fraczinet.cl\/sitio\/wp-json\/wp\/v2\/posts\/4877\/revisions"}],"wp:attachment":[{"href":"https:\/\/www.fraczinet.cl\/sitio\/wp-json\/wp\/v2\/media?parent=4877"}],"wp:term":[{"taxonomy":"category","embeddable":true,"href":"https:\/\/www.fraczinet.cl\/sitio\/wp-json\/wp\/v2\/categories?post=4877"},{"taxonomy":"post_tag","embeddable":true,"href":"https:\/\/www.fraczinet.cl\/sitio\/wp-json\/wp\/v2\/tags?post=4877"}],"curies":[{"name":"wp","href":"https:\/\/api.w.org\/{rel}","templated":true}]}}