{"id":4882,"date":"2009-06-27T11:48:00","date_gmt":"2009-06-27T11:48:00","guid":{"rendered":"https:\/\/www.fraczinet.cl\/sitio\/2009\/06\/27\/centro-artistico-y-cultural-victor-jara-de-chillan\/"},"modified":"2022-10-07T01:48:15","modified_gmt":"2022-10-07T01:48:15","slug":"centro-artistico-y-cultural-victor-jara-de-chillan","status":"publish","type":"post","link":"https:\/\/www.fraczinet.cl\/sitio\/centro-artistico-y-cultural-victor-jara-de-chillan\/","title":{"rendered":"Centro Art\u00edstico y Cultural V\u00edctor Jara de Chill\u00e1n"},"content":{"rendered":"<div style=\"text-align: justify;\">El Centro Art\u00edstico y Cultural V\u00edctor Jara de Chill\u00e1n tiene como finalidad insertarse en el concepto de cultura popular y arrancar desde all\u00ed los aspectos que le son naturales. Al rescate de la expresi\u00f3n popular cultural, sumamos una actitud no pasiva y de constante acci\u00f3n por la memoria y la justicia.<\/div>\n<div style=\"text-align: justify;\"><\/div>\n<div style=\"text-align: justify;\">No suscribimos la concepci\u00f3n burguesa de la cultura, que basa su accionar en torno a las \u00abmanifestaciones art\u00edsticas acad\u00e9micas, de salones y para un p\u00fablico educado culturalmente\u00bb. Creemos en la actitud cultural de la gente, sin perder el sentido de lo est\u00e9tico y la b\u00fasqueda de la belleza en torno al arte y la cultura.<\/div>\n<div style=\"text-align: justify;\"><\/div>\n<div style=\"text-align: justify;\">Nuestras actividades regulares se basan en poner al centro de la atenci\u00f3n del ciudadano com\u00fan las expresiones de arte que forman parte de la vida cotidiana, que no les hacen sentir inc\u00f3modos y que por lo tanto les permite ser espectadores activos y propositivos. Nuestras acciones culturales llevan el sello de V\u00edctor Jara y tenemos probada audiencia en cada uno de nuestros actos. Cada a\u00f1o en el mes de noviembre, terminamos el programa anual con la realizaci\u00f3n del Festival de Todas las Artes, en la Plaza de La Victoria de nuestra ciudad.<\/div>\n<div style=\"text-align: justify;\"><\/div>\n<div style=\"text-align: justify;\"><\/div>\n<div style=\"text-align: justify;\"><\/div>\n<p><\/p>\n","protected":false},"excerpt":{"rendered":"<p>El Centro Art\u00edstico y Cultural V\u00edctor Jara de Chill\u00e1n tiene como finalidad insertarse en el concepto de cultura popular y arrancar desde all\u00ed los aspectos que le son naturales. Al rescate de la expresi\u00f3n popular cultural, sumamos una actitud no pasiva y de constante acci\u00f3n por la memoria y la justicia. No suscribimos la concepci\u00f3n [&hellip;]<\/p>\n","protected":false},"author":1,"featured_media":0,"comment_status":"open","ping_status":"closed","sticky":false,"template":"","format":"standard","meta":{"footnotes":""},"categories":[86],"tags":[],"class_list":["post-4882","post","type-post","status-publish","format-standard","hentry","category-espacios-culturales"],"yoast_head":"<!-- This site is optimized with the Yoast SEO plugin v28.2 - https:\/\/yoast.com\/product\/yoast-seo-wordpress\/ -->\n<title>Centro Art\u00edstico y Cultural V\u00edctor Jara de Chill\u00e1n - Nuestro Bio B\u00edo<\/title>\n<meta name=\"robots\" content=\"index, follow, max-snippet:-1, max-image-preview:large, max-video-preview:-1\" \/>\n<link rel=\"canonical\" href=\"https:\/\/www.fraczinet.cl\/sitio\/centro-artistico-y-cultural-victor-jara-de-chillan\/\" \/>\n<meta property=\"og:locale\" content=\"es_ES\" \/>\n<meta property=\"og:type\" content=\"article\" \/>\n<meta property=\"og:title\" content=\"Centro Art\u00edstico y Cultural V\u00edctor Jara de Chill\u00e1n - Nuestro Bio B\u00edo\" \/>\n<meta property=\"og:description\" content=\"El Centro Art\u00edstico y Cultural V\u00edctor Jara de Chill\u00e1n tiene como finalidad insertarse en el concepto de cultura popular y arrancar desde all\u00ed los aspectos que le son naturales. Al rescate de la expresi\u00f3n popular cultural, sumamos una actitud no pasiva y de constante acci\u00f3n por la memoria y la justicia. No suscribimos la concepci\u00f3n [&hellip;]\" \/>\n<meta property=\"og:url\" content=\"https:\/\/www.fraczinet.cl\/sitio\/centro-artistico-y-cultural-victor-jara-de-chillan\/\" \/>\n<meta property=\"og:site_name\" content=\"Nuestro Bio B\u00edo\" \/>\n<meta property=\"article:publisher\" content=\"https:\/\/www.facebook.com\/groups\/15721414452\/\" \/>\n<meta property=\"article:published_time\" content=\"2009-06-27T11:48:00+00:00\" \/>\n<meta property=\"article:modified_time\" content=\"2022-10-07T01:48:15+00:00\" \/>\n<meta property=\"og:image\" content=\"https:\/\/www.fraczinet.cl\/sitio\/wp-content\/uploads\/2021\/07\/bannerlogo-1.gif\" \/>\n\t<meta property=\"og:image:width\" content=\"159\" \/>\n\t<meta property=\"og:image:height\" content=\"79\" \/>\n\t<meta property=\"og:image:type\" content=\"image\/gif\" \/>\n<meta name=\"twitter:card\" content=\"summary_large_image\" \/>\n<meta name=\"twitter:creator\" content=\"@nuestrobiobio\" \/>\n<meta name=\"twitter:site\" content=\"@nuestrobiobio\" \/>\n<meta name=\"twitter:label1\" content=\"Escrito por\" \/>\n\t<meta name=\"twitter:data1\" content=\"\" \/>\n\t<meta name=\"twitter:label2\" content=\"Tiempo de lectura\" \/>\n\t<meta name=\"twitter:data2\" content=\"1 minuto\" \/>\n<script type=\"application\/ld+json\" class=\"yoast-schema-graph\">{\"@context\":\"https:\\\/\\\/schema.org\",\"@graph\":[{\"@type\":\"Article\",\"@id\":\"https:\\\/\\\/www.fraczinet.cl\\\/sitio\\\/centro-artistico-y-cultural-victor-jara-de-chillan\\\/#article\",\"isPartOf\":{\"@id\":\"https:\\\/\\\/www.fraczinet.cl\\\/sitio\\\/centro-artistico-y-cultural-victor-jara-de-chillan\\\/\"},\"author\":{\"name\":\"\",\"@id\":\"\"},\"headline\":\"Centro Art\u00edstico y Cultural V\u00edctor Jara de Chill\u00e1n\",\"datePublished\":\"2009-06-27T11:48:00+00:00\",\"dateModified\":\"2022-10-07T01:48:15+00:00\",\"mainEntityOfPage\":{\"@id\":\"https:\\\/\\\/www.fraczinet.cl\\\/sitio\\\/centro-artistico-y-cultural-victor-jara-de-chillan\\\/\"},\"wordCount\":226,\"commentCount\":0,\"articleSection\":[\"Espacios Culturales\"],\"inLanguage\":\"es\",\"potentialAction\":[{\"@type\":\"CommentAction\",\"name\":\"Comment\",\"target\":[\"https:\\\/\\\/www.fraczinet.cl\\\/sitio\\\/centro-artistico-y-cultural-victor-jara-de-chillan\\\/#respond\"]}]},{\"@type\":\"WebPage\",\"@id\":\"https:\\\/\\\/www.fraczinet.cl\\\/sitio\\\/centro-artistico-y-cultural-victor-jara-de-chillan\\\/\",\"url\":\"https:\\\/\\\/www.fraczinet.cl\\\/sitio\\\/centro-artistico-y-cultural-victor-jara-de-chillan\\\/\",\"name\":\"Centro Art\u00edstico y Cultural V\u00edctor Jara de Chill\u00e1n - Nuestro Bio B\u00edo\",\"isPartOf\":{\"@id\":\"https:\\\/\\\/www.fraczinet.cl\\\/sitio\\\/#website\"},\"datePublished\":\"2009-06-27T11:48:00+00:00\",\"dateModified\":\"2022-10-07T01:48:15+00:00\",\"author\":{\"@id\":\"\"},\"breadcrumb\":{\"@id\":\"https:\\\/\\\/www.fraczinet.cl\\\/sitio\\\/centro-artistico-y-cultural-victor-jara-de-chillan\\\/#breadcrumb\"},\"inLanguage\":\"es\",\"potentialAction\":[{\"@type\":\"ReadAction\",\"target\":[\"https:\\\/\\\/www.fraczinet.cl\\\/sitio\\\/centro-artistico-y-cultural-victor-jara-de-chillan\\\/\"]}]},{\"@type\":\"BreadcrumbList\",\"@id\":\"https:\\\/\\\/www.fraczinet.cl\\\/sitio\\\/centro-artistico-y-cultural-victor-jara-de-chillan\\\/#breadcrumb\",\"itemListElement\":[{\"@type\":\"ListItem\",\"position\":1,\"name\":\"Portada\",\"item\":\"https:\\\/\\\/www.fraczinet.cl\\\/sitio\\\/\"},{\"@type\":\"ListItem\",\"position\":2,\"name\":\"Centro Art\u00edstico y Cultural V\u00edctor Jara de Chill\u00e1n\"}]},{\"@type\":\"WebSite\",\"@id\":\"https:\\\/\\\/www.fraczinet.cl\\\/sitio\\\/#website\",\"url\":\"https:\\\/\\\/www.fraczinet.cl\\\/sitio\\\/\",\"name\":\"Nuestro Bio B\u00edo\",\"description\":\"Tierra de Encuentros\",\"potentialAction\":[{\"@type\":\"SearchAction\",\"target\":{\"@type\":\"EntryPoint\",\"urlTemplate\":\"https:\\\/\\\/www.fraczinet.cl\\\/sitio\\\/?s={search_term_string}\"},\"query-input\":{\"@type\":\"PropertyValueSpecification\",\"valueRequired\":true,\"valueName\":\"search_term_string\"}}],\"inLanguage\":\"es\"},{\"@type\":\"Person\",\"@id\":\"\"}]}<\/script>\n<!-- \/ Yoast SEO plugin. -->","yoast_head_json":{"title":"Centro Art\u00edstico y Cultural V\u00edctor Jara de Chill\u00e1n - Nuestro Bio B\u00edo","robots":{"index":"index","follow":"follow","max-snippet":"max-snippet:-1","max-image-preview":"max-image-preview:large","max-video-preview":"max-video-preview:-1"},"canonical":"https:\/\/www.fraczinet.cl\/sitio\/centro-artistico-y-cultural-victor-jara-de-chillan\/","og_locale":"es_ES","og_type":"article","og_title":"Centro Art\u00edstico y Cultural V\u00edctor Jara de Chill\u00e1n - Nuestro Bio B\u00edo","og_description":"El Centro Art\u00edstico y Cultural V\u00edctor Jara de Chill\u00e1n tiene como finalidad insertarse en el concepto de cultura popular y arrancar desde all\u00ed los aspectos que le son naturales. Al rescate de la expresi\u00f3n popular cultural, sumamos una actitud no pasiva y de constante acci\u00f3n por la memoria y la justicia. No suscribimos la concepci\u00f3n [&hellip;]","og_url":"https:\/\/www.fraczinet.cl\/sitio\/centro-artistico-y-cultural-victor-jara-de-chillan\/","og_site_name":"Nuestro Bio B\u00edo","article_publisher":"https:\/\/www.facebook.com\/groups\/15721414452\/","article_published_time":"2009-06-27T11:48:00+00:00","article_modified_time":"2022-10-07T01:48:15+00:00","og_image":[{"width":159,"height":79,"url":"https:\/\/www.fraczinet.cl\/sitio\/wp-content\/uploads\/2021\/07\/bannerlogo-1.gif","type":"image\/gif"}],"twitter_card":"summary_large_image","twitter_creator":"@nuestrobiobio","twitter_site":"@nuestrobiobio","twitter_misc":{"Escrito por":"","Tiempo de lectura":"1 minuto"},"schema":{"@context":"https:\/\/schema.org","@graph":[{"@type":"Article","@id":"https:\/\/www.fraczinet.cl\/sitio\/centro-artistico-y-cultural-victor-jara-de-chillan\/#article","isPartOf":{"@id":"https:\/\/www.fraczinet.cl\/sitio\/centro-artistico-y-cultural-victor-jara-de-chillan\/"},"author":{"name":"","@id":""},"headline":"Centro Art\u00edstico y Cultural V\u00edctor Jara de Chill\u00e1n","datePublished":"2009-06-27T11:48:00+00:00","dateModified":"2022-10-07T01:48:15+00:00","mainEntityOfPage":{"@id":"https:\/\/www.fraczinet.cl\/sitio\/centro-artistico-y-cultural-victor-jara-de-chillan\/"},"wordCount":226,"commentCount":0,"articleSection":["Espacios Culturales"],"inLanguage":"es","potentialAction":[{"@type":"CommentAction","name":"Comment","target":["https:\/\/www.fraczinet.cl\/sitio\/centro-artistico-y-cultural-victor-jara-de-chillan\/#respond"]}]},{"@type":"WebPage","@id":"https:\/\/www.fraczinet.cl\/sitio\/centro-artistico-y-cultural-victor-jara-de-chillan\/","url":"https:\/\/www.fraczinet.cl\/sitio\/centro-artistico-y-cultural-victor-jara-de-chillan\/","name":"Centro Art\u00edstico y Cultural V\u00edctor Jara de Chill\u00e1n - Nuestro Bio B\u00edo","isPartOf":{"@id":"https:\/\/www.fraczinet.cl\/sitio\/#website"},"datePublished":"2009-06-27T11:48:00+00:00","dateModified":"2022-10-07T01:48:15+00:00","author":{"@id":""},"breadcrumb":{"@id":"https:\/\/www.fraczinet.cl\/sitio\/centro-artistico-y-cultural-victor-jara-de-chillan\/#breadcrumb"},"inLanguage":"es","potentialAction":[{"@type":"ReadAction","target":["https:\/\/www.fraczinet.cl\/sitio\/centro-artistico-y-cultural-victor-jara-de-chillan\/"]}]},{"@type":"BreadcrumbList","@id":"https:\/\/www.fraczinet.cl\/sitio\/centro-artistico-y-cultural-victor-jara-de-chillan\/#breadcrumb","itemListElement":[{"@type":"ListItem","position":1,"name":"Portada","item":"https:\/\/www.fraczinet.cl\/sitio\/"},{"@type":"ListItem","position":2,"name":"Centro Art\u00edstico y Cultural V\u00edctor Jara de Chill\u00e1n"}]},{"@type":"WebSite","@id":"https:\/\/www.fraczinet.cl\/sitio\/#website","url":"https:\/\/www.fraczinet.cl\/sitio\/","name":"Nuestro Bio B\u00edo","description":"Tierra de Encuentros","potentialAction":[{"@type":"SearchAction","target":{"@type":"EntryPoint","urlTemplate":"https:\/\/www.fraczinet.cl\/sitio\/?s={search_term_string}"},"query-input":{"@type":"PropertyValueSpecification","valueRequired":true,"valueName":"search_term_string"}}],"inLanguage":"es"},{"@type":"Person","@id":""}]}},"_links":{"self":[{"href":"https:\/\/www.fraczinet.cl\/sitio\/wp-json\/wp\/v2\/posts\/4882","targetHints":{"allow":["GET"]}}],"collection":[{"href":"https:\/\/www.fraczinet.cl\/sitio\/wp-json\/wp\/v2\/posts"}],"about":[{"href":"https:\/\/www.fraczinet.cl\/sitio\/wp-json\/wp\/v2\/types\/post"}],"author":[{"embeddable":true,"href":"https:\/\/www.fraczinet.cl\/sitio\/wp-json\/wp\/v2\/users\/1"}],"replies":[{"embeddable":true,"href":"https:\/\/www.fraczinet.cl\/sitio\/wp-json\/wp\/v2\/comments?post=4882"}],"version-history":[{"count":1,"href":"https:\/\/www.fraczinet.cl\/sitio\/wp-json\/wp\/v2\/posts\/4882\/revisions"}],"predecessor-version":[{"id":14482,"href":"https:\/\/www.fraczinet.cl\/sitio\/wp-json\/wp\/v2\/posts\/4882\/revisions\/14482"}],"wp:attachment":[{"href":"https:\/\/www.fraczinet.cl\/sitio\/wp-json\/wp\/v2\/media?parent=4882"}],"wp:term":[{"taxonomy":"category","embeddable":true,"href":"https:\/\/www.fraczinet.cl\/sitio\/wp-json\/wp\/v2\/categories?post=4882"},{"taxonomy":"post_tag","embeddable":true,"href":"https:\/\/www.fraczinet.cl\/sitio\/wp-json\/wp\/v2\/tags?post=4882"}],"curies":[{"name":"wp","href":"https:\/\/api.w.org\/{rel}","templated":true}]}}