{"id":4886,"date":"2009-06-26T11:02:00","date_gmt":"2009-06-26T11:02:00","guid":{"rendered":"https:\/\/www.fraczinet.cl\/sitio\/2009\/06\/26\/danza-y-teatro-al-alcance-de-todos\/"},"modified":"2022-10-04T02:25:09","modified_gmt":"2022-10-04T02:25:09","slug":"danza-y-teatro-al-alcance-de-todos","status":"publish","type":"post","link":"https:\/\/www.fraczinet.cl\/sitio\/2009\/06\/26\/danza-y-teatro-al-alcance-de-todos\/","title":{"rendered":"Danza y Teatro al Alcance de Todos"},"content":{"rendered":"<div style=\"text-align: justify;\">La Danza y el Teatro, a cargo de destacados exponentes, llegar\u00e1n este fin de semana a diversas comunas de la Regi\u00f3n del Bio B\u00edo. El Consejo Regional de la Cultura y las Artes, a trav\u00e9s del Programa Acceso, ha agendado diversas presentaciones, como adelanto de las esperadas vacaciones de invierno.<\/div>\n<div style=\"text-align: justify;\"><\/div>\n<div style=\"text-align: justify;\">Luego de haberse presentado en Quilleco y Tir\u00faa, la Agrupaci\u00f3n art\u00edstica Danzarte, se presenta este s\u00e1bado 27 en el Gimnasio Municipal de El Carmen, a las 16:00 horas, para luego visitar el lunes 29 de junio, la comuna de Hualqui, en el Gimnasio Municipal de, a las 16:00 horas.<\/div>\n<div style=\"text-align: justify;\"><\/div>\n<div style=\"text-align: justify;\">De esta forma, Danzarte promete entretener y hacer olvidar las bajas temperaturas con lo mejor de sus Danzas Rituales, mediante las cuales rescata la esencia de los bailes tradicionales de nuestro pa\u00eds.<\/div>\n<div style=\"text-align: justify;\"><\/div>\n<div style=\"text-align: justify;\">Por su parte, la Compa\u00f1\u00eda de Teatro Subterr\u00e1neo llegar\u00e1 con el montaje \u201cUn Minero en el Cielo\u00bb a Yungay el s\u00e1bado 27 de junio a las 16:00 horas en el Teatro Municipal, mientras que el turno de la comuna de Chiguayante ser\u00e1 el domingo 28. La obra que narra la lucha de Juan Menares por entrar al cielo, finalizar\u00e1 la Itinerancia regional en Coronel, este lunes 29 de junio en el Teatro Municipal a las 16:00 horas. <\/div>\n<div style=\"text-align: justify;\"><\/div>\n<div style=\"text-align: justify;\">Desde el a\u00f1o 2007 a la fecha, el Programa Acceso Regional ha realizado diversas iniciativas orientadas a promover la descentralizaci\u00f3n art\u00edstica-cultural, potenciar la formaci\u00f3n y difusi\u00f3n de los artistas de nuestra regi\u00f3n y propiciar el intercambio cultural en las diversas \u00e1reas del arte.<\/div>\n<div style=\"text-align: justify;\"><\/div>\n<div style=\"text-align: justify;\">Todas las actividades son con entrada liberada.<\/div>\n","protected":false},"excerpt":{"rendered":"<p>La Danza y el Teatro, a cargo de destacados exponentes, llegar\u00e1n este fin de semana a diversas comunas de la Regi\u00f3n del Bio B\u00edo. El Consejo Regional de la Cultura y las Artes, a trav\u00e9s del Programa Acceso, ha agendado diversas presentaciones, como adelanto de las esperadas vacaciones de invierno. Luego de haberse presentado en [&hellip;]<\/p>\n","protected":false},"author":1,"featured_media":0,"comment_status":"open","ping_status":"open","sticky":false,"template":"","format":"standard","meta":{"footnotes":""},"categories":[212,127],"tags":[],"class_list":["post-4886","post","type-post","status-publish","format-standard","hentry","category-danza","category-teatro"],"yoast_head":"<!-- This site is optimized with the Yoast SEO plugin v25.0 - https:\/\/yoast.com\/wordpress\/plugins\/seo\/ -->\n<title>Danza y Teatro al Alcance de Todos - Nuestro Bio B\u00edo<\/title>\n<meta name=\"robots\" content=\"index, follow, max-snippet:-1, max-image-preview:large, max-video-preview:-1\" \/>\n<link rel=\"canonical\" href=\"https:\/\/www.fraczinet.cl\/sitio\/2009\/06\/26\/danza-y-teatro-al-alcance-de-todos\/\" \/>\n<meta property=\"og:locale\" content=\"es_ES\" \/>\n<meta property=\"og:type\" content=\"article\" \/>\n<meta property=\"og:title\" content=\"Danza y Teatro al Alcance de Todos - Nuestro Bio B\u00edo\" \/>\n<meta property=\"og:description\" content=\"La Danza y el Teatro, a cargo de destacados exponentes, llegar\u00e1n este fin de semana a diversas comunas de la Regi\u00f3n del Bio B\u00edo. El Consejo Regional de la Cultura y las Artes, a trav\u00e9s del Programa Acceso, ha agendado diversas presentaciones, como adelanto de las esperadas vacaciones de invierno. Luego de haberse presentado en [&hellip;]\" \/>\n<meta property=\"og:url\" content=\"https:\/\/www.fraczinet.cl\/sitio\/2009\/06\/26\/danza-y-teatro-al-alcance-de-todos\/\" \/>\n<meta property=\"og:site_name\" content=\"Nuestro Bio B\u00edo\" \/>\n<meta property=\"article:published_time\" content=\"2009-06-26T11:02:00+00:00\" \/>\n<meta property=\"article:modified_time\" content=\"2022-10-04T02:25:09+00:00\" \/>\n<meta property=\"og:image\" content=\"https:\/\/www.fraczinet.cl\/sitio\/wp-content\/uploads\/2021\/07\/bannerlogo-1.gif\" \/>\n\t<meta property=\"og:image:width\" content=\"159\" \/>\n\t<meta property=\"og:image:height\" content=\"79\" \/>\n\t<meta property=\"og:image:type\" content=\"image\/gif\" \/>\n<meta name=\"author\" content=\"admin\" \/>\n<meta name=\"twitter:card\" content=\"summary_large_image\" \/>\n<meta name=\"twitter:creator\" content=\"@nuestrobiobio\" \/>\n<meta name=\"twitter:site\" content=\"@nuestrobiobio\" \/>\n<meta name=\"twitter:label1\" content=\"Escrito por\" \/>\n\t<meta name=\"twitter:data1\" content=\"admin\" \/>\n\t<meta name=\"twitter:label2\" content=\"Tiempo de lectura\" \/>\n\t<meta name=\"twitter:data2\" content=\"1 minuto\" \/>\n<script type=\"application\/ld+json\" class=\"yoast-schema-graph\">{\"@context\":\"https:\/\/schema.org\",\"@graph\":[{\"@type\":\"Article\",\"@id\":\"https:\/\/www.fraczinet.cl\/sitio\/2009\/06\/26\/danza-y-teatro-al-alcance-de-todos\/#article\",\"isPartOf\":{\"@id\":\"https:\/\/www.fraczinet.cl\/sitio\/2009\/06\/26\/danza-y-teatro-al-alcance-de-todos\/\"},\"author\":{\"name\":\"admin\",\"@id\":\"https:\/\/www.fraczinet.cl\/sitio\/#\/schema\/person\/bc30f98e9cb10ae7e119dbe14bc93784\"},\"headline\":\"Danza y Teatro al Alcance de Todos\",\"datePublished\":\"2009-06-26T11:02:00+00:00\",\"dateModified\":\"2022-10-04T02:25:09+00:00\",\"mainEntityOfPage\":{\"@id\":\"https:\/\/www.fraczinet.cl\/sitio\/2009\/06\/26\/danza-y-teatro-al-alcance-de-todos\/\"},\"wordCount\":273,\"commentCount\":0,\"publisher\":{\"@id\":\"https:\/\/www.fraczinet.cl\/sitio\/#\/schema\/person\/aec8ee4da68df2b9b0eefdad24a0d582\"},\"articleSection\":[\"Danza\",\"Teatro\"],\"inLanguage\":\"es\",\"potentialAction\":[{\"@type\":\"CommentAction\",\"name\":\"Comment\",\"target\":[\"https:\/\/www.fraczinet.cl\/sitio\/2009\/06\/26\/danza-y-teatro-al-alcance-de-todos\/#respond\"]}]},{\"@type\":\"WebPage\",\"@id\":\"https:\/\/www.fraczinet.cl\/sitio\/2009\/06\/26\/danza-y-teatro-al-alcance-de-todos\/\",\"url\":\"https:\/\/www.fraczinet.cl\/sitio\/2009\/06\/26\/danza-y-teatro-al-alcance-de-todos\/\",\"name\":\"Danza y Teatro al Alcance de Todos - Nuestro Bio B\u00edo\",\"isPartOf\":{\"@id\":\"https:\/\/www.fraczinet.cl\/sitio\/#website\"},\"datePublished\":\"2009-06-26T11:02:00+00:00\",\"dateModified\":\"2022-10-04T02:25:09+00:00\",\"breadcrumb\":{\"@id\":\"https:\/\/www.fraczinet.cl\/sitio\/2009\/06\/26\/danza-y-teatro-al-alcance-de-todos\/#breadcrumb\"},\"inLanguage\":\"es\",\"potentialAction\":[{\"@type\":\"ReadAction\",\"target\":[\"https:\/\/www.fraczinet.cl\/sitio\/2009\/06\/26\/danza-y-teatro-al-alcance-de-todos\/\"]}]},{\"@type\":\"BreadcrumbList\",\"@id\":\"https:\/\/www.fraczinet.cl\/sitio\/2009\/06\/26\/danza-y-teatro-al-alcance-de-todos\/#breadcrumb\",\"itemListElement\":[{\"@type\":\"ListItem\",\"position\":1,\"name\":\"Portada\",\"item\":\"https:\/\/www.fraczinet.cl\/sitio\/\"},{\"@type\":\"ListItem\",\"position\":2,\"name\":\"Danza y Teatro al Alcance de Todos\"}]},{\"@type\":\"WebSite\",\"@id\":\"https:\/\/www.fraczinet.cl\/sitio\/#website\",\"url\":\"https:\/\/www.fraczinet.cl\/sitio\/\",\"name\":\"Nuestro Bio B\u00edo\",\"description\":\"Tierra de Encuentros\",\"publisher\":{\"@id\":\"https:\/\/www.fraczinet.cl\/sitio\/#\/schema\/person\/aec8ee4da68df2b9b0eefdad24a0d582\"},\"potentialAction\":[{\"@type\":\"SearchAction\",\"target\":{\"@type\":\"EntryPoint\",\"urlTemplate\":\"https:\/\/www.fraczinet.cl\/sitio\/?s={search_term_string}\"},\"query-input\":{\"@type\":\"PropertyValueSpecification\",\"valueRequired\":true,\"valueName\":\"search_term_string\"}}],\"inLanguage\":\"es\"},{\"@type\":[\"Person\",\"Organization\"],\"@id\":\"https:\/\/www.fraczinet.cl\/sitio\/#\/schema\/person\/aec8ee4da68df2b9b0eefdad24a0d582\",\"name\":\"Luis Fernando Fraczinet\",\"image\":{\"@type\":\"ImageObject\",\"inLanguage\":\"es\",\"@id\":\"https:\/\/www.fraczinet.cl\/sitio\/#\/schema\/person\/image\/\",\"url\":\"https:\/\/www.fraczinet.cl\/sitio\/wp-content\/uploads\/2021\/07\/bannerlogo-1.gif\",\"contentUrl\":\"https:\/\/www.fraczinet.cl\/sitio\/wp-content\/uploads\/2021\/07\/bannerlogo-1.gif\",\"width\":159,\"height\":79,\"caption\":\"Luis Fernando Fraczinet\"},\"logo\":{\"@id\":\"https:\/\/www.fraczinet.cl\/sitio\/#\/schema\/person\/image\/\"},\"sameAs\":[\"https:\/\/www.fraczinet.cl\/sitio\/\"]},{\"@type\":\"Person\",\"@id\":\"https:\/\/www.fraczinet.cl\/sitio\/#\/schema\/person\/bc30f98e9cb10ae7e119dbe14bc93784\",\"name\":\"admin\",\"image\":{\"@type\":\"ImageObject\",\"inLanguage\":\"es\",\"@id\":\"https:\/\/www.fraczinet.cl\/sitio\/#\/schema\/person\/image\/\",\"url\":\"https:\/\/secure.gravatar.com\/avatar\/d5ad3cf7ef3b23a2bb5be73be780c86b2fc8545c3ad6b149f3913ff458c00099?s=96&d=mm&r=g\",\"contentUrl\":\"https:\/\/secure.gravatar.com\/avatar\/d5ad3cf7ef3b23a2bb5be73be780c86b2fc8545c3ad6b149f3913ff458c00099?s=96&d=mm&r=g\",\"caption\":\"admin\"},\"sameAs\":[\"https:\/\/www.fraczinet.cl\/sitio\"]}]}<\/script>\n<!-- \/ Yoast SEO plugin. -->","yoast_head_json":{"title":"Danza y Teatro al Alcance de Todos - Nuestro Bio B\u00edo","robots":{"index":"index","follow":"follow","max-snippet":"max-snippet:-1","max-image-preview":"max-image-preview:large","max-video-preview":"max-video-preview:-1"},"canonical":"https:\/\/www.fraczinet.cl\/sitio\/2009\/06\/26\/danza-y-teatro-al-alcance-de-todos\/","og_locale":"es_ES","og_type":"article","og_title":"Danza y Teatro al Alcance de Todos - Nuestro Bio B\u00edo","og_description":"La Danza y el Teatro, a cargo de destacados exponentes, llegar\u00e1n este fin de semana a diversas comunas de la Regi\u00f3n del Bio B\u00edo. El Consejo Regional de la Cultura y las Artes, a trav\u00e9s del Programa Acceso, ha agendado diversas presentaciones, como adelanto de las esperadas vacaciones de invierno. Luego de haberse presentado en [&hellip;]","og_url":"https:\/\/www.fraczinet.cl\/sitio\/2009\/06\/26\/danza-y-teatro-al-alcance-de-todos\/","og_site_name":"Nuestro Bio B\u00edo","article_published_time":"2009-06-26T11:02:00+00:00","article_modified_time":"2022-10-04T02:25:09+00:00","og_image":[{"width":159,"height":79,"url":"https:\/\/www.fraczinet.cl\/sitio\/wp-content\/uploads\/2021\/07\/bannerlogo-1.gif","type":"image\/gif"}],"author":"admin","twitter_card":"summary_large_image","twitter_creator":"@nuestrobiobio","twitter_site":"@nuestrobiobio","twitter_misc":{"Escrito por":"admin","Tiempo de lectura":"1 minuto"},"schema":{"@context":"https:\/\/schema.org","@graph":[{"@type":"Article","@id":"https:\/\/www.fraczinet.cl\/sitio\/2009\/06\/26\/danza-y-teatro-al-alcance-de-todos\/#article","isPartOf":{"@id":"https:\/\/www.fraczinet.cl\/sitio\/2009\/06\/26\/danza-y-teatro-al-alcance-de-todos\/"},"author":{"name":"admin","@id":"https:\/\/www.fraczinet.cl\/sitio\/#\/schema\/person\/bc30f98e9cb10ae7e119dbe14bc93784"},"headline":"Danza y Teatro al Alcance de Todos","datePublished":"2009-06-26T11:02:00+00:00","dateModified":"2022-10-04T02:25:09+00:00","mainEntityOfPage":{"@id":"https:\/\/www.fraczinet.cl\/sitio\/2009\/06\/26\/danza-y-teatro-al-alcance-de-todos\/"},"wordCount":273,"commentCount":0,"publisher":{"@id":"https:\/\/www.fraczinet.cl\/sitio\/#\/schema\/person\/aec8ee4da68df2b9b0eefdad24a0d582"},"articleSection":["Danza","Teatro"],"inLanguage":"es","potentialAction":[{"@type":"CommentAction","name":"Comment","target":["https:\/\/www.fraczinet.cl\/sitio\/2009\/06\/26\/danza-y-teatro-al-alcance-de-todos\/#respond"]}]},{"@type":"WebPage","@id":"https:\/\/www.fraczinet.cl\/sitio\/2009\/06\/26\/danza-y-teatro-al-alcance-de-todos\/","url":"https:\/\/www.fraczinet.cl\/sitio\/2009\/06\/26\/danza-y-teatro-al-alcance-de-todos\/","name":"Danza y Teatro al Alcance de Todos - Nuestro Bio B\u00edo","isPartOf":{"@id":"https:\/\/www.fraczinet.cl\/sitio\/#website"},"datePublished":"2009-06-26T11:02:00+00:00","dateModified":"2022-10-04T02:25:09+00:00","breadcrumb":{"@id":"https:\/\/www.fraczinet.cl\/sitio\/2009\/06\/26\/danza-y-teatro-al-alcance-de-todos\/#breadcrumb"},"inLanguage":"es","potentialAction":[{"@type":"ReadAction","target":["https:\/\/www.fraczinet.cl\/sitio\/2009\/06\/26\/danza-y-teatro-al-alcance-de-todos\/"]}]},{"@type":"BreadcrumbList","@id":"https:\/\/www.fraczinet.cl\/sitio\/2009\/06\/26\/danza-y-teatro-al-alcance-de-todos\/#breadcrumb","itemListElement":[{"@type":"ListItem","position":1,"name":"Portada","item":"https:\/\/www.fraczinet.cl\/sitio\/"},{"@type":"ListItem","position":2,"name":"Danza y Teatro al Alcance de Todos"}]},{"@type":"WebSite","@id":"https:\/\/www.fraczinet.cl\/sitio\/#website","url":"https:\/\/www.fraczinet.cl\/sitio\/","name":"Nuestro Bio B\u00edo","description":"Tierra de Encuentros","publisher":{"@id":"https:\/\/www.fraczinet.cl\/sitio\/#\/schema\/person\/aec8ee4da68df2b9b0eefdad24a0d582"},"potentialAction":[{"@type":"SearchAction","target":{"@type":"EntryPoint","urlTemplate":"https:\/\/www.fraczinet.cl\/sitio\/?s={search_term_string}"},"query-input":{"@type":"PropertyValueSpecification","valueRequired":true,"valueName":"search_term_string"}}],"inLanguage":"es"},{"@type":["Person","Organization"],"@id":"https:\/\/www.fraczinet.cl\/sitio\/#\/schema\/person\/aec8ee4da68df2b9b0eefdad24a0d582","name":"Luis Fernando Fraczinet","image":{"@type":"ImageObject","inLanguage":"es","@id":"https:\/\/www.fraczinet.cl\/sitio\/#\/schema\/person\/image\/","url":"https:\/\/www.fraczinet.cl\/sitio\/wp-content\/uploads\/2021\/07\/bannerlogo-1.gif","contentUrl":"https:\/\/www.fraczinet.cl\/sitio\/wp-content\/uploads\/2021\/07\/bannerlogo-1.gif","width":159,"height":79,"caption":"Luis Fernando Fraczinet"},"logo":{"@id":"https:\/\/www.fraczinet.cl\/sitio\/#\/schema\/person\/image\/"},"sameAs":["https:\/\/www.fraczinet.cl\/sitio\/"]},{"@type":"Person","@id":"https:\/\/www.fraczinet.cl\/sitio\/#\/schema\/person\/bc30f98e9cb10ae7e119dbe14bc93784","name":"admin","image":{"@type":"ImageObject","inLanguage":"es","@id":"https:\/\/www.fraczinet.cl\/sitio\/#\/schema\/person\/image\/","url":"https:\/\/secure.gravatar.com\/avatar\/d5ad3cf7ef3b23a2bb5be73be780c86b2fc8545c3ad6b149f3913ff458c00099?s=96&d=mm&r=g","contentUrl":"https:\/\/secure.gravatar.com\/avatar\/d5ad3cf7ef3b23a2bb5be73be780c86b2fc8545c3ad6b149f3913ff458c00099?s=96&d=mm&r=g","caption":"admin"},"sameAs":["https:\/\/www.fraczinet.cl\/sitio"]}]}},"_links":{"self":[{"href":"https:\/\/www.fraczinet.cl\/sitio\/wp-json\/wp\/v2\/posts\/4886","targetHints":{"allow":["GET"]}}],"collection":[{"href":"https:\/\/www.fraczinet.cl\/sitio\/wp-json\/wp\/v2\/posts"}],"about":[{"href":"https:\/\/www.fraczinet.cl\/sitio\/wp-json\/wp\/v2\/types\/post"}],"author":[{"embeddable":true,"href":"https:\/\/www.fraczinet.cl\/sitio\/wp-json\/wp\/v2\/users\/1"}],"replies":[{"embeddable":true,"href":"https:\/\/www.fraczinet.cl\/sitio\/wp-json\/wp\/v2\/comments?post=4886"}],"version-history":[{"count":1,"href":"https:\/\/www.fraczinet.cl\/sitio\/wp-json\/wp\/v2\/posts\/4886\/revisions"}],"predecessor-version":[{"id":13801,"href":"https:\/\/www.fraczinet.cl\/sitio\/wp-json\/wp\/v2\/posts\/4886\/revisions\/13801"}],"wp:attachment":[{"href":"https:\/\/www.fraczinet.cl\/sitio\/wp-json\/wp\/v2\/media?parent=4886"}],"wp:term":[{"taxonomy":"category","embeddable":true,"href":"https:\/\/www.fraczinet.cl\/sitio\/wp-json\/wp\/v2\/categories?post=4886"},{"taxonomy":"post_tag","embeddable":true,"href":"https:\/\/www.fraczinet.cl\/sitio\/wp-json\/wp\/v2\/tags?post=4886"}],"curies":[{"name":"wp","href":"https:\/\/api.w.org\/{rel}","templated":true}]}}