{"id":4892,"date":"2009-06-23T15:20:00","date_gmt":"2009-06-23T15:20:00","guid":{"rendered":"https:\/\/www.fraczinet.cl\/sitio\/2009\/06\/23\/toda-la-magia-de-san-juan-estara-en-rere\/"},"modified":"2009-06-23T15:20:00","modified_gmt":"2009-06-23T15:20:00","slug":"toda-la-magia-de-san-juan-estara-en-rere","status":"publish","type":"post","link":"https:\/\/www.fraczinet.cl\/sitio\/2009\/06\/23\/toda-la-magia-de-san-juan-estara-en-rere\/","title":{"rendered":"Toda la Magia de San Juan Estar\u00e1 en Rere"},"content":{"rendered":"<div style=\"text-align: justify;\">El guiso preparado con al menos 5 tipos de carnes ser\u00e1 el platillo principal de esta fiesta costumbrista que se desarrollar\u00e1 en la localidad de Rere, distante a 20 km del centro de Yumbel, \u00e9ste s\u00e1bado 27 y domingo 28 de junio<\/div>\n<div style=\"text-align: justify;\"><\/div>\n<div style=\"text-align: justify;\">Las tradiciones de la noche de San Juan, se ven magnificadas en el entorno colonial de Rere, una localidad que se fund\u00f3 en 1586, por el Gobernador Alonso de Sotomayor, iniciando la historia del pueblo, que incluye una \u00e9poca de apogeo con el cultivo de trigo y los lavaderos de oro. Hoy todos los vestigios del esplendor que datan  desde la colonia se encuentran patentes en la actualidad gracias a la conservaci\u00f3n de sus viviendas y calles.<\/div>\n<div style=\"text-align: justify;\"><\/div>\n<div style=\"text-align: justify;\">Es en este entorno en donde se celebrar\u00e1 la D\u00e9cima Versi\u00f3n del estofado de San Juan, este 27 y 28 de junio, en una carpa gigante, habilitada con m\u00e1s 20 stands con comidas tradicionales, artesan\u00edas, y productos del agro. Adem\u00e1s de la preparaci\u00f3n del tradicional guiso, que se realiza en olletas de fierro fundido de 200 litros, cuyo lanzamiento oficial se realizar\u00e1 el mi\u00e9rcoles 24 de junio a las 11:00 horas, en las oficinas de Fesub, ubicada en Avenida Padre Hurtado N\u00ba 570, donde se expondr\u00e1n parte de las comidas y tragos t\u00edpicos de la fiesta.<\/div>\n<div style=\"text-align: justify;\"><\/div>\n<div style=\"text-align: justify;\">Todo esto va acompa\u00f1ado de m\u00fasica folcl\u00f3rica, y un show art\u00edstico que se extiende durante toda la tarde. La entrada al recinto ferial es absolutamente liberada, y los visitante adem\u00e1s podr\u00e1n disfrutar de los recorridos tur\u00edsticos por la localidad, que incluye las m\u00edticas campa\u00f1as confeccionadas en aleaci\u00f3n de oro, la parroquia que guarda la historia del Padre Mayoral, y el Museo que conserva los objetos heredados del esplendor del pasado.<\/div>\n<div style=\"text-align: justify;\"><\/div>\n<div style=\"text-align: justify;\">Para llegar a Rere se puede hacer a trav\u00e9s de las l\u00edneas de buses que salen desde el centro de Yumbel, o bien realizar el viaje desde Concepci\u00f3n en un tren especialmente habilitado para la ocasi\u00f3n, convirtiendo al paseo en toda una experiencia.<\/div>\n","protected":false},"excerpt":{"rendered":"<p>El guiso preparado con al menos 5 tipos de carnes ser\u00e1 el platillo principal de esta fiesta costumbrista que se desarrollar\u00e1 en la localidad de Rere, distante a 20 km del centro de Yumbel, \u00e9ste s\u00e1bado 27 y domingo 28 de junio Las tradiciones de la noche de San Juan, se ven magnificadas en el [&hellip;]<\/p>\n","protected":false},"author":1,"featured_media":0,"comment_status":"open","ping_status":"open","sticky":false,"template":"","format":"standard","meta":{"footnotes":""},"categories":[7,109],"tags":[],"class_list":["post-4892","post","type-post","status-publish","format-standard","hentry","category-fiestas-y-tradiciones","category-yumbel"],"yoast_head":"<!-- This site is optimized with the Yoast SEO plugin v25.0 - https:\/\/yoast.com\/wordpress\/plugins\/seo\/ -->\n<title>Toda la Magia de San Juan Estar\u00e1 en Rere - Nuestro Bio B\u00edo<\/title>\n<meta name=\"robots\" content=\"index, follow, max-snippet:-1, max-image-preview:large, max-video-preview:-1\" \/>\n<link rel=\"canonical\" href=\"https:\/\/www.fraczinet.cl\/sitio\/2009\/06\/23\/toda-la-magia-de-san-juan-estara-en-rere\/\" \/>\n<meta property=\"og:locale\" content=\"es_ES\" \/>\n<meta property=\"og:type\" content=\"article\" \/>\n<meta property=\"og:title\" content=\"Toda la Magia de San Juan Estar\u00e1 en Rere - Nuestro Bio B\u00edo\" \/>\n<meta property=\"og:description\" content=\"El guiso preparado con al menos 5 tipos de carnes ser\u00e1 el platillo principal de esta fiesta costumbrista que se desarrollar\u00e1 en la localidad de Rere, distante a 20 km del centro de Yumbel, \u00e9ste s\u00e1bado 27 y domingo 28 de junio Las tradiciones de la noche de San Juan, se ven magnificadas en el [&hellip;]\" \/>\n<meta property=\"og:url\" content=\"https:\/\/www.fraczinet.cl\/sitio\/2009\/06\/23\/toda-la-magia-de-san-juan-estara-en-rere\/\" \/>\n<meta property=\"og:site_name\" content=\"Nuestro Bio B\u00edo\" \/>\n<meta property=\"article:published_time\" content=\"2009-06-23T15:20:00+00:00\" \/>\n<meta property=\"og:image\" content=\"https:\/\/www.fraczinet.cl\/sitio\/wp-content\/uploads\/2021\/07\/bannerlogo-1.gif\" \/>\n\t<meta property=\"og:image:width\" content=\"159\" \/>\n\t<meta property=\"og:image:height\" content=\"79\" \/>\n\t<meta property=\"og:image:type\" content=\"image\/gif\" \/>\n<meta name=\"author\" content=\"admin\" \/>\n<meta name=\"twitter:card\" content=\"summary_large_image\" \/>\n<meta name=\"twitter:creator\" content=\"@nuestrobiobio\" \/>\n<meta name=\"twitter:site\" content=\"@nuestrobiobio\" \/>\n<meta name=\"twitter:label1\" content=\"Escrito por\" \/>\n\t<meta name=\"twitter:data1\" content=\"admin\" \/>\n\t<meta name=\"twitter:label2\" content=\"Tiempo de lectura\" \/>\n\t<meta name=\"twitter:data2\" content=\"2 minutos\" \/>\n<script type=\"application\/ld+json\" class=\"yoast-schema-graph\">{\"@context\":\"https:\/\/schema.org\",\"@graph\":[{\"@type\":\"Article\",\"@id\":\"https:\/\/www.fraczinet.cl\/sitio\/2009\/06\/23\/toda-la-magia-de-san-juan-estara-en-rere\/#article\",\"isPartOf\":{\"@id\":\"https:\/\/www.fraczinet.cl\/sitio\/2009\/06\/23\/toda-la-magia-de-san-juan-estara-en-rere\/\"},\"author\":{\"name\":\"admin\",\"@id\":\"https:\/\/www.fraczinet.cl\/sitio\/#\/schema\/person\/bc30f98e9cb10ae7e119dbe14bc93784\"},\"headline\":\"Toda la Magia de San Juan Estar\u00e1 en Rere\",\"datePublished\":\"2009-06-23T15:20:00+00:00\",\"mainEntityOfPage\":{\"@id\":\"https:\/\/www.fraczinet.cl\/sitio\/2009\/06\/23\/toda-la-magia-de-san-juan-estara-en-rere\/\"},\"wordCount\":350,\"commentCount\":1,\"publisher\":{\"@id\":\"https:\/\/www.fraczinet.cl\/sitio\/#\/schema\/person\/aec8ee4da68df2b9b0eefdad24a0d582\"},\"articleSection\":[\"Fiestas y Tradiciones\",\"Yumbel\"],\"inLanguage\":\"es\",\"potentialAction\":[{\"@type\":\"CommentAction\",\"name\":\"Comment\",\"target\":[\"https:\/\/www.fraczinet.cl\/sitio\/2009\/06\/23\/toda-la-magia-de-san-juan-estara-en-rere\/#respond\"]}]},{\"@type\":\"WebPage\",\"@id\":\"https:\/\/www.fraczinet.cl\/sitio\/2009\/06\/23\/toda-la-magia-de-san-juan-estara-en-rere\/\",\"url\":\"https:\/\/www.fraczinet.cl\/sitio\/2009\/06\/23\/toda-la-magia-de-san-juan-estara-en-rere\/\",\"name\":\"Toda la Magia de San Juan Estar\u00e1 en Rere - Nuestro Bio B\u00edo\",\"isPartOf\":{\"@id\":\"https:\/\/www.fraczinet.cl\/sitio\/#website\"},\"datePublished\":\"2009-06-23T15:20:00+00:00\",\"breadcrumb\":{\"@id\":\"https:\/\/www.fraczinet.cl\/sitio\/2009\/06\/23\/toda-la-magia-de-san-juan-estara-en-rere\/#breadcrumb\"},\"inLanguage\":\"es\",\"potentialAction\":[{\"@type\":\"ReadAction\",\"target\":[\"https:\/\/www.fraczinet.cl\/sitio\/2009\/06\/23\/toda-la-magia-de-san-juan-estara-en-rere\/\"]}]},{\"@type\":\"BreadcrumbList\",\"@id\":\"https:\/\/www.fraczinet.cl\/sitio\/2009\/06\/23\/toda-la-magia-de-san-juan-estara-en-rere\/#breadcrumb\",\"itemListElement\":[{\"@type\":\"ListItem\",\"position\":1,\"name\":\"Portada\",\"item\":\"https:\/\/www.fraczinet.cl\/sitio\/\"},{\"@type\":\"ListItem\",\"position\":2,\"name\":\"Toda la Magia de San Juan Estar\u00e1 en Rere\"}]},{\"@type\":\"WebSite\",\"@id\":\"https:\/\/www.fraczinet.cl\/sitio\/#website\",\"url\":\"https:\/\/www.fraczinet.cl\/sitio\/\",\"name\":\"Nuestro Bio B\u00edo\",\"description\":\"Tierra de Encuentros\",\"publisher\":{\"@id\":\"https:\/\/www.fraczinet.cl\/sitio\/#\/schema\/person\/aec8ee4da68df2b9b0eefdad24a0d582\"},\"potentialAction\":[{\"@type\":\"SearchAction\",\"target\":{\"@type\":\"EntryPoint\",\"urlTemplate\":\"https:\/\/www.fraczinet.cl\/sitio\/?s={search_term_string}\"},\"query-input\":{\"@type\":\"PropertyValueSpecification\",\"valueRequired\":true,\"valueName\":\"search_term_string\"}}],\"inLanguage\":\"es\"},{\"@type\":[\"Person\",\"Organization\"],\"@id\":\"https:\/\/www.fraczinet.cl\/sitio\/#\/schema\/person\/aec8ee4da68df2b9b0eefdad24a0d582\",\"name\":\"Luis Fernando Fraczinet\",\"image\":{\"@type\":\"ImageObject\",\"inLanguage\":\"es\",\"@id\":\"https:\/\/www.fraczinet.cl\/sitio\/#\/schema\/person\/image\/\",\"url\":\"https:\/\/www.fraczinet.cl\/sitio\/wp-content\/uploads\/2021\/07\/bannerlogo-1.gif\",\"contentUrl\":\"https:\/\/www.fraczinet.cl\/sitio\/wp-content\/uploads\/2021\/07\/bannerlogo-1.gif\",\"width\":159,\"height\":79,\"caption\":\"Luis Fernando Fraczinet\"},\"logo\":{\"@id\":\"https:\/\/www.fraczinet.cl\/sitio\/#\/schema\/person\/image\/\"},\"sameAs\":[\"https:\/\/www.fraczinet.cl\/sitio\/\"]},{\"@type\":\"Person\",\"@id\":\"https:\/\/www.fraczinet.cl\/sitio\/#\/schema\/person\/bc30f98e9cb10ae7e119dbe14bc93784\",\"name\":\"admin\",\"image\":{\"@type\":\"ImageObject\",\"inLanguage\":\"es\",\"@id\":\"https:\/\/www.fraczinet.cl\/sitio\/#\/schema\/person\/image\/\",\"url\":\"https:\/\/secure.gravatar.com\/avatar\/d5ad3cf7ef3b23a2bb5be73be780c86b2fc8545c3ad6b149f3913ff458c00099?s=96&d=mm&r=g\",\"contentUrl\":\"https:\/\/secure.gravatar.com\/avatar\/d5ad3cf7ef3b23a2bb5be73be780c86b2fc8545c3ad6b149f3913ff458c00099?s=96&d=mm&r=g\",\"caption\":\"admin\"},\"sameAs\":[\"https:\/\/www.fraczinet.cl\/sitio\"]}]}<\/script>\n<!-- \/ Yoast SEO plugin. -->","yoast_head_json":{"title":"Toda la Magia de San Juan Estar\u00e1 en Rere - Nuestro Bio B\u00edo","robots":{"index":"index","follow":"follow","max-snippet":"max-snippet:-1","max-image-preview":"max-image-preview:large","max-video-preview":"max-video-preview:-1"},"canonical":"https:\/\/www.fraczinet.cl\/sitio\/2009\/06\/23\/toda-la-magia-de-san-juan-estara-en-rere\/","og_locale":"es_ES","og_type":"article","og_title":"Toda la Magia de San Juan Estar\u00e1 en Rere - Nuestro Bio B\u00edo","og_description":"El guiso preparado con al menos 5 tipos de carnes ser\u00e1 el platillo principal de esta fiesta costumbrista que se desarrollar\u00e1 en la localidad de Rere, distante a 20 km del centro de Yumbel, \u00e9ste s\u00e1bado 27 y domingo 28 de junio Las tradiciones de la noche de San Juan, se ven magnificadas en el [&hellip;]","og_url":"https:\/\/www.fraczinet.cl\/sitio\/2009\/06\/23\/toda-la-magia-de-san-juan-estara-en-rere\/","og_site_name":"Nuestro Bio B\u00edo","article_published_time":"2009-06-23T15:20:00+00:00","og_image":[{"width":159,"height":79,"url":"https:\/\/www.fraczinet.cl\/sitio\/wp-content\/uploads\/2021\/07\/bannerlogo-1.gif","type":"image\/gif"}],"author":"admin","twitter_card":"summary_large_image","twitter_creator":"@nuestrobiobio","twitter_site":"@nuestrobiobio","twitter_misc":{"Escrito por":"admin","Tiempo de lectura":"2 minutos"},"schema":{"@context":"https:\/\/schema.org","@graph":[{"@type":"Article","@id":"https:\/\/www.fraczinet.cl\/sitio\/2009\/06\/23\/toda-la-magia-de-san-juan-estara-en-rere\/#article","isPartOf":{"@id":"https:\/\/www.fraczinet.cl\/sitio\/2009\/06\/23\/toda-la-magia-de-san-juan-estara-en-rere\/"},"author":{"name":"admin","@id":"https:\/\/www.fraczinet.cl\/sitio\/#\/schema\/person\/bc30f98e9cb10ae7e119dbe14bc93784"},"headline":"Toda la Magia de San Juan Estar\u00e1 en Rere","datePublished":"2009-06-23T15:20:00+00:00","mainEntityOfPage":{"@id":"https:\/\/www.fraczinet.cl\/sitio\/2009\/06\/23\/toda-la-magia-de-san-juan-estara-en-rere\/"},"wordCount":350,"commentCount":1,"publisher":{"@id":"https:\/\/www.fraczinet.cl\/sitio\/#\/schema\/person\/aec8ee4da68df2b9b0eefdad24a0d582"},"articleSection":["Fiestas y Tradiciones","Yumbel"],"inLanguage":"es","potentialAction":[{"@type":"CommentAction","name":"Comment","target":["https:\/\/www.fraczinet.cl\/sitio\/2009\/06\/23\/toda-la-magia-de-san-juan-estara-en-rere\/#respond"]}]},{"@type":"WebPage","@id":"https:\/\/www.fraczinet.cl\/sitio\/2009\/06\/23\/toda-la-magia-de-san-juan-estara-en-rere\/","url":"https:\/\/www.fraczinet.cl\/sitio\/2009\/06\/23\/toda-la-magia-de-san-juan-estara-en-rere\/","name":"Toda la Magia de San Juan Estar\u00e1 en Rere - Nuestro Bio B\u00edo","isPartOf":{"@id":"https:\/\/www.fraczinet.cl\/sitio\/#website"},"datePublished":"2009-06-23T15:20:00+00:00","breadcrumb":{"@id":"https:\/\/www.fraczinet.cl\/sitio\/2009\/06\/23\/toda-la-magia-de-san-juan-estara-en-rere\/#breadcrumb"},"inLanguage":"es","potentialAction":[{"@type":"ReadAction","target":["https:\/\/www.fraczinet.cl\/sitio\/2009\/06\/23\/toda-la-magia-de-san-juan-estara-en-rere\/"]}]},{"@type":"BreadcrumbList","@id":"https:\/\/www.fraczinet.cl\/sitio\/2009\/06\/23\/toda-la-magia-de-san-juan-estara-en-rere\/#breadcrumb","itemListElement":[{"@type":"ListItem","position":1,"name":"Portada","item":"https:\/\/www.fraczinet.cl\/sitio\/"},{"@type":"ListItem","position":2,"name":"Toda la Magia de San Juan Estar\u00e1 en Rere"}]},{"@type":"WebSite","@id":"https:\/\/www.fraczinet.cl\/sitio\/#website","url":"https:\/\/www.fraczinet.cl\/sitio\/","name":"Nuestro Bio B\u00edo","description":"Tierra de Encuentros","publisher":{"@id":"https:\/\/www.fraczinet.cl\/sitio\/#\/schema\/person\/aec8ee4da68df2b9b0eefdad24a0d582"},"potentialAction":[{"@type":"SearchAction","target":{"@type":"EntryPoint","urlTemplate":"https:\/\/www.fraczinet.cl\/sitio\/?s={search_term_string}"},"query-input":{"@type":"PropertyValueSpecification","valueRequired":true,"valueName":"search_term_string"}}],"inLanguage":"es"},{"@type":["Person","Organization"],"@id":"https:\/\/www.fraczinet.cl\/sitio\/#\/schema\/person\/aec8ee4da68df2b9b0eefdad24a0d582","name":"Luis Fernando Fraczinet","image":{"@type":"ImageObject","inLanguage":"es","@id":"https:\/\/www.fraczinet.cl\/sitio\/#\/schema\/person\/image\/","url":"https:\/\/www.fraczinet.cl\/sitio\/wp-content\/uploads\/2021\/07\/bannerlogo-1.gif","contentUrl":"https:\/\/www.fraczinet.cl\/sitio\/wp-content\/uploads\/2021\/07\/bannerlogo-1.gif","width":159,"height":79,"caption":"Luis Fernando Fraczinet"},"logo":{"@id":"https:\/\/www.fraczinet.cl\/sitio\/#\/schema\/person\/image\/"},"sameAs":["https:\/\/www.fraczinet.cl\/sitio\/"]},{"@type":"Person","@id":"https:\/\/www.fraczinet.cl\/sitio\/#\/schema\/person\/bc30f98e9cb10ae7e119dbe14bc93784","name":"admin","image":{"@type":"ImageObject","inLanguage":"es","@id":"https:\/\/www.fraczinet.cl\/sitio\/#\/schema\/person\/image\/","url":"https:\/\/secure.gravatar.com\/avatar\/d5ad3cf7ef3b23a2bb5be73be780c86b2fc8545c3ad6b149f3913ff458c00099?s=96&d=mm&r=g","contentUrl":"https:\/\/secure.gravatar.com\/avatar\/d5ad3cf7ef3b23a2bb5be73be780c86b2fc8545c3ad6b149f3913ff458c00099?s=96&d=mm&r=g","caption":"admin"},"sameAs":["https:\/\/www.fraczinet.cl\/sitio"]}]}},"_links":{"self":[{"href":"https:\/\/www.fraczinet.cl\/sitio\/wp-json\/wp\/v2\/posts\/4892","targetHints":{"allow":["GET"]}}],"collection":[{"href":"https:\/\/www.fraczinet.cl\/sitio\/wp-json\/wp\/v2\/posts"}],"about":[{"href":"https:\/\/www.fraczinet.cl\/sitio\/wp-json\/wp\/v2\/types\/post"}],"author":[{"embeddable":true,"href":"https:\/\/www.fraczinet.cl\/sitio\/wp-json\/wp\/v2\/users\/1"}],"replies":[{"embeddable":true,"href":"https:\/\/www.fraczinet.cl\/sitio\/wp-json\/wp\/v2\/comments?post=4892"}],"version-history":[{"count":0,"href":"https:\/\/www.fraczinet.cl\/sitio\/wp-json\/wp\/v2\/posts\/4892\/revisions"}],"wp:attachment":[{"href":"https:\/\/www.fraczinet.cl\/sitio\/wp-json\/wp\/v2\/media?parent=4892"}],"wp:term":[{"taxonomy":"category","embeddable":true,"href":"https:\/\/www.fraczinet.cl\/sitio\/wp-json\/wp\/v2\/categories?post=4892"},{"taxonomy":"post_tag","embeddable":true,"href":"https:\/\/www.fraczinet.cl\/sitio\/wp-json\/wp\/v2\/tags?post=4892"}],"curies":[{"name":"wp","href":"https:\/\/api.w.org\/{rel}","templated":true}]}}