{"id":4898,"date":"2009-06-22T03:28:00","date_gmt":"2009-06-22T03:28:00","guid":{"rendered":"https:\/\/www.fraczinet.cl\/sitio\/2009\/06\/22\/winoll-tripantu-incio-de-ano-nuevo-mapuche\/"},"modified":"2009-06-22T03:28:00","modified_gmt":"2009-06-22T03:28:00","slug":"winoll-tripantu-incio-de-ano-nuevo-mapuche","status":"publish","type":"post","link":"https:\/\/www.fraczinet.cl\/sitio\/2009\/06\/22\/winoll-tripantu-incio-de-ano-nuevo-mapuche\/","title":{"rendered":"Winoll Tripantu &#8211; Incio de A\u00f1o Nuevo Mapuche"},"content":{"rendered":"<div style=\"text-align: justify;\">La visi\u00f3n del pueblo mapuche esta basada en la ciencia astron\u00f3mica, los cambios que se producen en la naturaleza como proceso de finalizaci\u00f3n e inicio de un nuevo ciclo. Con respecto a su vida pr\u00e1ctica en relaci\u00f3n con la tierra, lo refleja en su vida cotidiana, la vivienda o ruka simboliza la redondez de la tierra y con ello el retorno de las cuatro estaciones del a\u00f1o, que son: El Pew\u00fc (primavera) walg\u00fcng (verano) Rim\u00fc (Oto\u00f1o) y el Pukem (invierno).<\/div>\n<div style=\"text-align: justify;\"><\/div>\n<div style=\"text-align: justify;\">El calendario mapuche no se incia el 1 de enero como la cultura occidental, sino que el 21 de Junio, que es el d\u00eda del solsticio de invierno, el d\u00eda m\u00e1s corto y la noche m\u00e1s larga y que adem\u00e1s coincide con los primeros brotes de los arboles (Rengken) que para el mapuche es el Wi\u00f1oll Tripantu, el inicio de un nuevo ciclo de la vida y es a la vez el d\u00eda de la mayor inclinaci\u00f3n del planeta en el hemisferio sur respecto a su eje de rotaci\u00f3n.<\/div>\n<div style=\"text-align: justify;\"><\/div>\n<div style=\"text-align: justify;\">La existencia del planeta tierra y el hombre no es por el azar, todos los sucesos de la naturaleza, est\u00e1n relacionados con el movimiento del cosmos, lo que sucede en el exterior y el interior del hombre, esta intimamente relacionado con el Newen (fuerza) que es el alimento espiritual, la naturaleza es un c\u00f3digo de mensajes que viene de F\u00fccha Chau (Gran padre Dios) que gu\u00eda los pasos y el destino de nuestras culturas.<\/div>\n<div style=\"text-align: justify;\"><\/div>\n<div style=\"text-align: justify;\">El pueblo mapuche respeta la naturaleza y con el mismo grado a su pr\u00f3jimo y solidariza con el ordenadamente como el universo. Feyetun (La F\u00e9) la religi\u00f3n tiene una importancia plena en su practica de vida, jam\u00e1s nunca adoraron im\u00e1genes u cosa semejante. El pueblo no idolatra, porque sus divinidades est\u00e1n cimentadas en su relaci\u00f3n con la naturaleza y a\u00fan en tiempo de guerra nunca se dejo de lado al \u00fanico Dios del cielo y la tierra, siempre pidieron protecci\u00f3n a trav\u00e9s de Nguillatunes, ceremonia p\u00fablica y colectiva.<\/div>\n<div style=\"text-align: justify;\"><\/div>\n<div style=\"text-align: justify;\">Saludos Cordiales,<\/div>\n<div style=\"text-align: justify;\"><\/div>\n<div style=\"text-align: justify;\">Peukallal wen \u00fcy<\/div>\n<div style=\"text-align: justify;\"><\/div>\n<div style=\"text-align: justify;\">Grupo en Facebook: <a href=\"http:\/\/www.facebook.com\/group.php?gid=53212512164\">Lautaro Manquilef \u00abMapu el cantun\u00bb<\/a><\/div>\n","protected":false},"excerpt":{"rendered":"<p>La visi\u00f3n del pueblo mapuche esta basada en la ciencia astron\u00f3mica, los cambios que se producen en la naturaleza como proceso de finalizaci\u00f3n e inicio de un nuevo ciclo. Con respecto a su vida pr\u00e1ctica en relaci\u00f3n con la tierra, lo refleja en su vida cotidiana, la vivienda o ruka simboliza la redondez de la [&hellip;]<\/p>\n","protected":false},"author":1,"featured_media":0,"comment_status":"open","ping_status":"open","sticky":false,"template":"","format":"standard","meta":{"footnotes":""},"categories":[226,7,47,123,157],"tags":[],"class_list":["post-4898","post","type-post","status-publish","format-standard","hentry","category-coyunches","category-fiestas-y-tradiciones","category-mapuches","category-moluches","category-pehuenches"],"yoast_head":"<!-- This site is optimized with the Yoast SEO plugin v25.0 - https:\/\/yoast.com\/wordpress\/plugins\/seo\/ -->\n<title>Winoll Tripantu - Incio de A\u00f1o Nuevo Mapuche - Nuestro Bio B\u00edo<\/title>\n<meta name=\"robots\" content=\"index, follow, max-snippet:-1, max-image-preview:large, max-video-preview:-1\" \/>\n<link rel=\"canonical\" href=\"https:\/\/www.fraczinet.cl\/sitio\/2009\/06\/22\/winoll-tripantu-incio-de-ano-nuevo-mapuche\/\" \/>\n<meta property=\"og:locale\" content=\"es_ES\" \/>\n<meta property=\"og:type\" content=\"article\" \/>\n<meta property=\"og:title\" content=\"Winoll Tripantu - Incio de A\u00f1o Nuevo Mapuche - Nuestro Bio B\u00edo\" \/>\n<meta property=\"og:description\" content=\"La visi\u00f3n del pueblo mapuche esta basada en la ciencia astron\u00f3mica, los cambios que se producen en la naturaleza como proceso de finalizaci\u00f3n e inicio de un nuevo ciclo. Con respecto a su vida pr\u00e1ctica en relaci\u00f3n con la tierra, lo refleja en su vida cotidiana, la vivienda o ruka simboliza la redondez de la [&hellip;]\" \/>\n<meta property=\"og:url\" content=\"https:\/\/www.fraczinet.cl\/sitio\/2009\/06\/22\/winoll-tripantu-incio-de-ano-nuevo-mapuche\/\" \/>\n<meta property=\"og:site_name\" content=\"Nuestro Bio B\u00edo\" \/>\n<meta property=\"article:published_time\" content=\"2009-06-22T03:28:00+00:00\" \/>\n<meta property=\"og:image\" content=\"https:\/\/www.fraczinet.cl\/sitio\/wp-content\/uploads\/2021\/07\/bannerlogo-1.gif\" \/>\n\t<meta property=\"og:image:width\" content=\"159\" \/>\n\t<meta property=\"og:image:height\" content=\"79\" \/>\n\t<meta property=\"og:image:type\" content=\"image\/gif\" \/>\n<meta name=\"author\" content=\"admin\" \/>\n<meta name=\"twitter:card\" content=\"summary_large_image\" \/>\n<meta name=\"twitter:creator\" content=\"@nuestrobiobio\" \/>\n<meta name=\"twitter:site\" content=\"@nuestrobiobio\" \/>\n<meta name=\"twitter:label1\" content=\"Escrito por\" \/>\n\t<meta name=\"twitter:data1\" content=\"admin\" \/>\n\t<meta name=\"twitter:label2\" content=\"Tiempo de lectura\" \/>\n\t<meta name=\"twitter:data2\" content=\"2 minutos\" \/>\n<script type=\"application\/ld+json\" class=\"yoast-schema-graph\">{\"@context\":\"https:\/\/schema.org\",\"@graph\":[{\"@type\":\"Article\",\"@id\":\"https:\/\/www.fraczinet.cl\/sitio\/2009\/06\/22\/winoll-tripantu-incio-de-ano-nuevo-mapuche\/#article\",\"isPartOf\":{\"@id\":\"https:\/\/www.fraczinet.cl\/sitio\/2009\/06\/22\/winoll-tripantu-incio-de-ano-nuevo-mapuche\/\"},\"author\":{\"name\":\"admin\",\"@id\":\"https:\/\/www.fraczinet.cl\/sitio\/#\/schema\/person\/bc30f98e9cb10ae7e119dbe14bc93784\"},\"headline\":\"Winoll Tripantu &#8211; Incio de A\u00f1o Nuevo Mapuche\",\"datePublished\":\"2009-06-22T03:28:00+00:00\",\"mainEntityOfPage\":{\"@id\":\"https:\/\/www.fraczinet.cl\/sitio\/2009\/06\/22\/winoll-tripantu-incio-de-ano-nuevo-mapuche\/\"},\"wordCount\":382,\"commentCount\":0,\"publisher\":{\"@id\":\"https:\/\/www.fraczinet.cl\/sitio\/#\/schema\/person\/aec8ee4da68df2b9b0eefdad24a0d582\"},\"articleSection\":[\"Coyunches\",\"Fiestas y Tradiciones\",\"Mapuches\",\"Moluches\",\"Pehuenches\"],\"inLanguage\":\"es\",\"potentialAction\":[{\"@type\":\"CommentAction\",\"name\":\"Comment\",\"target\":[\"https:\/\/www.fraczinet.cl\/sitio\/2009\/06\/22\/winoll-tripantu-incio-de-ano-nuevo-mapuche\/#respond\"]}]},{\"@type\":\"WebPage\",\"@id\":\"https:\/\/www.fraczinet.cl\/sitio\/2009\/06\/22\/winoll-tripantu-incio-de-ano-nuevo-mapuche\/\",\"url\":\"https:\/\/www.fraczinet.cl\/sitio\/2009\/06\/22\/winoll-tripantu-incio-de-ano-nuevo-mapuche\/\",\"name\":\"Winoll Tripantu - Incio de A\u00f1o Nuevo Mapuche - Nuestro Bio B\u00edo\",\"isPartOf\":{\"@id\":\"https:\/\/www.fraczinet.cl\/sitio\/#website\"},\"datePublished\":\"2009-06-22T03:28:00+00:00\",\"breadcrumb\":{\"@id\":\"https:\/\/www.fraczinet.cl\/sitio\/2009\/06\/22\/winoll-tripantu-incio-de-ano-nuevo-mapuche\/#breadcrumb\"},\"inLanguage\":\"es\",\"potentialAction\":[{\"@type\":\"ReadAction\",\"target\":[\"https:\/\/www.fraczinet.cl\/sitio\/2009\/06\/22\/winoll-tripantu-incio-de-ano-nuevo-mapuche\/\"]}]},{\"@type\":\"BreadcrumbList\",\"@id\":\"https:\/\/www.fraczinet.cl\/sitio\/2009\/06\/22\/winoll-tripantu-incio-de-ano-nuevo-mapuche\/#breadcrumb\",\"itemListElement\":[{\"@type\":\"ListItem\",\"position\":1,\"name\":\"Portada\",\"item\":\"https:\/\/www.fraczinet.cl\/sitio\/\"},{\"@type\":\"ListItem\",\"position\":2,\"name\":\"Winoll Tripantu &#8211; Incio de A\u00f1o Nuevo Mapuche\"}]},{\"@type\":\"WebSite\",\"@id\":\"https:\/\/www.fraczinet.cl\/sitio\/#website\",\"url\":\"https:\/\/www.fraczinet.cl\/sitio\/\",\"name\":\"Nuestro Bio B\u00edo\",\"description\":\"Tierra de Encuentros\",\"publisher\":{\"@id\":\"https:\/\/www.fraczinet.cl\/sitio\/#\/schema\/person\/aec8ee4da68df2b9b0eefdad24a0d582\"},\"potentialAction\":[{\"@type\":\"SearchAction\",\"target\":{\"@type\":\"EntryPoint\",\"urlTemplate\":\"https:\/\/www.fraczinet.cl\/sitio\/?s={search_term_string}\"},\"query-input\":{\"@type\":\"PropertyValueSpecification\",\"valueRequired\":true,\"valueName\":\"search_term_string\"}}],\"inLanguage\":\"es\"},{\"@type\":[\"Person\",\"Organization\"],\"@id\":\"https:\/\/www.fraczinet.cl\/sitio\/#\/schema\/person\/aec8ee4da68df2b9b0eefdad24a0d582\",\"name\":\"Luis Fernando Fraczinet\",\"image\":{\"@type\":\"ImageObject\",\"inLanguage\":\"es\",\"@id\":\"https:\/\/www.fraczinet.cl\/sitio\/#\/schema\/person\/image\/\",\"url\":\"https:\/\/www.fraczinet.cl\/sitio\/wp-content\/uploads\/2021\/07\/bannerlogo-1.gif\",\"contentUrl\":\"https:\/\/www.fraczinet.cl\/sitio\/wp-content\/uploads\/2021\/07\/bannerlogo-1.gif\",\"width\":159,\"height\":79,\"caption\":\"Luis Fernando Fraczinet\"},\"logo\":{\"@id\":\"https:\/\/www.fraczinet.cl\/sitio\/#\/schema\/person\/image\/\"},\"sameAs\":[\"https:\/\/www.fraczinet.cl\/sitio\/\"]},{\"@type\":\"Person\",\"@id\":\"https:\/\/www.fraczinet.cl\/sitio\/#\/schema\/person\/bc30f98e9cb10ae7e119dbe14bc93784\",\"name\":\"admin\",\"image\":{\"@type\":\"ImageObject\",\"inLanguage\":\"es\",\"@id\":\"https:\/\/www.fraczinet.cl\/sitio\/#\/schema\/person\/image\/\",\"url\":\"https:\/\/secure.gravatar.com\/avatar\/d5ad3cf7ef3b23a2bb5be73be780c86b2fc8545c3ad6b149f3913ff458c00099?s=96&d=mm&r=g\",\"contentUrl\":\"https:\/\/secure.gravatar.com\/avatar\/d5ad3cf7ef3b23a2bb5be73be780c86b2fc8545c3ad6b149f3913ff458c00099?s=96&d=mm&r=g\",\"caption\":\"admin\"},\"sameAs\":[\"https:\/\/www.fraczinet.cl\/sitio\"]}]}<\/script>\n<!-- \/ Yoast SEO plugin. -->","yoast_head_json":{"title":"Winoll Tripantu - Incio de A\u00f1o Nuevo Mapuche - Nuestro Bio B\u00edo","robots":{"index":"index","follow":"follow","max-snippet":"max-snippet:-1","max-image-preview":"max-image-preview:large","max-video-preview":"max-video-preview:-1"},"canonical":"https:\/\/www.fraczinet.cl\/sitio\/2009\/06\/22\/winoll-tripantu-incio-de-ano-nuevo-mapuche\/","og_locale":"es_ES","og_type":"article","og_title":"Winoll Tripantu - Incio de A\u00f1o Nuevo Mapuche - Nuestro Bio B\u00edo","og_description":"La visi\u00f3n del pueblo mapuche esta basada en la ciencia astron\u00f3mica, los cambios que se producen en la naturaleza como proceso de finalizaci\u00f3n e inicio de un nuevo ciclo. Con respecto a su vida pr\u00e1ctica en relaci\u00f3n con la tierra, lo refleja en su vida cotidiana, la vivienda o ruka simboliza la redondez de la [&hellip;]","og_url":"https:\/\/www.fraczinet.cl\/sitio\/2009\/06\/22\/winoll-tripantu-incio-de-ano-nuevo-mapuche\/","og_site_name":"Nuestro Bio B\u00edo","article_published_time":"2009-06-22T03:28:00+00:00","og_image":[{"width":159,"height":79,"url":"https:\/\/www.fraczinet.cl\/sitio\/wp-content\/uploads\/2021\/07\/bannerlogo-1.gif","type":"image\/gif"}],"author":"admin","twitter_card":"summary_large_image","twitter_creator":"@nuestrobiobio","twitter_site":"@nuestrobiobio","twitter_misc":{"Escrito por":"admin","Tiempo de lectura":"2 minutos"},"schema":{"@context":"https:\/\/schema.org","@graph":[{"@type":"Article","@id":"https:\/\/www.fraczinet.cl\/sitio\/2009\/06\/22\/winoll-tripantu-incio-de-ano-nuevo-mapuche\/#article","isPartOf":{"@id":"https:\/\/www.fraczinet.cl\/sitio\/2009\/06\/22\/winoll-tripantu-incio-de-ano-nuevo-mapuche\/"},"author":{"name":"admin","@id":"https:\/\/www.fraczinet.cl\/sitio\/#\/schema\/person\/bc30f98e9cb10ae7e119dbe14bc93784"},"headline":"Winoll Tripantu &#8211; Incio de A\u00f1o Nuevo Mapuche","datePublished":"2009-06-22T03:28:00+00:00","mainEntityOfPage":{"@id":"https:\/\/www.fraczinet.cl\/sitio\/2009\/06\/22\/winoll-tripantu-incio-de-ano-nuevo-mapuche\/"},"wordCount":382,"commentCount":0,"publisher":{"@id":"https:\/\/www.fraczinet.cl\/sitio\/#\/schema\/person\/aec8ee4da68df2b9b0eefdad24a0d582"},"articleSection":["Coyunches","Fiestas y Tradiciones","Mapuches","Moluches","Pehuenches"],"inLanguage":"es","potentialAction":[{"@type":"CommentAction","name":"Comment","target":["https:\/\/www.fraczinet.cl\/sitio\/2009\/06\/22\/winoll-tripantu-incio-de-ano-nuevo-mapuche\/#respond"]}]},{"@type":"WebPage","@id":"https:\/\/www.fraczinet.cl\/sitio\/2009\/06\/22\/winoll-tripantu-incio-de-ano-nuevo-mapuche\/","url":"https:\/\/www.fraczinet.cl\/sitio\/2009\/06\/22\/winoll-tripantu-incio-de-ano-nuevo-mapuche\/","name":"Winoll Tripantu - Incio de A\u00f1o Nuevo Mapuche - Nuestro Bio B\u00edo","isPartOf":{"@id":"https:\/\/www.fraczinet.cl\/sitio\/#website"},"datePublished":"2009-06-22T03:28:00+00:00","breadcrumb":{"@id":"https:\/\/www.fraczinet.cl\/sitio\/2009\/06\/22\/winoll-tripantu-incio-de-ano-nuevo-mapuche\/#breadcrumb"},"inLanguage":"es","potentialAction":[{"@type":"ReadAction","target":["https:\/\/www.fraczinet.cl\/sitio\/2009\/06\/22\/winoll-tripantu-incio-de-ano-nuevo-mapuche\/"]}]},{"@type":"BreadcrumbList","@id":"https:\/\/www.fraczinet.cl\/sitio\/2009\/06\/22\/winoll-tripantu-incio-de-ano-nuevo-mapuche\/#breadcrumb","itemListElement":[{"@type":"ListItem","position":1,"name":"Portada","item":"https:\/\/www.fraczinet.cl\/sitio\/"},{"@type":"ListItem","position":2,"name":"Winoll Tripantu &#8211; Incio de A\u00f1o Nuevo Mapuche"}]},{"@type":"WebSite","@id":"https:\/\/www.fraczinet.cl\/sitio\/#website","url":"https:\/\/www.fraczinet.cl\/sitio\/","name":"Nuestro Bio B\u00edo","description":"Tierra de Encuentros","publisher":{"@id":"https:\/\/www.fraczinet.cl\/sitio\/#\/schema\/person\/aec8ee4da68df2b9b0eefdad24a0d582"},"potentialAction":[{"@type":"SearchAction","target":{"@type":"EntryPoint","urlTemplate":"https:\/\/www.fraczinet.cl\/sitio\/?s={search_term_string}"},"query-input":{"@type":"PropertyValueSpecification","valueRequired":true,"valueName":"search_term_string"}}],"inLanguage":"es"},{"@type":["Person","Organization"],"@id":"https:\/\/www.fraczinet.cl\/sitio\/#\/schema\/person\/aec8ee4da68df2b9b0eefdad24a0d582","name":"Luis Fernando Fraczinet","image":{"@type":"ImageObject","inLanguage":"es","@id":"https:\/\/www.fraczinet.cl\/sitio\/#\/schema\/person\/image\/","url":"https:\/\/www.fraczinet.cl\/sitio\/wp-content\/uploads\/2021\/07\/bannerlogo-1.gif","contentUrl":"https:\/\/www.fraczinet.cl\/sitio\/wp-content\/uploads\/2021\/07\/bannerlogo-1.gif","width":159,"height":79,"caption":"Luis Fernando Fraczinet"},"logo":{"@id":"https:\/\/www.fraczinet.cl\/sitio\/#\/schema\/person\/image\/"},"sameAs":["https:\/\/www.fraczinet.cl\/sitio\/"]},{"@type":"Person","@id":"https:\/\/www.fraczinet.cl\/sitio\/#\/schema\/person\/bc30f98e9cb10ae7e119dbe14bc93784","name":"admin","image":{"@type":"ImageObject","inLanguage":"es","@id":"https:\/\/www.fraczinet.cl\/sitio\/#\/schema\/person\/image\/","url":"https:\/\/secure.gravatar.com\/avatar\/d5ad3cf7ef3b23a2bb5be73be780c86b2fc8545c3ad6b149f3913ff458c00099?s=96&d=mm&r=g","contentUrl":"https:\/\/secure.gravatar.com\/avatar\/d5ad3cf7ef3b23a2bb5be73be780c86b2fc8545c3ad6b149f3913ff458c00099?s=96&d=mm&r=g","caption":"admin"},"sameAs":["https:\/\/www.fraczinet.cl\/sitio"]}]}},"_links":{"self":[{"href":"https:\/\/www.fraczinet.cl\/sitio\/wp-json\/wp\/v2\/posts\/4898","targetHints":{"allow":["GET"]}}],"collection":[{"href":"https:\/\/www.fraczinet.cl\/sitio\/wp-json\/wp\/v2\/posts"}],"about":[{"href":"https:\/\/www.fraczinet.cl\/sitio\/wp-json\/wp\/v2\/types\/post"}],"author":[{"embeddable":true,"href":"https:\/\/www.fraczinet.cl\/sitio\/wp-json\/wp\/v2\/users\/1"}],"replies":[{"embeddable":true,"href":"https:\/\/www.fraczinet.cl\/sitio\/wp-json\/wp\/v2\/comments?post=4898"}],"version-history":[{"count":0,"href":"https:\/\/www.fraczinet.cl\/sitio\/wp-json\/wp\/v2\/posts\/4898\/revisions"}],"wp:attachment":[{"href":"https:\/\/www.fraczinet.cl\/sitio\/wp-json\/wp\/v2\/media?parent=4898"}],"wp:term":[{"taxonomy":"category","embeddable":true,"href":"https:\/\/www.fraczinet.cl\/sitio\/wp-json\/wp\/v2\/categories?post=4898"},{"taxonomy":"post_tag","embeddable":true,"href":"https:\/\/www.fraczinet.cl\/sitio\/wp-json\/wp\/v2\/tags?post=4898"}],"curies":[{"name":"wp","href":"https:\/\/api.w.org\/{rel}","templated":true}]}}