{"id":4905,"date":"2009-06-12T11:51:00","date_gmt":"2009-06-12T11:51:00","guid":{"rendered":"https:\/\/www.fraczinet.cl\/sitio\/2009\/06\/12\/lecturas-y-poemas-de-pablo-neruda-segunda-parte\/"},"modified":"2022-10-05T23:16:18","modified_gmt":"2022-10-05T23:16:18","slug":"lecturas-y-poemas-de-pablo-neruda-segunda-parte","status":"publish","type":"post","link":"https:\/\/www.fraczinet.cl\/sitio\/lecturas-y-poemas-de-pablo-neruda-segunda-parte\/","title":{"rendered":"\u00abLecturas y Poemas de Pablo Neruda\u00bb, segunda parte"},"content":{"rendered":"<div style=\"text-align: justify;\"><a href=\"http:\/\/2.bp.blogspot.com\/_2S_RxGRVjis\/SjJB2wWOmuI\/AAAAAAAAIyo\/5ddRJrGrPH0\/s1600-h\/neruda.jpg\" style=\"clear: left; float: left; margin-bottom: 1em; margin-right: 1em;\"><img decoding=\"async\" alt=\"\" border=\"0\" id=\"BLOGGER_PHOTO_ID_5346408116589075170\" src=\"https:\/\/2.bp.blogspot.com\/_2S_RxGRVjis\/SjJB2wWOmuI\/AAAAAAAAIyo\/5ddRJrGrPH0\/s200\/neruda.jpg\" style=\"float: left; height: 200px; margin: 0px 10px 10px 0px; width: 135px;\" \/><\/a>La Direcci\u00f3n de Extensi\u00f3n Art\u00edstica y Cultural realiza el ciclo de Tertulias Literarias UCSC. Esta semana conversaremos sobre la \u201cPoes\u00eda de Pablo Neruda\u201d<\/div>\n<div style=\"text-align: justify;\"><\/div>\n<div style=\"text-align: justify;\">Este Martes 9 comenzamos la conversaci\u00f3n sobre la figura de Pablo Neruda, en esta ocasi\u00f3n contamos con testimonios de espectadores y amigos de Neruda conversamos sobre la importancia motivacional de algunos poemas y su historia personal escuchamos una antigua versi\u00f3n de las Alturas de Machu Pichu en la voz del poeta y terminando la sesi\u00f3n jugamos a tratar de responder algunas de la preguntas del Libro de las Preguntas.<\/div>\n<div style=\"text-align: justify;\"><\/div>\n<div style=\"text-align: justify;\">Como siempre, la invitaci\u00f3n es extendida a toda la comunidad. <\/div>\n<div style=\"text-align: justify;\"><\/div>\n<div style=\"text-align: justify;\">Fecha: martes, 16 de junio de 2009<\/div>\n<div style=\"text-align: justify;\">Hora: 19:00 &#8211; 20:30<\/div>\n<div style=\"text-align: justify;\">Lugar: Sala 2 del Campus Santo Domingo<\/div>\n<div style=\"text-align: justify;\">Direcci\u00f3n: Lincoy\u00e1n 255<\/div>\n<div style=\"text-align: justify;\">Entrada liberada<\/div>\n<div style=\"text-align: justify;\"><\/div>\n","protected":false},"excerpt":{"rendered":"<p>La Direcci\u00f3n de Extensi\u00f3n Art\u00edstica y Cultural realiza el ciclo de Tertulias Literarias UCSC. Esta semana conversaremos sobre la \u201cPoes\u00eda de Pablo Neruda\u201d Este Martes 9 comenzamos la conversaci\u00f3n sobre la figura de Pablo Neruda, en esta ocasi\u00f3n contamos con testimonios de espectadores y amigos de Neruda conversamos sobre la importancia motivacional de algunos poemas [&hellip;]<\/p>\n","protected":false},"author":1,"featured_media":0,"comment_status":"open","ping_status":"closed","sticky":false,"template":"","format":"standard","meta":{"footnotes":""},"categories":[44,67],"tags":[],"class_list":["post-4905","post","type-post","status-publish","format-standard","hentry","category-eventos","category-poesia"],"yoast_head":"<!-- This site is optimized with the Yoast SEO plugin v28.2 - https:\/\/yoast.com\/product\/yoast-seo-wordpress\/ -->\n<title>&quot;Lecturas y Poemas de Pablo Neruda&quot;, segunda parte - Nuestro Bio B\u00edo<\/title>\n<meta name=\"robots\" content=\"index, follow, max-snippet:-1, max-image-preview:large, max-video-preview:-1\" \/>\n<link rel=\"canonical\" href=\"https:\/\/www.fraczinet.cl\/sitio\/lecturas-y-poemas-de-pablo-neruda-segunda-parte\/\" \/>\n<meta property=\"og:locale\" content=\"es_ES\" \/>\n<meta property=\"og:type\" content=\"article\" \/>\n<meta property=\"og:title\" content=\"&quot;Lecturas y Poemas de Pablo Neruda&quot;, segunda parte - Nuestro Bio B\u00edo\" \/>\n<meta property=\"og:description\" content=\"La Direcci\u00f3n de Extensi\u00f3n Art\u00edstica y Cultural realiza el ciclo de Tertulias Literarias UCSC. Esta semana conversaremos sobre la \u201cPoes\u00eda de Pablo Neruda\u201d Este Martes 9 comenzamos la conversaci\u00f3n sobre la figura de Pablo Neruda, en esta ocasi\u00f3n contamos con testimonios de espectadores y amigos de Neruda conversamos sobre la importancia motivacional de algunos poemas [&hellip;]\" \/>\n<meta property=\"og:url\" content=\"https:\/\/www.fraczinet.cl\/sitio\/lecturas-y-poemas-de-pablo-neruda-segunda-parte\/\" \/>\n<meta property=\"og:site_name\" content=\"Nuestro Bio B\u00edo\" \/>\n<meta property=\"article:publisher\" content=\"https:\/\/www.facebook.com\/groups\/15721414452\/\" \/>\n<meta property=\"article:published_time\" content=\"2009-06-12T11:51:00+00:00\" \/>\n<meta property=\"article:modified_time\" content=\"2022-10-05T23:16:18+00:00\" \/>\n<meta property=\"og:image\" content=\"https:\/\/2.bp.blogspot.com\/_2S_RxGRVjis\/SjJB2wWOmuI\/AAAAAAAAIyo\/5ddRJrGrPH0\/s200\/neruda.jpg\" \/>\n<meta name=\"twitter:card\" content=\"summary_large_image\" \/>\n<meta name=\"twitter:creator\" content=\"@nuestrobiobio\" \/>\n<meta name=\"twitter:site\" content=\"@nuestrobiobio\" \/>\n<meta name=\"twitter:label1\" content=\"Escrito por\" \/>\n\t<meta name=\"twitter:data1\" content=\"\" \/>\n\t<meta name=\"twitter:label2\" content=\"Tiempo de lectura\" \/>\n\t<meta name=\"twitter:data2\" content=\"1 minuto\" \/>\n<script type=\"application\/ld+json\" class=\"yoast-schema-graph\">{\"@context\":\"https:\\\/\\\/schema.org\",\"@graph\":[{\"@type\":\"Article\",\"@id\":\"https:\\\/\\\/www.fraczinet.cl\\\/sitio\\\/lecturas-y-poemas-de-pablo-neruda-segunda-parte\\\/#article\",\"isPartOf\":{\"@id\":\"https:\\\/\\\/www.fraczinet.cl\\\/sitio\\\/lecturas-y-poemas-de-pablo-neruda-segunda-parte\\\/\"},\"author\":{\"name\":\"\",\"@id\":\"\"},\"headline\":\"\u00abLecturas y Poemas de Pablo Neruda\u00bb, segunda parte\",\"datePublished\":\"2009-06-12T11:51:00+00:00\",\"dateModified\":\"2022-10-05T23:16:18+00:00\",\"mainEntityOfPage\":{\"@id\":\"https:\\\/\\\/www.fraczinet.cl\\\/sitio\\\/lecturas-y-poemas-de-pablo-neruda-segunda-parte\\\/\"},\"wordCount\":137,\"commentCount\":0,\"image\":{\"@id\":\"https:\\\/\\\/www.fraczinet.cl\\\/sitio\\\/lecturas-y-poemas-de-pablo-neruda-segunda-parte\\\/#primaryimage\"},\"thumbnailUrl\":\"https:\\\/\\\/2.bp.blogspot.com\\\/_2S_RxGRVjis\\\/SjJB2wWOmuI\\\/AAAAAAAAIyo\\\/5ddRJrGrPH0\\\/s200\\\/neruda.jpg\",\"articleSection\":[\"Eventos\",\"Poes\u00eda\"],\"inLanguage\":\"es\",\"potentialAction\":[{\"@type\":\"CommentAction\",\"name\":\"Comment\",\"target\":[\"https:\\\/\\\/www.fraczinet.cl\\\/sitio\\\/lecturas-y-poemas-de-pablo-neruda-segunda-parte\\\/#respond\"]}]},{\"@type\":\"WebPage\",\"@id\":\"https:\\\/\\\/www.fraczinet.cl\\\/sitio\\\/lecturas-y-poemas-de-pablo-neruda-segunda-parte\\\/\",\"url\":\"https:\\\/\\\/www.fraczinet.cl\\\/sitio\\\/lecturas-y-poemas-de-pablo-neruda-segunda-parte\\\/\",\"name\":\"\\\"Lecturas y Poemas de Pablo Neruda\\\", segunda parte - Nuestro Bio B\u00edo\",\"isPartOf\":{\"@id\":\"https:\\\/\\\/www.fraczinet.cl\\\/sitio\\\/#website\"},\"primaryImageOfPage\":{\"@id\":\"https:\\\/\\\/www.fraczinet.cl\\\/sitio\\\/lecturas-y-poemas-de-pablo-neruda-segunda-parte\\\/#primaryimage\"},\"image\":{\"@id\":\"https:\\\/\\\/www.fraczinet.cl\\\/sitio\\\/lecturas-y-poemas-de-pablo-neruda-segunda-parte\\\/#primaryimage\"},\"thumbnailUrl\":\"https:\\\/\\\/2.bp.blogspot.com\\\/_2S_RxGRVjis\\\/SjJB2wWOmuI\\\/AAAAAAAAIyo\\\/5ddRJrGrPH0\\\/s200\\\/neruda.jpg\",\"datePublished\":\"2009-06-12T11:51:00+00:00\",\"dateModified\":\"2022-10-05T23:16:18+00:00\",\"author\":{\"@id\":\"\"},\"breadcrumb\":{\"@id\":\"https:\\\/\\\/www.fraczinet.cl\\\/sitio\\\/lecturas-y-poemas-de-pablo-neruda-segunda-parte\\\/#breadcrumb\"},\"inLanguage\":\"es\",\"potentialAction\":[{\"@type\":\"ReadAction\",\"target\":[\"https:\\\/\\\/www.fraczinet.cl\\\/sitio\\\/lecturas-y-poemas-de-pablo-neruda-segunda-parte\\\/\"]}]},{\"@type\":\"ImageObject\",\"inLanguage\":\"es\",\"@id\":\"https:\\\/\\\/www.fraczinet.cl\\\/sitio\\\/lecturas-y-poemas-de-pablo-neruda-segunda-parte\\\/#primaryimage\",\"url\":\"https:\\\/\\\/2.bp.blogspot.com\\\/_2S_RxGRVjis\\\/SjJB2wWOmuI\\\/AAAAAAAAIyo\\\/5ddRJrGrPH0\\\/s200\\\/neruda.jpg\",\"contentUrl\":\"https:\\\/\\\/2.bp.blogspot.com\\\/_2S_RxGRVjis\\\/SjJB2wWOmuI\\\/AAAAAAAAIyo\\\/5ddRJrGrPH0\\\/s200\\\/neruda.jpg\"},{\"@type\":\"BreadcrumbList\",\"@id\":\"https:\\\/\\\/www.fraczinet.cl\\\/sitio\\\/lecturas-y-poemas-de-pablo-neruda-segunda-parte\\\/#breadcrumb\",\"itemListElement\":[{\"@type\":\"ListItem\",\"position\":1,\"name\":\"Portada\",\"item\":\"https:\\\/\\\/www.fraczinet.cl\\\/sitio\\\/\"},{\"@type\":\"ListItem\",\"position\":2,\"name\":\"\u00abLecturas y Poemas de Pablo Neruda\u00bb, segunda parte\"}]},{\"@type\":\"WebSite\",\"@id\":\"https:\\\/\\\/www.fraczinet.cl\\\/sitio\\\/#website\",\"url\":\"https:\\\/\\\/www.fraczinet.cl\\\/sitio\\\/\",\"name\":\"Nuestro Bio B\u00edo\",\"description\":\"Tierra de Encuentros\",\"potentialAction\":[{\"@type\":\"SearchAction\",\"target\":{\"@type\":\"EntryPoint\",\"urlTemplate\":\"https:\\\/\\\/www.fraczinet.cl\\\/sitio\\\/?s={search_term_string}\"},\"query-input\":{\"@type\":\"PropertyValueSpecification\",\"valueRequired\":true,\"valueName\":\"search_term_string\"}}],\"inLanguage\":\"es\"},{\"@type\":\"Person\",\"@id\":\"\"}]}<\/script>\n<!-- \/ Yoast SEO plugin. -->","yoast_head_json":{"title":"\"Lecturas y Poemas de Pablo Neruda\", segunda parte - Nuestro Bio B\u00edo","robots":{"index":"index","follow":"follow","max-snippet":"max-snippet:-1","max-image-preview":"max-image-preview:large","max-video-preview":"max-video-preview:-1"},"canonical":"https:\/\/www.fraczinet.cl\/sitio\/lecturas-y-poemas-de-pablo-neruda-segunda-parte\/","og_locale":"es_ES","og_type":"article","og_title":"\"Lecturas y Poemas de Pablo Neruda\", segunda parte - Nuestro Bio B\u00edo","og_description":"La Direcci\u00f3n de Extensi\u00f3n Art\u00edstica y Cultural realiza el ciclo de Tertulias Literarias UCSC. Esta semana conversaremos sobre la \u201cPoes\u00eda de Pablo Neruda\u201d Este Martes 9 comenzamos la conversaci\u00f3n sobre la figura de Pablo Neruda, en esta ocasi\u00f3n contamos con testimonios de espectadores y amigos de Neruda conversamos sobre la importancia motivacional de algunos poemas [&hellip;]","og_url":"https:\/\/www.fraczinet.cl\/sitio\/lecturas-y-poemas-de-pablo-neruda-segunda-parte\/","og_site_name":"Nuestro Bio B\u00edo","article_publisher":"https:\/\/www.facebook.com\/groups\/15721414452\/","article_published_time":"2009-06-12T11:51:00+00:00","article_modified_time":"2022-10-05T23:16:18+00:00","og_image":[{"url":"https:\/\/2.bp.blogspot.com\/_2S_RxGRVjis\/SjJB2wWOmuI\/AAAAAAAAIyo\/5ddRJrGrPH0\/s200\/neruda.jpg","type":"","width":"","height":""}],"twitter_card":"summary_large_image","twitter_creator":"@nuestrobiobio","twitter_site":"@nuestrobiobio","twitter_misc":{"Escrito por":"","Tiempo de lectura":"1 minuto"},"schema":{"@context":"https:\/\/schema.org","@graph":[{"@type":"Article","@id":"https:\/\/www.fraczinet.cl\/sitio\/lecturas-y-poemas-de-pablo-neruda-segunda-parte\/#article","isPartOf":{"@id":"https:\/\/www.fraczinet.cl\/sitio\/lecturas-y-poemas-de-pablo-neruda-segunda-parte\/"},"author":{"name":"","@id":""},"headline":"\u00abLecturas y Poemas de Pablo Neruda\u00bb, segunda parte","datePublished":"2009-06-12T11:51:00+00:00","dateModified":"2022-10-05T23:16:18+00:00","mainEntityOfPage":{"@id":"https:\/\/www.fraczinet.cl\/sitio\/lecturas-y-poemas-de-pablo-neruda-segunda-parte\/"},"wordCount":137,"commentCount":0,"image":{"@id":"https:\/\/www.fraczinet.cl\/sitio\/lecturas-y-poemas-de-pablo-neruda-segunda-parte\/#primaryimage"},"thumbnailUrl":"https:\/\/2.bp.blogspot.com\/_2S_RxGRVjis\/SjJB2wWOmuI\/AAAAAAAAIyo\/5ddRJrGrPH0\/s200\/neruda.jpg","articleSection":["Eventos","Poes\u00eda"],"inLanguage":"es","potentialAction":[{"@type":"CommentAction","name":"Comment","target":["https:\/\/www.fraczinet.cl\/sitio\/lecturas-y-poemas-de-pablo-neruda-segunda-parte\/#respond"]}]},{"@type":"WebPage","@id":"https:\/\/www.fraczinet.cl\/sitio\/lecturas-y-poemas-de-pablo-neruda-segunda-parte\/","url":"https:\/\/www.fraczinet.cl\/sitio\/lecturas-y-poemas-de-pablo-neruda-segunda-parte\/","name":"\"Lecturas y Poemas de Pablo Neruda\", segunda parte - Nuestro Bio B\u00edo","isPartOf":{"@id":"https:\/\/www.fraczinet.cl\/sitio\/#website"},"primaryImageOfPage":{"@id":"https:\/\/www.fraczinet.cl\/sitio\/lecturas-y-poemas-de-pablo-neruda-segunda-parte\/#primaryimage"},"image":{"@id":"https:\/\/www.fraczinet.cl\/sitio\/lecturas-y-poemas-de-pablo-neruda-segunda-parte\/#primaryimage"},"thumbnailUrl":"https:\/\/2.bp.blogspot.com\/_2S_RxGRVjis\/SjJB2wWOmuI\/AAAAAAAAIyo\/5ddRJrGrPH0\/s200\/neruda.jpg","datePublished":"2009-06-12T11:51:00+00:00","dateModified":"2022-10-05T23:16:18+00:00","author":{"@id":""},"breadcrumb":{"@id":"https:\/\/www.fraczinet.cl\/sitio\/lecturas-y-poemas-de-pablo-neruda-segunda-parte\/#breadcrumb"},"inLanguage":"es","potentialAction":[{"@type":"ReadAction","target":["https:\/\/www.fraczinet.cl\/sitio\/lecturas-y-poemas-de-pablo-neruda-segunda-parte\/"]}]},{"@type":"ImageObject","inLanguage":"es","@id":"https:\/\/www.fraczinet.cl\/sitio\/lecturas-y-poemas-de-pablo-neruda-segunda-parte\/#primaryimage","url":"https:\/\/2.bp.blogspot.com\/_2S_RxGRVjis\/SjJB2wWOmuI\/AAAAAAAAIyo\/5ddRJrGrPH0\/s200\/neruda.jpg","contentUrl":"https:\/\/2.bp.blogspot.com\/_2S_RxGRVjis\/SjJB2wWOmuI\/AAAAAAAAIyo\/5ddRJrGrPH0\/s200\/neruda.jpg"},{"@type":"BreadcrumbList","@id":"https:\/\/www.fraczinet.cl\/sitio\/lecturas-y-poemas-de-pablo-neruda-segunda-parte\/#breadcrumb","itemListElement":[{"@type":"ListItem","position":1,"name":"Portada","item":"https:\/\/www.fraczinet.cl\/sitio\/"},{"@type":"ListItem","position":2,"name":"\u00abLecturas y Poemas de Pablo Neruda\u00bb, segunda parte"}]},{"@type":"WebSite","@id":"https:\/\/www.fraczinet.cl\/sitio\/#website","url":"https:\/\/www.fraczinet.cl\/sitio\/","name":"Nuestro Bio B\u00edo","description":"Tierra de Encuentros","potentialAction":[{"@type":"SearchAction","target":{"@type":"EntryPoint","urlTemplate":"https:\/\/www.fraczinet.cl\/sitio\/?s={search_term_string}"},"query-input":{"@type":"PropertyValueSpecification","valueRequired":true,"valueName":"search_term_string"}}],"inLanguage":"es"},{"@type":"Person","@id":""}]}},"_links":{"self":[{"href":"https:\/\/www.fraczinet.cl\/sitio\/wp-json\/wp\/v2\/posts\/4905","targetHints":{"allow":["GET"]}}],"collection":[{"href":"https:\/\/www.fraczinet.cl\/sitio\/wp-json\/wp\/v2\/posts"}],"about":[{"href":"https:\/\/www.fraczinet.cl\/sitio\/wp-json\/wp\/v2\/types\/post"}],"author":[{"embeddable":true,"href":"https:\/\/www.fraczinet.cl\/sitio\/wp-json\/wp\/v2\/users\/1"}],"replies":[{"embeddable":true,"href":"https:\/\/www.fraczinet.cl\/sitio\/wp-json\/wp\/v2\/comments?post=4905"}],"version-history":[{"count":1,"href":"https:\/\/www.fraczinet.cl\/sitio\/wp-json\/wp\/v2\/posts\/4905\/revisions"}],"predecessor-version":[{"id":14155,"href":"https:\/\/www.fraczinet.cl\/sitio\/wp-json\/wp\/v2\/posts\/4905\/revisions\/14155"}],"wp:attachment":[{"href":"https:\/\/www.fraczinet.cl\/sitio\/wp-json\/wp\/v2\/media?parent=4905"}],"wp:term":[{"taxonomy":"category","embeddable":true,"href":"https:\/\/www.fraczinet.cl\/sitio\/wp-json\/wp\/v2\/categories?post=4905"},{"taxonomy":"post_tag","embeddable":true,"href":"https:\/\/www.fraczinet.cl\/sitio\/wp-json\/wp\/v2\/tags?post=4905"}],"curies":[{"name":"wp","href":"https:\/\/api.w.org\/{rel}","templated":true}]}}