{"id":4906,"date":"2009-06-12T11:38:00","date_gmt":"2009-06-12T11:38:00","guid":{"rendered":"https:\/\/www.fraczinet.cl\/sitio\/2009\/06\/12\/atisbos-acuarelas-de-raul-saldivia\/"},"modified":"2022-10-05T23:16:35","modified_gmt":"2022-10-05T23:16:35","slug":"atisbos-acuarelas-de-raul-saldivia","status":"publish","type":"post","link":"https:\/\/www.fraczinet.cl\/sitio\/2009\/06\/12\/atisbos-acuarelas-de-raul-saldivia\/","title":{"rendered":"\u201cAtisbos\u201d, acuarelas de Ra\u00fal Saldivia"},"content":{"rendered":"<div style=\"text-align: justify;\"><a href=\"http:\/\/4.bp.blogspot.com\/_2S_RxGRVjis\/SjI-_K0jbxI\/AAAAAAAAIyg\/oPHuqu76ElY\/s1600-h\/astisbos.jpg\" style=\"clear: left; float: left; margin-bottom: 1em; margin-right: 1em;\"><img decoding=\"async\" alt=\"\" border=\"0\" id=\"BLOGGER_PHOTO_ID_5346404962599661330\" src=\"https:\/\/4.bp.blogspot.com\/_2S_RxGRVjis\/SjI-_K0jbxI\/AAAAAAAAIyg\/oPHuqu76ElY\/s200\/astisbos.jpg\" style=\"float: left; height: 200px; margin: 0px 10px 10px 0px; width: 148px;\" \/><\/a>La Direcci\u00f3n de Extensi\u00f3n Art\u00edstica y Cultural inaugur\u00f3 la exposici\u00f3n de acuarelas \u201cAtisbos\u201d del artista Ra\u00fal Saldivia cuya muestra permanecer\u00e1 abierta hasta el 26 de Junio<\/div>\n<div style=\"text-align: justify;\">en la Sala de Conferencias y Exposiciones de la UCSC, ubicada en Caupolic\u00e1n 459, Concepci\u00f3n. Sala de Conferencias y Exposiciones:<\/div>\n<div style=\"text-align: justify;\"><\/div>\n<div style=\"text-align: justify;\">El horario de parapoder disfrutar las obras es desde Lunes a Viernes de 10:00 a 13:00 y de 15:00 a 19:00 y los d\u00edas S\u00e1bados de 10:00 a 14:00. <\/div>\n<p><\/p>\n","protected":false},"excerpt":{"rendered":"<p>La Direcci\u00f3n de Extensi\u00f3n Art\u00edstica y Cultural inaugur\u00f3 la exposici\u00f3n de acuarelas \u201cAtisbos\u201d del artista Ra\u00fal Saldivia cuya muestra permanecer\u00e1 abierta hasta el 26 de Junio en la Sala de Conferencias y Exposiciones de la UCSC, ubicada en Caupolic\u00e1n 459, Concepci\u00f3n. Sala de Conferencias y Exposiciones: El horario de parapoder disfrutar las obras es desde [&hellip;]<\/p>\n","protected":false},"author":1,"featured_media":0,"comment_status":"open","ping_status":"open","sticky":false,"template":"","format":"standard","meta":{"footnotes":""},"categories":[68],"tags":[],"class_list":["post-4906","post","type-post","status-publish","format-standard","hentry","category-artes-visuales"],"yoast_head":"<!-- This site is optimized with the Yoast SEO plugin v25.0 - https:\/\/yoast.com\/wordpress\/plugins\/seo\/ -->\n<title>\u201cAtisbos\u201d, acuarelas de Ra\u00fal Saldivia - Nuestro Bio B\u00edo<\/title>\n<meta name=\"robots\" content=\"index, follow, max-snippet:-1, max-image-preview:large, max-video-preview:-1\" \/>\n<link rel=\"canonical\" href=\"https:\/\/www.fraczinet.cl\/sitio\/2009\/06\/12\/atisbos-acuarelas-de-raul-saldivia\/\" \/>\n<meta property=\"og:locale\" content=\"es_ES\" \/>\n<meta property=\"og:type\" content=\"article\" \/>\n<meta property=\"og:title\" content=\"\u201cAtisbos\u201d, acuarelas de Ra\u00fal Saldivia - Nuestro Bio B\u00edo\" \/>\n<meta property=\"og:description\" content=\"La Direcci\u00f3n de Extensi\u00f3n Art\u00edstica y Cultural inaugur\u00f3 la exposici\u00f3n de acuarelas \u201cAtisbos\u201d del artista Ra\u00fal Saldivia cuya muestra permanecer\u00e1 abierta hasta el 26 de Junio en la Sala de Conferencias y Exposiciones de la UCSC, ubicada en Caupolic\u00e1n 459, Concepci\u00f3n. Sala de Conferencias y Exposiciones: El horario de parapoder disfrutar las obras es desde [&hellip;]\" \/>\n<meta property=\"og:url\" content=\"https:\/\/www.fraczinet.cl\/sitio\/2009\/06\/12\/atisbos-acuarelas-de-raul-saldivia\/\" \/>\n<meta property=\"og:site_name\" content=\"Nuestro Bio B\u00edo\" \/>\n<meta property=\"article:published_time\" content=\"2009-06-12T11:38:00+00:00\" \/>\n<meta property=\"article:modified_time\" content=\"2022-10-05T23:16:35+00:00\" \/>\n<meta property=\"og:image\" content=\"https:\/\/4.bp.blogspot.com\/_2S_RxGRVjis\/SjI-_K0jbxI\/AAAAAAAAIyg\/oPHuqu76ElY\/s200\/astisbos.jpg\" \/>\n<meta name=\"author\" content=\"admin\" \/>\n<meta name=\"twitter:card\" content=\"summary_large_image\" \/>\n<meta name=\"twitter:creator\" content=\"@nuestrobiobio\" \/>\n<meta name=\"twitter:site\" content=\"@nuestrobiobio\" \/>\n<meta name=\"twitter:label1\" content=\"Escrito por\" \/>\n\t<meta name=\"twitter:data1\" content=\"admin\" \/>\n<script type=\"application\/ld+json\" class=\"yoast-schema-graph\">{\"@context\":\"https:\/\/schema.org\",\"@graph\":[{\"@type\":\"Article\",\"@id\":\"https:\/\/www.fraczinet.cl\/sitio\/2009\/06\/12\/atisbos-acuarelas-de-raul-saldivia\/#article\",\"isPartOf\":{\"@id\":\"https:\/\/www.fraczinet.cl\/sitio\/2009\/06\/12\/atisbos-acuarelas-de-raul-saldivia\/\"},\"author\":{\"name\":\"admin\",\"@id\":\"https:\/\/www.fraczinet.cl\/sitio\/#\/schema\/person\/bc30f98e9cb10ae7e119dbe14bc93784\"},\"headline\":\"\u201cAtisbos\u201d, acuarelas de Ra\u00fal Saldivia\",\"datePublished\":\"2009-06-12T11:38:00+00:00\",\"dateModified\":\"2022-10-05T23:16:35+00:00\",\"mainEntityOfPage\":{\"@id\":\"https:\/\/www.fraczinet.cl\/sitio\/2009\/06\/12\/atisbos-acuarelas-de-raul-saldivia\/\"},\"wordCount\":82,\"commentCount\":0,\"publisher\":{\"@id\":\"https:\/\/www.fraczinet.cl\/sitio\/#\/schema\/person\/aec8ee4da68df2b9b0eefdad24a0d582\"},\"image\":{\"@id\":\"https:\/\/www.fraczinet.cl\/sitio\/2009\/06\/12\/atisbos-acuarelas-de-raul-saldivia\/#primaryimage\"},\"thumbnailUrl\":\"https:\/\/4.bp.blogspot.com\/_2S_RxGRVjis\/SjI-_K0jbxI\/AAAAAAAAIyg\/oPHuqu76ElY\/s200\/astisbos.jpg\",\"articleSection\":[\"Artes Visuales\"],\"inLanguage\":\"es\",\"potentialAction\":[{\"@type\":\"CommentAction\",\"name\":\"Comment\",\"target\":[\"https:\/\/www.fraczinet.cl\/sitio\/2009\/06\/12\/atisbos-acuarelas-de-raul-saldivia\/#respond\"]}]},{\"@type\":\"WebPage\",\"@id\":\"https:\/\/www.fraczinet.cl\/sitio\/2009\/06\/12\/atisbos-acuarelas-de-raul-saldivia\/\",\"url\":\"https:\/\/www.fraczinet.cl\/sitio\/2009\/06\/12\/atisbos-acuarelas-de-raul-saldivia\/\",\"name\":\"\u201cAtisbos\u201d, acuarelas de Ra\u00fal Saldivia - Nuestro Bio B\u00edo\",\"isPartOf\":{\"@id\":\"https:\/\/www.fraczinet.cl\/sitio\/#website\"},\"primaryImageOfPage\":{\"@id\":\"https:\/\/www.fraczinet.cl\/sitio\/2009\/06\/12\/atisbos-acuarelas-de-raul-saldivia\/#primaryimage\"},\"image\":{\"@id\":\"https:\/\/www.fraczinet.cl\/sitio\/2009\/06\/12\/atisbos-acuarelas-de-raul-saldivia\/#primaryimage\"},\"thumbnailUrl\":\"https:\/\/4.bp.blogspot.com\/_2S_RxGRVjis\/SjI-_K0jbxI\/AAAAAAAAIyg\/oPHuqu76ElY\/s200\/astisbos.jpg\",\"datePublished\":\"2009-06-12T11:38:00+00:00\",\"dateModified\":\"2022-10-05T23:16:35+00:00\",\"breadcrumb\":{\"@id\":\"https:\/\/www.fraczinet.cl\/sitio\/2009\/06\/12\/atisbos-acuarelas-de-raul-saldivia\/#breadcrumb\"},\"inLanguage\":\"es\",\"potentialAction\":[{\"@type\":\"ReadAction\",\"target\":[\"https:\/\/www.fraczinet.cl\/sitio\/2009\/06\/12\/atisbos-acuarelas-de-raul-saldivia\/\"]}]},{\"@type\":\"ImageObject\",\"inLanguage\":\"es\",\"@id\":\"https:\/\/www.fraczinet.cl\/sitio\/2009\/06\/12\/atisbos-acuarelas-de-raul-saldivia\/#primaryimage\",\"url\":\"https:\/\/4.bp.blogspot.com\/_2S_RxGRVjis\/SjI-_K0jbxI\/AAAAAAAAIyg\/oPHuqu76ElY\/s200\/astisbos.jpg\",\"contentUrl\":\"https:\/\/4.bp.blogspot.com\/_2S_RxGRVjis\/SjI-_K0jbxI\/AAAAAAAAIyg\/oPHuqu76ElY\/s200\/astisbos.jpg\"},{\"@type\":\"BreadcrumbList\",\"@id\":\"https:\/\/www.fraczinet.cl\/sitio\/2009\/06\/12\/atisbos-acuarelas-de-raul-saldivia\/#breadcrumb\",\"itemListElement\":[{\"@type\":\"ListItem\",\"position\":1,\"name\":\"Portada\",\"item\":\"https:\/\/www.fraczinet.cl\/sitio\/\"},{\"@type\":\"ListItem\",\"position\":2,\"name\":\"\u201cAtisbos\u201d, acuarelas de Ra\u00fal Saldivia\"}]},{\"@type\":\"WebSite\",\"@id\":\"https:\/\/www.fraczinet.cl\/sitio\/#website\",\"url\":\"https:\/\/www.fraczinet.cl\/sitio\/\",\"name\":\"Nuestro Bio B\u00edo\",\"description\":\"Tierra de Encuentros\",\"publisher\":{\"@id\":\"https:\/\/www.fraczinet.cl\/sitio\/#\/schema\/person\/aec8ee4da68df2b9b0eefdad24a0d582\"},\"potentialAction\":[{\"@type\":\"SearchAction\",\"target\":{\"@type\":\"EntryPoint\",\"urlTemplate\":\"https:\/\/www.fraczinet.cl\/sitio\/?s={search_term_string}\"},\"query-input\":{\"@type\":\"PropertyValueSpecification\",\"valueRequired\":true,\"valueName\":\"search_term_string\"}}],\"inLanguage\":\"es\"},{\"@type\":[\"Person\",\"Organization\"],\"@id\":\"https:\/\/www.fraczinet.cl\/sitio\/#\/schema\/person\/aec8ee4da68df2b9b0eefdad24a0d582\",\"name\":\"Luis Fernando Fraczinet\",\"image\":{\"@type\":\"ImageObject\",\"inLanguage\":\"es\",\"@id\":\"https:\/\/www.fraczinet.cl\/sitio\/#\/schema\/person\/image\/\",\"url\":\"https:\/\/www.fraczinet.cl\/sitio\/wp-content\/uploads\/2021\/07\/bannerlogo-1.gif\",\"contentUrl\":\"https:\/\/www.fraczinet.cl\/sitio\/wp-content\/uploads\/2021\/07\/bannerlogo-1.gif\",\"width\":159,\"height\":79,\"caption\":\"Luis Fernando Fraczinet\"},\"logo\":{\"@id\":\"https:\/\/www.fraczinet.cl\/sitio\/#\/schema\/person\/image\/\"},\"sameAs\":[\"https:\/\/www.fraczinet.cl\/sitio\/\"]},{\"@type\":\"Person\",\"@id\":\"https:\/\/www.fraczinet.cl\/sitio\/#\/schema\/person\/bc30f98e9cb10ae7e119dbe14bc93784\",\"name\":\"admin\",\"image\":{\"@type\":\"ImageObject\",\"inLanguage\":\"es\",\"@id\":\"https:\/\/www.fraczinet.cl\/sitio\/#\/schema\/person\/image\/\",\"url\":\"https:\/\/secure.gravatar.com\/avatar\/d5ad3cf7ef3b23a2bb5be73be780c86b2fc8545c3ad6b149f3913ff458c00099?s=96&d=mm&r=g\",\"contentUrl\":\"https:\/\/secure.gravatar.com\/avatar\/d5ad3cf7ef3b23a2bb5be73be780c86b2fc8545c3ad6b149f3913ff458c00099?s=96&d=mm&r=g\",\"caption\":\"admin\"},\"sameAs\":[\"https:\/\/www.fraczinet.cl\/sitio\"]}]}<\/script>\n<!-- \/ Yoast SEO plugin. -->","yoast_head_json":{"title":"\u201cAtisbos\u201d, acuarelas de Ra\u00fal Saldivia - Nuestro Bio B\u00edo","robots":{"index":"index","follow":"follow","max-snippet":"max-snippet:-1","max-image-preview":"max-image-preview:large","max-video-preview":"max-video-preview:-1"},"canonical":"https:\/\/www.fraczinet.cl\/sitio\/2009\/06\/12\/atisbos-acuarelas-de-raul-saldivia\/","og_locale":"es_ES","og_type":"article","og_title":"\u201cAtisbos\u201d, acuarelas de Ra\u00fal Saldivia - Nuestro Bio B\u00edo","og_description":"La Direcci\u00f3n de Extensi\u00f3n Art\u00edstica y Cultural inaugur\u00f3 la exposici\u00f3n de acuarelas \u201cAtisbos\u201d del artista Ra\u00fal Saldivia cuya muestra permanecer\u00e1 abierta hasta el 26 de Junio en la Sala de Conferencias y Exposiciones de la UCSC, ubicada en Caupolic\u00e1n 459, Concepci\u00f3n. Sala de Conferencias y Exposiciones: El horario de parapoder disfrutar las obras es desde [&hellip;]","og_url":"https:\/\/www.fraczinet.cl\/sitio\/2009\/06\/12\/atisbos-acuarelas-de-raul-saldivia\/","og_site_name":"Nuestro Bio B\u00edo","article_published_time":"2009-06-12T11:38:00+00:00","article_modified_time":"2022-10-05T23:16:35+00:00","og_image":[{"url":"https:\/\/4.bp.blogspot.com\/_2S_RxGRVjis\/SjI-_K0jbxI\/AAAAAAAAIyg\/oPHuqu76ElY\/s200\/astisbos.jpg","type":"","width":"","height":""}],"author":"admin","twitter_card":"summary_large_image","twitter_creator":"@nuestrobiobio","twitter_site":"@nuestrobiobio","twitter_misc":{"Escrito por":"admin"},"schema":{"@context":"https:\/\/schema.org","@graph":[{"@type":"Article","@id":"https:\/\/www.fraczinet.cl\/sitio\/2009\/06\/12\/atisbos-acuarelas-de-raul-saldivia\/#article","isPartOf":{"@id":"https:\/\/www.fraczinet.cl\/sitio\/2009\/06\/12\/atisbos-acuarelas-de-raul-saldivia\/"},"author":{"name":"admin","@id":"https:\/\/www.fraczinet.cl\/sitio\/#\/schema\/person\/bc30f98e9cb10ae7e119dbe14bc93784"},"headline":"\u201cAtisbos\u201d, acuarelas de Ra\u00fal Saldivia","datePublished":"2009-06-12T11:38:00+00:00","dateModified":"2022-10-05T23:16:35+00:00","mainEntityOfPage":{"@id":"https:\/\/www.fraczinet.cl\/sitio\/2009\/06\/12\/atisbos-acuarelas-de-raul-saldivia\/"},"wordCount":82,"commentCount":0,"publisher":{"@id":"https:\/\/www.fraczinet.cl\/sitio\/#\/schema\/person\/aec8ee4da68df2b9b0eefdad24a0d582"},"image":{"@id":"https:\/\/www.fraczinet.cl\/sitio\/2009\/06\/12\/atisbos-acuarelas-de-raul-saldivia\/#primaryimage"},"thumbnailUrl":"https:\/\/4.bp.blogspot.com\/_2S_RxGRVjis\/SjI-_K0jbxI\/AAAAAAAAIyg\/oPHuqu76ElY\/s200\/astisbos.jpg","articleSection":["Artes Visuales"],"inLanguage":"es","potentialAction":[{"@type":"CommentAction","name":"Comment","target":["https:\/\/www.fraczinet.cl\/sitio\/2009\/06\/12\/atisbos-acuarelas-de-raul-saldivia\/#respond"]}]},{"@type":"WebPage","@id":"https:\/\/www.fraczinet.cl\/sitio\/2009\/06\/12\/atisbos-acuarelas-de-raul-saldivia\/","url":"https:\/\/www.fraczinet.cl\/sitio\/2009\/06\/12\/atisbos-acuarelas-de-raul-saldivia\/","name":"\u201cAtisbos\u201d, acuarelas de Ra\u00fal Saldivia - Nuestro Bio B\u00edo","isPartOf":{"@id":"https:\/\/www.fraczinet.cl\/sitio\/#website"},"primaryImageOfPage":{"@id":"https:\/\/www.fraczinet.cl\/sitio\/2009\/06\/12\/atisbos-acuarelas-de-raul-saldivia\/#primaryimage"},"image":{"@id":"https:\/\/www.fraczinet.cl\/sitio\/2009\/06\/12\/atisbos-acuarelas-de-raul-saldivia\/#primaryimage"},"thumbnailUrl":"https:\/\/4.bp.blogspot.com\/_2S_RxGRVjis\/SjI-_K0jbxI\/AAAAAAAAIyg\/oPHuqu76ElY\/s200\/astisbos.jpg","datePublished":"2009-06-12T11:38:00+00:00","dateModified":"2022-10-05T23:16:35+00:00","breadcrumb":{"@id":"https:\/\/www.fraczinet.cl\/sitio\/2009\/06\/12\/atisbos-acuarelas-de-raul-saldivia\/#breadcrumb"},"inLanguage":"es","potentialAction":[{"@type":"ReadAction","target":["https:\/\/www.fraczinet.cl\/sitio\/2009\/06\/12\/atisbos-acuarelas-de-raul-saldivia\/"]}]},{"@type":"ImageObject","inLanguage":"es","@id":"https:\/\/www.fraczinet.cl\/sitio\/2009\/06\/12\/atisbos-acuarelas-de-raul-saldivia\/#primaryimage","url":"https:\/\/4.bp.blogspot.com\/_2S_RxGRVjis\/SjI-_K0jbxI\/AAAAAAAAIyg\/oPHuqu76ElY\/s200\/astisbos.jpg","contentUrl":"https:\/\/4.bp.blogspot.com\/_2S_RxGRVjis\/SjI-_K0jbxI\/AAAAAAAAIyg\/oPHuqu76ElY\/s200\/astisbos.jpg"},{"@type":"BreadcrumbList","@id":"https:\/\/www.fraczinet.cl\/sitio\/2009\/06\/12\/atisbos-acuarelas-de-raul-saldivia\/#breadcrumb","itemListElement":[{"@type":"ListItem","position":1,"name":"Portada","item":"https:\/\/www.fraczinet.cl\/sitio\/"},{"@type":"ListItem","position":2,"name":"\u201cAtisbos\u201d, acuarelas de Ra\u00fal Saldivia"}]},{"@type":"WebSite","@id":"https:\/\/www.fraczinet.cl\/sitio\/#website","url":"https:\/\/www.fraczinet.cl\/sitio\/","name":"Nuestro Bio B\u00edo","description":"Tierra de Encuentros","publisher":{"@id":"https:\/\/www.fraczinet.cl\/sitio\/#\/schema\/person\/aec8ee4da68df2b9b0eefdad24a0d582"},"potentialAction":[{"@type":"SearchAction","target":{"@type":"EntryPoint","urlTemplate":"https:\/\/www.fraczinet.cl\/sitio\/?s={search_term_string}"},"query-input":{"@type":"PropertyValueSpecification","valueRequired":true,"valueName":"search_term_string"}}],"inLanguage":"es"},{"@type":["Person","Organization"],"@id":"https:\/\/www.fraczinet.cl\/sitio\/#\/schema\/person\/aec8ee4da68df2b9b0eefdad24a0d582","name":"Luis Fernando Fraczinet","image":{"@type":"ImageObject","inLanguage":"es","@id":"https:\/\/www.fraczinet.cl\/sitio\/#\/schema\/person\/image\/","url":"https:\/\/www.fraczinet.cl\/sitio\/wp-content\/uploads\/2021\/07\/bannerlogo-1.gif","contentUrl":"https:\/\/www.fraczinet.cl\/sitio\/wp-content\/uploads\/2021\/07\/bannerlogo-1.gif","width":159,"height":79,"caption":"Luis Fernando Fraczinet"},"logo":{"@id":"https:\/\/www.fraczinet.cl\/sitio\/#\/schema\/person\/image\/"},"sameAs":["https:\/\/www.fraczinet.cl\/sitio\/"]},{"@type":"Person","@id":"https:\/\/www.fraczinet.cl\/sitio\/#\/schema\/person\/bc30f98e9cb10ae7e119dbe14bc93784","name":"admin","image":{"@type":"ImageObject","inLanguage":"es","@id":"https:\/\/www.fraczinet.cl\/sitio\/#\/schema\/person\/image\/","url":"https:\/\/secure.gravatar.com\/avatar\/d5ad3cf7ef3b23a2bb5be73be780c86b2fc8545c3ad6b149f3913ff458c00099?s=96&d=mm&r=g","contentUrl":"https:\/\/secure.gravatar.com\/avatar\/d5ad3cf7ef3b23a2bb5be73be780c86b2fc8545c3ad6b149f3913ff458c00099?s=96&d=mm&r=g","caption":"admin"},"sameAs":["https:\/\/www.fraczinet.cl\/sitio"]}]}},"_links":{"self":[{"href":"https:\/\/www.fraczinet.cl\/sitio\/wp-json\/wp\/v2\/posts\/4906","targetHints":{"allow":["GET"]}}],"collection":[{"href":"https:\/\/www.fraczinet.cl\/sitio\/wp-json\/wp\/v2\/posts"}],"about":[{"href":"https:\/\/www.fraczinet.cl\/sitio\/wp-json\/wp\/v2\/types\/post"}],"author":[{"embeddable":true,"href":"https:\/\/www.fraczinet.cl\/sitio\/wp-json\/wp\/v2\/users\/1"}],"replies":[{"embeddable":true,"href":"https:\/\/www.fraczinet.cl\/sitio\/wp-json\/wp\/v2\/comments?post=4906"}],"version-history":[{"count":1,"href":"https:\/\/www.fraczinet.cl\/sitio\/wp-json\/wp\/v2\/posts\/4906\/revisions"}],"predecessor-version":[{"id":14156,"href":"https:\/\/www.fraczinet.cl\/sitio\/wp-json\/wp\/v2\/posts\/4906\/revisions\/14156"}],"wp:attachment":[{"href":"https:\/\/www.fraczinet.cl\/sitio\/wp-json\/wp\/v2\/media?parent=4906"}],"wp:term":[{"taxonomy":"category","embeddable":true,"href":"https:\/\/www.fraczinet.cl\/sitio\/wp-json\/wp\/v2\/categories?post=4906"},{"taxonomy":"post_tag","embeddable":true,"href":"https:\/\/www.fraczinet.cl\/sitio\/wp-json\/wp\/v2\/tags?post=4906"}],"curies":[{"name":"wp","href":"https:\/\/api.w.org\/{rel}","templated":true}]}}