{"id":4908,"date":"2009-06-11T11:30:00","date_gmt":"2009-06-11T11:30:00","guid":{"rendered":"https:\/\/www.fraczinet.cl\/sitio\/2009\/06\/11\/concurso-de-pintura-en-artequin-en-el-parque-alessandri\/"},"modified":"2009-06-11T11:30:00","modified_gmt":"2009-06-11T11:30:00","slug":"concurso-de-pintura-en-artequin-en-el-parque-alessandri","status":"publish","type":"post","link":"https:\/\/www.fraczinet.cl\/sitio\/2009\/06\/11\/concurso-de-pintura-en-artequin-en-el-parque-alessandri\/","title":{"rendered":"Concurso de pintura en Artequin en el Parque Alessandri"},"content":{"rendered":"<div style=\"text-align: justify;\">En mayo Artequin en el Parque celebr\u00f3 su 4\u00b0 aniversario en el Parque Educativo Jorge Alessandri. Artequin es un espacio del Parque donde, a trav\u00e9s de talleres educativos, los ni\u00f1os tienen la posibilidad de disfrutar y valorar el arte en sus diversas manifestaciones.<\/div>\n<div style=\"text-align: justify;\"><\/div>\n<div style=\"text-align: justify;\">Para este aniversario Artequin ha preparado un concurso de pintura denominado \u201cEl Viaje de Gauguin\u201d. En \u00e9ste pueden participar estudiantes de los diferentes colegios de la  Regi\u00f3n del Bio B\u00edo agrupados bajo diferentes categor\u00edas:<\/div>\n<div style=\"text-align: justify;\"><\/div>\n<div style=\"text-align: justify;\">&#8211;      Primer Ciclo b\u00e1sico (1\u00b0 a 4\u00b0 b\u00e1sico)<\/div>\n<div style=\"text-align: justify;\">&#8211;      Segundo ciclo b\u00e1sico (5\u00b0 a 8\u00b0 b\u00e1sico)<\/div>\n<div style=\"text-align: justify;\">&#8211;      Ense\u00f1anza media (1\u00b0 a 4\u00b0 medio)<\/div>\n<div style=\"text-align: justify;\"><\/div>\n<div style=\"text-align: justify;\">El tema a tratar en este concurso gira en torno al artista franc\u00e9s Paul Gauguin. A trav\u00e9s de un entretenido audiovisual, los ni\u00f1os conocer\u00e1n la vida y obras de Gauguin. Posteriormente se analizar\u00e1 una reproducci\u00f3n en tama\u00f1o original de la obra \u201c\u00bfDe d\u00f3nde venimos?\u00bfQui\u00e9nes somos?\u00bfA d\u00f3nde vamos?\u201d, una de las \u00faltimas obras realizadas por Gauguin.<\/div>\n<div style=\"text-align: justify;\"><\/div>\n<div style=\"text-align: justify;\">Para el primer ciclo el tema a pintar ser\u00e1 \u201cLa isla de Gauguin\u201d, el segundo ciclo \u201cPinta tu Isla\u201d, y para los alumnos de ense\u00f1anza media deber\u00e1n descifrar de manera pict\u00f3rica las interrogantes que Gauguin dej\u00f3 planteadas en la obra analizada, \u201c\u00bfDe d\u00f3nde venimos?\u00bfQui\u00e9nes somos?\u00bfA d\u00f3nde vamos?\u201d .<\/div>\n<div style=\"text-align: justify;\"><\/div>\n<div style=\"text-align: justify;\">El jurado estar\u00e1 conformado por la se\u00f1ora Pilar L\u00f3pez, artista y docente de la Escuela de Arte de la Universidad de Concepci\u00f3n, adem\u00e1s de tres representantes del Museo Artequin en el Parque. En cuanto a la premiaci\u00f3n esta ser\u00e1 llevada a cabo el viernes de 3 julio y  ser\u00e1n distinguidos el primer, segundo y tercer lugar, m\u00e1s una menci\u00f3n honrosa, por cada categor\u00eda. Los premios consistir\u00e1n en materiales de arte.<\/div>\n<div style=\"text-align: justify;\"><\/div>\n<div style=\"text-align: justify;\">Por tal motivo extendemos la invitaci\u00f3n a todos los alumnos que quieran participar en este concurso cuyos trabajos se podr\u00e1n realizar en Artequin hasta el viernes 26 de junio, Las inscripciones podr\u00e1n hacerse al tel\u00e9fono 2857404 o al mail parque.alessandri@forestal.cmpc.cl de martes a domingo de 9:00 a 17:00 horas.<\/div>\n<div style=\"text-align: justify;\"><\/div>\n<div style=\"text-align: justify;\">Es importante realizar la reserva ya que los alumnos deben venir a Artequin a realizar el trabajo, donde todos los materiales se entregar\u00e1n gratuitamente.<\/div>\n<p><\/p>\n","protected":false},"excerpt":{"rendered":"<p>En mayo Artequin en el Parque celebr\u00f3 su 4\u00b0 aniversario en el Parque Educativo Jorge Alessandri. Artequin es un espacio del Parque donde, a trav\u00e9s de talleres educativos, los ni\u00f1os tienen la posibilidad de disfrutar y valorar el arte en sus diversas manifestaciones. Para este aniversario Artequin ha preparado un concurso de pintura denominado \u201cEl [&hellip;]<\/p>\n","protected":false},"author":1,"featured_media":0,"comment_status":"open","ping_status":"open","sticky":false,"template":"","format":"standard","meta":{"footnotes":""},"categories":[68],"tags":[],"class_list":["post-4908","post","type-post","status-publish","format-standard","hentry","category-artes-visuales"],"yoast_head":"<!-- This site is optimized with the Yoast SEO plugin v25.0 - https:\/\/yoast.com\/wordpress\/plugins\/seo\/ -->\n<title>Concurso de pintura en Artequin en el Parque Alessandri - Nuestro Bio B\u00edo<\/title>\n<meta name=\"robots\" content=\"index, follow, max-snippet:-1, max-image-preview:large, max-video-preview:-1\" \/>\n<link rel=\"canonical\" href=\"https:\/\/www.fraczinet.cl\/sitio\/2009\/06\/11\/concurso-de-pintura-en-artequin-en-el-parque-alessandri\/\" \/>\n<meta property=\"og:locale\" content=\"es_ES\" \/>\n<meta property=\"og:type\" content=\"article\" \/>\n<meta property=\"og:title\" content=\"Concurso de pintura en Artequin en el Parque Alessandri - Nuestro Bio B\u00edo\" \/>\n<meta property=\"og:description\" content=\"En mayo Artequin en el Parque celebr\u00f3 su 4\u00b0 aniversario en el Parque Educativo Jorge Alessandri. Artequin es un espacio del Parque donde, a trav\u00e9s de talleres educativos, los ni\u00f1os tienen la posibilidad de disfrutar y valorar el arte en sus diversas manifestaciones. Para este aniversario Artequin ha preparado un concurso de pintura denominado \u201cEl [&hellip;]\" \/>\n<meta property=\"og:url\" content=\"https:\/\/www.fraczinet.cl\/sitio\/2009\/06\/11\/concurso-de-pintura-en-artequin-en-el-parque-alessandri\/\" \/>\n<meta property=\"og:site_name\" content=\"Nuestro Bio B\u00edo\" \/>\n<meta property=\"article:published_time\" content=\"2009-06-11T11:30:00+00:00\" \/>\n<meta property=\"og:image\" content=\"https:\/\/www.fraczinet.cl\/sitio\/wp-content\/uploads\/2021\/07\/bannerlogo-1.gif\" \/>\n\t<meta property=\"og:image:width\" content=\"159\" \/>\n\t<meta property=\"og:image:height\" content=\"79\" \/>\n\t<meta property=\"og:image:type\" content=\"image\/gif\" \/>\n<meta name=\"author\" content=\"admin\" \/>\n<meta name=\"twitter:card\" content=\"summary_large_image\" \/>\n<meta name=\"twitter:creator\" content=\"@nuestrobiobio\" \/>\n<meta name=\"twitter:site\" content=\"@nuestrobiobio\" \/>\n<meta name=\"twitter:label1\" content=\"Escrito por\" \/>\n\t<meta name=\"twitter:data1\" content=\"admin\" \/>\n\t<meta name=\"twitter:label2\" content=\"Tiempo de lectura\" \/>\n\t<meta name=\"twitter:data2\" content=\"2 minutos\" \/>\n<script type=\"application\/ld+json\" class=\"yoast-schema-graph\">{\"@context\":\"https:\/\/schema.org\",\"@graph\":[{\"@type\":\"Article\",\"@id\":\"https:\/\/www.fraczinet.cl\/sitio\/2009\/06\/11\/concurso-de-pintura-en-artequin-en-el-parque-alessandri\/#article\",\"isPartOf\":{\"@id\":\"https:\/\/www.fraczinet.cl\/sitio\/2009\/06\/11\/concurso-de-pintura-en-artequin-en-el-parque-alessandri\/\"},\"author\":{\"name\":\"admin\",\"@id\":\"https:\/\/www.fraczinet.cl\/sitio\/#\/schema\/person\/bc30f98e9cb10ae7e119dbe14bc93784\"},\"headline\":\"Concurso de pintura en Artequin en el Parque Alessandri\",\"datePublished\":\"2009-06-11T11:30:00+00:00\",\"mainEntityOfPage\":{\"@id\":\"https:\/\/www.fraczinet.cl\/sitio\/2009\/06\/11\/concurso-de-pintura-en-artequin-en-el-parque-alessandri\/\"},\"wordCount\":390,\"commentCount\":0,\"publisher\":{\"@id\":\"https:\/\/www.fraczinet.cl\/sitio\/#\/schema\/person\/aec8ee4da68df2b9b0eefdad24a0d582\"},\"articleSection\":[\"Artes Visuales\"],\"inLanguage\":\"es\",\"potentialAction\":[{\"@type\":\"CommentAction\",\"name\":\"Comment\",\"target\":[\"https:\/\/www.fraczinet.cl\/sitio\/2009\/06\/11\/concurso-de-pintura-en-artequin-en-el-parque-alessandri\/#respond\"]}]},{\"@type\":\"WebPage\",\"@id\":\"https:\/\/www.fraczinet.cl\/sitio\/2009\/06\/11\/concurso-de-pintura-en-artequin-en-el-parque-alessandri\/\",\"url\":\"https:\/\/www.fraczinet.cl\/sitio\/2009\/06\/11\/concurso-de-pintura-en-artequin-en-el-parque-alessandri\/\",\"name\":\"Concurso de pintura en Artequin en el Parque Alessandri - Nuestro Bio B\u00edo\",\"isPartOf\":{\"@id\":\"https:\/\/www.fraczinet.cl\/sitio\/#website\"},\"datePublished\":\"2009-06-11T11:30:00+00:00\",\"breadcrumb\":{\"@id\":\"https:\/\/www.fraczinet.cl\/sitio\/2009\/06\/11\/concurso-de-pintura-en-artequin-en-el-parque-alessandri\/#breadcrumb\"},\"inLanguage\":\"es\",\"potentialAction\":[{\"@type\":\"ReadAction\",\"target\":[\"https:\/\/www.fraczinet.cl\/sitio\/2009\/06\/11\/concurso-de-pintura-en-artequin-en-el-parque-alessandri\/\"]}]},{\"@type\":\"BreadcrumbList\",\"@id\":\"https:\/\/www.fraczinet.cl\/sitio\/2009\/06\/11\/concurso-de-pintura-en-artequin-en-el-parque-alessandri\/#breadcrumb\",\"itemListElement\":[{\"@type\":\"ListItem\",\"position\":1,\"name\":\"Portada\",\"item\":\"https:\/\/www.fraczinet.cl\/sitio\/\"},{\"@type\":\"ListItem\",\"position\":2,\"name\":\"Concurso de pintura en Artequin en el Parque Alessandri\"}]},{\"@type\":\"WebSite\",\"@id\":\"https:\/\/www.fraczinet.cl\/sitio\/#website\",\"url\":\"https:\/\/www.fraczinet.cl\/sitio\/\",\"name\":\"Nuestro Bio B\u00edo\",\"description\":\"Tierra de Encuentros\",\"publisher\":{\"@id\":\"https:\/\/www.fraczinet.cl\/sitio\/#\/schema\/person\/aec8ee4da68df2b9b0eefdad24a0d582\"},\"potentialAction\":[{\"@type\":\"SearchAction\",\"target\":{\"@type\":\"EntryPoint\",\"urlTemplate\":\"https:\/\/www.fraczinet.cl\/sitio\/?s={search_term_string}\"},\"query-input\":{\"@type\":\"PropertyValueSpecification\",\"valueRequired\":true,\"valueName\":\"search_term_string\"}}],\"inLanguage\":\"es\"},{\"@type\":[\"Person\",\"Organization\"],\"@id\":\"https:\/\/www.fraczinet.cl\/sitio\/#\/schema\/person\/aec8ee4da68df2b9b0eefdad24a0d582\",\"name\":\"Luis Fernando Fraczinet\",\"image\":{\"@type\":\"ImageObject\",\"inLanguage\":\"es\",\"@id\":\"https:\/\/www.fraczinet.cl\/sitio\/#\/schema\/person\/image\/\",\"url\":\"https:\/\/www.fraczinet.cl\/sitio\/wp-content\/uploads\/2021\/07\/bannerlogo-1.gif\",\"contentUrl\":\"https:\/\/www.fraczinet.cl\/sitio\/wp-content\/uploads\/2021\/07\/bannerlogo-1.gif\",\"width\":159,\"height\":79,\"caption\":\"Luis Fernando Fraczinet\"},\"logo\":{\"@id\":\"https:\/\/www.fraczinet.cl\/sitio\/#\/schema\/person\/image\/\"},\"sameAs\":[\"https:\/\/www.fraczinet.cl\/sitio\/\"]},{\"@type\":\"Person\",\"@id\":\"https:\/\/www.fraczinet.cl\/sitio\/#\/schema\/person\/bc30f98e9cb10ae7e119dbe14bc93784\",\"name\":\"admin\",\"image\":{\"@type\":\"ImageObject\",\"inLanguage\":\"es\",\"@id\":\"https:\/\/www.fraczinet.cl\/sitio\/#\/schema\/person\/image\/\",\"url\":\"https:\/\/secure.gravatar.com\/avatar\/d5ad3cf7ef3b23a2bb5be73be780c86b2fc8545c3ad6b149f3913ff458c00099?s=96&d=mm&r=g\",\"contentUrl\":\"https:\/\/secure.gravatar.com\/avatar\/d5ad3cf7ef3b23a2bb5be73be780c86b2fc8545c3ad6b149f3913ff458c00099?s=96&d=mm&r=g\",\"caption\":\"admin\"},\"sameAs\":[\"https:\/\/www.fraczinet.cl\/sitio\"]}]}<\/script>\n<!-- \/ Yoast SEO plugin. -->","yoast_head_json":{"title":"Concurso de pintura en Artequin en el Parque Alessandri - Nuestro Bio B\u00edo","robots":{"index":"index","follow":"follow","max-snippet":"max-snippet:-1","max-image-preview":"max-image-preview:large","max-video-preview":"max-video-preview:-1"},"canonical":"https:\/\/www.fraczinet.cl\/sitio\/2009\/06\/11\/concurso-de-pintura-en-artequin-en-el-parque-alessandri\/","og_locale":"es_ES","og_type":"article","og_title":"Concurso de pintura en Artequin en el Parque Alessandri - Nuestro Bio B\u00edo","og_description":"En mayo Artequin en el Parque celebr\u00f3 su 4\u00b0 aniversario en el Parque Educativo Jorge Alessandri. Artequin es un espacio del Parque donde, a trav\u00e9s de talleres educativos, los ni\u00f1os tienen la posibilidad de disfrutar y valorar el arte en sus diversas manifestaciones. Para este aniversario Artequin ha preparado un concurso de pintura denominado \u201cEl [&hellip;]","og_url":"https:\/\/www.fraczinet.cl\/sitio\/2009\/06\/11\/concurso-de-pintura-en-artequin-en-el-parque-alessandri\/","og_site_name":"Nuestro Bio B\u00edo","article_published_time":"2009-06-11T11:30:00+00:00","og_image":[{"width":159,"height":79,"url":"https:\/\/www.fraczinet.cl\/sitio\/wp-content\/uploads\/2021\/07\/bannerlogo-1.gif","type":"image\/gif"}],"author":"admin","twitter_card":"summary_large_image","twitter_creator":"@nuestrobiobio","twitter_site":"@nuestrobiobio","twitter_misc":{"Escrito por":"admin","Tiempo de lectura":"2 minutos"},"schema":{"@context":"https:\/\/schema.org","@graph":[{"@type":"Article","@id":"https:\/\/www.fraczinet.cl\/sitio\/2009\/06\/11\/concurso-de-pintura-en-artequin-en-el-parque-alessandri\/#article","isPartOf":{"@id":"https:\/\/www.fraczinet.cl\/sitio\/2009\/06\/11\/concurso-de-pintura-en-artequin-en-el-parque-alessandri\/"},"author":{"name":"admin","@id":"https:\/\/www.fraczinet.cl\/sitio\/#\/schema\/person\/bc30f98e9cb10ae7e119dbe14bc93784"},"headline":"Concurso de pintura en Artequin en el Parque Alessandri","datePublished":"2009-06-11T11:30:00+00:00","mainEntityOfPage":{"@id":"https:\/\/www.fraczinet.cl\/sitio\/2009\/06\/11\/concurso-de-pintura-en-artequin-en-el-parque-alessandri\/"},"wordCount":390,"commentCount":0,"publisher":{"@id":"https:\/\/www.fraczinet.cl\/sitio\/#\/schema\/person\/aec8ee4da68df2b9b0eefdad24a0d582"},"articleSection":["Artes Visuales"],"inLanguage":"es","potentialAction":[{"@type":"CommentAction","name":"Comment","target":["https:\/\/www.fraczinet.cl\/sitio\/2009\/06\/11\/concurso-de-pintura-en-artequin-en-el-parque-alessandri\/#respond"]}]},{"@type":"WebPage","@id":"https:\/\/www.fraczinet.cl\/sitio\/2009\/06\/11\/concurso-de-pintura-en-artequin-en-el-parque-alessandri\/","url":"https:\/\/www.fraczinet.cl\/sitio\/2009\/06\/11\/concurso-de-pintura-en-artequin-en-el-parque-alessandri\/","name":"Concurso de pintura en Artequin en el Parque Alessandri - Nuestro Bio B\u00edo","isPartOf":{"@id":"https:\/\/www.fraczinet.cl\/sitio\/#website"},"datePublished":"2009-06-11T11:30:00+00:00","breadcrumb":{"@id":"https:\/\/www.fraczinet.cl\/sitio\/2009\/06\/11\/concurso-de-pintura-en-artequin-en-el-parque-alessandri\/#breadcrumb"},"inLanguage":"es","potentialAction":[{"@type":"ReadAction","target":["https:\/\/www.fraczinet.cl\/sitio\/2009\/06\/11\/concurso-de-pintura-en-artequin-en-el-parque-alessandri\/"]}]},{"@type":"BreadcrumbList","@id":"https:\/\/www.fraczinet.cl\/sitio\/2009\/06\/11\/concurso-de-pintura-en-artequin-en-el-parque-alessandri\/#breadcrumb","itemListElement":[{"@type":"ListItem","position":1,"name":"Portada","item":"https:\/\/www.fraczinet.cl\/sitio\/"},{"@type":"ListItem","position":2,"name":"Concurso de pintura en Artequin en el Parque Alessandri"}]},{"@type":"WebSite","@id":"https:\/\/www.fraczinet.cl\/sitio\/#website","url":"https:\/\/www.fraczinet.cl\/sitio\/","name":"Nuestro Bio B\u00edo","description":"Tierra de Encuentros","publisher":{"@id":"https:\/\/www.fraczinet.cl\/sitio\/#\/schema\/person\/aec8ee4da68df2b9b0eefdad24a0d582"},"potentialAction":[{"@type":"SearchAction","target":{"@type":"EntryPoint","urlTemplate":"https:\/\/www.fraczinet.cl\/sitio\/?s={search_term_string}"},"query-input":{"@type":"PropertyValueSpecification","valueRequired":true,"valueName":"search_term_string"}}],"inLanguage":"es"},{"@type":["Person","Organization"],"@id":"https:\/\/www.fraczinet.cl\/sitio\/#\/schema\/person\/aec8ee4da68df2b9b0eefdad24a0d582","name":"Luis Fernando Fraczinet","image":{"@type":"ImageObject","inLanguage":"es","@id":"https:\/\/www.fraczinet.cl\/sitio\/#\/schema\/person\/image\/","url":"https:\/\/www.fraczinet.cl\/sitio\/wp-content\/uploads\/2021\/07\/bannerlogo-1.gif","contentUrl":"https:\/\/www.fraczinet.cl\/sitio\/wp-content\/uploads\/2021\/07\/bannerlogo-1.gif","width":159,"height":79,"caption":"Luis Fernando Fraczinet"},"logo":{"@id":"https:\/\/www.fraczinet.cl\/sitio\/#\/schema\/person\/image\/"},"sameAs":["https:\/\/www.fraczinet.cl\/sitio\/"]},{"@type":"Person","@id":"https:\/\/www.fraczinet.cl\/sitio\/#\/schema\/person\/bc30f98e9cb10ae7e119dbe14bc93784","name":"admin","image":{"@type":"ImageObject","inLanguage":"es","@id":"https:\/\/www.fraczinet.cl\/sitio\/#\/schema\/person\/image\/","url":"https:\/\/secure.gravatar.com\/avatar\/d5ad3cf7ef3b23a2bb5be73be780c86b2fc8545c3ad6b149f3913ff458c00099?s=96&d=mm&r=g","contentUrl":"https:\/\/secure.gravatar.com\/avatar\/d5ad3cf7ef3b23a2bb5be73be780c86b2fc8545c3ad6b149f3913ff458c00099?s=96&d=mm&r=g","caption":"admin"},"sameAs":["https:\/\/www.fraczinet.cl\/sitio"]}]}},"_links":{"self":[{"href":"https:\/\/www.fraczinet.cl\/sitio\/wp-json\/wp\/v2\/posts\/4908","targetHints":{"allow":["GET"]}}],"collection":[{"href":"https:\/\/www.fraczinet.cl\/sitio\/wp-json\/wp\/v2\/posts"}],"about":[{"href":"https:\/\/www.fraczinet.cl\/sitio\/wp-json\/wp\/v2\/types\/post"}],"author":[{"embeddable":true,"href":"https:\/\/www.fraczinet.cl\/sitio\/wp-json\/wp\/v2\/users\/1"}],"replies":[{"embeddable":true,"href":"https:\/\/www.fraczinet.cl\/sitio\/wp-json\/wp\/v2\/comments?post=4908"}],"version-history":[{"count":0,"href":"https:\/\/www.fraczinet.cl\/sitio\/wp-json\/wp\/v2\/posts\/4908\/revisions"}],"wp:attachment":[{"href":"https:\/\/www.fraczinet.cl\/sitio\/wp-json\/wp\/v2\/media?parent=4908"}],"wp:term":[{"taxonomy":"category","embeddable":true,"href":"https:\/\/www.fraczinet.cl\/sitio\/wp-json\/wp\/v2\/categories?post=4908"},{"taxonomy":"post_tag","embeddable":true,"href":"https:\/\/www.fraczinet.cl\/sitio\/wp-json\/wp\/v2\/tags?post=4908"}],"curies":[{"name":"wp","href":"https:\/\/api.w.org\/{rel}","templated":true}]}}