{"id":4916,"date":"2009-06-08T21:03:00","date_gmt":"2009-06-08T21:03:00","guid":{"rendered":"https:\/\/www.fraczinet.cl\/sitio\/2009\/06\/08\/innovador-proyecto-de-la-ubb-pretende-transformar-la-educacion-superior\/"},"modified":"2009-06-08T21:03:00","modified_gmt":"2009-06-08T21:03:00","slug":"innovador-proyecto-de-la-ubb-pretende-transformar-la-educacion-superior","status":"publish","type":"post","link":"https:\/\/www.fraczinet.cl\/sitio\/2009\/06\/08\/innovador-proyecto-de-la-ubb-pretende-transformar-la-educacion-superior\/","title":{"rendered":"Innovador Proyecto de la UBB Pretende Transformar la Educaci\u00f3n Superior"},"content":{"rendered":"<div style=\"text-align: justify;\">Este martes 09 de junio, a las 09.00 horas, el experto del Mineduc, Dr. Emilio Rodr\u00edguez, visitar\u00e1 la rector\u00eda de la Universidad del Bio B\u00edo, con el prop\u00f3sito de conocer el actual estado de avance y las acciones realizadas en el proyecto \u201cIntegraci\u00f3n social y \u00e9xito acad\u00e9mico de los estudiantes de la UBB\u201d, en el contexto de las actividades del denominado Convenio de Desempe\u00f1o.<\/div>\n<div style=\"text-align: justify;\"><\/div>\n<div style=\"text-align: justify;\">La jornada del Dr. Emilio Rodr\u00edguez se iniciar\u00e1 con un saludo protocolar al rector H\u00e9ctor Gaete y, posteriormente, participar\u00e1 de una intensa agenda de trabajo con el equipo responsable, liderado por el Director Ejecutivo Manuel Albarr\u00e1n, quien resalt\u00f3 que \u201cesta iniciativa involucra fuertes cambios culturales en la gesti\u00f3n universitaria, por lo que se trabaja innovadoramente en procesos enfocados en funci\u00f3n de los resultados que pretendemos obtener. Lo que implica un gran sentido de trabajo en equipo, de reingenier\u00eda y priorizaci\u00f3n\u201d.<\/div>\n<div style=\"text-align: justify;\"><\/div>\n<div style=\"text-align: justify;\">Albarr\u00e1n se\u00f1al\u00f3 que la Universidad del Bio B\u00edo est\u00e1 centrada en un proyecto replicable a nivel pa\u00eds, que pretende optimizar los desempe\u00f1os en l\u00edneas estrat\u00e9gicas como son la retenci\u00f3n de estudiantes, rendimiento acad\u00e9mico, inserci\u00f3n laboral y acreditaci\u00f3n de carreras.<\/div>\n<div style=\"text-align: justify;\"><\/div>\n<div style=\"text-align: justify;\">Enfatiz\u00f3 tambi\u00e9n que el Convenio de Desempe\u00f1o genera un compromiso mutuo con el ministerio de Educaci\u00f3n, con el objetivo de mejorar la gesti\u00f3n de las instituciones de educaci\u00f3n superior que lideran el desarrollo del pa\u00eds.<\/div>\n<div style=\"text-align: justify;\"><\/div>\n<div style=\"text-align: justify;\">Entre los temas m\u00e1s relevantes que se abordar\u00e1n destacan: programaci\u00f3n detallada de los hitos 2009, Unidad de An\u00e1lisis e Investigaci\u00f3n Institucional, inversiones del per\u00edodo, proyecci\u00f3n del cumplimiento de finalidades, avances en gesti\u00f3n y difusi\u00f3n del Convenio de Desempe\u00f1o, como una herramienta de transformaci\u00f3n para la Educaci\u00f3n Superior en el pa\u00eds.<\/div>\n<div style=\"text-align: justify;\"><\/div>\n","protected":false},"excerpt":{"rendered":"<p>Este martes 09 de junio, a las 09.00 horas, el experto del Mineduc, Dr. Emilio Rodr\u00edguez, visitar\u00e1 la rector\u00eda de la Universidad del Bio B\u00edo, con el prop\u00f3sito de conocer el actual estado de avance y las acciones realizadas en el proyecto \u201cIntegraci\u00f3n social y \u00e9xito acad\u00e9mico de los estudiantes de la UBB\u201d, en el [&hellip;]<\/p>\n","protected":false},"author":1,"featured_media":0,"comment_status":"open","ping_status":"open","sticky":false,"template":"","format":"standard","meta":{"footnotes":""},"categories":[151],"tags":[],"class_list":["post-4916","post","type-post","status-publish","format-standard","hentry","category-educacion"],"yoast_head":"<!-- This site is optimized with the Yoast SEO plugin v25.0 - https:\/\/yoast.com\/wordpress\/plugins\/seo\/ -->\n<title>Innovador Proyecto de la UBB Pretende Transformar la Educaci\u00f3n Superior - Nuestro Bio B\u00edo<\/title>\n<meta name=\"robots\" content=\"index, follow, max-snippet:-1, max-image-preview:large, max-video-preview:-1\" \/>\n<link rel=\"canonical\" href=\"https:\/\/www.fraczinet.cl\/sitio\/2009\/06\/08\/innovador-proyecto-de-la-ubb-pretende-transformar-la-educacion-superior\/\" \/>\n<meta property=\"og:locale\" content=\"es_ES\" \/>\n<meta property=\"og:type\" content=\"article\" \/>\n<meta property=\"og:title\" content=\"Innovador Proyecto de la UBB Pretende Transformar la Educaci\u00f3n Superior - Nuestro Bio B\u00edo\" \/>\n<meta property=\"og:description\" content=\"Este martes 09 de junio, a las 09.00 horas, el experto del Mineduc, Dr. Emilio Rodr\u00edguez, visitar\u00e1 la rector\u00eda de la Universidad del Bio B\u00edo, con el prop\u00f3sito de conocer el actual estado de avance y las acciones realizadas en el proyecto \u201cIntegraci\u00f3n social y \u00e9xito acad\u00e9mico de los estudiantes de la UBB\u201d, en el [&hellip;]\" \/>\n<meta property=\"og:url\" content=\"https:\/\/www.fraczinet.cl\/sitio\/2009\/06\/08\/innovador-proyecto-de-la-ubb-pretende-transformar-la-educacion-superior\/\" \/>\n<meta property=\"og:site_name\" content=\"Nuestro Bio B\u00edo\" \/>\n<meta property=\"article:published_time\" content=\"2009-06-08T21:03:00+00:00\" \/>\n<meta property=\"og:image\" content=\"https:\/\/www.fraczinet.cl\/sitio\/wp-content\/uploads\/2021\/07\/bannerlogo-1.gif\" \/>\n\t<meta property=\"og:image:width\" content=\"159\" \/>\n\t<meta property=\"og:image:height\" content=\"79\" \/>\n\t<meta property=\"og:image:type\" content=\"image\/gif\" \/>\n<meta name=\"author\" content=\"admin\" \/>\n<meta name=\"twitter:card\" content=\"summary_large_image\" \/>\n<meta name=\"twitter:creator\" content=\"@nuestrobiobio\" \/>\n<meta name=\"twitter:site\" content=\"@nuestrobiobio\" \/>\n<meta name=\"twitter:label1\" content=\"Escrito por\" \/>\n\t<meta name=\"twitter:data1\" content=\"admin\" \/>\n\t<meta name=\"twitter:label2\" content=\"Tiempo de lectura\" \/>\n\t<meta name=\"twitter:data2\" content=\"2 minutos\" \/>\n<script type=\"application\/ld+json\" class=\"yoast-schema-graph\">{\"@context\":\"https:\/\/schema.org\",\"@graph\":[{\"@type\":\"Article\",\"@id\":\"https:\/\/www.fraczinet.cl\/sitio\/2009\/06\/08\/innovador-proyecto-de-la-ubb-pretende-transformar-la-educacion-superior\/#article\",\"isPartOf\":{\"@id\":\"https:\/\/www.fraczinet.cl\/sitio\/2009\/06\/08\/innovador-proyecto-de-la-ubb-pretende-transformar-la-educacion-superior\/\"},\"author\":{\"name\":\"admin\",\"@id\":\"https:\/\/www.fraczinet.cl\/sitio\/#\/schema\/person\/bc30f98e9cb10ae7e119dbe14bc93784\"},\"headline\":\"Innovador Proyecto de la UBB Pretende Transformar la Educaci\u00f3n Superior\",\"datePublished\":\"2009-06-08T21:03:00+00:00\",\"mainEntityOfPage\":{\"@id\":\"https:\/\/www.fraczinet.cl\/sitio\/2009\/06\/08\/innovador-proyecto-de-la-ubb-pretende-transformar-la-educacion-superior\/\"},\"wordCount\":320,\"commentCount\":0,\"publisher\":{\"@id\":\"https:\/\/www.fraczinet.cl\/sitio\/#\/schema\/person\/aec8ee4da68df2b9b0eefdad24a0d582\"},\"articleSection\":[\"Educaci\u00f3n\"],\"inLanguage\":\"es\",\"potentialAction\":[{\"@type\":\"CommentAction\",\"name\":\"Comment\",\"target\":[\"https:\/\/www.fraczinet.cl\/sitio\/2009\/06\/08\/innovador-proyecto-de-la-ubb-pretende-transformar-la-educacion-superior\/#respond\"]}]},{\"@type\":\"WebPage\",\"@id\":\"https:\/\/www.fraczinet.cl\/sitio\/2009\/06\/08\/innovador-proyecto-de-la-ubb-pretende-transformar-la-educacion-superior\/\",\"url\":\"https:\/\/www.fraczinet.cl\/sitio\/2009\/06\/08\/innovador-proyecto-de-la-ubb-pretende-transformar-la-educacion-superior\/\",\"name\":\"Innovador Proyecto de la UBB Pretende Transformar la Educaci\u00f3n Superior - Nuestro Bio B\u00edo\",\"isPartOf\":{\"@id\":\"https:\/\/www.fraczinet.cl\/sitio\/#website\"},\"datePublished\":\"2009-06-08T21:03:00+00:00\",\"breadcrumb\":{\"@id\":\"https:\/\/www.fraczinet.cl\/sitio\/2009\/06\/08\/innovador-proyecto-de-la-ubb-pretende-transformar-la-educacion-superior\/#breadcrumb\"},\"inLanguage\":\"es\",\"potentialAction\":[{\"@type\":\"ReadAction\",\"target\":[\"https:\/\/www.fraczinet.cl\/sitio\/2009\/06\/08\/innovador-proyecto-de-la-ubb-pretende-transformar-la-educacion-superior\/\"]}]},{\"@type\":\"BreadcrumbList\",\"@id\":\"https:\/\/www.fraczinet.cl\/sitio\/2009\/06\/08\/innovador-proyecto-de-la-ubb-pretende-transformar-la-educacion-superior\/#breadcrumb\",\"itemListElement\":[{\"@type\":\"ListItem\",\"position\":1,\"name\":\"Portada\",\"item\":\"https:\/\/www.fraczinet.cl\/sitio\/\"},{\"@type\":\"ListItem\",\"position\":2,\"name\":\"Innovador Proyecto de la UBB Pretende Transformar la Educaci\u00f3n Superior\"}]},{\"@type\":\"WebSite\",\"@id\":\"https:\/\/www.fraczinet.cl\/sitio\/#website\",\"url\":\"https:\/\/www.fraczinet.cl\/sitio\/\",\"name\":\"Nuestro Bio B\u00edo\",\"description\":\"Tierra de Encuentros\",\"publisher\":{\"@id\":\"https:\/\/www.fraczinet.cl\/sitio\/#\/schema\/person\/aec8ee4da68df2b9b0eefdad24a0d582\"},\"potentialAction\":[{\"@type\":\"SearchAction\",\"target\":{\"@type\":\"EntryPoint\",\"urlTemplate\":\"https:\/\/www.fraczinet.cl\/sitio\/?s={search_term_string}\"},\"query-input\":{\"@type\":\"PropertyValueSpecification\",\"valueRequired\":true,\"valueName\":\"search_term_string\"}}],\"inLanguage\":\"es\"},{\"@type\":[\"Person\",\"Organization\"],\"@id\":\"https:\/\/www.fraczinet.cl\/sitio\/#\/schema\/person\/aec8ee4da68df2b9b0eefdad24a0d582\",\"name\":\"Luis Fernando Fraczinet\",\"image\":{\"@type\":\"ImageObject\",\"inLanguage\":\"es\",\"@id\":\"https:\/\/www.fraczinet.cl\/sitio\/#\/schema\/person\/image\/\",\"url\":\"https:\/\/www.fraczinet.cl\/sitio\/wp-content\/uploads\/2021\/07\/bannerlogo-1.gif\",\"contentUrl\":\"https:\/\/www.fraczinet.cl\/sitio\/wp-content\/uploads\/2021\/07\/bannerlogo-1.gif\",\"width\":159,\"height\":79,\"caption\":\"Luis Fernando Fraczinet\"},\"logo\":{\"@id\":\"https:\/\/www.fraczinet.cl\/sitio\/#\/schema\/person\/image\/\"},\"sameAs\":[\"https:\/\/www.fraczinet.cl\/sitio\/\"]},{\"@type\":\"Person\",\"@id\":\"https:\/\/www.fraczinet.cl\/sitio\/#\/schema\/person\/bc30f98e9cb10ae7e119dbe14bc93784\",\"name\":\"admin\",\"image\":{\"@type\":\"ImageObject\",\"inLanguage\":\"es\",\"@id\":\"https:\/\/www.fraczinet.cl\/sitio\/#\/schema\/person\/image\/\",\"url\":\"https:\/\/secure.gravatar.com\/avatar\/d5ad3cf7ef3b23a2bb5be73be780c86b2fc8545c3ad6b149f3913ff458c00099?s=96&d=mm&r=g\",\"contentUrl\":\"https:\/\/secure.gravatar.com\/avatar\/d5ad3cf7ef3b23a2bb5be73be780c86b2fc8545c3ad6b149f3913ff458c00099?s=96&d=mm&r=g\",\"caption\":\"admin\"},\"sameAs\":[\"https:\/\/www.fraczinet.cl\/sitio\"]}]}<\/script>\n<!-- \/ Yoast SEO plugin. -->","yoast_head_json":{"title":"Innovador Proyecto de la UBB Pretende Transformar la Educaci\u00f3n Superior - Nuestro Bio B\u00edo","robots":{"index":"index","follow":"follow","max-snippet":"max-snippet:-1","max-image-preview":"max-image-preview:large","max-video-preview":"max-video-preview:-1"},"canonical":"https:\/\/www.fraczinet.cl\/sitio\/2009\/06\/08\/innovador-proyecto-de-la-ubb-pretende-transformar-la-educacion-superior\/","og_locale":"es_ES","og_type":"article","og_title":"Innovador Proyecto de la UBB Pretende Transformar la Educaci\u00f3n Superior - Nuestro Bio B\u00edo","og_description":"Este martes 09 de junio, a las 09.00 horas, el experto del Mineduc, Dr. Emilio Rodr\u00edguez, visitar\u00e1 la rector\u00eda de la Universidad del Bio B\u00edo, con el prop\u00f3sito de conocer el actual estado de avance y las acciones realizadas en el proyecto \u201cIntegraci\u00f3n social y \u00e9xito acad\u00e9mico de los estudiantes de la UBB\u201d, en el [&hellip;]","og_url":"https:\/\/www.fraczinet.cl\/sitio\/2009\/06\/08\/innovador-proyecto-de-la-ubb-pretende-transformar-la-educacion-superior\/","og_site_name":"Nuestro Bio B\u00edo","article_published_time":"2009-06-08T21:03:00+00:00","og_image":[{"width":159,"height":79,"url":"https:\/\/www.fraczinet.cl\/sitio\/wp-content\/uploads\/2021\/07\/bannerlogo-1.gif","type":"image\/gif"}],"author":"admin","twitter_card":"summary_large_image","twitter_creator":"@nuestrobiobio","twitter_site":"@nuestrobiobio","twitter_misc":{"Escrito por":"admin","Tiempo de lectura":"2 minutos"},"schema":{"@context":"https:\/\/schema.org","@graph":[{"@type":"Article","@id":"https:\/\/www.fraczinet.cl\/sitio\/2009\/06\/08\/innovador-proyecto-de-la-ubb-pretende-transformar-la-educacion-superior\/#article","isPartOf":{"@id":"https:\/\/www.fraczinet.cl\/sitio\/2009\/06\/08\/innovador-proyecto-de-la-ubb-pretende-transformar-la-educacion-superior\/"},"author":{"name":"admin","@id":"https:\/\/www.fraczinet.cl\/sitio\/#\/schema\/person\/bc30f98e9cb10ae7e119dbe14bc93784"},"headline":"Innovador Proyecto de la UBB Pretende Transformar la Educaci\u00f3n Superior","datePublished":"2009-06-08T21:03:00+00:00","mainEntityOfPage":{"@id":"https:\/\/www.fraczinet.cl\/sitio\/2009\/06\/08\/innovador-proyecto-de-la-ubb-pretende-transformar-la-educacion-superior\/"},"wordCount":320,"commentCount":0,"publisher":{"@id":"https:\/\/www.fraczinet.cl\/sitio\/#\/schema\/person\/aec8ee4da68df2b9b0eefdad24a0d582"},"articleSection":["Educaci\u00f3n"],"inLanguage":"es","potentialAction":[{"@type":"CommentAction","name":"Comment","target":["https:\/\/www.fraczinet.cl\/sitio\/2009\/06\/08\/innovador-proyecto-de-la-ubb-pretende-transformar-la-educacion-superior\/#respond"]}]},{"@type":"WebPage","@id":"https:\/\/www.fraczinet.cl\/sitio\/2009\/06\/08\/innovador-proyecto-de-la-ubb-pretende-transformar-la-educacion-superior\/","url":"https:\/\/www.fraczinet.cl\/sitio\/2009\/06\/08\/innovador-proyecto-de-la-ubb-pretende-transformar-la-educacion-superior\/","name":"Innovador Proyecto de la UBB Pretende Transformar la Educaci\u00f3n Superior - Nuestro Bio B\u00edo","isPartOf":{"@id":"https:\/\/www.fraczinet.cl\/sitio\/#website"},"datePublished":"2009-06-08T21:03:00+00:00","breadcrumb":{"@id":"https:\/\/www.fraczinet.cl\/sitio\/2009\/06\/08\/innovador-proyecto-de-la-ubb-pretende-transformar-la-educacion-superior\/#breadcrumb"},"inLanguage":"es","potentialAction":[{"@type":"ReadAction","target":["https:\/\/www.fraczinet.cl\/sitio\/2009\/06\/08\/innovador-proyecto-de-la-ubb-pretende-transformar-la-educacion-superior\/"]}]},{"@type":"BreadcrumbList","@id":"https:\/\/www.fraczinet.cl\/sitio\/2009\/06\/08\/innovador-proyecto-de-la-ubb-pretende-transformar-la-educacion-superior\/#breadcrumb","itemListElement":[{"@type":"ListItem","position":1,"name":"Portada","item":"https:\/\/www.fraczinet.cl\/sitio\/"},{"@type":"ListItem","position":2,"name":"Innovador Proyecto de la UBB Pretende Transformar la Educaci\u00f3n Superior"}]},{"@type":"WebSite","@id":"https:\/\/www.fraczinet.cl\/sitio\/#website","url":"https:\/\/www.fraczinet.cl\/sitio\/","name":"Nuestro Bio B\u00edo","description":"Tierra de Encuentros","publisher":{"@id":"https:\/\/www.fraczinet.cl\/sitio\/#\/schema\/person\/aec8ee4da68df2b9b0eefdad24a0d582"},"potentialAction":[{"@type":"SearchAction","target":{"@type":"EntryPoint","urlTemplate":"https:\/\/www.fraczinet.cl\/sitio\/?s={search_term_string}"},"query-input":{"@type":"PropertyValueSpecification","valueRequired":true,"valueName":"search_term_string"}}],"inLanguage":"es"},{"@type":["Person","Organization"],"@id":"https:\/\/www.fraczinet.cl\/sitio\/#\/schema\/person\/aec8ee4da68df2b9b0eefdad24a0d582","name":"Luis Fernando Fraczinet","image":{"@type":"ImageObject","inLanguage":"es","@id":"https:\/\/www.fraczinet.cl\/sitio\/#\/schema\/person\/image\/","url":"https:\/\/www.fraczinet.cl\/sitio\/wp-content\/uploads\/2021\/07\/bannerlogo-1.gif","contentUrl":"https:\/\/www.fraczinet.cl\/sitio\/wp-content\/uploads\/2021\/07\/bannerlogo-1.gif","width":159,"height":79,"caption":"Luis Fernando Fraczinet"},"logo":{"@id":"https:\/\/www.fraczinet.cl\/sitio\/#\/schema\/person\/image\/"},"sameAs":["https:\/\/www.fraczinet.cl\/sitio\/"]},{"@type":"Person","@id":"https:\/\/www.fraczinet.cl\/sitio\/#\/schema\/person\/bc30f98e9cb10ae7e119dbe14bc93784","name":"admin","image":{"@type":"ImageObject","inLanguage":"es","@id":"https:\/\/www.fraczinet.cl\/sitio\/#\/schema\/person\/image\/","url":"https:\/\/secure.gravatar.com\/avatar\/d5ad3cf7ef3b23a2bb5be73be780c86b2fc8545c3ad6b149f3913ff458c00099?s=96&d=mm&r=g","contentUrl":"https:\/\/secure.gravatar.com\/avatar\/d5ad3cf7ef3b23a2bb5be73be780c86b2fc8545c3ad6b149f3913ff458c00099?s=96&d=mm&r=g","caption":"admin"},"sameAs":["https:\/\/www.fraczinet.cl\/sitio"]}]}},"_links":{"self":[{"href":"https:\/\/www.fraczinet.cl\/sitio\/wp-json\/wp\/v2\/posts\/4916","targetHints":{"allow":["GET"]}}],"collection":[{"href":"https:\/\/www.fraczinet.cl\/sitio\/wp-json\/wp\/v2\/posts"}],"about":[{"href":"https:\/\/www.fraczinet.cl\/sitio\/wp-json\/wp\/v2\/types\/post"}],"author":[{"embeddable":true,"href":"https:\/\/www.fraczinet.cl\/sitio\/wp-json\/wp\/v2\/users\/1"}],"replies":[{"embeddable":true,"href":"https:\/\/www.fraczinet.cl\/sitio\/wp-json\/wp\/v2\/comments?post=4916"}],"version-history":[{"count":0,"href":"https:\/\/www.fraczinet.cl\/sitio\/wp-json\/wp\/v2\/posts\/4916\/revisions"}],"wp:attachment":[{"href":"https:\/\/www.fraczinet.cl\/sitio\/wp-json\/wp\/v2\/media?parent=4916"}],"wp:term":[{"taxonomy":"category","embeddable":true,"href":"https:\/\/www.fraczinet.cl\/sitio\/wp-json\/wp\/v2\/categories?post=4916"},{"taxonomy":"post_tag","embeddable":true,"href":"https:\/\/www.fraczinet.cl\/sitio\/wp-json\/wp\/v2\/tags?post=4916"}],"curies":[{"name":"wp","href":"https:\/\/api.w.org\/{rel}","templated":true}]}}