{"id":4925,"date":"2009-06-04T02:35:00","date_gmt":"2009-06-04T02:35:00","guid":{"rendered":"https:\/\/www.fraczinet.cl\/sitio\/2009\/06\/04\/lanzan-convocatoria-para-taller-de-la-trienal-de-chile-en-concepcion\/"},"modified":"2009-06-04T02:35:00","modified_gmt":"2009-06-04T02:35:00","slug":"lanzan-convocatoria-para-taller-de-la-trienal-de-chile-en-concepcion","status":"publish","type":"post","link":"https:\/\/www.fraczinet.cl\/sitio\/2009\/06\/04\/lanzan-convocatoria-para-taller-de-la-trienal-de-chile-en-concepcion\/","title":{"rendered":"Lanzan Convocatoria para Taller de la Trienal de Chile en Concepci\u00f3n"},"content":{"rendered":"<div style=\"text-align: justify;\">Desde el 1 al 16 de junio est\u00e1n abiertas las postulaciones para el taller que abordar\u00e1 el tema de arte en espacio p\u00fablico que realizar\u00e1 la artista y curadora argentina Patricia Hakim. Esta convocatoria se realizar\u00e1 entre el 22 y 25 de junio en la Corporaci\u00f3n Cultural Balmaceda de Arte Joven.<\/div>\n<div style=\"text-align: justify;\"><\/div>\n<div style=\"text-align: justify;\">El programa es parte de la primera Trienal de Artes Visuales de nuestro  pa\u00eds, evento emblem\u00e1tico que forma parte de los proyectos con los cuales se celebrar\u00e1 el Bicentenario de la Rep\u00fablica y cuya inauguraci\u00f3n nacional se realizar\u00e1 en octubre. Concepci\u00f3n es una de las ciudades seleccionadas de la Zona Sur del pa\u00eds para realizar acciones tales como el presente taller, el I Encuentro Nacional de Escuelas de Arte-Lota \u201909, una residencia con y para los artistas de la regi\u00f3n, junto con la edici\u00f3n especial de las publicaciones Animita y Plus.<\/div>\n<div style=\"text-align: justify;\"><\/div>\n<div style=\"text-align: justify;\">La Trienal de Chile es el principal evento internacional de artes visuales que se desarrollar\u00e1 cada tres a\u00f1os en nuestro pa\u00eds. Su construcci\u00f3n tiene relaci\u00f3n con la articulaci\u00f3n de un conjunto de acciones tales como exposiciones, residencias de artistas, coloquios, archivo y documentaci\u00f3n, talleres, cl\u00ednicas y experiencias de formaci\u00f3n que se desarrollar\u00e1n a lo largo de todo el pa\u00eds.<\/div>\n<div style=\"text-align: justify;\"><\/div>\n<div style=\"text-align: justify;\">En Concepci\u00f3n la artista y curadora Patricia Hakim (Argentina) es la responsable de seleccionar a quince artistas de la regi\u00f3n del B\u00edo-B\u00edo, quienes expondr\u00e1n sus investigaciones visuales en torno a la relaci\u00f3n arte y espacio p\u00fablico, bajo el diagrama de discusi\u00f3n colectiva en torno a lo expuesto, con el objetivo de distinguir e intensificar los problemas de cada producci\u00f3n, generando una plataforma de debate, cruces y redes con el fin de lograr una mejor profundizaci\u00f3n y fortalecimiento de la producci\u00f3n art\u00edstica en torno a la problem\u00e1tica del espacio p\u00fablico. Tambi\u00e9n existir\u00e1 un grupo de artistas invitados por Patricia Hakim a exponer sus investigaciones aplicadas al campo del arte p\u00fablico tanto como creaci\u00f3n as\u00ed como investigaci\u00f3n multidisciplinaria dirigida al rescate social. Por otro lado, se abre esta convocatoria a aquellos que no sean artistas visuales y que s\u00ed desarrollen su quehacer profesional en el campo de la visualidad, quienes podr\u00e1n participar en calidad de oyentes.<\/div>\n<div style=\"text-align: justify;\"><\/div>\n<div style=\"text-align: justify;\">El taller trabajar\u00e1 con la relaci\u00f3n entre arte y espacio p\u00fablico; acciones; reflexiones; procedimientos; perfil del artista y din\u00e1mica.<\/div>\n<div style=\"text-align: justify;\"><\/div>\n<div style=\"text-align: justify;\">La convocatoria busca reunir a artistas visuales de la Regi\u00f3n del B\u00edo B\u00edo en calidad de exponentes; a sujetos y agentes del campo de la visualidad en calidad de oyentes y a artistas visuales con investigaciones en el campo del espacio p\u00fablico en calidad de invitados.<\/div>\n<div style=\"text-align: justify;\"><\/div>\n<div style=\"text-align: justify;\">La Trienal de Chile busca descentralizar las artes visuales nacionales, generando polos culturales que se dividen en tres zonas generales: Norte, Centro y Sur.<\/div>\n<div style=\"text-align: justify;\"><\/div>\n<div style=\"text-align: justify;\">Objetivos<\/div>\n<div style=\"text-align: justify;\"><\/div>\n<div style=\"text-align: justify;\">\u2022 Abordar tem\u00e1ticas y problemas culturales locales, poni\u00e9ndolos en agenda y visibilidad a nivel nacional.<\/div>\n<div style=\"text-align: justify;\">\u2022 Fortalecer las instituciones art\u00edsticas, fomentando la construcci\u00f3n de escenas visuales nacionales y promoviendo la circulaci\u00f3n internacional del arte chileno contempor\u00e1neo, <\/div>\n<div style=\"text-align: justify;\">\u2022 Revitalizar la producci\u00f3n de publicaciones, ediciones y comunicaciones.<\/div>\n<div style=\"text-align: justify;\"><\/div>\n<div style=\"text-align: justify;\">Esta Trienal est\u00e1 a cargo del destacado Curador, Cr\u00edtico de Arte y actual Ministro de Cultura de Paraguay, Ticio Escobar, quien ha reunido a grandes personalidades del mundo de las artes visuales de la regi\u00f3n, con el fin de dise\u00f1ar  un proyecto con un fuerte sentido identitario latinoamericano. <\/div>\n<div style=\"text-align: justify;\"><\/div>\n<div style=\"text-align: justify;\">\u00bfQu\u00e9 es una Trienal o Bienal?<\/div>\n<div style=\"text-align: justify;\"><\/div>\n<div style=\"text-align: justify;\">Un evento de este tipo, al igual que una Bienal como las de Sao Paulo o Venecia, consiste en seleccionar un curador de prestigio internacional, para que escoja a un determinado n\u00famero de artistas de nivel mundial y desarrolle un evento en donde se elaboren obras de arte contempor\u00e1neo que discutan o instalen una tem\u00e1tica que sea de inter\u00e9s internacional. Una bienal se desarrolla cada dos a\u00f1os y una Trienal cada tres. <\/div>\n<div style=\"text-align: justify;\"><\/div>\n<div style=\"text-align: justify;\">En la mayor\u00eda de los casos, una Trienal o Bienal busca posicionar a las ciudades como capitales de atractivo mundial. Conjuntamente una Trienal o Bienal, busca difundir y acerca el arte contempor\u00e1neo a sectores de la sociedad que en general no tienen contacto u oportunidad de tener una experiencia de este tipo. Una Trienal, es un dispositivo de redes, en donde artistas y entidades chilenas, tienen la posibilidad de generar v\u00ednculos con actores que logren posicionar a nuestros artistas en los circuitos internacionales.<\/div>\n<div style=\"text-align: justify;\"><\/div>\n<div style=\"text-align: justify;\">Una Trienal proporciona un espacio en donde confluyen diferentes audiencias: artistas, coleccionistas, curadores, medios de comunicaci\u00f3n internacional y nacional, editores, directores de museos y galer\u00edas, mundo pol\u00edtico, privado, educacional y comunidades pertenecientes al espacio en donde se emplaza el evento.<\/div>\n<div style=\"text-align: justify;\"><\/div>\n<div style=\"text-align: justify;\"><\/div>\n<div style=\"text-align: justify;\">De qu\u00e9 se trata la Primera  Trienal de Chile:\u201cEXPLORAR LOS L\u00cdMITES DEL ARTE\u201d<\/div>\n<div style=\"text-align: justify;\">Por  TICIO ESCOBAR, curador general<\/div>\n<div style=\"text-align: justify;\"><\/div>\n<div style=\"text-align: justify;\">La Trienal tiene como objetivo abordar tem\u00e1ticas y problemas culturales locales, poni\u00e9ndolos en agenda y visibilidad a nivel nacional, fortaleciendo las instituciones art\u00edsticas, fomentando la construcci\u00f3n de escenas visuales nacionales y promoviendo la circulaci\u00f3n internacional del arte chileno contempor\u00e1neo, revitalizando la producci\u00f3n de publicaciones, ediciones y estrategias comunicacionales.<\/div>\n<div style=\"text-align: justify;\"><\/div>\n<div style=\"text-align: justify;\">En este contexto, la Trienal busca potenciar las capacidades de las artes visuales como un proceso de exploraci\u00f3n de las realidades locales, vinculando formas de colaboraci\u00f3n entre distintas instituciones p\u00fablicas  y privadas.<\/div>\n<div style=\"text-align: justify;\"><\/div>\n<div style=\"text-align: justify;\">La idea b\u00e1sica de la Trienal consiste en explorar los l\u00edmites del arte a partir de situaciones que en s\u00ed mismas son lim\u00edtrofes: Chile tiene la configuraci\u00f3n de un l\u00edmite y su propia disposici\u00f3n erguida permite trabajar diferentes escenarios segmentando su mapa en franjas horizontales. Estas secciones, arbitrarias como todas las correspondientes a un diagrama curatorial, desmarcan zonas ubicadas en el norte, el centro y el sur del pa\u00eds.<\/div>\n<div style=\"text-align: justify;\"><\/div>\n<div style=\"text-align: justify;\">Cada zona plantea operaciones diferentes. La pregunta es c\u00f3mo se ponen en obra \u2013c\u00f3mo se exhiben ante la mirada- situaciones vinculadas a acciones relacionales, a intervenciones comunitarias, a hip\u00f3tesis pol\u00edticas, geogr\u00e1ficas o hist\u00f3ricas, a gestiones de pol\u00edticas culturales que trascienden los contornos de la representaci\u00f3n del arte. \u00bfC\u00f3mo se traza un contorno est\u00e9tico  m\u00ednimo para estas cuestiones tradicionalmente extra-art\u00edsticas? <\/div>\n<div style=\"text-align: justify;\"><\/div>\n<div style=\"text-align: justify;\">As\u00ed, la Trienal incluye exposiciones, pero tambi\u00e9n reflexiones, coloquios, talleres de arte, cl\u00ednicas, intervenciones y residencias de artistas, propuestas museales desplazadas, ciclos de video, discusiones pol\u00edticas sobre la cuesti\u00f3n ind\u00edgena, y preocupaciones sobre la intersecci\u00f3n entre el arte ind\u00edgena, el popular y el contempor\u00e1neo.<\/div>\n<div style=\"text-align: justify;\"><\/div>\n<div style=\"text-align: justify;\">El desaf\u00edo es, por lo tanto, intentar que todas las acciones que configuran esta compleja Trienal puedan ser \u201coperables\u201d, es decir, puestas en obra, colocadas en situaci\u00f3n que interpele la mirada. Pero el l\u00edmite entre lo que es y no es arte, entre lo que forma y no forma parte de la puesta en obra, de la puesta en escena, conforma siempre una zona dudosa y espectral habitada por actos, objetos y  gestos que podr\u00e1n ingresar por un instante en el c\u00edrculo de la representaci\u00f3n o ser <\/div>\n<div style=\"text-align: justify;\">registrados como los diagramas documentales, los mapas secretos que sostengan las operaciones del arte. <\/div>\n<div style=\"text-align: justify;\"><\/div>\n<div style=\"text-align: justify;\">Por eso, asumiendo esa contingencia, muchas de estas acciones podr\u00e1n ser, aun brevemente, sujetas al r\u00e9gimen est\u00e9tico, y otras, no: quedar\u00e1n afuera, en una zona de espera que permite, quiz\u00e1, que en otro momento puedan provocar ese extra\u00f1o juego de distancias y miradas que llamamos arte. <\/div>\n<div style=\"text-align: justify;\"><\/div>\n<div style=\"text-align: justify;\">Informaci\u00f3n Trienal: <\/div>\n<div style=\"text-align: justify;\">www.trienaldechile.cl<\/div>\n<div style=\"text-align: justify;\">coordinaci\u00f3n@trienaldechile.cl<\/div>\n","protected":false},"excerpt":{"rendered":"<p>Desde el 1 al 16 de junio est\u00e1n abiertas las postulaciones para el taller que abordar\u00e1 el tema de arte en espacio p\u00fablico que realizar\u00e1 la artista y curadora argentina Patricia Hakim. Esta convocatoria se realizar\u00e1 entre el 22 y 25 de junio en la Corporaci\u00f3n Cultural Balmaceda de Arte Joven. El programa es parte [&hellip;]<\/p>\n","protected":false},"author":1,"featured_media":0,"comment_status":"open","ping_status":"open","sticky":false,"template":"","format":"standard","meta":{"footnotes":""},"categories":[68],"tags":[],"class_list":["post-4925","post","type-post","status-publish","format-standard","hentry","category-artes-visuales"],"yoast_head":"<!-- This site is optimized with the Yoast SEO plugin v25.0 - https:\/\/yoast.com\/wordpress\/plugins\/seo\/ -->\n<title>Lanzan Convocatoria para Taller de la Trienal de Chile en Concepci\u00f3n - Nuestro Bio B\u00edo<\/title>\n<meta name=\"robots\" content=\"index, follow, max-snippet:-1, max-image-preview:large, max-video-preview:-1\" \/>\n<link rel=\"canonical\" href=\"https:\/\/www.fraczinet.cl\/sitio\/2009\/06\/04\/lanzan-convocatoria-para-taller-de-la-trienal-de-chile-en-concepcion\/\" \/>\n<meta property=\"og:locale\" content=\"es_ES\" \/>\n<meta property=\"og:type\" content=\"article\" \/>\n<meta property=\"og:title\" content=\"Lanzan Convocatoria para Taller de la Trienal de Chile en Concepci\u00f3n - Nuestro Bio B\u00edo\" \/>\n<meta property=\"og:description\" content=\"Desde el 1 al 16 de junio est\u00e1n abiertas las postulaciones para el taller que abordar\u00e1 el tema de arte en espacio p\u00fablico que realizar\u00e1 la artista y curadora argentina Patricia Hakim. Esta convocatoria se realizar\u00e1 entre el 22 y 25 de junio en la Corporaci\u00f3n Cultural Balmaceda de Arte Joven. El programa es parte [&hellip;]\" \/>\n<meta property=\"og:url\" content=\"https:\/\/www.fraczinet.cl\/sitio\/2009\/06\/04\/lanzan-convocatoria-para-taller-de-la-trienal-de-chile-en-concepcion\/\" \/>\n<meta property=\"og:site_name\" content=\"Nuestro Bio B\u00edo\" \/>\n<meta property=\"article:published_time\" content=\"2009-06-04T02:35:00+00:00\" \/>\n<meta property=\"og:image\" content=\"https:\/\/www.fraczinet.cl\/sitio\/wp-content\/uploads\/2021\/07\/bannerlogo-1.gif\" \/>\n\t<meta property=\"og:image:width\" content=\"159\" \/>\n\t<meta property=\"og:image:height\" content=\"79\" \/>\n\t<meta property=\"og:image:type\" content=\"image\/gif\" \/>\n<meta name=\"author\" content=\"admin\" \/>\n<meta name=\"twitter:card\" content=\"summary_large_image\" \/>\n<meta name=\"twitter:creator\" content=\"@nuestrobiobio\" \/>\n<meta name=\"twitter:site\" content=\"@nuestrobiobio\" \/>\n<meta name=\"twitter:label1\" content=\"Escrito por\" \/>\n\t<meta name=\"twitter:data1\" content=\"admin\" \/>\n\t<meta name=\"twitter:label2\" content=\"Tiempo de lectura\" \/>\n\t<meta name=\"twitter:data2\" content=\"6 minutos\" \/>\n<script type=\"application\/ld+json\" class=\"yoast-schema-graph\">{\"@context\":\"https:\/\/schema.org\",\"@graph\":[{\"@type\":\"Article\",\"@id\":\"https:\/\/www.fraczinet.cl\/sitio\/2009\/06\/04\/lanzan-convocatoria-para-taller-de-la-trienal-de-chile-en-concepcion\/#article\",\"isPartOf\":{\"@id\":\"https:\/\/www.fraczinet.cl\/sitio\/2009\/06\/04\/lanzan-convocatoria-para-taller-de-la-trienal-de-chile-en-concepcion\/\"},\"author\":{\"name\":\"admin\",\"@id\":\"https:\/\/www.fraczinet.cl\/sitio\/#\/schema\/person\/bc30f98e9cb10ae7e119dbe14bc93784\"},\"headline\":\"Lanzan Convocatoria para Taller de la Trienal de Chile en Concepci\u00f3n\",\"datePublished\":\"2009-06-04T02:35:00+00:00\",\"mainEntityOfPage\":{\"@id\":\"https:\/\/www.fraczinet.cl\/sitio\/2009\/06\/04\/lanzan-convocatoria-para-taller-de-la-trienal-de-chile-en-concepcion\/\"},\"wordCount\":1288,\"commentCount\":0,\"publisher\":{\"@id\":\"https:\/\/www.fraczinet.cl\/sitio\/#\/schema\/person\/aec8ee4da68df2b9b0eefdad24a0d582\"},\"articleSection\":[\"Artes Visuales\"],\"inLanguage\":\"es\",\"potentialAction\":[{\"@type\":\"CommentAction\",\"name\":\"Comment\",\"target\":[\"https:\/\/www.fraczinet.cl\/sitio\/2009\/06\/04\/lanzan-convocatoria-para-taller-de-la-trienal-de-chile-en-concepcion\/#respond\"]}]},{\"@type\":\"WebPage\",\"@id\":\"https:\/\/www.fraczinet.cl\/sitio\/2009\/06\/04\/lanzan-convocatoria-para-taller-de-la-trienal-de-chile-en-concepcion\/\",\"url\":\"https:\/\/www.fraczinet.cl\/sitio\/2009\/06\/04\/lanzan-convocatoria-para-taller-de-la-trienal-de-chile-en-concepcion\/\",\"name\":\"Lanzan Convocatoria para Taller de la Trienal de Chile en Concepci\u00f3n - Nuestro Bio B\u00edo\",\"isPartOf\":{\"@id\":\"https:\/\/www.fraczinet.cl\/sitio\/#website\"},\"datePublished\":\"2009-06-04T02:35:00+00:00\",\"breadcrumb\":{\"@id\":\"https:\/\/www.fraczinet.cl\/sitio\/2009\/06\/04\/lanzan-convocatoria-para-taller-de-la-trienal-de-chile-en-concepcion\/#breadcrumb\"},\"inLanguage\":\"es\",\"potentialAction\":[{\"@type\":\"ReadAction\",\"target\":[\"https:\/\/www.fraczinet.cl\/sitio\/2009\/06\/04\/lanzan-convocatoria-para-taller-de-la-trienal-de-chile-en-concepcion\/\"]}]},{\"@type\":\"BreadcrumbList\",\"@id\":\"https:\/\/www.fraczinet.cl\/sitio\/2009\/06\/04\/lanzan-convocatoria-para-taller-de-la-trienal-de-chile-en-concepcion\/#breadcrumb\",\"itemListElement\":[{\"@type\":\"ListItem\",\"position\":1,\"name\":\"Portada\",\"item\":\"https:\/\/www.fraczinet.cl\/sitio\/\"},{\"@type\":\"ListItem\",\"position\":2,\"name\":\"Lanzan Convocatoria para Taller de la Trienal de Chile en Concepci\u00f3n\"}]},{\"@type\":\"WebSite\",\"@id\":\"https:\/\/www.fraczinet.cl\/sitio\/#website\",\"url\":\"https:\/\/www.fraczinet.cl\/sitio\/\",\"name\":\"Nuestro Bio B\u00edo\",\"description\":\"Tierra de Encuentros\",\"publisher\":{\"@id\":\"https:\/\/www.fraczinet.cl\/sitio\/#\/schema\/person\/aec8ee4da68df2b9b0eefdad24a0d582\"},\"potentialAction\":[{\"@type\":\"SearchAction\",\"target\":{\"@type\":\"EntryPoint\",\"urlTemplate\":\"https:\/\/www.fraczinet.cl\/sitio\/?s={search_term_string}\"},\"query-input\":{\"@type\":\"PropertyValueSpecification\",\"valueRequired\":true,\"valueName\":\"search_term_string\"}}],\"inLanguage\":\"es\"},{\"@type\":[\"Person\",\"Organization\"],\"@id\":\"https:\/\/www.fraczinet.cl\/sitio\/#\/schema\/person\/aec8ee4da68df2b9b0eefdad24a0d582\",\"name\":\"Luis Fernando Fraczinet\",\"image\":{\"@type\":\"ImageObject\",\"inLanguage\":\"es\",\"@id\":\"https:\/\/www.fraczinet.cl\/sitio\/#\/schema\/person\/image\/\",\"url\":\"https:\/\/www.fraczinet.cl\/sitio\/wp-content\/uploads\/2021\/07\/bannerlogo-1.gif\",\"contentUrl\":\"https:\/\/www.fraczinet.cl\/sitio\/wp-content\/uploads\/2021\/07\/bannerlogo-1.gif\",\"width\":159,\"height\":79,\"caption\":\"Luis Fernando Fraczinet\"},\"logo\":{\"@id\":\"https:\/\/www.fraczinet.cl\/sitio\/#\/schema\/person\/image\/\"},\"sameAs\":[\"https:\/\/www.fraczinet.cl\/sitio\/\"]},{\"@type\":\"Person\",\"@id\":\"https:\/\/www.fraczinet.cl\/sitio\/#\/schema\/person\/bc30f98e9cb10ae7e119dbe14bc93784\",\"name\":\"admin\",\"image\":{\"@type\":\"ImageObject\",\"inLanguage\":\"es\",\"@id\":\"https:\/\/www.fraczinet.cl\/sitio\/#\/schema\/person\/image\/\",\"url\":\"https:\/\/secure.gravatar.com\/avatar\/d5ad3cf7ef3b23a2bb5be73be780c86b2fc8545c3ad6b149f3913ff458c00099?s=96&d=mm&r=g\",\"contentUrl\":\"https:\/\/secure.gravatar.com\/avatar\/d5ad3cf7ef3b23a2bb5be73be780c86b2fc8545c3ad6b149f3913ff458c00099?s=96&d=mm&r=g\",\"caption\":\"admin\"},\"sameAs\":[\"https:\/\/www.fraczinet.cl\/sitio\"]}]}<\/script>\n<!-- \/ Yoast SEO plugin. -->","yoast_head_json":{"title":"Lanzan Convocatoria para Taller de la Trienal de Chile en Concepci\u00f3n - Nuestro Bio B\u00edo","robots":{"index":"index","follow":"follow","max-snippet":"max-snippet:-1","max-image-preview":"max-image-preview:large","max-video-preview":"max-video-preview:-1"},"canonical":"https:\/\/www.fraczinet.cl\/sitio\/2009\/06\/04\/lanzan-convocatoria-para-taller-de-la-trienal-de-chile-en-concepcion\/","og_locale":"es_ES","og_type":"article","og_title":"Lanzan Convocatoria para Taller de la Trienal de Chile en Concepci\u00f3n - Nuestro Bio B\u00edo","og_description":"Desde el 1 al 16 de junio est\u00e1n abiertas las postulaciones para el taller que abordar\u00e1 el tema de arte en espacio p\u00fablico que realizar\u00e1 la artista y curadora argentina Patricia Hakim. Esta convocatoria se realizar\u00e1 entre el 22 y 25 de junio en la Corporaci\u00f3n Cultural Balmaceda de Arte Joven. El programa es parte [&hellip;]","og_url":"https:\/\/www.fraczinet.cl\/sitio\/2009\/06\/04\/lanzan-convocatoria-para-taller-de-la-trienal-de-chile-en-concepcion\/","og_site_name":"Nuestro Bio B\u00edo","article_published_time":"2009-06-04T02:35:00+00:00","og_image":[{"width":159,"height":79,"url":"https:\/\/www.fraczinet.cl\/sitio\/wp-content\/uploads\/2021\/07\/bannerlogo-1.gif","type":"image\/gif"}],"author":"admin","twitter_card":"summary_large_image","twitter_creator":"@nuestrobiobio","twitter_site":"@nuestrobiobio","twitter_misc":{"Escrito por":"admin","Tiempo de lectura":"6 minutos"},"schema":{"@context":"https:\/\/schema.org","@graph":[{"@type":"Article","@id":"https:\/\/www.fraczinet.cl\/sitio\/2009\/06\/04\/lanzan-convocatoria-para-taller-de-la-trienal-de-chile-en-concepcion\/#article","isPartOf":{"@id":"https:\/\/www.fraczinet.cl\/sitio\/2009\/06\/04\/lanzan-convocatoria-para-taller-de-la-trienal-de-chile-en-concepcion\/"},"author":{"name":"admin","@id":"https:\/\/www.fraczinet.cl\/sitio\/#\/schema\/person\/bc30f98e9cb10ae7e119dbe14bc93784"},"headline":"Lanzan Convocatoria para Taller de la Trienal de Chile en Concepci\u00f3n","datePublished":"2009-06-04T02:35:00+00:00","mainEntityOfPage":{"@id":"https:\/\/www.fraczinet.cl\/sitio\/2009\/06\/04\/lanzan-convocatoria-para-taller-de-la-trienal-de-chile-en-concepcion\/"},"wordCount":1288,"commentCount":0,"publisher":{"@id":"https:\/\/www.fraczinet.cl\/sitio\/#\/schema\/person\/aec8ee4da68df2b9b0eefdad24a0d582"},"articleSection":["Artes Visuales"],"inLanguage":"es","potentialAction":[{"@type":"CommentAction","name":"Comment","target":["https:\/\/www.fraczinet.cl\/sitio\/2009\/06\/04\/lanzan-convocatoria-para-taller-de-la-trienal-de-chile-en-concepcion\/#respond"]}]},{"@type":"WebPage","@id":"https:\/\/www.fraczinet.cl\/sitio\/2009\/06\/04\/lanzan-convocatoria-para-taller-de-la-trienal-de-chile-en-concepcion\/","url":"https:\/\/www.fraczinet.cl\/sitio\/2009\/06\/04\/lanzan-convocatoria-para-taller-de-la-trienal-de-chile-en-concepcion\/","name":"Lanzan Convocatoria para Taller de la Trienal de Chile en Concepci\u00f3n - Nuestro Bio B\u00edo","isPartOf":{"@id":"https:\/\/www.fraczinet.cl\/sitio\/#website"},"datePublished":"2009-06-04T02:35:00+00:00","breadcrumb":{"@id":"https:\/\/www.fraczinet.cl\/sitio\/2009\/06\/04\/lanzan-convocatoria-para-taller-de-la-trienal-de-chile-en-concepcion\/#breadcrumb"},"inLanguage":"es","potentialAction":[{"@type":"ReadAction","target":["https:\/\/www.fraczinet.cl\/sitio\/2009\/06\/04\/lanzan-convocatoria-para-taller-de-la-trienal-de-chile-en-concepcion\/"]}]},{"@type":"BreadcrumbList","@id":"https:\/\/www.fraczinet.cl\/sitio\/2009\/06\/04\/lanzan-convocatoria-para-taller-de-la-trienal-de-chile-en-concepcion\/#breadcrumb","itemListElement":[{"@type":"ListItem","position":1,"name":"Portada","item":"https:\/\/www.fraczinet.cl\/sitio\/"},{"@type":"ListItem","position":2,"name":"Lanzan Convocatoria para Taller de la Trienal de Chile en Concepci\u00f3n"}]},{"@type":"WebSite","@id":"https:\/\/www.fraczinet.cl\/sitio\/#website","url":"https:\/\/www.fraczinet.cl\/sitio\/","name":"Nuestro Bio B\u00edo","description":"Tierra de Encuentros","publisher":{"@id":"https:\/\/www.fraczinet.cl\/sitio\/#\/schema\/person\/aec8ee4da68df2b9b0eefdad24a0d582"},"potentialAction":[{"@type":"SearchAction","target":{"@type":"EntryPoint","urlTemplate":"https:\/\/www.fraczinet.cl\/sitio\/?s={search_term_string}"},"query-input":{"@type":"PropertyValueSpecification","valueRequired":true,"valueName":"search_term_string"}}],"inLanguage":"es"},{"@type":["Person","Organization"],"@id":"https:\/\/www.fraczinet.cl\/sitio\/#\/schema\/person\/aec8ee4da68df2b9b0eefdad24a0d582","name":"Luis Fernando Fraczinet","image":{"@type":"ImageObject","inLanguage":"es","@id":"https:\/\/www.fraczinet.cl\/sitio\/#\/schema\/person\/image\/","url":"https:\/\/www.fraczinet.cl\/sitio\/wp-content\/uploads\/2021\/07\/bannerlogo-1.gif","contentUrl":"https:\/\/www.fraczinet.cl\/sitio\/wp-content\/uploads\/2021\/07\/bannerlogo-1.gif","width":159,"height":79,"caption":"Luis Fernando Fraczinet"},"logo":{"@id":"https:\/\/www.fraczinet.cl\/sitio\/#\/schema\/person\/image\/"},"sameAs":["https:\/\/www.fraczinet.cl\/sitio\/"]},{"@type":"Person","@id":"https:\/\/www.fraczinet.cl\/sitio\/#\/schema\/person\/bc30f98e9cb10ae7e119dbe14bc93784","name":"admin","image":{"@type":"ImageObject","inLanguage":"es","@id":"https:\/\/www.fraczinet.cl\/sitio\/#\/schema\/person\/image\/","url":"https:\/\/secure.gravatar.com\/avatar\/d5ad3cf7ef3b23a2bb5be73be780c86b2fc8545c3ad6b149f3913ff458c00099?s=96&d=mm&r=g","contentUrl":"https:\/\/secure.gravatar.com\/avatar\/d5ad3cf7ef3b23a2bb5be73be780c86b2fc8545c3ad6b149f3913ff458c00099?s=96&d=mm&r=g","caption":"admin"},"sameAs":["https:\/\/www.fraczinet.cl\/sitio"]}]}},"_links":{"self":[{"href":"https:\/\/www.fraczinet.cl\/sitio\/wp-json\/wp\/v2\/posts\/4925","targetHints":{"allow":["GET"]}}],"collection":[{"href":"https:\/\/www.fraczinet.cl\/sitio\/wp-json\/wp\/v2\/posts"}],"about":[{"href":"https:\/\/www.fraczinet.cl\/sitio\/wp-json\/wp\/v2\/types\/post"}],"author":[{"embeddable":true,"href":"https:\/\/www.fraczinet.cl\/sitio\/wp-json\/wp\/v2\/users\/1"}],"replies":[{"embeddable":true,"href":"https:\/\/www.fraczinet.cl\/sitio\/wp-json\/wp\/v2\/comments?post=4925"}],"version-history":[{"count":0,"href":"https:\/\/www.fraczinet.cl\/sitio\/wp-json\/wp\/v2\/posts\/4925\/revisions"}],"wp:attachment":[{"href":"https:\/\/www.fraczinet.cl\/sitio\/wp-json\/wp\/v2\/media?parent=4925"}],"wp:term":[{"taxonomy":"category","embeddable":true,"href":"https:\/\/www.fraczinet.cl\/sitio\/wp-json\/wp\/v2\/categories?post=4925"},{"taxonomy":"post_tag","embeddable":true,"href":"https:\/\/www.fraczinet.cl\/sitio\/wp-json\/wp\/v2\/tags?post=4925"}],"curies":[{"name":"wp","href":"https:\/\/api.w.org\/{rel}","templated":true}]}}