{"id":4940,"date":"2009-05-28T17:55:00","date_gmt":"2009-05-28T17:55:00","guid":{"rendered":"https:\/\/www.fraczinet.cl\/sitio\/2009\/05\/28\/la-historia-del-mercado-de-chillan-plasmada-en-un-libro\/"},"modified":"2009-05-28T17:55:00","modified_gmt":"2009-05-28T17:55:00","slug":"la-historia-del-mercado-de-chillan-plasmada-en-un-libro","status":"publish","type":"post","link":"https:\/\/www.fraczinet.cl\/sitio\/la-historia-del-mercado-de-chillan-plasmada-en-un-libro\/","title":{"rendered":"La Historia del Mercado de Chill\u00e1n plasmada en un libro"},"content":{"rendered":"<div style=\"text-align: justify;\">Premios Nacionales de Literatura e Historia escribieron para este libro, que contiene un acabado relato visual y testimonial de las personas que dieron vida al espacio patrimonial m\u00e1s importante de \u00d1uble: el Mercado de Chill\u00e1n. <\/div>\n<div style=\"text-align: justify;\"><\/div>\n<div style=\"text-align: justify;\">Despu\u00e9s de varios meses de investigaci\u00f3n y recopilaci\u00f3n, el 30 de mayo  ser\u00e1 presentado el Libro \u201cEl Mercado de Chill\u00e1n, Iconograf\u00eda de una Historia\u201d trabajo que re\u00fane abundante material  sobre la historia de este importante espacio patrimonial, en el que se incluyen  textos de Antonio Acevedo Hern\u00e1ndez, Marta Brunet, Volodia Teitelboim, Pablo de Rokha, junto a textos de escritores e historiadores locales tales como Marco Aurelio Reyes, Alejandro Witker, Sergio Hern\u00e1ndez, Juan Gabriel Araya, Ram\u00f3n Riquelme, entre otros.<\/div>\n<div style=\"text-align: justify;\"><\/div>\n<div style=\"text-align: justify;\">Al mismo tiempo el registro  re\u00fane   gran cantidad de  fotograf\u00edas Patrimoniales recogidas en archivos de la ciudad y de Santiago; estas sit\u00faan al Mercado  desde comienzos del siglo XX  hasta nuestros d\u00edas.<\/div>\n<div style=\"text-align: justify;\"><\/div>\n<div style=\"text-align: justify;\">\u201cEste libro viene a compilar parte importante de la memoria de la ciudad, abordando t\u00f3picos patrimoniales, po\u00e9ticos, y referencias visuales de  \u00e1lbumes familiares, archivos y referencias bibliograf\u00edas que al juntarse con las historias de vida de locatarios, hombres y mujeres de nuestra provincia, conforman un documento \u00fanico que viene a representar parte de la historia de este espacio patrimonial de Chill\u00e1n.\u201d, coment\u00f3 Fidel Torres Pedreros, director responsable, quien adem\u00e1s trabaj\u00f3 con Paola Ruz del Canto y  Luis Arias Estrada, en la recopilaci\u00f3n de la informaci\u00f3n que conforma este libro.<\/div>\n<div style=\"text-align: justify;\"><\/div>\n<div style=\"text-align: justify;\">Cabe destacar que las fotograf\u00edas actuales corresponden al trabajo realizado por la fot\u00f3grafa Paola Ruz del Canto, quien capt\u00f3  a hombres y mujeres que d\u00eda a d\u00eda trabajan en los distintos oficios del Mercado, desde la madrugada hasta el atardecer.<\/div>\n<div style=\"text-align: justify;\"><\/div>\n<div style=\"text-align: justify;\">El libro  se compone de cuatro cap\u00edtulos: Historia, Po\u00e9ticas del Mercado, Picadas y Recetas, y  Carteles del Mercado.<\/div>\n<div style=\"text-align: justify;\"><\/div>\n<div style=\"text-align: justify;\">La presentaci\u00f3n de este libro de investigaci\u00f3n, fue elaborada por el Premio Cervantes 2003 Gonzalo Rojas, mientras que el historiador, Premio Nacional de Historia 2006, Gabriel Salazar, fue el encargado de hacer el pr\u00f3logo, que cuenta el contexto hist\u00f3rico que hizo posible el nacimiento de la Feria  de Chill\u00e1n.<\/div>\n<div style=\"text-align: justify;\"><\/div>\n<div style=\"text-align: justify;\">Este proyecto fue apoyado por el Consejo Regional de la Cultura y las Artes, a trav\u00e9s de Fondart, y cont\u00f3 con el respaldo de la Ilustre Municipalidad de Chill\u00e1n y la asociaci\u00f3n gremial de feriantes del Mercado. El lanzamiento, agendado para el s\u00e1bado 30 de mayo, en el mercado techado a las 12 horas, se enmarca en la Celebraci\u00f3n del D\u00eda del Patrimonio.<\/div>\n","protected":false},"excerpt":{"rendered":"<p>Premios Nacionales de Literatura e Historia escribieron para este libro, que contiene un acabado relato visual y testimonial de las personas que dieron vida al espacio patrimonial m\u00e1s importante de \u00d1uble: el Mercado de Chill\u00e1n. Despu\u00e9s de varios meses de investigaci\u00f3n y recopilaci\u00f3n, el 30 de mayo ser\u00e1 presentado el Libro \u201cEl Mercado de Chill\u00e1n, [&hellip;]<\/p>\n","protected":false},"author":1,"featured_media":0,"comment_status":"open","ping_status":"closed","sticky":false,"template":"","format":"standard","meta":{"footnotes":""},"categories":[31,10,70],"tags":[],"class_list":["post-4940","post","type-post","status-publish","format-standard","hentry","category-chillan","category-historia","category-libros"],"yoast_head":"<!-- This site is optimized with the Yoast SEO plugin v28.2 - https:\/\/yoast.com\/product\/yoast-seo-wordpress\/ -->\n<title>La Historia del Mercado de Chill\u00e1n plasmada en un libro - Nuestro Bio B\u00edo<\/title>\n<meta name=\"robots\" content=\"index, follow, max-snippet:-1, max-image-preview:large, max-video-preview:-1\" \/>\n<link rel=\"canonical\" href=\"https:\/\/www.fraczinet.cl\/sitio\/la-historia-del-mercado-de-chillan-plasmada-en-un-libro\/\" \/>\n<meta property=\"og:locale\" content=\"es_ES\" \/>\n<meta property=\"og:type\" content=\"article\" \/>\n<meta property=\"og:title\" content=\"La Historia del Mercado de Chill\u00e1n plasmada en un libro - Nuestro Bio B\u00edo\" \/>\n<meta property=\"og:description\" content=\"Premios Nacionales de Literatura e Historia escribieron para este libro, que contiene un acabado relato visual y testimonial de las personas que dieron vida al espacio patrimonial m\u00e1s importante de \u00d1uble: el Mercado de Chill\u00e1n. Despu\u00e9s de varios meses de investigaci\u00f3n y recopilaci\u00f3n, el 30 de mayo ser\u00e1 presentado el Libro \u201cEl Mercado de Chill\u00e1n, [&hellip;]\" \/>\n<meta property=\"og:url\" content=\"https:\/\/www.fraczinet.cl\/sitio\/la-historia-del-mercado-de-chillan-plasmada-en-un-libro\/\" \/>\n<meta property=\"og:site_name\" content=\"Nuestro Bio B\u00edo\" \/>\n<meta property=\"article:publisher\" content=\"https:\/\/www.facebook.com\/groups\/15721414452\/\" \/>\n<meta property=\"article:published_time\" content=\"2009-05-28T17:55:00+00:00\" \/>\n<meta property=\"og:image\" content=\"https:\/\/www.fraczinet.cl\/sitio\/wp-content\/uploads\/2021\/07\/bannerlogo-1.gif\" \/>\n\t<meta property=\"og:image:width\" content=\"159\" \/>\n\t<meta property=\"og:image:height\" content=\"79\" \/>\n\t<meta property=\"og:image:type\" content=\"image\/gif\" \/>\n<meta name=\"twitter:card\" content=\"summary_large_image\" \/>\n<meta name=\"twitter:creator\" content=\"@nuestrobiobio\" \/>\n<meta name=\"twitter:site\" content=\"@nuestrobiobio\" \/>\n<meta name=\"twitter:label1\" content=\"Escrito por\" \/>\n\t<meta name=\"twitter:data1\" content=\"\" \/>\n\t<meta name=\"twitter:label2\" content=\"Tiempo de lectura\" \/>\n\t<meta name=\"twitter:data2\" content=\"2 minutos\" \/>\n<script type=\"application\/ld+json\" class=\"yoast-schema-graph\">{\"@context\":\"https:\\\/\\\/schema.org\",\"@graph\":[{\"@type\":\"Article\",\"@id\":\"https:\\\/\\\/www.fraczinet.cl\\\/sitio\\\/la-historia-del-mercado-de-chillan-plasmada-en-un-libro\\\/#article\",\"isPartOf\":{\"@id\":\"https:\\\/\\\/www.fraczinet.cl\\\/sitio\\\/la-historia-del-mercado-de-chillan-plasmada-en-un-libro\\\/\"},\"author\":{\"name\":\"\",\"@id\":\"\"},\"headline\":\"La Historia del Mercado de Chill\u00e1n plasmada en un libro\",\"datePublished\":\"2009-05-28T17:55:00+00:00\",\"mainEntityOfPage\":{\"@id\":\"https:\\\/\\\/www.fraczinet.cl\\\/sitio\\\/la-historia-del-mercado-de-chillan-plasmada-en-un-libro\\\/\"},\"wordCount\":449,\"commentCount\":0,\"articleSection\":[\"Chill\u00e1n\",\"Historia\",\"Libros\"],\"inLanguage\":\"es\",\"potentialAction\":[{\"@type\":\"CommentAction\",\"name\":\"Comment\",\"target\":[\"https:\\\/\\\/www.fraczinet.cl\\\/sitio\\\/la-historia-del-mercado-de-chillan-plasmada-en-un-libro\\\/#respond\"]}]},{\"@type\":\"WebPage\",\"@id\":\"https:\\\/\\\/www.fraczinet.cl\\\/sitio\\\/la-historia-del-mercado-de-chillan-plasmada-en-un-libro\\\/\",\"url\":\"https:\\\/\\\/www.fraczinet.cl\\\/sitio\\\/la-historia-del-mercado-de-chillan-plasmada-en-un-libro\\\/\",\"name\":\"La Historia del Mercado de Chill\u00e1n plasmada en un libro - Nuestro Bio B\u00edo\",\"isPartOf\":{\"@id\":\"https:\\\/\\\/www.fraczinet.cl\\\/sitio\\\/#website\"},\"datePublished\":\"2009-05-28T17:55:00+00:00\",\"author\":{\"@id\":\"\"},\"breadcrumb\":{\"@id\":\"https:\\\/\\\/www.fraczinet.cl\\\/sitio\\\/la-historia-del-mercado-de-chillan-plasmada-en-un-libro\\\/#breadcrumb\"},\"inLanguage\":\"es\",\"potentialAction\":[{\"@type\":\"ReadAction\",\"target\":[\"https:\\\/\\\/www.fraczinet.cl\\\/sitio\\\/la-historia-del-mercado-de-chillan-plasmada-en-un-libro\\\/\"]}]},{\"@type\":\"BreadcrumbList\",\"@id\":\"https:\\\/\\\/www.fraczinet.cl\\\/sitio\\\/la-historia-del-mercado-de-chillan-plasmada-en-un-libro\\\/#breadcrumb\",\"itemListElement\":[{\"@type\":\"ListItem\",\"position\":1,\"name\":\"Portada\",\"item\":\"https:\\\/\\\/www.fraczinet.cl\\\/sitio\\\/\"},{\"@type\":\"ListItem\",\"position\":2,\"name\":\"La Historia del Mercado de Chill\u00e1n plasmada en un libro\"}]},{\"@type\":\"WebSite\",\"@id\":\"https:\\\/\\\/www.fraczinet.cl\\\/sitio\\\/#website\",\"url\":\"https:\\\/\\\/www.fraczinet.cl\\\/sitio\\\/\",\"name\":\"Nuestro Bio B\u00edo\",\"description\":\"Tierra de Encuentros\",\"potentialAction\":[{\"@type\":\"SearchAction\",\"target\":{\"@type\":\"EntryPoint\",\"urlTemplate\":\"https:\\\/\\\/www.fraczinet.cl\\\/sitio\\\/?s={search_term_string}\"},\"query-input\":{\"@type\":\"PropertyValueSpecification\",\"valueRequired\":true,\"valueName\":\"search_term_string\"}}],\"inLanguage\":\"es\"},{\"@type\":\"Person\",\"@id\":\"\"}]}<\/script>\n<!-- \/ Yoast SEO plugin. -->","yoast_head_json":{"title":"La Historia del Mercado de Chill\u00e1n plasmada en un libro - Nuestro Bio B\u00edo","robots":{"index":"index","follow":"follow","max-snippet":"max-snippet:-1","max-image-preview":"max-image-preview:large","max-video-preview":"max-video-preview:-1"},"canonical":"https:\/\/www.fraczinet.cl\/sitio\/la-historia-del-mercado-de-chillan-plasmada-en-un-libro\/","og_locale":"es_ES","og_type":"article","og_title":"La Historia del Mercado de Chill\u00e1n plasmada en un libro - Nuestro Bio B\u00edo","og_description":"Premios Nacionales de Literatura e Historia escribieron para este libro, que contiene un acabado relato visual y testimonial de las personas que dieron vida al espacio patrimonial m\u00e1s importante de \u00d1uble: el Mercado de Chill\u00e1n. Despu\u00e9s de varios meses de investigaci\u00f3n y recopilaci\u00f3n, el 30 de mayo ser\u00e1 presentado el Libro \u201cEl Mercado de Chill\u00e1n, [&hellip;]","og_url":"https:\/\/www.fraczinet.cl\/sitio\/la-historia-del-mercado-de-chillan-plasmada-en-un-libro\/","og_site_name":"Nuestro Bio B\u00edo","article_publisher":"https:\/\/www.facebook.com\/groups\/15721414452\/","article_published_time":"2009-05-28T17:55:00+00:00","og_image":[{"width":159,"height":79,"url":"https:\/\/www.fraczinet.cl\/sitio\/wp-content\/uploads\/2021\/07\/bannerlogo-1.gif","type":"image\/gif"}],"twitter_card":"summary_large_image","twitter_creator":"@nuestrobiobio","twitter_site":"@nuestrobiobio","twitter_misc":{"Escrito por":"","Tiempo de lectura":"2 minutos"},"schema":{"@context":"https:\/\/schema.org","@graph":[{"@type":"Article","@id":"https:\/\/www.fraczinet.cl\/sitio\/la-historia-del-mercado-de-chillan-plasmada-en-un-libro\/#article","isPartOf":{"@id":"https:\/\/www.fraczinet.cl\/sitio\/la-historia-del-mercado-de-chillan-plasmada-en-un-libro\/"},"author":{"name":"","@id":""},"headline":"La Historia del Mercado de Chill\u00e1n plasmada en un libro","datePublished":"2009-05-28T17:55:00+00:00","mainEntityOfPage":{"@id":"https:\/\/www.fraczinet.cl\/sitio\/la-historia-del-mercado-de-chillan-plasmada-en-un-libro\/"},"wordCount":449,"commentCount":0,"articleSection":["Chill\u00e1n","Historia","Libros"],"inLanguage":"es","potentialAction":[{"@type":"CommentAction","name":"Comment","target":["https:\/\/www.fraczinet.cl\/sitio\/la-historia-del-mercado-de-chillan-plasmada-en-un-libro\/#respond"]}]},{"@type":"WebPage","@id":"https:\/\/www.fraczinet.cl\/sitio\/la-historia-del-mercado-de-chillan-plasmada-en-un-libro\/","url":"https:\/\/www.fraczinet.cl\/sitio\/la-historia-del-mercado-de-chillan-plasmada-en-un-libro\/","name":"La Historia del Mercado de Chill\u00e1n plasmada en un libro - Nuestro Bio B\u00edo","isPartOf":{"@id":"https:\/\/www.fraczinet.cl\/sitio\/#website"},"datePublished":"2009-05-28T17:55:00+00:00","author":{"@id":""},"breadcrumb":{"@id":"https:\/\/www.fraczinet.cl\/sitio\/la-historia-del-mercado-de-chillan-plasmada-en-un-libro\/#breadcrumb"},"inLanguage":"es","potentialAction":[{"@type":"ReadAction","target":["https:\/\/www.fraczinet.cl\/sitio\/la-historia-del-mercado-de-chillan-plasmada-en-un-libro\/"]}]},{"@type":"BreadcrumbList","@id":"https:\/\/www.fraczinet.cl\/sitio\/la-historia-del-mercado-de-chillan-plasmada-en-un-libro\/#breadcrumb","itemListElement":[{"@type":"ListItem","position":1,"name":"Portada","item":"https:\/\/www.fraczinet.cl\/sitio\/"},{"@type":"ListItem","position":2,"name":"La Historia del Mercado de Chill\u00e1n plasmada en un libro"}]},{"@type":"WebSite","@id":"https:\/\/www.fraczinet.cl\/sitio\/#website","url":"https:\/\/www.fraczinet.cl\/sitio\/","name":"Nuestro Bio B\u00edo","description":"Tierra de Encuentros","potentialAction":[{"@type":"SearchAction","target":{"@type":"EntryPoint","urlTemplate":"https:\/\/www.fraczinet.cl\/sitio\/?s={search_term_string}"},"query-input":{"@type":"PropertyValueSpecification","valueRequired":true,"valueName":"search_term_string"}}],"inLanguage":"es"},{"@type":"Person","@id":""}]}},"_links":{"self":[{"href":"https:\/\/www.fraczinet.cl\/sitio\/wp-json\/wp\/v2\/posts\/4940","targetHints":{"allow":["GET"]}}],"collection":[{"href":"https:\/\/www.fraczinet.cl\/sitio\/wp-json\/wp\/v2\/posts"}],"about":[{"href":"https:\/\/www.fraczinet.cl\/sitio\/wp-json\/wp\/v2\/types\/post"}],"author":[{"embeddable":true,"href":"https:\/\/www.fraczinet.cl\/sitio\/wp-json\/wp\/v2\/users\/1"}],"replies":[{"embeddable":true,"href":"https:\/\/www.fraczinet.cl\/sitio\/wp-json\/wp\/v2\/comments?post=4940"}],"version-history":[{"count":0,"href":"https:\/\/www.fraczinet.cl\/sitio\/wp-json\/wp\/v2\/posts\/4940\/revisions"}],"wp:attachment":[{"href":"https:\/\/www.fraczinet.cl\/sitio\/wp-json\/wp\/v2\/media?parent=4940"}],"wp:term":[{"taxonomy":"category","embeddable":true,"href":"https:\/\/www.fraczinet.cl\/sitio\/wp-json\/wp\/v2\/categories?post=4940"},{"taxonomy":"post_tag","embeddable":true,"href":"https:\/\/www.fraczinet.cl\/sitio\/wp-json\/wp\/v2\/tags?post=4940"}],"curies":[{"name":"wp","href":"https:\/\/api.w.org\/{rel}","templated":true}]}}