{"id":4948,"date":"2009-05-26T11:53:00","date_gmt":"2009-05-26T11:53:00","guid":{"rendered":"https:\/\/www.fraczinet.cl\/sitio\/2009\/05\/26\/poema-de-alejandro-ananias-saavedra-concepcion\/"},"modified":"2021-09-30T12:42:45","modified_gmt":"2021-09-30T12:42:45","slug":"poema-de-alejandro-ananias-saavedra-concepcion","status":"publish","type":"post","link":"https:\/\/www.fraczinet.cl\/sitio\/2009\/05\/26\/poema-de-alejandro-ananias-saavedra-concepcion\/","title":{"rendered":"Poema de Alejandro Anan\u00edas Saavedra &#8211; Concepci\u00f3n"},"content":{"rendered":"<div style=\"text-align: justify;\">Diferencia<\/div>\n<div style=\"text-align: justify;\"><\/div>\n<div style=\"text-align: justify;\">Ella observa los atardeceres dichosa<\/div>\n<div style=\"text-align: justify;\">Yo miro curioso las cantinas vac\u00edas<\/div>\n<div style=\"text-align: justify;\">Ella abraza el amor cari\u00f1oso<\/div>\n<div style=\"text-align: justify;\">Yo busco ternura en el cementerio<\/div>\n<div style=\"text-align: justify;\">Ella grita de espanto al verse sola<\/div>\n<div style=\"text-align: justify;\">La soledad es para m\u00ed una aliada<\/div>\n<div style=\"text-align: justify;\">La muerte para ella es un ritual<\/div>\n<div style=\"text-align: justify;\">a cargo de sacerdotes<\/div>\n<div style=\"text-align: justify;\">para m\u00ed es una herramienta de trabajo<\/div>\n<div style=\"text-align: justify;\"><\/div>\n<div style=\"text-align: justify;\">En lo que si coincidimos es que<\/div>\n<div style=\"text-align: justify;\">a ambos nos encanta la Coca Light<\/div>\n<div style=\"text-align: justify;\"><\/div>\n<div style=\"text-align: justify;\"><\/div>\n<div style=\"text-align: justify;\">NOTA BIO-BIBLIOGRAFICA<\/div>\n<div style=\"text-align: justify;\"><\/div>\n<div style=\"text-align: justify;\">Alejandro Anan\u00edas Saavedra nace en Concepci\u00f3n el 6 de febrero de 1962.<\/div>\n<div style=\"text-align: justify;\">Ingresa a la carrera de Ingenier\u00eda civil Qu\u00edmica en la Universidad de Concepci\u00f3n, obteniendo el titulo en 1986.-<\/div>\n<div style=\"text-align: justify;\"><\/div>\n<div style=\"text-align: justify;\">En 1990 obtiene un diplomado en Administraci\u00f3n y Finanzas en la misma casa de estudios. Hacia el 2002, ingresa a la carrera de Sociolog\u00eda, estudios que mantiene congelados al d\u00eda de hoy.<\/div>\n<div style=\"text-align: justify;\"><\/div>\n<div style=\"text-align: justify;\">Ha editado un libro en forma independiente: \u201cLinternas del d\u00eda\u201c con ediciones Escaparate, su segunda obra, \u201cCl\u00ednicamente Probado\u201d, editada por Mosquito Comunicaciones.<\/div>\n<div style=\"text-align: justify;\"><\/div>\n<div style=\"text-align: justify;\"><\/div>\n<div style=\"text-align: justify;\">COMENTARIO LITERARIO<\/div>\n<div style=\"text-align: justify;\"><\/div>\n<div style=\"text-align: justify;\">Si damos por entendido que se llama literatura al conjunto de obras creativas (orales o escritas) que nos ponen en contacto con los hechos realizados por los seres humanos as\u00ed como con el esp\u00edritu humano, con la complejidad de su psicolog\u00eda y de su vida, sabemos que a trav\u00e9s de la literatura podemos llegar a conocer mejor a las personas y a los pueblos, acerc\u00e1ndonos m\u00e1s a nuestro mundo. Es de esta forma que nos acercamos al poeta Alejandro Anan\u00edas, en sus versos coloquiales y descriptivos del paisaje en su exterioridad e interioridad, apunta por cierto (as\u00ed lo comprende el lector), a reflejar el universo m\u00e1s representativo de nuestra \u00e9poca, el de la soledad y la incomunicaci\u00f3n en la pareja humana. Hay un don innegable en quienes practicamos la escritura como una herramienta sanadora y liberadora de los demonios que nos asaltan ante la brutalidad de los acontecimientos cotidianos: desamor, hast\u00edo y desencuentro o como la expresi\u00f3n de las \u00e1lgidas aguas del conocimiento interior adquirido por el pu\u00f1o de las sombras, quiz\u00e1s, conocimiento otorgado por la mano invisible del Dios Supremo para cumplir un destino que muchas veces no es deseado. Alejandro lo asume y lo registra.<\/div>\n<div style=\"text-align: justify;\"><\/div>\n<div style=\"text-align: justify;\">En sus versos \u201cella abraza el amor cari\u00f1oso \/ yo busco la ternura en el cementerio\/, registra la diferencia con la m\u00e1s honda e inflexible convicci\u00f3n, porque el hablante nos dice: \u201cella busca la vida\u201d en tanto observamos, \u00e9l es atra\u00eddo por la muerte (extinci\u00f3n), palabra com\u00fanmente asociada a destrucci\u00f3n o des\u00e1nimo o desencanto conforme sea la visi\u00f3n del receptor(a). \u00bfQu\u00e9 puede ser m\u00e1s feroz que la soledad interior que caracteriza al poeta, herido por la realidad que se nos revela? Es aquella la que como un aguij\u00f3n levanta indefectible la intensa o profunda certeza de buscar la palabra como la balsa que nos salve del naufragio y debe ser de esta forma porque es infructuosa la b\u00fasqueda en otros elementos que se nos dan con facilidad en el entorno social. El poeta desarrolla el poema con una simplicidad pura, verdadera, y en humildad expresa el valor po\u00e9tico, exento de mancha, oscuridad o sombras. Sinceridad enunciada cuando nos dice: \u201cla soledad es para m\u00ed una aliada\u201d.<\/div>\n<div style=\"text-align: justify;\"><\/div>\n<div style=\"text-align: justify;\">\u00bfQu\u00e9 poeta no busca y rechaza la soledad como una contradicci\u00f3n trascendental enraizada en las v\u00e9rtebras del sino po\u00e9tico? Alejandro plantea la soledad como una necesidad y esta soledad a la vez queda manifiesta como una incomunicaci\u00f3n insoportable que es liberada por el poder misterioso del verso. Anan\u00edas trabaja con la muerte \u201cpara m\u00ed es una herramienta de trabajo\u201d, asociada a la incomunicaci\u00f3n, la busca, la confronta, interpela y desahucia con extremo desencanto. \u201cEn lo que coincidimos es que\/a ambos nos encanta la Coca Light\u201d. El hablante encuentra el extremo de la balsa salvadora, el punto de convergencia de su interioridad con la exterioridad (ella, la otra). Y de esta manera logra que el poema sea recepcionado por el lector con un dejo de consolaci\u00f3n. La poes\u00eda como expresa Octavio Paz, \u201ces de soledad y comuni\u00f3n\u201d \/ \u201casusta una soledad y aleja una tristeza\u201d y Alejandro movi\u00e9ndose en el tono o modulaci\u00f3n de los poetas chilenos, Parra y Bertoni (no es inadvertido el sutil golpe de iron\u00eda), lo deja en evidencia en este poema sin \u00abdejarnos\u00bb indiferentes. Diferencia e indiferencia, paradoja ineludible en esta aventura llamada creaci\u00f3n po\u00e9tica.<\/div>\n<div style=\"text-align: justify;\"><\/div>\n<div style=\"text-align: justify;\"><\/div>\n<div style=\"text-align: justify;\">Ingrid Odgers Toloza<\/div>\n<div style=\"text-align: justify;\">Escritora, poeta y narradora<\/div>\n<div style=\"text-align: justify;\"><\/div>\n<div style=\"text-align: justify;\"><a href=\"http:\/\/escritoraconcepcion.googlepages.com\/\">http:\/\/escritoraconcepcion.googlepages.com<\/a><\/div>\n<div style=\"text-align: justify;\"><a href=\"http:\/\/ingridodgerstoloza.blogspot.com\/\">http:\/\/ingridodgerstoloza.blogspot.com<\/a><\/div>\n<div style=\"text-align: justify;\"><a href=\"http:\/\/programamundodepoesia.blogspot.com\/\">http:\/\/programamundodepoesia.blogspot.com<\/a><\/div>\n<div style=\"text-align: justify;\"><a href=\"http:\/\/revistalasilla.blogspot.com\/\">http:\/\/revistalasilla.blogspot.com<\/a><\/div>\n<div style=\"text-align: justify;\"><a href=\"http:\/\/biobiogestioncultural.blogspot.com\/\">http:\/\/biobiogestioncultural.blogspot.com<\/a><\/div>\n","protected":false},"excerpt":{"rendered":"<p>Diferencia Ella observa los atardeceres dichosa Yo miro curioso las cantinas vac\u00edas Ella abraza el amor cari\u00f1oso Yo busco ternura en el cementerio Ella grita de espanto al verse sola La soledad es para m\u00ed una aliada La muerte para ella es un ritual a cargo de sacerdotes para m\u00ed es una herramienta de trabajo [&hellip;]<\/p>\n","protected":false},"author":1,"featured_media":0,"comment_status":"open","ping_status":"open","sticky":false,"template":"","format":"standard","meta":{"footnotes":""},"categories":[236,30,112,67],"tags":[],"class_list":["post-4948","post","type-post","status-publish","format-standard","hentry","category-alejandro-ananias","category-creadores","category-opinion","category-poesia"],"yoast_head":"<!-- This site is optimized with the Yoast SEO plugin v25.0 - https:\/\/yoast.com\/wordpress\/plugins\/seo\/ -->\n<title>Poema de Alejandro Anan\u00edas Saavedra - Concepci\u00f3n - Nuestro Bio B\u00edo<\/title>\n<meta name=\"robots\" content=\"index, follow, max-snippet:-1, max-image-preview:large, max-video-preview:-1\" \/>\n<link rel=\"canonical\" href=\"https:\/\/www.fraczinet.cl\/sitio\/2009\/05\/26\/poema-de-alejandro-ananias-saavedra-concepcion\/\" \/>\n<meta property=\"og:locale\" content=\"es_ES\" \/>\n<meta property=\"og:type\" content=\"article\" \/>\n<meta property=\"og:title\" content=\"Poema de Alejandro Anan\u00edas Saavedra - Concepci\u00f3n - Nuestro Bio B\u00edo\" \/>\n<meta property=\"og:description\" content=\"Diferencia Ella observa los atardeceres dichosa Yo miro curioso las cantinas vac\u00edas Ella abraza el amor cari\u00f1oso Yo busco ternura en el cementerio Ella grita de espanto al verse sola La soledad es para m\u00ed una aliada La muerte para ella es un ritual a cargo de sacerdotes para m\u00ed es una herramienta de trabajo [&hellip;]\" \/>\n<meta property=\"og:url\" content=\"https:\/\/www.fraczinet.cl\/sitio\/2009\/05\/26\/poema-de-alejandro-ananias-saavedra-concepcion\/\" \/>\n<meta property=\"og:site_name\" content=\"Nuestro Bio B\u00edo\" \/>\n<meta property=\"article:published_time\" content=\"2009-05-26T11:53:00+00:00\" \/>\n<meta property=\"article:modified_time\" content=\"2021-09-30T12:42:45+00:00\" \/>\n<meta property=\"og:image\" content=\"https:\/\/www.fraczinet.cl\/sitio\/wp-content\/uploads\/2021\/07\/bannerlogo-1.gif\" \/>\n\t<meta property=\"og:image:width\" content=\"159\" \/>\n\t<meta property=\"og:image:height\" content=\"79\" \/>\n\t<meta property=\"og:image:type\" content=\"image\/gif\" \/>\n<meta name=\"author\" content=\"admin\" \/>\n<meta name=\"twitter:card\" content=\"summary_large_image\" \/>\n<meta name=\"twitter:creator\" content=\"@nuestrobiobio\" \/>\n<meta name=\"twitter:site\" content=\"@nuestrobiobio\" \/>\n<meta name=\"twitter:label1\" content=\"Escrito por\" \/>\n\t<meta name=\"twitter:data1\" content=\"admin\" \/>\n\t<meta name=\"twitter:label2\" content=\"Tiempo de lectura\" \/>\n\t<meta name=\"twitter:data2\" content=\"4 minutos\" \/>\n<script type=\"application\/ld+json\" class=\"yoast-schema-graph\">{\"@context\":\"https:\/\/schema.org\",\"@graph\":[{\"@type\":\"Article\",\"@id\":\"https:\/\/www.fraczinet.cl\/sitio\/2009\/05\/26\/poema-de-alejandro-ananias-saavedra-concepcion\/#article\",\"isPartOf\":{\"@id\":\"https:\/\/www.fraczinet.cl\/sitio\/2009\/05\/26\/poema-de-alejandro-ananias-saavedra-concepcion\/\"},\"author\":{\"name\":\"admin\",\"@id\":\"https:\/\/www.fraczinet.cl\/sitio\/#\/schema\/person\/bc30f98e9cb10ae7e119dbe14bc93784\"},\"headline\":\"Poema de Alejandro Anan\u00edas Saavedra &#8211; Concepci\u00f3n\",\"datePublished\":\"2009-05-26T11:53:00+00:00\",\"dateModified\":\"2021-09-30T12:42:45+00:00\",\"mainEntityOfPage\":{\"@id\":\"https:\/\/www.fraczinet.cl\/sitio\/2009\/05\/26\/poema-de-alejandro-ananias-saavedra-concepcion\/\"},\"wordCount\":791,\"commentCount\":0,\"publisher\":{\"@id\":\"https:\/\/www.fraczinet.cl\/sitio\/#\/schema\/person\/aec8ee4da68df2b9b0eefdad24a0d582\"},\"articleSection\":[\"Alejandro Anan\u00edas\",\"Creadores\",\"Opini\u00f3n\",\"Poes\u00eda\"],\"inLanguage\":\"es\",\"potentialAction\":[{\"@type\":\"CommentAction\",\"name\":\"Comment\",\"target\":[\"https:\/\/www.fraczinet.cl\/sitio\/2009\/05\/26\/poema-de-alejandro-ananias-saavedra-concepcion\/#respond\"]}]},{\"@type\":\"WebPage\",\"@id\":\"https:\/\/www.fraczinet.cl\/sitio\/2009\/05\/26\/poema-de-alejandro-ananias-saavedra-concepcion\/\",\"url\":\"https:\/\/www.fraczinet.cl\/sitio\/2009\/05\/26\/poema-de-alejandro-ananias-saavedra-concepcion\/\",\"name\":\"Poema de Alejandro Anan\u00edas Saavedra - Concepci\u00f3n - Nuestro Bio B\u00edo\",\"isPartOf\":{\"@id\":\"https:\/\/www.fraczinet.cl\/sitio\/#website\"},\"datePublished\":\"2009-05-26T11:53:00+00:00\",\"dateModified\":\"2021-09-30T12:42:45+00:00\",\"breadcrumb\":{\"@id\":\"https:\/\/www.fraczinet.cl\/sitio\/2009\/05\/26\/poema-de-alejandro-ananias-saavedra-concepcion\/#breadcrumb\"},\"inLanguage\":\"es\",\"potentialAction\":[{\"@type\":\"ReadAction\",\"target\":[\"https:\/\/www.fraczinet.cl\/sitio\/2009\/05\/26\/poema-de-alejandro-ananias-saavedra-concepcion\/\"]}]},{\"@type\":\"BreadcrumbList\",\"@id\":\"https:\/\/www.fraczinet.cl\/sitio\/2009\/05\/26\/poema-de-alejandro-ananias-saavedra-concepcion\/#breadcrumb\",\"itemListElement\":[{\"@type\":\"ListItem\",\"position\":1,\"name\":\"Portada\",\"item\":\"https:\/\/www.fraczinet.cl\/sitio\/\"},{\"@type\":\"ListItem\",\"position\":2,\"name\":\"Poema de Alejandro Anan\u00edas Saavedra &#8211; Concepci\u00f3n\"}]},{\"@type\":\"WebSite\",\"@id\":\"https:\/\/www.fraczinet.cl\/sitio\/#website\",\"url\":\"https:\/\/www.fraczinet.cl\/sitio\/\",\"name\":\"Nuestro Bio B\u00edo\",\"description\":\"Tierra de Encuentros\",\"publisher\":{\"@id\":\"https:\/\/www.fraczinet.cl\/sitio\/#\/schema\/person\/aec8ee4da68df2b9b0eefdad24a0d582\"},\"potentialAction\":[{\"@type\":\"SearchAction\",\"target\":{\"@type\":\"EntryPoint\",\"urlTemplate\":\"https:\/\/www.fraczinet.cl\/sitio\/?s={search_term_string}\"},\"query-input\":{\"@type\":\"PropertyValueSpecification\",\"valueRequired\":true,\"valueName\":\"search_term_string\"}}],\"inLanguage\":\"es\"},{\"@type\":[\"Person\",\"Organization\"],\"@id\":\"https:\/\/www.fraczinet.cl\/sitio\/#\/schema\/person\/aec8ee4da68df2b9b0eefdad24a0d582\",\"name\":\"Luis Fernando Fraczinet\",\"image\":{\"@type\":\"ImageObject\",\"inLanguage\":\"es\",\"@id\":\"https:\/\/www.fraczinet.cl\/sitio\/#\/schema\/person\/image\/\",\"url\":\"https:\/\/www.fraczinet.cl\/sitio\/wp-content\/uploads\/2021\/07\/bannerlogo-1.gif\",\"contentUrl\":\"https:\/\/www.fraczinet.cl\/sitio\/wp-content\/uploads\/2021\/07\/bannerlogo-1.gif\",\"width\":159,\"height\":79,\"caption\":\"Luis Fernando Fraczinet\"},\"logo\":{\"@id\":\"https:\/\/www.fraczinet.cl\/sitio\/#\/schema\/person\/image\/\"},\"sameAs\":[\"https:\/\/www.fraczinet.cl\/sitio\/\"]},{\"@type\":\"Person\",\"@id\":\"https:\/\/www.fraczinet.cl\/sitio\/#\/schema\/person\/bc30f98e9cb10ae7e119dbe14bc93784\",\"name\":\"admin\",\"image\":{\"@type\":\"ImageObject\",\"inLanguage\":\"es\",\"@id\":\"https:\/\/www.fraczinet.cl\/sitio\/#\/schema\/person\/image\/\",\"url\":\"https:\/\/secure.gravatar.com\/avatar\/d5ad3cf7ef3b23a2bb5be73be780c86b2fc8545c3ad6b149f3913ff458c00099?s=96&d=mm&r=g\",\"contentUrl\":\"https:\/\/secure.gravatar.com\/avatar\/d5ad3cf7ef3b23a2bb5be73be780c86b2fc8545c3ad6b149f3913ff458c00099?s=96&d=mm&r=g\",\"caption\":\"admin\"},\"sameAs\":[\"https:\/\/www.fraczinet.cl\/sitio\"]}]}<\/script>\n<!-- \/ Yoast SEO plugin. -->","yoast_head_json":{"title":"Poema de Alejandro Anan\u00edas Saavedra - Concepci\u00f3n - Nuestro Bio B\u00edo","robots":{"index":"index","follow":"follow","max-snippet":"max-snippet:-1","max-image-preview":"max-image-preview:large","max-video-preview":"max-video-preview:-1"},"canonical":"https:\/\/www.fraczinet.cl\/sitio\/2009\/05\/26\/poema-de-alejandro-ananias-saavedra-concepcion\/","og_locale":"es_ES","og_type":"article","og_title":"Poema de Alejandro Anan\u00edas Saavedra - Concepci\u00f3n - Nuestro Bio B\u00edo","og_description":"Diferencia Ella observa los atardeceres dichosa Yo miro curioso las cantinas vac\u00edas Ella abraza el amor cari\u00f1oso Yo busco ternura en el cementerio Ella grita de espanto al verse sola La soledad es para m\u00ed una aliada La muerte para ella es un ritual a cargo de sacerdotes para m\u00ed es una herramienta de trabajo [&hellip;]","og_url":"https:\/\/www.fraczinet.cl\/sitio\/2009\/05\/26\/poema-de-alejandro-ananias-saavedra-concepcion\/","og_site_name":"Nuestro Bio B\u00edo","article_published_time":"2009-05-26T11:53:00+00:00","article_modified_time":"2021-09-30T12:42:45+00:00","og_image":[{"width":159,"height":79,"url":"https:\/\/www.fraczinet.cl\/sitio\/wp-content\/uploads\/2021\/07\/bannerlogo-1.gif","type":"image\/gif"}],"author":"admin","twitter_card":"summary_large_image","twitter_creator":"@nuestrobiobio","twitter_site":"@nuestrobiobio","twitter_misc":{"Escrito por":"admin","Tiempo de lectura":"4 minutos"},"schema":{"@context":"https:\/\/schema.org","@graph":[{"@type":"Article","@id":"https:\/\/www.fraczinet.cl\/sitio\/2009\/05\/26\/poema-de-alejandro-ananias-saavedra-concepcion\/#article","isPartOf":{"@id":"https:\/\/www.fraczinet.cl\/sitio\/2009\/05\/26\/poema-de-alejandro-ananias-saavedra-concepcion\/"},"author":{"name":"admin","@id":"https:\/\/www.fraczinet.cl\/sitio\/#\/schema\/person\/bc30f98e9cb10ae7e119dbe14bc93784"},"headline":"Poema de Alejandro Anan\u00edas Saavedra &#8211; Concepci\u00f3n","datePublished":"2009-05-26T11:53:00+00:00","dateModified":"2021-09-30T12:42:45+00:00","mainEntityOfPage":{"@id":"https:\/\/www.fraczinet.cl\/sitio\/2009\/05\/26\/poema-de-alejandro-ananias-saavedra-concepcion\/"},"wordCount":791,"commentCount":0,"publisher":{"@id":"https:\/\/www.fraczinet.cl\/sitio\/#\/schema\/person\/aec8ee4da68df2b9b0eefdad24a0d582"},"articleSection":["Alejandro Anan\u00edas","Creadores","Opini\u00f3n","Poes\u00eda"],"inLanguage":"es","potentialAction":[{"@type":"CommentAction","name":"Comment","target":["https:\/\/www.fraczinet.cl\/sitio\/2009\/05\/26\/poema-de-alejandro-ananias-saavedra-concepcion\/#respond"]}]},{"@type":"WebPage","@id":"https:\/\/www.fraczinet.cl\/sitio\/2009\/05\/26\/poema-de-alejandro-ananias-saavedra-concepcion\/","url":"https:\/\/www.fraczinet.cl\/sitio\/2009\/05\/26\/poema-de-alejandro-ananias-saavedra-concepcion\/","name":"Poema de Alejandro Anan\u00edas Saavedra - Concepci\u00f3n - Nuestro Bio B\u00edo","isPartOf":{"@id":"https:\/\/www.fraczinet.cl\/sitio\/#website"},"datePublished":"2009-05-26T11:53:00+00:00","dateModified":"2021-09-30T12:42:45+00:00","breadcrumb":{"@id":"https:\/\/www.fraczinet.cl\/sitio\/2009\/05\/26\/poema-de-alejandro-ananias-saavedra-concepcion\/#breadcrumb"},"inLanguage":"es","potentialAction":[{"@type":"ReadAction","target":["https:\/\/www.fraczinet.cl\/sitio\/2009\/05\/26\/poema-de-alejandro-ananias-saavedra-concepcion\/"]}]},{"@type":"BreadcrumbList","@id":"https:\/\/www.fraczinet.cl\/sitio\/2009\/05\/26\/poema-de-alejandro-ananias-saavedra-concepcion\/#breadcrumb","itemListElement":[{"@type":"ListItem","position":1,"name":"Portada","item":"https:\/\/www.fraczinet.cl\/sitio\/"},{"@type":"ListItem","position":2,"name":"Poema de Alejandro Anan\u00edas Saavedra &#8211; Concepci\u00f3n"}]},{"@type":"WebSite","@id":"https:\/\/www.fraczinet.cl\/sitio\/#website","url":"https:\/\/www.fraczinet.cl\/sitio\/","name":"Nuestro Bio B\u00edo","description":"Tierra de Encuentros","publisher":{"@id":"https:\/\/www.fraczinet.cl\/sitio\/#\/schema\/person\/aec8ee4da68df2b9b0eefdad24a0d582"},"potentialAction":[{"@type":"SearchAction","target":{"@type":"EntryPoint","urlTemplate":"https:\/\/www.fraczinet.cl\/sitio\/?s={search_term_string}"},"query-input":{"@type":"PropertyValueSpecification","valueRequired":true,"valueName":"search_term_string"}}],"inLanguage":"es"},{"@type":["Person","Organization"],"@id":"https:\/\/www.fraczinet.cl\/sitio\/#\/schema\/person\/aec8ee4da68df2b9b0eefdad24a0d582","name":"Luis Fernando Fraczinet","image":{"@type":"ImageObject","inLanguage":"es","@id":"https:\/\/www.fraczinet.cl\/sitio\/#\/schema\/person\/image\/","url":"https:\/\/www.fraczinet.cl\/sitio\/wp-content\/uploads\/2021\/07\/bannerlogo-1.gif","contentUrl":"https:\/\/www.fraczinet.cl\/sitio\/wp-content\/uploads\/2021\/07\/bannerlogo-1.gif","width":159,"height":79,"caption":"Luis Fernando Fraczinet"},"logo":{"@id":"https:\/\/www.fraczinet.cl\/sitio\/#\/schema\/person\/image\/"},"sameAs":["https:\/\/www.fraczinet.cl\/sitio\/"]},{"@type":"Person","@id":"https:\/\/www.fraczinet.cl\/sitio\/#\/schema\/person\/bc30f98e9cb10ae7e119dbe14bc93784","name":"admin","image":{"@type":"ImageObject","inLanguage":"es","@id":"https:\/\/www.fraczinet.cl\/sitio\/#\/schema\/person\/image\/","url":"https:\/\/secure.gravatar.com\/avatar\/d5ad3cf7ef3b23a2bb5be73be780c86b2fc8545c3ad6b149f3913ff458c00099?s=96&d=mm&r=g","contentUrl":"https:\/\/secure.gravatar.com\/avatar\/d5ad3cf7ef3b23a2bb5be73be780c86b2fc8545c3ad6b149f3913ff458c00099?s=96&d=mm&r=g","caption":"admin"},"sameAs":["https:\/\/www.fraczinet.cl\/sitio"]}]}},"_links":{"self":[{"href":"https:\/\/www.fraczinet.cl\/sitio\/wp-json\/wp\/v2\/posts\/4948","targetHints":{"allow":["GET"]}}],"collection":[{"href":"https:\/\/www.fraczinet.cl\/sitio\/wp-json\/wp\/v2\/posts"}],"about":[{"href":"https:\/\/www.fraczinet.cl\/sitio\/wp-json\/wp\/v2\/types\/post"}],"author":[{"embeddable":true,"href":"https:\/\/www.fraczinet.cl\/sitio\/wp-json\/wp\/v2\/users\/1"}],"replies":[{"embeddable":true,"href":"https:\/\/www.fraczinet.cl\/sitio\/wp-json\/wp\/v2\/comments?post=4948"}],"version-history":[{"count":1,"href":"https:\/\/www.fraczinet.cl\/sitio\/wp-json\/wp\/v2\/posts\/4948\/revisions"}],"predecessor-version":[{"id":7241,"href":"https:\/\/www.fraczinet.cl\/sitio\/wp-json\/wp\/v2\/posts\/4948\/revisions\/7241"}],"wp:attachment":[{"href":"https:\/\/www.fraczinet.cl\/sitio\/wp-json\/wp\/v2\/media?parent=4948"}],"wp:term":[{"taxonomy":"category","embeddable":true,"href":"https:\/\/www.fraczinet.cl\/sitio\/wp-json\/wp\/v2\/categories?post=4948"},{"taxonomy":"post_tag","embeddable":true,"href":"https:\/\/www.fraczinet.cl\/sitio\/wp-json\/wp\/v2\/tags?post=4948"}],"curies":[{"name":"wp","href":"https:\/\/api.w.org\/{rel}","templated":true}]}}