{"id":4969,"date":"2009-05-15T11:43:00","date_gmt":"2009-05-15T11:43:00","guid":{"rendered":"https:\/\/www.fraczinet.cl\/sitio\/2009\/05\/15\/botellas-retornables-2007-de-jan-sverak-republica-checa\/"},"modified":"2022-10-05T23:19:27","modified_gmt":"2022-10-05T23:19:27","slug":"botellas-retornables-2007-de-jan-sverak-republica-checa","status":"publish","type":"post","link":"https:\/\/www.fraczinet.cl\/sitio\/2009\/05\/15\/botellas-retornables-2007-de-jan-sverak-republica-checa\/","title":{"rendered":"Botellas Retornables (2007) de Jan Sver\u00e0k. Rep\u00fablica Checa"},"content":{"rendered":"<div style=\"text-align: justify;\">Un profesor jubilado tiene una vida mon\u00f3tona junto a su esposa, as\u00ed que decide aceptar un trabajo en un supermercado, que consiste en recoger envases reciclables. El aburrimiento le lleva a intermediar en las relaciones personales entre sus compa\u00f1eros y algunas clientas, convirti\u00e9ndose casi sin quererlo en un celestino, al tiempo que su mujer se pregunta por qu\u00e9 no pasa m\u00e1s tiempo con \u00e9l.<\/div>\n<div style=\"text-align: justify;\"><\/div>\n<div style=\"text-align: justify;\">T\u00edtulo Original: Vratn\u00e9 lahve, Rep\u00fablica Checa, 2007<\/div>\n<div style=\"text-align: justify;\">Direcci\u00f3n: Jan Sver\u00e1k<\/div>\n<div style=\"text-align: justify;\">Gui\u00f3n: Zdenek Sver\u00e1k<\/div>\n<div style=\"text-align: justify;\">Director de Fotograf\u00eda: Vladim\u00edr Smutn\u00fd<\/div>\n<div style=\"text-align: justify;\">Montaje: Alois Fis\u00e1rek.<\/div>\n<div style=\"text-align: justify;\">M\u00fasica: Ondrej Soukup<\/div>\n<div style=\"text-align: justify;\">Protagonistas: Zdenek Sver\u00e1k Josef Tkaloun, Daniela Kol\u00e1rov\u00e1, Tatiana Vilhelmov\u00e1, Jir\u00ed Mach\u00e1cek , Pavel Landovsk\u00fd, Jan Budar<\/div>\n<div style=\"text-align: justify;\">Duraci\u00f3n: 100 min.<\/div>\n<div style=\"text-align: justify;\"><\/div>\n<div style=\"text-align: justify;\">Premios y Nominaciones: Ganadora del Premio de la Audiencia a mejor pel\u00edcula, Festival de Cine Joven Cottbus de Europa del Este 2007. Ganadora del Le\u00f3n Checo 2008 a mejor director y mejor gui\u00f3n. Ganadora del Delf\u00edn de Oro a mejor pel\u00edcula, Festival Internacional de Cine Festr\u00f3ia Tr\u00f3ia 2008. Ganadora del Premio de la Audiencia a mejor pel\u00edcula y menci\u00f3n especial a mejor gui\u00f3n en el Festival Internacional de Cine Karlovy Vary.. La han visto 1,3 millones de espectadores, con lo cual ha superado a todas las pel\u00edculas extranjeras presentadas en el pa\u00eds.<\/div>\n<div style=\"text-align: justify;\"><\/div>\n<div style=\"text-align: justify;\">Organiza: Universidad Cat\u00f3lica de la Sant\u00edsima Concepci\u00f3n<\/div>\n<div style=\"text-align: justify;\">Fecha: lunes, 18 de mayo de 2009<\/div>\n<div style=\"text-align: justify;\">Hora: 19:00 &#8211; 20:40<\/div>\n<div style=\"text-align: justify;\">Lugar: Aula Magna UCSC<\/div>\n<div style=\"text-align: justify;\">Direcci\u00f3n: Caupolic\u00e1n N\u00ba 459<\/div>\n<div style=\"text-align: justify;\">Ciudad de Concepci\u00f3n<\/div>\n<div style=\"text-align: justify;\"><\/div>\n<div style=\"text-align: justify;\">Evento en Facebook: <a href=\"http:\/\/www.facebook.com\/event.php?eid=93571297640\">http:\/\/www.facebook.com\/event.php?eid=93571297640<\/a><\/div>\n","protected":false},"excerpt":{"rendered":"<p>Un profesor jubilado tiene una vida mon\u00f3tona junto a su esposa, as\u00ed que decide aceptar un trabajo en un supermercado, que consiste en recoger envases reciclables. El aburrimiento le lleva a intermediar en las relaciones personales entre sus compa\u00f1eros y algunas clientas, convirti\u00e9ndose casi sin quererlo en un celestino, al tiempo que su mujer se [&hellip;]<\/p>\n","protected":false},"author":1,"featured_media":0,"comment_status":"open","ping_status":"open","sticky":false,"template":"","format":"standard","meta":{"footnotes":""},"categories":[32],"tags":[],"class_list":["post-4969","post","type-post","status-publish","format-standard","hentry","category-cine"],"yoast_head":"<!-- This site is optimized with the Yoast SEO plugin v25.0 - https:\/\/yoast.com\/wordpress\/plugins\/seo\/ -->\n<title>Botellas Retornables (2007) de Jan Sver\u00e0k. Rep\u00fablica Checa - Nuestro Bio B\u00edo<\/title>\n<meta name=\"robots\" content=\"index, follow, max-snippet:-1, max-image-preview:large, max-video-preview:-1\" \/>\n<link rel=\"canonical\" href=\"https:\/\/www.fraczinet.cl\/sitio\/2009\/05\/15\/botellas-retornables-2007-de-jan-sverak-republica-checa\/\" \/>\n<meta property=\"og:locale\" content=\"es_ES\" \/>\n<meta property=\"og:type\" content=\"article\" \/>\n<meta property=\"og:title\" content=\"Botellas Retornables (2007) de Jan Sver\u00e0k. Rep\u00fablica Checa - Nuestro Bio B\u00edo\" \/>\n<meta property=\"og:description\" content=\"Un profesor jubilado tiene una vida mon\u00f3tona junto a su esposa, as\u00ed que decide aceptar un trabajo en un supermercado, que consiste en recoger envases reciclables. El aburrimiento le lleva a intermediar en las relaciones personales entre sus compa\u00f1eros y algunas clientas, convirti\u00e9ndose casi sin quererlo en un celestino, al tiempo que su mujer se [&hellip;]\" \/>\n<meta property=\"og:url\" content=\"https:\/\/www.fraczinet.cl\/sitio\/2009\/05\/15\/botellas-retornables-2007-de-jan-sverak-republica-checa\/\" \/>\n<meta property=\"og:site_name\" content=\"Nuestro Bio B\u00edo\" \/>\n<meta property=\"article:published_time\" content=\"2009-05-15T11:43:00+00:00\" \/>\n<meta property=\"article:modified_time\" content=\"2022-10-05T23:19:27+00:00\" \/>\n<meta property=\"og:image\" content=\"https:\/\/www.fraczinet.cl\/sitio\/wp-content\/uploads\/2021\/07\/bannerlogo-1.gif\" \/>\n\t<meta property=\"og:image:width\" content=\"159\" \/>\n\t<meta property=\"og:image:height\" content=\"79\" \/>\n\t<meta property=\"og:image:type\" content=\"image\/gif\" \/>\n<meta name=\"author\" content=\"admin\" \/>\n<meta name=\"twitter:card\" content=\"summary_large_image\" \/>\n<meta name=\"twitter:creator\" content=\"@nuestrobiobio\" \/>\n<meta name=\"twitter:site\" content=\"@nuestrobiobio\" \/>\n<meta name=\"twitter:label1\" content=\"Escrito por\" \/>\n\t<meta name=\"twitter:data1\" content=\"admin\" \/>\n\t<meta name=\"twitter:label2\" content=\"Tiempo de lectura\" \/>\n\t<meta name=\"twitter:data2\" content=\"1 minuto\" \/>\n<script type=\"application\/ld+json\" class=\"yoast-schema-graph\">{\"@context\":\"https:\/\/schema.org\",\"@graph\":[{\"@type\":\"Article\",\"@id\":\"https:\/\/www.fraczinet.cl\/sitio\/2009\/05\/15\/botellas-retornables-2007-de-jan-sverak-republica-checa\/#article\",\"isPartOf\":{\"@id\":\"https:\/\/www.fraczinet.cl\/sitio\/2009\/05\/15\/botellas-retornables-2007-de-jan-sverak-republica-checa\/\"},\"author\":{\"name\":\"admin\",\"@id\":\"https:\/\/www.fraczinet.cl\/sitio\/#\/schema\/person\/bc30f98e9cb10ae7e119dbe14bc93784\"},\"headline\":\"Botellas Retornables (2007) de Jan Sver\u00e0k. Rep\u00fablica Checa\",\"datePublished\":\"2009-05-15T11:43:00+00:00\",\"dateModified\":\"2022-10-05T23:19:27+00:00\",\"mainEntityOfPage\":{\"@id\":\"https:\/\/www.fraczinet.cl\/sitio\/2009\/05\/15\/botellas-retornables-2007-de-jan-sverak-republica-checa\/\"},\"wordCount\":271,\"commentCount\":0,\"publisher\":{\"@id\":\"https:\/\/www.fraczinet.cl\/sitio\/#\/schema\/person\/aec8ee4da68df2b9b0eefdad24a0d582\"},\"articleSection\":[\"Cine\"],\"inLanguage\":\"es\",\"potentialAction\":[{\"@type\":\"CommentAction\",\"name\":\"Comment\",\"target\":[\"https:\/\/www.fraczinet.cl\/sitio\/2009\/05\/15\/botellas-retornables-2007-de-jan-sverak-republica-checa\/#respond\"]}]},{\"@type\":\"WebPage\",\"@id\":\"https:\/\/www.fraczinet.cl\/sitio\/2009\/05\/15\/botellas-retornables-2007-de-jan-sverak-republica-checa\/\",\"url\":\"https:\/\/www.fraczinet.cl\/sitio\/2009\/05\/15\/botellas-retornables-2007-de-jan-sverak-republica-checa\/\",\"name\":\"Botellas Retornables (2007) de Jan Sver\u00e0k. Rep\u00fablica Checa - Nuestro Bio B\u00edo\",\"isPartOf\":{\"@id\":\"https:\/\/www.fraczinet.cl\/sitio\/#website\"},\"datePublished\":\"2009-05-15T11:43:00+00:00\",\"dateModified\":\"2022-10-05T23:19:27+00:00\",\"breadcrumb\":{\"@id\":\"https:\/\/www.fraczinet.cl\/sitio\/2009\/05\/15\/botellas-retornables-2007-de-jan-sverak-republica-checa\/#breadcrumb\"},\"inLanguage\":\"es\",\"potentialAction\":[{\"@type\":\"ReadAction\",\"target\":[\"https:\/\/www.fraczinet.cl\/sitio\/2009\/05\/15\/botellas-retornables-2007-de-jan-sverak-republica-checa\/\"]}]},{\"@type\":\"BreadcrumbList\",\"@id\":\"https:\/\/www.fraczinet.cl\/sitio\/2009\/05\/15\/botellas-retornables-2007-de-jan-sverak-republica-checa\/#breadcrumb\",\"itemListElement\":[{\"@type\":\"ListItem\",\"position\":1,\"name\":\"Portada\",\"item\":\"https:\/\/www.fraczinet.cl\/sitio\/\"},{\"@type\":\"ListItem\",\"position\":2,\"name\":\"Botellas Retornables (2007) de Jan Sver\u00e0k. Rep\u00fablica Checa\"}]},{\"@type\":\"WebSite\",\"@id\":\"https:\/\/www.fraczinet.cl\/sitio\/#website\",\"url\":\"https:\/\/www.fraczinet.cl\/sitio\/\",\"name\":\"Nuestro Bio B\u00edo\",\"description\":\"Tierra de Encuentros\",\"publisher\":{\"@id\":\"https:\/\/www.fraczinet.cl\/sitio\/#\/schema\/person\/aec8ee4da68df2b9b0eefdad24a0d582\"},\"potentialAction\":[{\"@type\":\"SearchAction\",\"target\":{\"@type\":\"EntryPoint\",\"urlTemplate\":\"https:\/\/www.fraczinet.cl\/sitio\/?s={search_term_string}\"},\"query-input\":{\"@type\":\"PropertyValueSpecification\",\"valueRequired\":true,\"valueName\":\"search_term_string\"}}],\"inLanguage\":\"es\"},{\"@type\":[\"Person\",\"Organization\"],\"@id\":\"https:\/\/www.fraczinet.cl\/sitio\/#\/schema\/person\/aec8ee4da68df2b9b0eefdad24a0d582\",\"name\":\"Luis Fernando Fraczinet\",\"image\":{\"@type\":\"ImageObject\",\"inLanguage\":\"es\",\"@id\":\"https:\/\/www.fraczinet.cl\/sitio\/#\/schema\/person\/image\/\",\"url\":\"https:\/\/www.fraczinet.cl\/sitio\/wp-content\/uploads\/2021\/07\/bannerlogo-1.gif\",\"contentUrl\":\"https:\/\/www.fraczinet.cl\/sitio\/wp-content\/uploads\/2021\/07\/bannerlogo-1.gif\",\"width\":159,\"height\":79,\"caption\":\"Luis Fernando Fraczinet\"},\"logo\":{\"@id\":\"https:\/\/www.fraczinet.cl\/sitio\/#\/schema\/person\/image\/\"},\"sameAs\":[\"https:\/\/www.fraczinet.cl\/sitio\/\"]},{\"@type\":\"Person\",\"@id\":\"https:\/\/www.fraczinet.cl\/sitio\/#\/schema\/person\/bc30f98e9cb10ae7e119dbe14bc93784\",\"name\":\"admin\",\"image\":{\"@type\":\"ImageObject\",\"inLanguage\":\"es\",\"@id\":\"https:\/\/www.fraczinet.cl\/sitio\/#\/schema\/person\/image\/\",\"url\":\"https:\/\/secure.gravatar.com\/avatar\/d5ad3cf7ef3b23a2bb5be73be780c86b2fc8545c3ad6b149f3913ff458c00099?s=96&d=mm&r=g\",\"contentUrl\":\"https:\/\/secure.gravatar.com\/avatar\/d5ad3cf7ef3b23a2bb5be73be780c86b2fc8545c3ad6b149f3913ff458c00099?s=96&d=mm&r=g\",\"caption\":\"admin\"},\"sameAs\":[\"https:\/\/www.fraczinet.cl\/sitio\"]}]}<\/script>\n<!-- \/ Yoast SEO plugin. -->","yoast_head_json":{"title":"Botellas Retornables (2007) de Jan Sver\u00e0k. Rep\u00fablica Checa - Nuestro Bio B\u00edo","robots":{"index":"index","follow":"follow","max-snippet":"max-snippet:-1","max-image-preview":"max-image-preview:large","max-video-preview":"max-video-preview:-1"},"canonical":"https:\/\/www.fraczinet.cl\/sitio\/2009\/05\/15\/botellas-retornables-2007-de-jan-sverak-republica-checa\/","og_locale":"es_ES","og_type":"article","og_title":"Botellas Retornables (2007) de Jan Sver\u00e0k. Rep\u00fablica Checa - Nuestro Bio B\u00edo","og_description":"Un profesor jubilado tiene una vida mon\u00f3tona junto a su esposa, as\u00ed que decide aceptar un trabajo en un supermercado, que consiste en recoger envases reciclables. El aburrimiento le lleva a intermediar en las relaciones personales entre sus compa\u00f1eros y algunas clientas, convirti\u00e9ndose casi sin quererlo en un celestino, al tiempo que su mujer se [&hellip;]","og_url":"https:\/\/www.fraczinet.cl\/sitio\/2009\/05\/15\/botellas-retornables-2007-de-jan-sverak-republica-checa\/","og_site_name":"Nuestro Bio B\u00edo","article_published_time":"2009-05-15T11:43:00+00:00","article_modified_time":"2022-10-05T23:19:27+00:00","og_image":[{"width":159,"height":79,"url":"https:\/\/www.fraczinet.cl\/sitio\/wp-content\/uploads\/2021\/07\/bannerlogo-1.gif","type":"image\/gif"}],"author":"admin","twitter_card":"summary_large_image","twitter_creator":"@nuestrobiobio","twitter_site":"@nuestrobiobio","twitter_misc":{"Escrito por":"admin","Tiempo de lectura":"1 minuto"},"schema":{"@context":"https:\/\/schema.org","@graph":[{"@type":"Article","@id":"https:\/\/www.fraczinet.cl\/sitio\/2009\/05\/15\/botellas-retornables-2007-de-jan-sverak-republica-checa\/#article","isPartOf":{"@id":"https:\/\/www.fraczinet.cl\/sitio\/2009\/05\/15\/botellas-retornables-2007-de-jan-sverak-republica-checa\/"},"author":{"name":"admin","@id":"https:\/\/www.fraczinet.cl\/sitio\/#\/schema\/person\/bc30f98e9cb10ae7e119dbe14bc93784"},"headline":"Botellas Retornables (2007) de Jan Sver\u00e0k. Rep\u00fablica Checa","datePublished":"2009-05-15T11:43:00+00:00","dateModified":"2022-10-05T23:19:27+00:00","mainEntityOfPage":{"@id":"https:\/\/www.fraczinet.cl\/sitio\/2009\/05\/15\/botellas-retornables-2007-de-jan-sverak-republica-checa\/"},"wordCount":271,"commentCount":0,"publisher":{"@id":"https:\/\/www.fraczinet.cl\/sitio\/#\/schema\/person\/aec8ee4da68df2b9b0eefdad24a0d582"},"articleSection":["Cine"],"inLanguage":"es","potentialAction":[{"@type":"CommentAction","name":"Comment","target":["https:\/\/www.fraczinet.cl\/sitio\/2009\/05\/15\/botellas-retornables-2007-de-jan-sverak-republica-checa\/#respond"]}]},{"@type":"WebPage","@id":"https:\/\/www.fraczinet.cl\/sitio\/2009\/05\/15\/botellas-retornables-2007-de-jan-sverak-republica-checa\/","url":"https:\/\/www.fraczinet.cl\/sitio\/2009\/05\/15\/botellas-retornables-2007-de-jan-sverak-republica-checa\/","name":"Botellas Retornables (2007) de Jan Sver\u00e0k. Rep\u00fablica Checa - Nuestro Bio B\u00edo","isPartOf":{"@id":"https:\/\/www.fraczinet.cl\/sitio\/#website"},"datePublished":"2009-05-15T11:43:00+00:00","dateModified":"2022-10-05T23:19:27+00:00","breadcrumb":{"@id":"https:\/\/www.fraczinet.cl\/sitio\/2009\/05\/15\/botellas-retornables-2007-de-jan-sverak-republica-checa\/#breadcrumb"},"inLanguage":"es","potentialAction":[{"@type":"ReadAction","target":["https:\/\/www.fraczinet.cl\/sitio\/2009\/05\/15\/botellas-retornables-2007-de-jan-sverak-republica-checa\/"]}]},{"@type":"BreadcrumbList","@id":"https:\/\/www.fraczinet.cl\/sitio\/2009\/05\/15\/botellas-retornables-2007-de-jan-sverak-republica-checa\/#breadcrumb","itemListElement":[{"@type":"ListItem","position":1,"name":"Portada","item":"https:\/\/www.fraczinet.cl\/sitio\/"},{"@type":"ListItem","position":2,"name":"Botellas Retornables (2007) de Jan Sver\u00e0k. Rep\u00fablica Checa"}]},{"@type":"WebSite","@id":"https:\/\/www.fraczinet.cl\/sitio\/#website","url":"https:\/\/www.fraczinet.cl\/sitio\/","name":"Nuestro Bio B\u00edo","description":"Tierra de Encuentros","publisher":{"@id":"https:\/\/www.fraczinet.cl\/sitio\/#\/schema\/person\/aec8ee4da68df2b9b0eefdad24a0d582"},"potentialAction":[{"@type":"SearchAction","target":{"@type":"EntryPoint","urlTemplate":"https:\/\/www.fraczinet.cl\/sitio\/?s={search_term_string}"},"query-input":{"@type":"PropertyValueSpecification","valueRequired":true,"valueName":"search_term_string"}}],"inLanguage":"es"},{"@type":["Person","Organization"],"@id":"https:\/\/www.fraczinet.cl\/sitio\/#\/schema\/person\/aec8ee4da68df2b9b0eefdad24a0d582","name":"Luis Fernando Fraczinet","image":{"@type":"ImageObject","inLanguage":"es","@id":"https:\/\/www.fraczinet.cl\/sitio\/#\/schema\/person\/image\/","url":"https:\/\/www.fraczinet.cl\/sitio\/wp-content\/uploads\/2021\/07\/bannerlogo-1.gif","contentUrl":"https:\/\/www.fraczinet.cl\/sitio\/wp-content\/uploads\/2021\/07\/bannerlogo-1.gif","width":159,"height":79,"caption":"Luis Fernando Fraczinet"},"logo":{"@id":"https:\/\/www.fraczinet.cl\/sitio\/#\/schema\/person\/image\/"},"sameAs":["https:\/\/www.fraczinet.cl\/sitio\/"]},{"@type":"Person","@id":"https:\/\/www.fraczinet.cl\/sitio\/#\/schema\/person\/bc30f98e9cb10ae7e119dbe14bc93784","name":"admin","image":{"@type":"ImageObject","inLanguage":"es","@id":"https:\/\/www.fraczinet.cl\/sitio\/#\/schema\/person\/image\/","url":"https:\/\/secure.gravatar.com\/avatar\/d5ad3cf7ef3b23a2bb5be73be780c86b2fc8545c3ad6b149f3913ff458c00099?s=96&d=mm&r=g","contentUrl":"https:\/\/secure.gravatar.com\/avatar\/d5ad3cf7ef3b23a2bb5be73be780c86b2fc8545c3ad6b149f3913ff458c00099?s=96&d=mm&r=g","caption":"admin"},"sameAs":["https:\/\/www.fraczinet.cl\/sitio"]}]}},"_links":{"self":[{"href":"https:\/\/www.fraczinet.cl\/sitio\/wp-json\/wp\/v2\/posts\/4969","targetHints":{"allow":["GET"]}}],"collection":[{"href":"https:\/\/www.fraczinet.cl\/sitio\/wp-json\/wp\/v2\/posts"}],"about":[{"href":"https:\/\/www.fraczinet.cl\/sitio\/wp-json\/wp\/v2\/types\/post"}],"author":[{"embeddable":true,"href":"https:\/\/www.fraczinet.cl\/sitio\/wp-json\/wp\/v2\/users\/1"}],"replies":[{"embeddable":true,"href":"https:\/\/www.fraczinet.cl\/sitio\/wp-json\/wp\/v2\/comments?post=4969"}],"version-history":[{"count":1,"href":"https:\/\/www.fraczinet.cl\/sitio\/wp-json\/wp\/v2\/posts\/4969\/revisions"}],"predecessor-version":[{"id":14163,"href":"https:\/\/www.fraczinet.cl\/sitio\/wp-json\/wp\/v2\/posts\/4969\/revisions\/14163"}],"wp:attachment":[{"href":"https:\/\/www.fraczinet.cl\/sitio\/wp-json\/wp\/v2\/media?parent=4969"}],"wp:term":[{"taxonomy":"category","embeddable":true,"href":"https:\/\/www.fraczinet.cl\/sitio\/wp-json\/wp\/v2\/categories?post=4969"},{"taxonomy":"post_tag","embeddable":true,"href":"https:\/\/www.fraczinet.cl\/sitio\/wp-json\/wp\/v2\/tags?post=4969"}],"curies":[{"name":"wp","href":"https:\/\/api.w.org\/{rel}","templated":true}]}}