{"id":4971,"date":"2009-05-13T14:56:00","date_gmt":"2009-05-13T14:56:00","guid":{"rendered":"https:\/\/www.fraczinet.cl\/sitio\/2009\/05\/13\/le-pays-des-sourds-1992-mostrar-el-cine\/"},"modified":"2009-05-13T14:56:00","modified_gmt":"2009-05-13T14:56:00","slug":"le-pays-des-sourds-1992-mostrar-el-cine","status":"publish","type":"post","link":"https:\/\/www.fraczinet.cl\/sitio\/2009\/05\/13\/le-pays-des-sourds-1992-mostrar-el-cine\/","title":{"rendered":"Le pays des sourds (1992) &#8211; Mostrar el Cine"},"content":{"rendered":"<p>El Consejo Regional de la Cultura y las Artes en conjunto con el Centro Cultural Alianza francesa, los invitan al ciclo de Mostrar el Cine donde se exhibir\u00e1 el documental Le Pays des Sourds (El Pa\u00eds de los Sordos) de Nicolas Philiber.  El largometraje de Philiber introduce al espectador en el mundo de quienes no pueden oir, mostrando con ello, las fuerzas y debilidades del lenguaje de selas y aspectos sutiles de las relaciones entre las comunidades con d\u00e9ficit auditivo y las comunidades que s\u00ed oyen.  La cita es este mi\u00e9rcoles 13 de mayo a las 19:30hrs., en la Alianza Francesa, ubicada en Colo-Colo 1. Ciudad de Concepci\u00f3n.  Entrada liberada.&nbsp;<\/p>\n","protected":false},"excerpt":{"rendered":"<p>El Consejo Regional de la Cultura y las Artes en conjunto con el Centro Cultural Alianza francesa, los invitan al ciclo de Mostrar el Cine donde se exhibir\u00e1 el documental Le Pays des Sourds (El Pa\u00eds de los Sordos) de Nicolas Philiber. El largometraje de Philiber introduce al espectador en el mundo de quienes no [&hellip;]<\/p>\n","protected":false},"author":1,"featured_media":0,"comment_status":"open","ping_status":"open","sticky":false,"template":"","format":"standard","meta":{"footnotes":""},"categories":[32],"tags":[],"class_list":["post-4971","post","type-post","status-publish","format-standard","hentry","category-cine"],"yoast_head":"<!-- This site is optimized with the Yoast SEO plugin v25.0 - https:\/\/yoast.com\/wordpress\/plugins\/seo\/ -->\n<title>Le pays des sourds (1992) - Mostrar el Cine - Nuestro Bio B\u00edo<\/title>\n<meta name=\"robots\" content=\"index, follow, max-snippet:-1, max-image-preview:large, max-video-preview:-1\" \/>\n<link rel=\"canonical\" href=\"https:\/\/www.fraczinet.cl\/sitio\/2009\/05\/13\/le-pays-des-sourds-1992-mostrar-el-cine\/\" \/>\n<meta property=\"og:locale\" content=\"es_ES\" \/>\n<meta property=\"og:type\" content=\"article\" \/>\n<meta property=\"og:title\" content=\"Le pays des sourds (1992) - Mostrar el Cine - Nuestro Bio B\u00edo\" \/>\n<meta property=\"og:description\" content=\"El Consejo Regional de la Cultura y las Artes en conjunto con el Centro Cultural Alianza francesa, los invitan al ciclo de Mostrar el Cine donde se exhibir\u00e1 el documental Le Pays des Sourds (El Pa\u00eds de los Sordos) de Nicolas Philiber. El largometraje de Philiber introduce al espectador en el mundo de quienes no [&hellip;]\" \/>\n<meta property=\"og:url\" content=\"https:\/\/www.fraczinet.cl\/sitio\/2009\/05\/13\/le-pays-des-sourds-1992-mostrar-el-cine\/\" \/>\n<meta property=\"og:site_name\" content=\"Nuestro Bio B\u00edo\" \/>\n<meta property=\"article:published_time\" content=\"2009-05-13T14:56:00+00:00\" \/>\n<meta property=\"og:image\" content=\"https:\/\/www.fraczinet.cl\/sitio\/wp-content\/uploads\/2021\/07\/bannerlogo-1.gif\" \/>\n\t<meta property=\"og:image:width\" content=\"159\" \/>\n\t<meta property=\"og:image:height\" content=\"79\" \/>\n\t<meta property=\"og:image:type\" content=\"image\/gif\" \/>\n<meta name=\"author\" content=\"admin\" \/>\n<meta name=\"twitter:card\" content=\"summary_large_image\" \/>\n<meta name=\"twitter:creator\" content=\"@nuestrobiobio\" \/>\n<meta name=\"twitter:site\" content=\"@nuestrobiobio\" \/>\n<meta name=\"twitter:label1\" content=\"Escrito por\" \/>\n\t<meta name=\"twitter:data1\" content=\"admin\" \/>\n\t<meta name=\"twitter:label2\" content=\"Tiempo de lectura\" \/>\n\t<meta name=\"twitter:data2\" content=\"1 minuto\" \/>\n<script type=\"application\/ld+json\" class=\"yoast-schema-graph\">{\"@context\":\"https:\/\/schema.org\",\"@graph\":[{\"@type\":\"Article\",\"@id\":\"https:\/\/www.fraczinet.cl\/sitio\/2009\/05\/13\/le-pays-des-sourds-1992-mostrar-el-cine\/#article\",\"isPartOf\":{\"@id\":\"https:\/\/www.fraczinet.cl\/sitio\/2009\/05\/13\/le-pays-des-sourds-1992-mostrar-el-cine\/\"},\"author\":{\"name\":\"admin\",\"@id\":\"https:\/\/www.fraczinet.cl\/sitio\/#\/schema\/person\/bc30f98e9cb10ae7e119dbe14bc93784\"},\"headline\":\"Le pays des sourds (1992) &#8211; Mostrar el Cine\",\"datePublished\":\"2009-05-13T14:56:00+00:00\",\"mainEntityOfPage\":{\"@id\":\"https:\/\/www.fraczinet.cl\/sitio\/2009\/05\/13\/le-pays-des-sourds-1992-mostrar-el-cine\/\"},\"wordCount\":121,\"commentCount\":0,\"publisher\":{\"@id\":\"https:\/\/www.fraczinet.cl\/sitio\/#\/schema\/person\/aec8ee4da68df2b9b0eefdad24a0d582\"},\"articleSection\":[\"Cine\"],\"inLanguage\":\"es\",\"potentialAction\":[{\"@type\":\"CommentAction\",\"name\":\"Comment\",\"target\":[\"https:\/\/www.fraczinet.cl\/sitio\/2009\/05\/13\/le-pays-des-sourds-1992-mostrar-el-cine\/#respond\"]}]},{\"@type\":\"WebPage\",\"@id\":\"https:\/\/www.fraczinet.cl\/sitio\/2009\/05\/13\/le-pays-des-sourds-1992-mostrar-el-cine\/\",\"url\":\"https:\/\/www.fraczinet.cl\/sitio\/2009\/05\/13\/le-pays-des-sourds-1992-mostrar-el-cine\/\",\"name\":\"Le pays des sourds (1992) - Mostrar el Cine - Nuestro Bio B\u00edo\",\"isPartOf\":{\"@id\":\"https:\/\/www.fraczinet.cl\/sitio\/#website\"},\"datePublished\":\"2009-05-13T14:56:00+00:00\",\"breadcrumb\":{\"@id\":\"https:\/\/www.fraczinet.cl\/sitio\/2009\/05\/13\/le-pays-des-sourds-1992-mostrar-el-cine\/#breadcrumb\"},\"inLanguage\":\"es\",\"potentialAction\":[{\"@type\":\"ReadAction\",\"target\":[\"https:\/\/www.fraczinet.cl\/sitio\/2009\/05\/13\/le-pays-des-sourds-1992-mostrar-el-cine\/\"]}]},{\"@type\":\"BreadcrumbList\",\"@id\":\"https:\/\/www.fraczinet.cl\/sitio\/2009\/05\/13\/le-pays-des-sourds-1992-mostrar-el-cine\/#breadcrumb\",\"itemListElement\":[{\"@type\":\"ListItem\",\"position\":1,\"name\":\"Portada\",\"item\":\"https:\/\/www.fraczinet.cl\/sitio\/\"},{\"@type\":\"ListItem\",\"position\":2,\"name\":\"Le pays des sourds (1992) &#8211; Mostrar el Cine\"}]},{\"@type\":\"WebSite\",\"@id\":\"https:\/\/www.fraczinet.cl\/sitio\/#website\",\"url\":\"https:\/\/www.fraczinet.cl\/sitio\/\",\"name\":\"Nuestro Bio B\u00edo\",\"description\":\"Tierra de Encuentros\",\"publisher\":{\"@id\":\"https:\/\/www.fraczinet.cl\/sitio\/#\/schema\/person\/aec8ee4da68df2b9b0eefdad24a0d582\"},\"potentialAction\":[{\"@type\":\"SearchAction\",\"target\":{\"@type\":\"EntryPoint\",\"urlTemplate\":\"https:\/\/www.fraczinet.cl\/sitio\/?s={search_term_string}\"},\"query-input\":{\"@type\":\"PropertyValueSpecification\",\"valueRequired\":true,\"valueName\":\"search_term_string\"}}],\"inLanguage\":\"es\"},{\"@type\":[\"Person\",\"Organization\"],\"@id\":\"https:\/\/www.fraczinet.cl\/sitio\/#\/schema\/person\/aec8ee4da68df2b9b0eefdad24a0d582\",\"name\":\"Luis Fernando Fraczinet\",\"image\":{\"@type\":\"ImageObject\",\"inLanguage\":\"es\",\"@id\":\"https:\/\/www.fraczinet.cl\/sitio\/#\/schema\/person\/image\/\",\"url\":\"https:\/\/www.fraczinet.cl\/sitio\/wp-content\/uploads\/2021\/07\/bannerlogo-1.gif\",\"contentUrl\":\"https:\/\/www.fraczinet.cl\/sitio\/wp-content\/uploads\/2021\/07\/bannerlogo-1.gif\",\"width\":159,\"height\":79,\"caption\":\"Luis Fernando Fraczinet\"},\"logo\":{\"@id\":\"https:\/\/www.fraczinet.cl\/sitio\/#\/schema\/person\/image\/\"},\"sameAs\":[\"https:\/\/www.fraczinet.cl\/sitio\/\"]},{\"@type\":\"Person\",\"@id\":\"https:\/\/www.fraczinet.cl\/sitio\/#\/schema\/person\/bc30f98e9cb10ae7e119dbe14bc93784\",\"name\":\"admin\",\"image\":{\"@type\":\"ImageObject\",\"inLanguage\":\"es\",\"@id\":\"https:\/\/www.fraczinet.cl\/sitio\/#\/schema\/person\/image\/\",\"url\":\"https:\/\/secure.gravatar.com\/avatar\/d5ad3cf7ef3b23a2bb5be73be780c86b2fc8545c3ad6b149f3913ff458c00099?s=96&d=mm&r=g\",\"contentUrl\":\"https:\/\/secure.gravatar.com\/avatar\/d5ad3cf7ef3b23a2bb5be73be780c86b2fc8545c3ad6b149f3913ff458c00099?s=96&d=mm&r=g\",\"caption\":\"admin\"},\"sameAs\":[\"https:\/\/www.fraczinet.cl\/sitio\"]}]}<\/script>\n<!-- \/ Yoast SEO plugin. -->","yoast_head_json":{"title":"Le pays des sourds (1992) - Mostrar el Cine - Nuestro Bio B\u00edo","robots":{"index":"index","follow":"follow","max-snippet":"max-snippet:-1","max-image-preview":"max-image-preview:large","max-video-preview":"max-video-preview:-1"},"canonical":"https:\/\/www.fraczinet.cl\/sitio\/2009\/05\/13\/le-pays-des-sourds-1992-mostrar-el-cine\/","og_locale":"es_ES","og_type":"article","og_title":"Le pays des sourds (1992) - Mostrar el Cine - Nuestro Bio B\u00edo","og_description":"El Consejo Regional de la Cultura y las Artes en conjunto con el Centro Cultural Alianza francesa, los invitan al ciclo de Mostrar el Cine donde se exhibir\u00e1 el documental Le Pays des Sourds (El Pa\u00eds de los Sordos) de Nicolas Philiber. El largometraje de Philiber introduce al espectador en el mundo de quienes no [&hellip;]","og_url":"https:\/\/www.fraczinet.cl\/sitio\/2009\/05\/13\/le-pays-des-sourds-1992-mostrar-el-cine\/","og_site_name":"Nuestro Bio B\u00edo","article_published_time":"2009-05-13T14:56:00+00:00","og_image":[{"width":159,"height":79,"url":"https:\/\/www.fraczinet.cl\/sitio\/wp-content\/uploads\/2021\/07\/bannerlogo-1.gif","type":"image\/gif"}],"author":"admin","twitter_card":"summary_large_image","twitter_creator":"@nuestrobiobio","twitter_site":"@nuestrobiobio","twitter_misc":{"Escrito por":"admin","Tiempo de lectura":"1 minuto"},"schema":{"@context":"https:\/\/schema.org","@graph":[{"@type":"Article","@id":"https:\/\/www.fraczinet.cl\/sitio\/2009\/05\/13\/le-pays-des-sourds-1992-mostrar-el-cine\/#article","isPartOf":{"@id":"https:\/\/www.fraczinet.cl\/sitio\/2009\/05\/13\/le-pays-des-sourds-1992-mostrar-el-cine\/"},"author":{"name":"admin","@id":"https:\/\/www.fraczinet.cl\/sitio\/#\/schema\/person\/bc30f98e9cb10ae7e119dbe14bc93784"},"headline":"Le pays des sourds (1992) &#8211; Mostrar el Cine","datePublished":"2009-05-13T14:56:00+00:00","mainEntityOfPage":{"@id":"https:\/\/www.fraczinet.cl\/sitio\/2009\/05\/13\/le-pays-des-sourds-1992-mostrar-el-cine\/"},"wordCount":121,"commentCount":0,"publisher":{"@id":"https:\/\/www.fraczinet.cl\/sitio\/#\/schema\/person\/aec8ee4da68df2b9b0eefdad24a0d582"},"articleSection":["Cine"],"inLanguage":"es","potentialAction":[{"@type":"CommentAction","name":"Comment","target":["https:\/\/www.fraczinet.cl\/sitio\/2009\/05\/13\/le-pays-des-sourds-1992-mostrar-el-cine\/#respond"]}]},{"@type":"WebPage","@id":"https:\/\/www.fraczinet.cl\/sitio\/2009\/05\/13\/le-pays-des-sourds-1992-mostrar-el-cine\/","url":"https:\/\/www.fraczinet.cl\/sitio\/2009\/05\/13\/le-pays-des-sourds-1992-mostrar-el-cine\/","name":"Le pays des sourds (1992) - Mostrar el Cine - Nuestro Bio B\u00edo","isPartOf":{"@id":"https:\/\/www.fraczinet.cl\/sitio\/#website"},"datePublished":"2009-05-13T14:56:00+00:00","breadcrumb":{"@id":"https:\/\/www.fraczinet.cl\/sitio\/2009\/05\/13\/le-pays-des-sourds-1992-mostrar-el-cine\/#breadcrumb"},"inLanguage":"es","potentialAction":[{"@type":"ReadAction","target":["https:\/\/www.fraczinet.cl\/sitio\/2009\/05\/13\/le-pays-des-sourds-1992-mostrar-el-cine\/"]}]},{"@type":"BreadcrumbList","@id":"https:\/\/www.fraczinet.cl\/sitio\/2009\/05\/13\/le-pays-des-sourds-1992-mostrar-el-cine\/#breadcrumb","itemListElement":[{"@type":"ListItem","position":1,"name":"Portada","item":"https:\/\/www.fraczinet.cl\/sitio\/"},{"@type":"ListItem","position":2,"name":"Le pays des sourds (1992) &#8211; Mostrar el Cine"}]},{"@type":"WebSite","@id":"https:\/\/www.fraczinet.cl\/sitio\/#website","url":"https:\/\/www.fraczinet.cl\/sitio\/","name":"Nuestro Bio B\u00edo","description":"Tierra de Encuentros","publisher":{"@id":"https:\/\/www.fraczinet.cl\/sitio\/#\/schema\/person\/aec8ee4da68df2b9b0eefdad24a0d582"},"potentialAction":[{"@type":"SearchAction","target":{"@type":"EntryPoint","urlTemplate":"https:\/\/www.fraczinet.cl\/sitio\/?s={search_term_string}"},"query-input":{"@type":"PropertyValueSpecification","valueRequired":true,"valueName":"search_term_string"}}],"inLanguage":"es"},{"@type":["Person","Organization"],"@id":"https:\/\/www.fraczinet.cl\/sitio\/#\/schema\/person\/aec8ee4da68df2b9b0eefdad24a0d582","name":"Luis Fernando Fraczinet","image":{"@type":"ImageObject","inLanguage":"es","@id":"https:\/\/www.fraczinet.cl\/sitio\/#\/schema\/person\/image\/","url":"https:\/\/www.fraczinet.cl\/sitio\/wp-content\/uploads\/2021\/07\/bannerlogo-1.gif","contentUrl":"https:\/\/www.fraczinet.cl\/sitio\/wp-content\/uploads\/2021\/07\/bannerlogo-1.gif","width":159,"height":79,"caption":"Luis Fernando Fraczinet"},"logo":{"@id":"https:\/\/www.fraczinet.cl\/sitio\/#\/schema\/person\/image\/"},"sameAs":["https:\/\/www.fraczinet.cl\/sitio\/"]},{"@type":"Person","@id":"https:\/\/www.fraczinet.cl\/sitio\/#\/schema\/person\/bc30f98e9cb10ae7e119dbe14bc93784","name":"admin","image":{"@type":"ImageObject","inLanguage":"es","@id":"https:\/\/www.fraczinet.cl\/sitio\/#\/schema\/person\/image\/","url":"https:\/\/secure.gravatar.com\/avatar\/d5ad3cf7ef3b23a2bb5be73be780c86b2fc8545c3ad6b149f3913ff458c00099?s=96&d=mm&r=g","contentUrl":"https:\/\/secure.gravatar.com\/avatar\/d5ad3cf7ef3b23a2bb5be73be780c86b2fc8545c3ad6b149f3913ff458c00099?s=96&d=mm&r=g","caption":"admin"},"sameAs":["https:\/\/www.fraczinet.cl\/sitio"]}]}},"_links":{"self":[{"href":"https:\/\/www.fraczinet.cl\/sitio\/wp-json\/wp\/v2\/posts\/4971","targetHints":{"allow":["GET"]}}],"collection":[{"href":"https:\/\/www.fraczinet.cl\/sitio\/wp-json\/wp\/v2\/posts"}],"about":[{"href":"https:\/\/www.fraczinet.cl\/sitio\/wp-json\/wp\/v2\/types\/post"}],"author":[{"embeddable":true,"href":"https:\/\/www.fraczinet.cl\/sitio\/wp-json\/wp\/v2\/users\/1"}],"replies":[{"embeddable":true,"href":"https:\/\/www.fraczinet.cl\/sitio\/wp-json\/wp\/v2\/comments?post=4971"}],"version-history":[{"count":0,"href":"https:\/\/www.fraczinet.cl\/sitio\/wp-json\/wp\/v2\/posts\/4971\/revisions"}],"wp:attachment":[{"href":"https:\/\/www.fraczinet.cl\/sitio\/wp-json\/wp\/v2\/media?parent=4971"}],"wp:term":[{"taxonomy":"category","embeddable":true,"href":"https:\/\/www.fraczinet.cl\/sitio\/wp-json\/wp\/v2\/categories?post=4971"},{"taxonomy":"post_tag","embeddable":true,"href":"https:\/\/www.fraczinet.cl\/sitio\/wp-json\/wp\/v2\/tags?post=4971"}],"curies":[{"name":"wp","href":"https:\/\/api.w.org\/{rel}","templated":true}]}}