{"id":4999,"date":"2009-04-27T23:10:00","date_gmt":"2009-04-27T23:10:00","guid":{"rendered":"https:\/\/www.fraczinet.cl\/sitio\/2009\/04\/27\/celebracion-del-dia-internacional-de-la-danza-desde-el-28-al-30-de-abril\/"},"modified":"2022-10-04T02:17:12","modified_gmt":"2022-10-04T02:17:12","slug":"celebracion-del-dia-internacional-de-la-danza-desde-el-28-al-30-de-abril","status":"publish","type":"post","link":"https:\/\/www.fraczinet.cl\/sitio\/2009\/04\/27\/celebracion-del-dia-internacional-de-la-danza-desde-el-28-al-30-de-abril\/","title":{"rendered":"Celebraci\u00f3n del D\u00eda Internacional de la Danza, desde el 28 al 30 de abril"},"content":{"rendered":"<div style=\"text-align: justify;\">Actividades danc\u00edsticas se llevar\u00e1n a acabo en las comunas de Coronel, Alto B\u00edo, Chill\u00e1n, Coelemu y Los \u00c1lamos.<\/div>\n<div style=\"text-align: justify;\"><\/div>\n<div style=\"text-align: justify;\">Desde el 28 al 30 de abril, bajo el slogan \u201cConstruyamos una danza en igualdad y equidad, de norte a sur, de mar a cordillera: una danza para todos\u201d, la Regi\u00f3n del B\u00edo B\u00edo celebra el D\u00eda Internacional de la Danza, fecha establecido por la Unesco el a\u00f1o 1982 en conmemoraci\u00f3n al Maestro franc\u00e9s Jean George Nouverre (1727-1810). <\/div>\n<div style=\"text-align: justify;\"><\/div>\n<div style=\"text-align: justify;\">Asimismo, y en el marco de las orientaciones entregadas en la Pol\u00edtica Cultural del Consejo Regional de la Cultura y las Artes, en torno a fortalecer la circulaci\u00f3n de obras de los creadores, promover un desarrollo equitativo e igualitario de formaci\u00f3n de p\u00fablicos, fortaleciendo audiencias y acercando las disciplinas art\u00edsticas a sectores vulnerables de nuestra Regi\u00f3n, diversas actividades se han organizado en torno a esta disciplina art\u00edstica.<\/div>\n<div style=\"text-align: justify;\"><\/div>\n<div style=\"text-align: justify;\">En conjunto con la Mesa Regional de Danza, integrada por directores de compa\u00f1\u00edas de danza de la regi\u00f3n, creadores, core\u00f3grafos, la propuesta de celebraci\u00f3n se compone por una itinerancia danc\u00edstica que contempla talleres y funciones, dirigida a diversos p\u00fablicos.<\/div>\n<div style=\"text-align: justify;\"><\/div>\n<div style=\"text-align: justify;\">Programaci\u00f3n<\/div>\n<div style=\"text-align: justify;\"><\/div>\n<div style=\"text-align: justify;\">Martes 28 de abril<\/div>\n<div style=\"text-align: justify;\">Alto B\u00edo B\u00edo<\/div>\n<div style=\"text-align: justify;\">&#8211; Talleres<\/div>\n<div style=\"text-align: justify;\">11.30 hrs. Liceo de la Comuna.<\/div>\n<div style=\"text-align: justify;\">&#8211; Presentaci\u00f3n Compa\u00f1\u00eda. team Turbulencia, Arturo Roa en Danza Tela Est\u00e1tica y 2 d\u00faos de la Compa\u00f1\u00eda Calauc\u00e1n.<\/div>\n<div style=\"text-align: justify;\">13.30 hrs. Plaza de Armas de la ciudad. <\/div>\n<div style=\"text-align: justify;\"><\/div>\n<div style=\"text-align: justify;\">Mi\u00e9rcoles 29 de abril<\/div>\n<div style=\"text-align: justify;\">Coelemu<\/div>\n<div style=\"text-align: justify;\">&#8211; Talleres de Danza Moderna y Expresi\u00f3n Corporal en Liceo Domingo Ortiz de Rozas; Breakdance en Colegio Mar\u00eda Teresa Marchant; Danza en Tela Est\u00e1tica en Liceo Domingo Ortiz de Rozas e iniciaci\u00f3n a la Danza <\/div>\n<div style=\"text-align: justify;\">Todos los talleres se realizar\u00e1n a las 15.30 hrs. Colegio Francisco Pino.<\/div>\n<div style=\"text-align: justify;\">&#8211; Presentaci\u00f3n Compa\u00f1\u00eda Calauc\u00e1n, C\u00eda. Team Turbulencia, Arturo Roa y Soledad Riquelme.<\/div>\n<div style=\"text-align: justify;\">19.00 hrs. Teatro Municipal.<\/div>\n<div style=\"text-align: justify;\"><\/div>\n<div style=\"text-align: justify;\">Jueves 30 de abril<\/div>\n<div style=\"text-align: justify;\">Los \u00c1lamos<\/div>\n<div style=\"text-align: justify;\">&#8211; Talleres de Danza Moderna y Baila Entretenido.<\/div>\n<div style=\"text-align: justify;\">13.30 hrs. Liceo B-55<\/div>\n<div style=\"text-align: justify;\">&#8211; Presentaci\u00f3n Elenco de Danza de la Universidad Cat\u00f3lica de la  Sant\u00edsima Concepci\u00f3n<\/div>\n<div style=\"text-align: justify;\">16.00 hrs. Gimnasio Municipal.<\/div>\n<div style=\"text-align: justify;\"><\/div>\n<div style=\"text-align: justify;\">Del 20 al 29 de abril<\/div>\n<div style=\"text-align: justify;\">Chill\u00e1n<\/div>\n<div style=\"text-align: justify;\">Clases abiertas en danza moderna, danza del vientre, danza  chilena, danza cl\u00e1sica, talleres y funciones, con participaci\u00f3n de compa\u00f1\u00edas de danza de la ciudad, academias de danza y representantes de la Regi\u00f3n.<\/div>\n<div style=\"text-align: justify;\"><\/div>\n<div style=\"text-align: justify;\"><\/div>\n","protected":false},"excerpt":{"rendered":"<p>Actividades danc\u00edsticas se llevar\u00e1n a acabo en las comunas de Coronel, Alto B\u00edo, Chill\u00e1n, Coelemu y Los \u00c1lamos. Desde el 28 al 30 de abril, bajo el slogan \u201cConstruyamos una danza en igualdad y equidad, de norte a sur, de mar a cordillera: una danza para todos\u201d, la Regi\u00f3n del B\u00edo B\u00edo celebra el D\u00eda [&hellip;]<\/p>\n","protected":false},"author":1,"featured_media":0,"comment_status":"open","ping_status":"open","sticky":false,"template":"","format":"standard","meta":{"footnotes":""},"categories":[212],"tags":[],"class_list":["post-4999","post","type-post","status-publish","format-standard","hentry","category-danza"],"yoast_head":"<!-- This site is optimized with the Yoast SEO plugin v25.0 - https:\/\/yoast.com\/wordpress\/plugins\/seo\/ -->\n<title>Celebraci\u00f3n del D\u00eda Internacional de la Danza, desde el 28 al 30 de abril - Nuestro Bio B\u00edo<\/title>\n<meta name=\"robots\" content=\"index, follow, max-snippet:-1, max-image-preview:large, max-video-preview:-1\" \/>\n<link rel=\"canonical\" href=\"https:\/\/www.fraczinet.cl\/sitio\/2009\/04\/27\/celebracion-del-dia-internacional-de-la-danza-desde-el-28-al-30-de-abril\/\" \/>\n<meta property=\"og:locale\" content=\"es_ES\" \/>\n<meta property=\"og:type\" content=\"article\" \/>\n<meta property=\"og:title\" content=\"Celebraci\u00f3n del D\u00eda Internacional de la Danza, desde el 28 al 30 de abril - Nuestro Bio B\u00edo\" \/>\n<meta property=\"og:description\" content=\"Actividades danc\u00edsticas se llevar\u00e1n a acabo en las comunas de Coronel, Alto B\u00edo, Chill\u00e1n, Coelemu y Los \u00c1lamos. Desde el 28 al 30 de abril, bajo el slogan \u201cConstruyamos una danza en igualdad y equidad, de norte a sur, de mar a cordillera: una danza para todos\u201d, la Regi\u00f3n del B\u00edo B\u00edo celebra el D\u00eda [&hellip;]\" \/>\n<meta property=\"og:url\" content=\"https:\/\/www.fraczinet.cl\/sitio\/2009\/04\/27\/celebracion-del-dia-internacional-de-la-danza-desde-el-28-al-30-de-abril\/\" \/>\n<meta property=\"og:site_name\" content=\"Nuestro Bio B\u00edo\" \/>\n<meta property=\"article:published_time\" content=\"2009-04-27T23:10:00+00:00\" \/>\n<meta property=\"article:modified_time\" content=\"2022-10-04T02:17:12+00:00\" \/>\n<meta property=\"og:image\" content=\"https:\/\/www.fraczinet.cl\/sitio\/wp-content\/uploads\/2021\/07\/bannerlogo-1.gif\" \/>\n\t<meta property=\"og:image:width\" content=\"159\" \/>\n\t<meta property=\"og:image:height\" content=\"79\" \/>\n\t<meta property=\"og:image:type\" content=\"image\/gif\" \/>\n<meta name=\"author\" content=\"admin\" \/>\n<meta name=\"twitter:card\" content=\"summary_large_image\" \/>\n<meta name=\"twitter:creator\" content=\"@nuestrobiobio\" \/>\n<meta name=\"twitter:site\" content=\"@nuestrobiobio\" \/>\n<meta name=\"twitter:label1\" content=\"Escrito por\" \/>\n\t<meta name=\"twitter:data1\" content=\"admin\" \/>\n\t<meta name=\"twitter:label2\" content=\"Tiempo de lectura\" \/>\n\t<meta name=\"twitter:data2\" content=\"2 minutos\" \/>\n<script type=\"application\/ld+json\" class=\"yoast-schema-graph\">{\"@context\":\"https:\/\/schema.org\",\"@graph\":[{\"@type\":\"Article\",\"@id\":\"https:\/\/www.fraczinet.cl\/sitio\/2009\/04\/27\/celebracion-del-dia-internacional-de-la-danza-desde-el-28-al-30-de-abril\/#article\",\"isPartOf\":{\"@id\":\"https:\/\/www.fraczinet.cl\/sitio\/2009\/04\/27\/celebracion-del-dia-internacional-de-la-danza-desde-el-28-al-30-de-abril\/\"},\"author\":{\"name\":\"admin\",\"@id\":\"https:\/\/www.fraczinet.cl\/sitio\/#\/schema\/person\/bc30f98e9cb10ae7e119dbe14bc93784\"},\"headline\":\"Celebraci\u00f3n del D\u00eda Internacional de la Danza, desde el 28 al 30 de abril\",\"datePublished\":\"2009-04-27T23:10:00+00:00\",\"dateModified\":\"2022-10-04T02:17:12+00:00\",\"mainEntityOfPage\":{\"@id\":\"https:\/\/www.fraczinet.cl\/sitio\/2009\/04\/27\/celebracion-del-dia-internacional-de-la-danza-desde-el-28-al-30-de-abril\/\"},\"wordCount\":417,\"commentCount\":0,\"publisher\":{\"@id\":\"https:\/\/www.fraczinet.cl\/sitio\/#\/schema\/person\/aec8ee4da68df2b9b0eefdad24a0d582\"},\"articleSection\":[\"Danza\"],\"inLanguage\":\"es\",\"potentialAction\":[{\"@type\":\"CommentAction\",\"name\":\"Comment\",\"target\":[\"https:\/\/www.fraczinet.cl\/sitio\/2009\/04\/27\/celebracion-del-dia-internacional-de-la-danza-desde-el-28-al-30-de-abril\/#respond\"]}]},{\"@type\":\"WebPage\",\"@id\":\"https:\/\/www.fraczinet.cl\/sitio\/2009\/04\/27\/celebracion-del-dia-internacional-de-la-danza-desde-el-28-al-30-de-abril\/\",\"url\":\"https:\/\/www.fraczinet.cl\/sitio\/2009\/04\/27\/celebracion-del-dia-internacional-de-la-danza-desde-el-28-al-30-de-abril\/\",\"name\":\"Celebraci\u00f3n del D\u00eda Internacional de la Danza, desde el 28 al 30 de abril - Nuestro Bio B\u00edo\",\"isPartOf\":{\"@id\":\"https:\/\/www.fraczinet.cl\/sitio\/#website\"},\"datePublished\":\"2009-04-27T23:10:00+00:00\",\"dateModified\":\"2022-10-04T02:17:12+00:00\",\"breadcrumb\":{\"@id\":\"https:\/\/www.fraczinet.cl\/sitio\/2009\/04\/27\/celebracion-del-dia-internacional-de-la-danza-desde-el-28-al-30-de-abril\/#breadcrumb\"},\"inLanguage\":\"es\",\"potentialAction\":[{\"@type\":\"ReadAction\",\"target\":[\"https:\/\/www.fraczinet.cl\/sitio\/2009\/04\/27\/celebracion-del-dia-internacional-de-la-danza-desde-el-28-al-30-de-abril\/\"]}]},{\"@type\":\"BreadcrumbList\",\"@id\":\"https:\/\/www.fraczinet.cl\/sitio\/2009\/04\/27\/celebracion-del-dia-internacional-de-la-danza-desde-el-28-al-30-de-abril\/#breadcrumb\",\"itemListElement\":[{\"@type\":\"ListItem\",\"position\":1,\"name\":\"Portada\",\"item\":\"https:\/\/www.fraczinet.cl\/sitio\/\"},{\"@type\":\"ListItem\",\"position\":2,\"name\":\"Celebraci\u00f3n del D\u00eda Internacional de la Danza, desde el 28 al 30 de abril\"}]},{\"@type\":\"WebSite\",\"@id\":\"https:\/\/www.fraczinet.cl\/sitio\/#website\",\"url\":\"https:\/\/www.fraczinet.cl\/sitio\/\",\"name\":\"Nuestro Bio B\u00edo\",\"description\":\"Tierra de Encuentros\",\"publisher\":{\"@id\":\"https:\/\/www.fraczinet.cl\/sitio\/#\/schema\/person\/aec8ee4da68df2b9b0eefdad24a0d582\"},\"potentialAction\":[{\"@type\":\"SearchAction\",\"target\":{\"@type\":\"EntryPoint\",\"urlTemplate\":\"https:\/\/www.fraczinet.cl\/sitio\/?s={search_term_string}\"},\"query-input\":{\"@type\":\"PropertyValueSpecification\",\"valueRequired\":true,\"valueName\":\"search_term_string\"}}],\"inLanguage\":\"es\"},{\"@type\":[\"Person\",\"Organization\"],\"@id\":\"https:\/\/www.fraczinet.cl\/sitio\/#\/schema\/person\/aec8ee4da68df2b9b0eefdad24a0d582\",\"name\":\"Luis Fernando Fraczinet\",\"image\":{\"@type\":\"ImageObject\",\"inLanguage\":\"es\",\"@id\":\"https:\/\/www.fraczinet.cl\/sitio\/#\/schema\/person\/image\/\",\"url\":\"https:\/\/www.fraczinet.cl\/sitio\/wp-content\/uploads\/2021\/07\/bannerlogo-1.gif\",\"contentUrl\":\"https:\/\/www.fraczinet.cl\/sitio\/wp-content\/uploads\/2021\/07\/bannerlogo-1.gif\",\"width\":159,\"height\":79,\"caption\":\"Luis Fernando Fraczinet\"},\"logo\":{\"@id\":\"https:\/\/www.fraczinet.cl\/sitio\/#\/schema\/person\/image\/\"},\"sameAs\":[\"https:\/\/www.fraczinet.cl\/sitio\/\"]},{\"@type\":\"Person\",\"@id\":\"https:\/\/www.fraczinet.cl\/sitio\/#\/schema\/person\/bc30f98e9cb10ae7e119dbe14bc93784\",\"name\":\"admin\",\"image\":{\"@type\":\"ImageObject\",\"inLanguage\":\"es\",\"@id\":\"https:\/\/www.fraczinet.cl\/sitio\/#\/schema\/person\/image\/\",\"url\":\"https:\/\/secure.gravatar.com\/avatar\/d5ad3cf7ef3b23a2bb5be73be780c86b2fc8545c3ad6b149f3913ff458c00099?s=96&d=mm&r=g\",\"contentUrl\":\"https:\/\/secure.gravatar.com\/avatar\/d5ad3cf7ef3b23a2bb5be73be780c86b2fc8545c3ad6b149f3913ff458c00099?s=96&d=mm&r=g\",\"caption\":\"admin\"},\"sameAs\":[\"https:\/\/www.fraczinet.cl\/sitio\"]}]}<\/script>\n<!-- \/ Yoast SEO plugin. -->","yoast_head_json":{"title":"Celebraci\u00f3n del D\u00eda Internacional de la Danza, desde el 28 al 30 de abril - Nuestro Bio B\u00edo","robots":{"index":"index","follow":"follow","max-snippet":"max-snippet:-1","max-image-preview":"max-image-preview:large","max-video-preview":"max-video-preview:-1"},"canonical":"https:\/\/www.fraczinet.cl\/sitio\/2009\/04\/27\/celebracion-del-dia-internacional-de-la-danza-desde-el-28-al-30-de-abril\/","og_locale":"es_ES","og_type":"article","og_title":"Celebraci\u00f3n del D\u00eda Internacional de la Danza, desde el 28 al 30 de abril - Nuestro Bio B\u00edo","og_description":"Actividades danc\u00edsticas se llevar\u00e1n a acabo en las comunas de Coronel, Alto B\u00edo, Chill\u00e1n, Coelemu y Los \u00c1lamos. Desde el 28 al 30 de abril, bajo el slogan \u201cConstruyamos una danza en igualdad y equidad, de norte a sur, de mar a cordillera: una danza para todos\u201d, la Regi\u00f3n del B\u00edo B\u00edo celebra el D\u00eda [&hellip;]","og_url":"https:\/\/www.fraczinet.cl\/sitio\/2009\/04\/27\/celebracion-del-dia-internacional-de-la-danza-desde-el-28-al-30-de-abril\/","og_site_name":"Nuestro Bio B\u00edo","article_published_time":"2009-04-27T23:10:00+00:00","article_modified_time":"2022-10-04T02:17:12+00:00","og_image":[{"width":159,"height":79,"url":"https:\/\/www.fraczinet.cl\/sitio\/wp-content\/uploads\/2021\/07\/bannerlogo-1.gif","type":"image\/gif"}],"author":"admin","twitter_card":"summary_large_image","twitter_creator":"@nuestrobiobio","twitter_site":"@nuestrobiobio","twitter_misc":{"Escrito por":"admin","Tiempo de lectura":"2 minutos"},"schema":{"@context":"https:\/\/schema.org","@graph":[{"@type":"Article","@id":"https:\/\/www.fraczinet.cl\/sitio\/2009\/04\/27\/celebracion-del-dia-internacional-de-la-danza-desde-el-28-al-30-de-abril\/#article","isPartOf":{"@id":"https:\/\/www.fraczinet.cl\/sitio\/2009\/04\/27\/celebracion-del-dia-internacional-de-la-danza-desde-el-28-al-30-de-abril\/"},"author":{"name":"admin","@id":"https:\/\/www.fraczinet.cl\/sitio\/#\/schema\/person\/bc30f98e9cb10ae7e119dbe14bc93784"},"headline":"Celebraci\u00f3n del D\u00eda Internacional de la Danza, desde el 28 al 30 de abril","datePublished":"2009-04-27T23:10:00+00:00","dateModified":"2022-10-04T02:17:12+00:00","mainEntityOfPage":{"@id":"https:\/\/www.fraczinet.cl\/sitio\/2009\/04\/27\/celebracion-del-dia-internacional-de-la-danza-desde-el-28-al-30-de-abril\/"},"wordCount":417,"commentCount":0,"publisher":{"@id":"https:\/\/www.fraczinet.cl\/sitio\/#\/schema\/person\/aec8ee4da68df2b9b0eefdad24a0d582"},"articleSection":["Danza"],"inLanguage":"es","potentialAction":[{"@type":"CommentAction","name":"Comment","target":["https:\/\/www.fraczinet.cl\/sitio\/2009\/04\/27\/celebracion-del-dia-internacional-de-la-danza-desde-el-28-al-30-de-abril\/#respond"]}]},{"@type":"WebPage","@id":"https:\/\/www.fraczinet.cl\/sitio\/2009\/04\/27\/celebracion-del-dia-internacional-de-la-danza-desde-el-28-al-30-de-abril\/","url":"https:\/\/www.fraczinet.cl\/sitio\/2009\/04\/27\/celebracion-del-dia-internacional-de-la-danza-desde-el-28-al-30-de-abril\/","name":"Celebraci\u00f3n del D\u00eda Internacional de la Danza, desde el 28 al 30 de abril - Nuestro Bio B\u00edo","isPartOf":{"@id":"https:\/\/www.fraczinet.cl\/sitio\/#website"},"datePublished":"2009-04-27T23:10:00+00:00","dateModified":"2022-10-04T02:17:12+00:00","breadcrumb":{"@id":"https:\/\/www.fraczinet.cl\/sitio\/2009\/04\/27\/celebracion-del-dia-internacional-de-la-danza-desde-el-28-al-30-de-abril\/#breadcrumb"},"inLanguage":"es","potentialAction":[{"@type":"ReadAction","target":["https:\/\/www.fraczinet.cl\/sitio\/2009\/04\/27\/celebracion-del-dia-internacional-de-la-danza-desde-el-28-al-30-de-abril\/"]}]},{"@type":"BreadcrumbList","@id":"https:\/\/www.fraczinet.cl\/sitio\/2009\/04\/27\/celebracion-del-dia-internacional-de-la-danza-desde-el-28-al-30-de-abril\/#breadcrumb","itemListElement":[{"@type":"ListItem","position":1,"name":"Portada","item":"https:\/\/www.fraczinet.cl\/sitio\/"},{"@type":"ListItem","position":2,"name":"Celebraci\u00f3n del D\u00eda Internacional de la Danza, desde el 28 al 30 de abril"}]},{"@type":"WebSite","@id":"https:\/\/www.fraczinet.cl\/sitio\/#website","url":"https:\/\/www.fraczinet.cl\/sitio\/","name":"Nuestro Bio B\u00edo","description":"Tierra de Encuentros","publisher":{"@id":"https:\/\/www.fraczinet.cl\/sitio\/#\/schema\/person\/aec8ee4da68df2b9b0eefdad24a0d582"},"potentialAction":[{"@type":"SearchAction","target":{"@type":"EntryPoint","urlTemplate":"https:\/\/www.fraczinet.cl\/sitio\/?s={search_term_string}"},"query-input":{"@type":"PropertyValueSpecification","valueRequired":true,"valueName":"search_term_string"}}],"inLanguage":"es"},{"@type":["Person","Organization"],"@id":"https:\/\/www.fraczinet.cl\/sitio\/#\/schema\/person\/aec8ee4da68df2b9b0eefdad24a0d582","name":"Luis Fernando Fraczinet","image":{"@type":"ImageObject","inLanguage":"es","@id":"https:\/\/www.fraczinet.cl\/sitio\/#\/schema\/person\/image\/","url":"https:\/\/www.fraczinet.cl\/sitio\/wp-content\/uploads\/2021\/07\/bannerlogo-1.gif","contentUrl":"https:\/\/www.fraczinet.cl\/sitio\/wp-content\/uploads\/2021\/07\/bannerlogo-1.gif","width":159,"height":79,"caption":"Luis Fernando Fraczinet"},"logo":{"@id":"https:\/\/www.fraczinet.cl\/sitio\/#\/schema\/person\/image\/"},"sameAs":["https:\/\/www.fraczinet.cl\/sitio\/"]},{"@type":"Person","@id":"https:\/\/www.fraczinet.cl\/sitio\/#\/schema\/person\/bc30f98e9cb10ae7e119dbe14bc93784","name":"admin","image":{"@type":"ImageObject","inLanguage":"es","@id":"https:\/\/www.fraczinet.cl\/sitio\/#\/schema\/person\/image\/","url":"https:\/\/secure.gravatar.com\/avatar\/d5ad3cf7ef3b23a2bb5be73be780c86b2fc8545c3ad6b149f3913ff458c00099?s=96&d=mm&r=g","contentUrl":"https:\/\/secure.gravatar.com\/avatar\/d5ad3cf7ef3b23a2bb5be73be780c86b2fc8545c3ad6b149f3913ff458c00099?s=96&d=mm&r=g","caption":"admin"},"sameAs":["https:\/\/www.fraczinet.cl\/sitio"]}]}},"_links":{"self":[{"href":"https:\/\/www.fraczinet.cl\/sitio\/wp-json\/wp\/v2\/posts\/4999","targetHints":{"allow":["GET"]}}],"collection":[{"href":"https:\/\/www.fraczinet.cl\/sitio\/wp-json\/wp\/v2\/posts"}],"about":[{"href":"https:\/\/www.fraczinet.cl\/sitio\/wp-json\/wp\/v2\/types\/post"}],"author":[{"embeddable":true,"href":"https:\/\/www.fraczinet.cl\/sitio\/wp-json\/wp\/v2\/users\/1"}],"replies":[{"embeddable":true,"href":"https:\/\/www.fraczinet.cl\/sitio\/wp-json\/wp\/v2\/comments?post=4999"}],"version-history":[{"count":1,"href":"https:\/\/www.fraczinet.cl\/sitio\/wp-json\/wp\/v2\/posts\/4999\/revisions"}],"predecessor-version":[{"id":13798,"href":"https:\/\/www.fraczinet.cl\/sitio\/wp-json\/wp\/v2\/posts\/4999\/revisions\/13798"}],"wp:attachment":[{"href":"https:\/\/www.fraczinet.cl\/sitio\/wp-json\/wp\/v2\/media?parent=4999"}],"wp:term":[{"taxonomy":"category","embeddable":true,"href":"https:\/\/www.fraczinet.cl\/sitio\/wp-json\/wp\/v2\/categories?post=4999"},{"taxonomy":"post_tag","embeddable":true,"href":"https:\/\/www.fraczinet.cl\/sitio\/wp-json\/wp\/v2\/tags?post=4999"}],"curies":[{"name":"wp","href":"https:\/\/api.w.org\/{rel}","templated":true}]}}