{"id":5067,"date":"2009-03-26T03:59:00","date_gmt":"2009-03-26T03:59:00","guid":{"rendered":"https:\/\/www.fraczinet.cl\/sitio\/2009\/03\/26\/talleres-culturales-en-pabellon-83-de-lota\/"},"modified":"2022-10-06T22:16:30","modified_gmt":"2022-10-06T22:16:30","slug":"talleres-culturales-en-pabellon-83-de-lota","status":"publish","type":"post","link":"https:\/\/www.fraczinet.cl\/sitio\/2009\/03\/26\/talleres-culturales-en-pabellon-83-de-lota\/","title":{"rendered":"Talleres Culturales en Pabell\u00f3n 83 de Lota"},"content":{"rendered":"<div style=\"text-align: justify;\">El domingo 29 de marzo comienzan los talleres que ha organizado, para el primer semestre, el Centro Cultural Pabell\u00f3n 83 de Lota. Los interesados podr\u00e1n inscribirse en talleres de Literatura, Teatro Infantil, Mosaico, Guitarra y Computaci\u00f3n nivel avanzado. <\/div>\n<div style=\"text-align: justify;\"><\/div>\n<div style=\"text-align: justify;\">Mayor informaci\u00f3n:<\/div>\n<div style=\"text-align: justify;\">Carlos Cousi\u00f1o s\/n, sector fundici\u00f3n,  Lota Alto.<\/div>\n<div style=\"text-align: justify;\">Tel\u00e9fono: 2873219<\/div>\n<div style=\"text-align: justify;\">administracion@pabellon83.cl<\/div>\n<div style=\"text-align: justify;\">www.pabellon83.cl<\/div>\n","protected":false},"excerpt":{"rendered":"<p>El domingo 29 de marzo comienzan los talleres que ha organizado, para el primer semestre, el Centro Cultural Pabell\u00f3n 83 de Lota. Los interesados podr\u00e1n inscribirse en talleres de Literatura, Teatro Infantil, Mosaico, Guitarra y Computaci\u00f3n nivel avanzado. Mayor informaci\u00f3n: Carlos Cousi\u00f1o s\/n, sector fundici\u00f3n, Lota Alto. Tel\u00e9fono: 2873219 administracion@pabellon83.cl www.pabellon83.cl<\/p>\n","protected":false},"author":1,"featured_media":0,"comment_status":"open","ping_status":"open","sticky":false,"template":"","format":"standard","meta":{"footnotes":""},"categories":[223],"tags":[],"class_list":["post-5067","post","type-post","status-publish","format-standard","hentry","category-talleres"],"yoast_head":"<!-- This site is optimized with the Yoast SEO plugin v25.0 - https:\/\/yoast.com\/wordpress\/plugins\/seo\/ -->\n<title>Talleres Culturales en Pabell\u00f3n 83 de Lota - Nuestro Bio B\u00edo<\/title>\n<meta name=\"robots\" content=\"index, follow, max-snippet:-1, max-image-preview:large, max-video-preview:-1\" \/>\n<link rel=\"canonical\" href=\"https:\/\/www.fraczinet.cl\/sitio\/2009\/03\/26\/talleres-culturales-en-pabellon-83-de-lota\/\" \/>\n<meta property=\"og:locale\" content=\"es_ES\" \/>\n<meta property=\"og:type\" content=\"article\" \/>\n<meta property=\"og:title\" content=\"Talleres Culturales en Pabell\u00f3n 83 de Lota - Nuestro Bio B\u00edo\" \/>\n<meta property=\"og:description\" content=\"El domingo 29 de marzo comienzan los talleres que ha organizado, para el primer semestre, el Centro Cultural Pabell\u00f3n 83 de Lota. Los interesados podr\u00e1n inscribirse en talleres de Literatura, Teatro Infantil, Mosaico, Guitarra y Computaci\u00f3n nivel avanzado. Mayor informaci\u00f3n: Carlos Cousi\u00f1o s\/n, sector fundici\u00f3n, Lota Alto. Tel\u00e9fono: 2873219 administracion@pabellon83.cl www.pabellon83.cl\" \/>\n<meta property=\"og:url\" content=\"https:\/\/www.fraczinet.cl\/sitio\/2009\/03\/26\/talleres-culturales-en-pabellon-83-de-lota\/\" \/>\n<meta property=\"og:site_name\" content=\"Nuestro Bio B\u00edo\" \/>\n<meta property=\"article:published_time\" content=\"2009-03-26T03:59:00+00:00\" \/>\n<meta property=\"article:modified_time\" content=\"2022-10-06T22:16:30+00:00\" \/>\n<meta property=\"og:image\" content=\"https:\/\/www.fraczinet.cl\/sitio\/wp-content\/uploads\/2021\/07\/bannerlogo-1.gif\" \/>\n\t<meta property=\"og:image:width\" content=\"159\" \/>\n\t<meta property=\"og:image:height\" content=\"79\" \/>\n\t<meta property=\"og:image:type\" content=\"image\/gif\" \/>\n<meta name=\"author\" content=\"admin\" \/>\n<meta name=\"twitter:card\" content=\"summary_large_image\" \/>\n<meta name=\"twitter:creator\" content=\"@nuestrobiobio\" \/>\n<meta name=\"twitter:site\" content=\"@nuestrobiobio\" \/>\n<meta name=\"twitter:label1\" content=\"Escrito por\" \/>\n\t<meta name=\"twitter:data1\" content=\"admin\" \/>\n<script type=\"application\/ld+json\" class=\"yoast-schema-graph\">{\"@context\":\"https:\/\/schema.org\",\"@graph\":[{\"@type\":\"Article\",\"@id\":\"https:\/\/www.fraczinet.cl\/sitio\/2009\/03\/26\/talleres-culturales-en-pabellon-83-de-lota\/#article\",\"isPartOf\":{\"@id\":\"https:\/\/www.fraczinet.cl\/sitio\/2009\/03\/26\/talleres-culturales-en-pabellon-83-de-lota\/\"},\"author\":{\"name\":\"admin\",\"@id\":\"https:\/\/www.fraczinet.cl\/sitio\/#\/schema\/person\/bc30f98e9cb10ae7e119dbe14bc93784\"},\"headline\":\"Talleres Culturales en Pabell\u00f3n 83 de Lota\",\"datePublished\":\"2009-03-26T03:59:00+00:00\",\"dateModified\":\"2022-10-06T22:16:30+00:00\",\"mainEntityOfPage\":{\"@id\":\"https:\/\/www.fraczinet.cl\/sitio\/2009\/03\/26\/talleres-culturales-en-pabellon-83-de-lota\/\"},\"wordCount\":67,\"commentCount\":0,\"publisher\":{\"@id\":\"https:\/\/www.fraczinet.cl\/sitio\/#\/schema\/person\/aec8ee4da68df2b9b0eefdad24a0d582\"},\"articleSection\":[\"Talleres\"],\"inLanguage\":\"es\",\"potentialAction\":[{\"@type\":\"CommentAction\",\"name\":\"Comment\",\"target\":[\"https:\/\/www.fraczinet.cl\/sitio\/2009\/03\/26\/talleres-culturales-en-pabellon-83-de-lota\/#respond\"]}]},{\"@type\":\"WebPage\",\"@id\":\"https:\/\/www.fraczinet.cl\/sitio\/2009\/03\/26\/talleres-culturales-en-pabellon-83-de-lota\/\",\"url\":\"https:\/\/www.fraczinet.cl\/sitio\/2009\/03\/26\/talleres-culturales-en-pabellon-83-de-lota\/\",\"name\":\"Talleres Culturales en Pabell\u00f3n 83 de Lota - Nuestro Bio B\u00edo\",\"isPartOf\":{\"@id\":\"https:\/\/www.fraczinet.cl\/sitio\/#website\"},\"datePublished\":\"2009-03-26T03:59:00+00:00\",\"dateModified\":\"2022-10-06T22:16:30+00:00\",\"breadcrumb\":{\"@id\":\"https:\/\/www.fraczinet.cl\/sitio\/2009\/03\/26\/talleres-culturales-en-pabellon-83-de-lota\/#breadcrumb\"},\"inLanguage\":\"es\",\"potentialAction\":[{\"@type\":\"ReadAction\",\"target\":[\"https:\/\/www.fraczinet.cl\/sitio\/2009\/03\/26\/talleres-culturales-en-pabellon-83-de-lota\/\"]}]},{\"@type\":\"BreadcrumbList\",\"@id\":\"https:\/\/www.fraczinet.cl\/sitio\/2009\/03\/26\/talleres-culturales-en-pabellon-83-de-lota\/#breadcrumb\",\"itemListElement\":[{\"@type\":\"ListItem\",\"position\":1,\"name\":\"Portada\",\"item\":\"https:\/\/www.fraczinet.cl\/sitio\/\"},{\"@type\":\"ListItem\",\"position\":2,\"name\":\"Talleres Culturales en Pabell\u00f3n 83 de Lota\"}]},{\"@type\":\"WebSite\",\"@id\":\"https:\/\/www.fraczinet.cl\/sitio\/#website\",\"url\":\"https:\/\/www.fraczinet.cl\/sitio\/\",\"name\":\"Nuestro Bio B\u00edo\",\"description\":\"Tierra de Encuentros\",\"publisher\":{\"@id\":\"https:\/\/www.fraczinet.cl\/sitio\/#\/schema\/person\/aec8ee4da68df2b9b0eefdad24a0d582\"},\"potentialAction\":[{\"@type\":\"SearchAction\",\"target\":{\"@type\":\"EntryPoint\",\"urlTemplate\":\"https:\/\/www.fraczinet.cl\/sitio\/?s={search_term_string}\"},\"query-input\":{\"@type\":\"PropertyValueSpecification\",\"valueRequired\":true,\"valueName\":\"search_term_string\"}}],\"inLanguage\":\"es\"},{\"@type\":[\"Person\",\"Organization\"],\"@id\":\"https:\/\/www.fraczinet.cl\/sitio\/#\/schema\/person\/aec8ee4da68df2b9b0eefdad24a0d582\",\"name\":\"Luis Fernando Fraczinet\",\"image\":{\"@type\":\"ImageObject\",\"inLanguage\":\"es\",\"@id\":\"https:\/\/www.fraczinet.cl\/sitio\/#\/schema\/person\/image\/\",\"url\":\"https:\/\/www.fraczinet.cl\/sitio\/wp-content\/uploads\/2021\/07\/bannerlogo-1.gif\",\"contentUrl\":\"https:\/\/www.fraczinet.cl\/sitio\/wp-content\/uploads\/2021\/07\/bannerlogo-1.gif\",\"width\":159,\"height\":79,\"caption\":\"Luis Fernando Fraczinet\"},\"logo\":{\"@id\":\"https:\/\/www.fraczinet.cl\/sitio\/#\/schema\/person\/image\/\"},\"sameAs\":[\"https:\/\/www.fraczinet.cl\/sitio\/\"]},{\"@type\":\"Person\",\"@id\":\"https:\/\/www.fraczinet.cl\/sitio\/#\/schema\/person\/bc30f98e9cb10ae7e119dbe14bc93784\",\"name\":\"admin\",\"image\":{\"@type\":\"ImageObject\",\"inLanguage\":\"es\",\"@id\":\"https:\/\/www.fraczinet.cl\/sitio\/#\/schema\/person\/image\/\",\"url\":\"https:\/\/secure.gravatar.com\/avatar\/d5ad3cf7ef3b23a2bb5be73be780c86b2fc8545c3ad6b149f3913ff458c00099?s=96&d=mm&r=g\",\"contentUrl\":\"https:\/\/secure.gravatar.com\/avatar\/d5ad3cf7ef3b23a2bb5be73be780c86b2fc8545c3ad6b149f3913ff458c00099?s=96&d=mm&r=g\",\"caption\":\"admin\"},\"sameAs\":[\"https:\/\/www.fraczinet.cl\/sitio\"]}]}<\/script>\n<!-- \/ Yoast SEO plugin. -->","yoast_head_json":{"title":"Talleres Culturales en Pabell\u00f3n 83 de Lota - Nuestro Bio B\u00edo","robots":{"index":"index","follow":"follow","max-snippet":"max-snippet:-1","max-image-preview":"max-image-preview:large","max-video-preview":"max-video-preview:-1"},"canonical":"https:\/\/www.fraczinet.cl\/sitio\/2009\/03\/26\/talleres-culturales-en-pabellon-83-de-lota\/","og_locale":"es_ES","og_type":"article","og_title":"Talleres Culturales en Pabell\u00f3n 83 de Lota - Nuestro Bio B\u00edo","og_description":"El domingo 29 de marzo comienzan los talleres que ha organizado, para el primer semestre, el Centro Cultural Pabell\u00f3n 83 de Lota. Los interesados podr\u00e1n inscribirse en talleres de Literatura, Teatro Infantil, Mosaico, Guitarra y Computaci\u00f3n nivel avanzado. Mayor informaci\u00f3n: Carlos Cousi\u00f1o s\/n, sector fundici\u00f3n, Lota Alto. Tel\u00e9fono: 2873219 administracion@pabellon83.cl www.pabellon83.cl","og_url":"https:\/\/www.fraczinet.cl\/sitio\/2009\/03\/26\/talleres-culturales-en-pabellon-83-de-lota\/","og_site_name":"Nuestro Bio B\u00edo","article_published_time":"2009-03-26T03:59:00+00:00","article_modified_time":"2022-10-06T22:16:30+00:00","og_image":[{"width":159,"height":79,"url":"https:\/\/www.fraczinet.cl\/sitio\/wp-content\/uploads\/2021\/07\/bannerlogo-1.gif","type":"image\/gif"}],"author":"admin","twitter_card":"summary_large_image","twitter_creator":"@nuestrobiobio","twitter_site":"@nuestrobiobio","twitter_misc":{"Escrito por":"admin"},"schema":{"@context":"https:\/\/schema.org","@graph":[{"@type":"Article","@id":"https:\/\/www.fraczinet.cl\/sitio\/2009\/03\/26\/talleres-culturales-en-pabellon-83-de-lota\/#article","isPartOf":{"@id":"https:\/\/www.fraczinet.cl\/sitio\/2009\/03\/26\/talleres-culturales-en-pabellon-83-de-lota\/"},"author":{"name":"admin","@id":"https:\/\/www.fraczinet.cl\/sitio\/#\/schema\/person\/bc30f98e9cb10ae7e119dbe14bc93784"},"headline":"Talleres Culturales en Pabell\u00f3n 83 de Lota","datePublished":"2009-03-26T03:59:00+00:00","dateModified":"2022-10-06T22:16:30+00:00","mainEntityOfPage":{"@id":"https:\/\/www.fraczinet.cl\/sitio\/2009\/03\/26\/talleres-culturales-en-pabellon-83-de-lota\/"},"wordCount":67,"commentCount":0,"publisher":{"@id":"https:\/\/www.fraczinet.cl\/sitio\/#\/schema\/person\/aec8ee4da68df2b9b0eefdad24a0d582"},"articleSection":["Talleres"],"inLanguage":"es","potentialAction":[{"@type":"CommentAction","name":"Comment","target":["https:\/\/www.fraczinet.cl\/sitio\/2009\/03\/26\/talleres-culturales-en-pabellon-83-de-lota\/#respond"]}]},{"@type":"WebPage","@id":"https:\/\/www.fraczinet.cl\/sitio\/2009\/03\/26\/talleres-culturales-en-pabellon-83-de-lota\/","url":"https:\/\/www.fraczinet.cl\/sitio\/2009\/03\/26\/talleres-culturales-en-pabellon-83-de-lota\/","name":"Talleres Culturales en Pabell\u00f3n 83 de Lota - Nuestro Bio B\u00edo","isPartOf":{"@id":"https:\/\/www.fraczinet.cl\/sitio\/#website"},"datePublished":"2009-03-26T03:59:00+00:00","dateModified":"2022-10-06T22:16:30+00:00","breadcrumb":{"@id":"https:\/\/www.fraczinet.cl\/sitio\/2009\/03\/26\/talleres-culturales-en-pabellon-83-de-lota\/#breadcrumb"},"inLanguage":"es","potentialAction":[{"@type":"ReadAction","target":["https:\/\/www.fraczinet.cl\/sitio\/2009\/03\/26\/talleres-culturales-en-pabellon-83-de-lota\/"]}]},{"@type":"BreadcrumbList","@id":"https:\/\/www.fraczinet.cl\/sitio\/2009\/03\/26\/talleres-culturales-en-pabellon-83-de-lota\/#breadcrumb","itemListElement":[{"@type":"ListItem","position":1,"name":"Portada","item":"https:\/\/www.fraczinet.cl\/sitio\/"},{"@type":"ListItem","position":2,"name":"Talleres Culturales en Pabell\u00f3n 83 de Lota"}]},{"@type":"WebSite","@id":"https:\/\/www.fraczinet.cl\/sitio\/#website","url":"https:\/\/www.fraczinet.cl\/sitio\/","name":"Nuestro Bio B\u00edo","description":"Tierra de Encuentros","publisher":{"@id":"https:\/\/www.fraczinet.cl\/sitio\/#\/schema\/person\/aec8ee4da68df2b9b0eefdad24a0d582"},"potentialAction":[{"@type":"SearchAction","target":{"@type":"EntryPoint","urlTemplate":"https:\/\/www.fraczinet.cl\/sitio\/?s={search_term_string}"},"query-input":{"@type":"PropertyValueSpecification","valueRequired":true,"valueName":"search_term_string"}}],"inLanguage":"es"},{"@type":["Person","Organization"],"@id":"https:\/\/www.fraczinet.cl\/sitio\/#\/schema\/person\/aec8ee4da68df2b9b0eefdad24a0d582","name":"Luis Fernando Fraczinet","image":{"@type":"ImageObject","inLanguage":"es","@id":"https:\/\/www.fraczinet.cl\/sitio\/#\/schema\/person\/image\/","url":"https:\/\/www.fraczinet.cl\/sitio\/wp-content\/uploads\/2021\/07\/bannerlogo-1.gif","contentUrl":"https:\/\/www.fraczinet.cl\/sitio\/wp-content\/uploads\/2021\/07\/bannerlogo-1.gif","width":159,"height":79,"caption":"Luis Fernando Fraczinet"},"logo":{"@id":"https:\/\/www.fraczinet.cl\/sitio\/#\/schema\/person\/image\/"},"sameAs":["https:\/\/www.fraczinet.cl\/sitio\/"]},{"@type":"Person","@id":"https:\/\/www.fraczinet.cl\/sitio\/#\/schema\/person\/bc30f98e9cb10ae7e119dbe14bc93784","name":"admin","image":{"@type":"ImageObject","inLanguage":"es","@id":"https:\/\/www.fraczinet.cl\/sitio\/#\/schema\/person\/image\/","url":"https:\/\/secure.gravatar.com\/avatar\/d5ad3cf7ef3b23a2bb5be73be780c86b2fc8545c3ad6b149f3913ff458c00099?s=96&d=mm&r=g","contentUrl":"https:\/\/secure.gravatar.com\/avatar\/d5ad3cf7ef3b23a2bb5be73be780c86b2fc8545c3ad6b149f3913ff458c00099?s=96&d=mm&r=g","caption":"admin"},"sameAs":["https:\/\/www.fraczinet.cl\/sitio"]}]}},"_links":{"self":[{"href":"https:\/\/www.fraczinet.cl\/sitio\/wp-json\/wp\/v2\/posts\/5067","targetHints":{"allow":["GET"]}}],"collection":[{"href":"https:\/\/www.fraczinet.cl\/sitio\/wp-json\/wp\/v2\/posts"}],"about":[{"href":"https:\/\/www.fraczinet.cl\/sitio\/wp-json\/wp\/v2\/types\/post"}],"author":[{"embeddable":true,"href":"https:\/\/www.fraczinet.cl\/sitio\/wp-json\/wp\/v2\/users\/1"}],"replies":[{"embeddable":true,"href":"https:\/\/www.fraczinet.cl\/sitio\/wp-json\/wp\/v2\/comments?post=5067"}],"version-history":[{"count":1,"href":"https:\/\/www.fraczinet.cl\/sitio\/wp-json\/wp\/v2\/posts\/5067\/revisions"}],"predecessor-version":[{"id":14273,"href":"https:\/\/www.fraczinet.cl\/sitio\/wp-json\/wp\/v2\/posts\/5067\/revisions\/14273"}],"wp:attachment":[{"href":"https:\/\/www.fraczinet.cl\/sitio\/wp-json\/wp\/v2\/media?parent=5067"}],"wp:term":[{"taxonomy":"category","embeddable":true,"href":"https:\/\/www.fraczinet.cl\/sitio\/wp-json\/wp\/v2\/categories?post=5067"},{"taxonomy":"post_tag","embeddable":true,"href":"https:\/\/www.fraczinet.cl\/sitio\/wp-json\/wp\/v2\/tags?post=5067"}],"curies":[{"name":"wp","href":"https:\/\/api.w.org\/{rel}","templated":true}]}}