{"id":5068,"date":"2009-03-25T11:56:00","date_gmt":"2009-03-25T11:56:00","guid":{"rendered":"https:\/\/www.fraczinet.cl\/sitio\/2009\/03\/25\/la-fantasma-de-cantervilla-itinera-por-barrios-de-la-region\/"},"modified":"2009-03-25T11:56:00","modified_gmt":"2009-03-25T11:56:00","slug":"la-fantasma-de-cantervilla-itinera-por-barrios-de-la-region","status":"publish","type":"post","link":"https:\/\/www.fraczinet.cl\/sitio\/la-fantasma-de-cantervilla-itinera-por-barrios-de-la-region\/","title":{"rendered":"La Fantasma de Cantervilla itinera por barrios de la Regi\u00f3n"},"content":{"rendered":"<div style=\"text-align: justify;\">Desde el 12 de marzo hasta el 05 de abril la Compa\u00f1\u00eda de Teatro de T\u00edteres Vagabundo realizar\u00e1 diversas presentaciones con la obra \u201cLa Fantasma de Cantervilla\u201d, en diferentes barrios de la Regi\u00f3n del B\u00edo B\u00edo.<\/div>\n<div style=\"text-align: justify;\"><\/div>\n<div style=\"text-align: justify;\">La itinerancia de la obra, pensada para toda la familia, se enmarca en el \u201cPrograma Verano en Buena\u201d, impulsado por el Consejo Nacional de la Cultura y las Artes.<\/div>\n<div style=\"text-align: justify;\"><\/div>\n<div style=\"text-align: justify;\">Calendario de presentaciones<\/div>\n<div style=\"text-align: justify;\"><\/div>\n<div style=\"text-align: justify;\">Barrio Leiva (Ca\u00f1ete)<\/div>\n<div style=\"text-align: justify;\">Sede Social<\/div>\n<div style=\"text-align: justify;\">26 de marzo, 18:00 hrs.<\/div>\n<div style=\"text-align: justify;\"><\/div>\n<div style=\"text-align: justify;\">Barrio Chillancito (Curanilahue)<\/div>\n<div style=\"text-align: justify;\">Colegio Buena Esperanza<\/div>\n<div style=\"text-align: justify;\">27 de marzo, 18:00 hrs.<\/div>\n<div style=\"text-align: justify;\"><\/div>\n<div style=\"text-align: justify;\">Barrio Ag\u00fcita de la Perdiz (Concepci\u00f3n)<\/div>\n<div style=\"text-align: justify;\">Escuela F 560<\/div>\n<div style=\"text-align: justify;\">28 de marzo, 18:00 hrs.<\/div>\n<div style=\"text-align: justify;\"><\/div>\n<div style=\"text-align: justify;\">Barrio Plaza Cruz (Concepci\u00f3n)<\/div>\n<div style=\"text-align: justify;\">Colegio Mar\u00eda Inmaculada<\/div>\n<div style=\"text-align: justify;\">29 de marzo, 16:00 hrs.<\/div>\n<div style=\"text-align: justify;\"><\/div>\n<div style=\"text-align: justify;\">Barrio Pedro de Valdivia Bajo (Concepci\u00f3n)<\/div>\n<div style=\"text-align: justify;\">Junta de Vecinos n\u00ba 32<\/div>\n<div style=\"text-align: justify;\">04 de abril, 18:00 hrs.<\/div>\n<div style=\"text-align: justify;\"><\/div>\n<div style=\"text-align: justify;\">Barrio El Roble (Chill\u00e1n)<\/div>\n<div style=\"text-align: justify;\">Sede Vecinal Junta de Vecinos<\/div>\n<div style=\"text-align: justify;\">05 de abril, 16:00 hrs.<\/div>\n<div style=\"text-align: justify;\"><\/div>\n<div style=\"text-align: justify;\">Todas las presentaciones son con entrada liberada.<\/div>\n<div style=\"text-align: justify;\"><\/div>\n<div style=\"text-align: justify;\"><\/div>\n","protected":false},"excerpt":{"rendered":"<p>Desde el 12 de marzo hasta el 05 de abril la Compa\u00f1\u00eda de Teatro de T\u00edteres Vagabundo realizar\u00e1 diversas presentaciones con la obra \u201cLa Fantasma de Cantervilla\u201d, en diferentes barrios de la Regi\u00f3n del B\u00edo B\u00edo. La itinerancia de la obra, pensada para toda la familia, se enmarca en el \u201cPrograma Verano en Buena\u201d, impulsado [&hellip;]<\/p>\n","protected":false},"author":1,"featured_media":0,"comment_status":"open","ping_status":"closed","sticky":false,"template":"","format":"standard","meta":{"footnotes":""},"categories":[44,127],"tags":[],"class_list":["post-5068","post","type-post","status-publish","format-standard","hentry","category-eventos","category-teatro"],"yoast_head":"<!-- This site is optimized with the Yoast SEO plugin v28.2 - https:\/\/yoast.com\/product\/yoast-seo-wordpress\/ -->\n<title>La Fantasma de Cantervilla itinera por barrios de la Regi\u00f3n - Nuestro Bio B\u00edo<\/title>\n<meta name=\"robots\" content=\"index, follow, max-snippet:-1, max-image-preview:large, max-video-preview:-1\" \/>\n<link rel=\"canonical\" href=\"https:\/\/www.fraczinet.cl\/sitio\/la-fantasma-de-cantervilla-itinera-por-barrios-de-la-region\/\" \/>\n<meta property=\"og:locale\" content=\"es_ES\" \/>\n<meta property=\"og:type\" content=\"article\" \/>\n<meta property=\"og:title\" content=\"La Fantasma de Cantervilla itinera por barrios de la Regi\u00f3n - Nuestro Bio B\u00edo\" \/>\n<meta property=\"og:description\" content=\"Desde el 12 de marzo hasta el 05 de abril la Compa\u00f1\u00eda de Teatro de T\u00edteres Vagabundo realizar\u00e1 diversas presentaciones con la obra \u201cLa Fantasma de Cantervilla\u201d, en diferentes barrios de la Regi\u00f3n del B\u00edo B\u00edo. La itinerancia de la obra, pensada para toda la familia, se enmarca en el \u201cPrograma Verano en Buena\u201d, impulsado [&hellip;]\" \/>\n<meta property=\"og:url\" content=\"https:\/\/www.fraczinet.cl\/sitio\/la-fantasma-de-cantervilla-itinera-por-barrios-de-la-region\/\" \/>\n<meta property=\"og:site_name\" content=\"Nuestro Bio B\u00edo\" \/>\n<meta property=\"article:publisher\" content=\"https:\/\/www.facebook.com\/groups\/15721414452\/\" \/>\n<meta property=\"article:published_time\" content=\"2009-03-25T11:56:00+00:00\" \/>\n<meta property=\"og:image\" content=\"https:\/\/www.fraczinet.cl\/sitio\/wp-content\/uploads\/2021\/07\/bannerlogo-1.gif\" \/>\n\t<meta property=\"og:image:width\" content=\"159\" \/>\n\t<meta property=\"og:image:height\" content=\"79\" \/>\n\t<meta property=\"og:image:type\" content=\"image\/gif\" \/>\n<meta name=\"twitter:card\" content=\"summary_large_image\" \/>\n<meta name=\"twitter:creator\" content=\"@nuestrobiobio\" \/>\n<meta name=\"twitter:site\" content=\"@nuestrobiobio\" \/>\n<meta name=\"twitter:label1\" content=\"Escrito por\" \/>\n\t<meta name=\"twitter:data1\" content=\"\" \/>\n\t<meta name=\"twitter:label2\" content=\"Tiempo de lectura\" \/>\n\t<meta name=\"twitter:data2\" content=\"1 minuto\" \/>\n<script type=\"application\/ld+json\" class=\"yoast-schema-graph\">{\"@context\":\"https:\\\/\\\/schema.org\",\"@graph\":[{\"@type\":\"Article\",\"@id\":\"https:\\\/\\\/www.fraczinet.cl\\\/sitio\\\/la-fantasma-de-cantervilla-itinera-por-barrios-de-la-region\\\/#article\",\"isPartOf\":{\"@id\":\"https:\\\/\\\/www.fraczinet.cl\\\/sitio\\\/la-fantasma-de-cantervilla-itinera-por-barrios-de-la-region\\\/\"},\"author\":{\"name\":\"\",\"@id\":\"\"},\"headline\":\"La Fantasma de Cantervilla itinera por barrios de la Regi\u00f3n\",\"datePublished\":\"2009-03-25T11:56:00+00:00\",\"mainEntityOfPage\":{\"@id\":\"https:\\\/\\\/www.fraczinet.cl\\\/sitio\\\/la-fantasma-de-cantervilla-itinera-por-barrios-de-la-region\\\/\"},\"wordCount\":159,\"commentCount\":0,\"articleSection\":[\"Eventos\",\"Teatro\"],\"inLanguage\":\"es\",\"potentialAction\":[{\"@type\":\"CommentAction\",\"name\":\"Comment\",\"target\":[\"https:\\\/\\\/www.fraczinet.cl\\\/sitio\\\/la-fantasma-de-cantervilla-itinera-por-barrios-de-la-region\\\/#respond\"]}]},{\"@type\":\"WebPage\",\"@id\":\"https:\\\/\\\/www.fraczinet.cl\\\/sitio\\\/la-fantasma-de-cantervilla-itinera-por-barrios-de-la-region\\\/\",\"url\":\"https:\\\/\\\/www.fraczinet.cl\\\/sitio\\\/la-fantasma-de-cantervilla-itinera-por-barrios-de-la-region\\\/\",\"name\":\"La Fantasma de Cantervilla itinera por barrios de la Regi\u00f3n - Nuestro Bio B\u00edo\",\"isPartOf\":{\"@id\":\"https:\\\/\\\/www.fraczinet.cl\\\/sitio\\\/#website\"},\"datePublished\":\"2009-03-25T11:56:00+00:00\",\"author\":{\"@id\":\"\"},\"breadcrumb\":{\"@id\":\"https:\\\/\\\/www.fraczinet.cl\\\/sitio\\\/la-fantasma-de-cantervilla-itinera-por-barrios-de-la-region\\\/#breadcrumb\"},\"inLanguage\":\"es\",\"potentialAction\":[{\"@type\":\"ReadAction\",\"target\":[\"https:\\\/\\\/www.fraczinet.cl\\\/sitio\\\/la-fantasma-de-cantervilla-itinera-por-barrios-de-la-region\\\/\"]}]},{\"@type\":\"BreadcrumbList\",\"@id\":\"https:\\\/\\\/www.fraczinet.cl\\\/sitio\\\/la-fantasma-de-cantervilla-itinera-por-barrios-de-la-region\\\/#breadcrumb\",\"itemListElement\":[{\"@type\":\"ListItem\",\"position\":1,\"name\":\"Portada\",\"item\":\"https:\\\/\\\/www.fraczinet.cl\\\/sitio\\\/\"},{\"@type\":\"ListItem\",\"position\":2,\"name\":\"La Fantasma de Cantervilla itinera por barrios de la Regi\u00f3n\"}]},{\"@type\":\"WebSite\",\"@id\":\"https:\\\/\\\/www.fraczinet.cl\\\/sitio\\\/#website\",\"url\":\"https:\\\/\\\/www.fraczinet.cl\\\/sitio\\\/\",\"name\":\"Nuestro Bio B\u00edo\",\"description\":\"Tierra de Encuentros\",\"potentialAction\":[{\"@type\":\"SearchAction\",\"target\":{\"@type\":\"EntryPoint\",\"urlTemplate\":\"https:\\\/\\\/www.fraczinet.cl\\\/sitio\\\/?s={search_term_string}\"},\"query-input\":{\"@type\":\"PropertyValueSpecification\",\"valueRequired\":true,\"valueName\":\"search_term_string\"}}],\"inLanguage\":\"es\"},{\"@type\":\"Person\",\"@id\":\"\"}]}<\/script>\n<!-- \/ Yoast SEO plugin. -->","yoast_head_json":{"title":"La Fantasma de Cantervilla itinera por barrios de la Regi\u00f3n - Nuestro Bio B\u00edo","robots":{"index":"index","follow":"follow","max-snippet":"max-snippet:-1","max-image-preview":"max-image-preview:large","max-video-preview":"max-video-preview:-1"},"canonical":"https:\/\/www.fraczinet.cl\/sitio\/la-fantasma-de-cantervilla-itinera-por-barrios-de-la-region\/","og_locale":"es_ES","og_type":"article","og_title":"La Fantasma de Cantervilla itinera por barrios de la Regi\u00f3n - Nuestro Bio B\u00edo","og_description":"Desde el 12 de marzo hasta el 05 de abril la Compa\u00f1\u00eda de Teatro de T\u00edteres Vagabundo realizar\u00e1 diversas presentaciones con la obra \u201cLa Fantasma de Cantervilla\u201d, en diferentes barrios de la Regi\u00f3n del B\u00edo B\u00edo. La itinerancia de la obra, pensada para toda la familia, se enmarca en el \u201cPrograma Verano en Buena\u201d, impulsado [&hellip;]","og_url":"https:\/\/www.fraczinet.cl\/sitio\/la-fantasma-de-cantervilla-itinera-por-barrios-de-la-region\/","og_site_name":"Nuestro Bio B\u00edo","article_publisher":"https:\/\/www.facebook.com\/groups\/15721414452\/","article_published_time":"2009-03-25T11:56:00+00:00","og_image":[{"width":159,"height":79,"url":"https:\/\/www.fraczinet.cl\/sitio\/wp-content\/uploads\/2021\/07\/bannerlogo-1.gif","type":"image\/gif"}],"twitter_card":"summary_large_image","twitter_creator":"@nuestrobiobio","twitter_site":"@nuestrobiobio","twitter_misc":{"Escrito por":"","Tiempo de lectura":"1 minuto"},"schema":{"@context":"https:\/\/schema.org","@graph":[{"@type":"Article","@id":"https:\/\/www.fraczinet.cl\/sitio\/la-fantasma-de-cantervilla-itinera-por-barrios-de-la-region\/#article","isPartOf":{"@id":"https:\/\/www.fraczinet.cl\/sitio\/la-fantasma-de-cantervilla-itinera-por-barrios-de-la-region\/"},"author":{"name":"","@id":""},"headline":"La Fantasma de Cantervilla itinera por barrios de la Regi\u00f3n","datePublished":"2009-03-25T11:56:00+00:00","mainEntityOfPage":{"@id":"https:\/\/www.fraczinet.cl\/sitio\/la-fantasma-de-cantervilla-itinera-por-barrios-de-la-region\/"},"wordCount":159,"commentCount":0,"articleSection":["Eventos","Teatro"],"inLanguage":"es","potentialAction":[{"@type":"CommentAction","name":"Comment","target":["https:\/\/www.fraczinet.cl\/sitio\/la-fantasma-de-cantervilla-itinera-por-barrios-de-la-region\/#respond"]}]},{"@type":"WebPage","@id":"https:\/\/www.fraczinet.cl\/sitio\/la-fantasma-de-cantervilla-itinera-por-barrios-de-la-region\/","url":"https:\/\/www.fraczinet.cl\/sitio\/la-fantasma-de-cantervilla-itinera-por-barrios-de-la-region\/","name":"La Fantasma de Cantervilla itinera por barrios de la Regi\u00f3n - Nuestro Bio B\u00edo","isPartOf":{"@id":"https:\/\/www.fraczinet.cl\/sitio\/#website"},"datePublished":"2009-03-25T11:56:00+00:00","author":{"@id":""},"breadcrumb":{"@id":"https:\/\/www.fraczinet.cl\/sitio\/la-fantasma-de-cantervilla-itinera-por-barrios-de-la-region\/#breadcrumb"},"inLanguage":"es","potentialAction":[{"@type":"ReadAction","target":["https:\/\/www.fraczinet.cl\/sitio\/la-fantasma-de-cantervilla-itinera-por-barrios-de-la-region\/"]}]},{"@type":"BreadcrumbList","@id":"https:\/\/www.fraczinet.cl\/sitio\/la-fantasma-de-cantervilla-itinera-por-barrios-de-la-region\/#breadcrumb","itemListElement":[{"@type":"ListItem","position":1,"name":"Portada","item":"https:\/\/www.fraczinet.cl\/sitio\/"},{"@type":"ListItem","position":2,"name":"La Fantasma de Cantervilla itinera por barrios de la Regi\u00f3n"}]},{"@type":"WebSite","@id":"https:\/\/www.fraczinet.cl\/sitio\/#website","url":"https:\/\/www.fraczinet.cl\/sitio\/","name":"Nuestro Bio B\u00edo","description":"Tierra de Encuentros","potentialAction":[{"@type":"SearchAction","target":{"@type":"EntryPoint","urlTemplate":"https:\/\/www.fraczinet.cl\/sitio\/?s={search_term_string}"},"query-input":{"@type":"PropertyValueSpecification","valueRequired":true,"valueName":"search_term_string"}}],"inLanguage":"es"},{"@type":"Person","@id":""}]}},"_links":{"self":[{"href":"https:\/\/www.fraczinet.cl\/sitio\/wp-json\/wp\/v2\/posts\/5068","targetHints":{"allow":["GET"]}}],"collection":[{"href":"https:\/\/www.fraczinet.cl\/sitio\/wp-json\/wp\/v2\/posts"}],"about":[{"href":"https:\/\/www.fraczinet.cl\/sitio\/wp-json\/wp\/v2\/types\/post"}],"author":[{"embeddable":true,"href":"https:\/\/www.fraczinet.cl\/sitio\/wp-json\/wp\/v2\/users\/1"}],"replies":[{"embeddable":true,"href":"https:\/\/www.fraczinet.cl\/sitio\/wp-json\/wp\/v2\/comments?post=5068"}],"version-history":[{"count":0,"href":"https:\/\/www.fraczinet.cl\/sitio\/wp-json\/wp\/v2\/posts\/5068\/revisions"}],"wp:attachment":[{"href":"https:\/\/www.fraczinet.cl\/sitio\/wp-json\/wp\/v2\/media?parent=5068"}],"wp:term":[{"taxonomy":"category","embeddable":true,"href":"https:\/\/www.fraczinet.cl\/sitio\/wp-json\/wp\/v2\/categories?post=5068"},{"taxonomy":"post_tag","embeddable":true,"href":"https:\/\/www.fraczinet.cl\/sitio\/wp-json\/wp\/v2\/tags?post=5068"}],"curies":[{"name":"wp","href":"https:\/\/api.w.org\/{rel}","templated":true}]}}