{"id":5079,"date":"2009-03-20T18:30:00","date_gmt":"2009-03-20T18:30:00","guid":{"rendered":"https:\/\/www.fraczinet.cl\/sitio\/2009\/03\/20\/wall-mapu-kimun-la-universidad-de-la-vida\/"},"modified":"2009-03-20T18:30:00","modified_gmt":"2009-03-20T18:30:00","slug":"wall-mapu-kimun-la-universidad-de-la-vida","status":"publish","type":"post","link":"https:\/\/www.fraczinet.cl\/sitio\/2009\/03\/20\/wall-mapu-kimun-la-universidad-de-la-vida\/","title":{"rendered":"Wall Mapu Kim\u00fcn La universidad de la vida"},"content":{"rendered":"<div style=\"text-align: justify;\">Iv\u00e1n Ancat\u00e9n, curandero Mapuche, viaja hacia Alto B\u00edo B\u00edo en busca de un agua sanadora que emana del cr\u00e1ter del Volc\u00e1n Copahue. All\u00ed se relaciona \u00edntimamente con la naturaleza y comparte con sus pobladores, se sorprende al ver su cultura en estado puro, pero tambi\u00e9n, toma conciencia de la perdida de identidad que ha sufrido por vivir en la ciudad. Al llegar a la cima del volc\u00e1n, se da cuenta que la Madre tierra lo ha llevado hasta ah\u00ed con el prop\u00f3sito de reencontrarse con sus ra\u00edces&#8230;<\/div>\n<div style=\"text-align: justify;\"><\/div>\n<div style=\"text-align: justify;\">Documental pronto a estrenarse<\/div>\n<div style=\"text-align: justify;\"><\/div>\n<div style=\"text-align: justify;\">Invita:<\/div>\n<div style=\"text-align: justify;\"><\/div>\n<div style=\"text-align: justify;\">Imaginaria Audiovisual (http:\/\/www.imaginariaudiovisual.com\/)<\/div>\n<div style=\"text-align: justify;\"><\/div>\n<div style=\"text-align: justify;\">Kalule<\/div>\n<div style=\"text-align: justify;\">(http:\/\/www.myspace.com\/kalule)<\/div>\n<div style=\"text-align: justify;\"><\/div>\n<div style=\"text-align: justify;\">Organizador(a):AfricAm\u00e9ricA<\/div>\n<div style=\"text-align: justify;\">Tipo: Viajes &#8211; Excursi\u00f3n<\/div>\n<div style=\"text-align: justify;\">Fecha:  Domingo, 21 de junio de 2009<\/div>\n<div style=\"text-align: justify;\">Hora:  0:00 &#8211; 1:00<\/div>\n<div style=\"text-align: justify;\">Lugar:  Parque Ecuador, Sector La Cascada<\/div>\n<div style=\"text-align: justify;\">Calle:  Victor Lamas<\/div>\n<div style=\"text-align: justify;\">Ciudad\/Pueblo:  Concepci\u00f3n, Chile<\/div>\n<div style=\"text-align: justify;\">Tel\u00e9fono: 4121388510976660<\/div>\n<div style=\"text-align: justify;\">Direcci\u00f3n de correo electr\u00f3nico: contacto@imaginariaudiovisual<\/div>\n<p><\/p>\n","protected":false},"excerpt":{"rendered":"<p>Iv\u00e1n Ancat\u00e9n, curandero Mapuche, viaja hacia Alto B\u00edo B\u00edo en busca de un agua sanadora que emana del cr\u00e1ter del Volc\u00e1n Copahue. All\u00ed se relaciona \u00edntimamente con la naturaleza y comparte con sus pobladores, se sorprende al ver su cultura en estado puro, pero tambi\u00e9n, toma conciencia de la perdida de identidad que ha sufrido [&hellip;]<\/p>\n","protected":false},"author":1,"featured_media":0,"comment_status":"open","ping_status":"open","sticky":false,"template":"","format":"standard","meta":{"footnotes":""},"categories":[53,32,164],"tags":[],"class_list":["post-5079","post","type-post","status-publish","format-standard","hentry","category-alto-bio-bio","category-cine","category-documentales"],"yoast_head":"<!-- This site is optimized with the Yoast SEO plugin v25.0 - https:\/\/yoast.com\/wordpress\/plugins\/seo\/ -->\n<title>Wall Mapu Kim\u00fcn La universidad de la vida - Nuestro Bio B\u00edo<\/title>\n<meta name=\"robots\" content=\"index, follow, max-snippet:-1, max-image-preview:large, max-video-preview:-1\" \/>\n<link rel=\"canonical\" href=\"https:\/\/www.fraczinet.cl\/sitio\/2009\/03\/20\/wall-mapu-kimun-la-universidad-de-la-vida\/\" \/>\n<meta property=\"og:locale\" content=\"es_ES\" \/>\n<meta property=\"og:type\" content=\"article\" \/>\n<meta property=\"og:title\" content=\"Wall Mapu Kim\u00fcn La universidad de la vida - Nuestro Bio B\u00edo\" \/>\n<meta property=\"og:description\" content=\"Iv\u00e1n Ancat\u00e9n, curandero Mapuche, viaja hacia Alto B\u00edo B\u00edo en busca de un agua sanadora que emana del cr\u00e1ter del Volc\u00e1n Copahue. All\u00ed se relaciona \u00edntimamente con la naturaleza y comparte con sus pobladores, se sorprende al ver su cultura en estado puro, pero tambi\u00e9n, toma conciencia de la perdida de identidad que ha sufrido [&hellip;]\" \/>\n<meta property=\"og:url\" content=\"https:\/\/www.fraczinet.cl\/sitio\/2009\/03\/20\/wall-mapu-kimun-la-universidad-de-la-vida\/\" \/>\n<meta property=\"og:site_name\" content=\"Nuestro Bio B\u00edo\" \/>\n<meta property=\"article:published_time\" content=\"2009-03-20T18:30:00+00:00\" \/>\n<meta property=\"og:image\" content=\"https:\/\/www.fraczinet.cl\/sitio\/wp-content\/uploads\/2021\/07\/bannerlogo-1.gif\" \/>\n\t<meta property=\"og:image:width\" content=\"159\" \/>\n\t<meta property=\"og:image:height\" content=\"79\" \/>\n\t<meta property=\"og:image:type\" content=\"image\/gif\" \/>\n<meta name=\"author\" content=\"admin\" \/>\n<meta name=\"twitter:card\" content=\"summary_large_image\" \/>\n<meta name=\"twitter:creator\" content=\"@nuestrobiobio\" \/>\n<meta name=\"twitter:site\" content=\"@nuestrobiobio\" \/>\n<meta name=\"twitter:label1\" content=\"Escrito por\" \/>\n\t<meta name=\"twitter:data1\" content=\"admin\" \/>\n\t<meta name=\"twitter:label2\" content=\"Tiempo de lectura\" \/>\n\t<meta name=\"twitter:data2\" content=\"1 minuto\" \/>\n<script type=\"application\/ld+json\" class=\"yoast-schema-graph\">{\"@context\":\"https:\/\/schema.org\",\"@graph\":[{\"@type\":\"Article\",\"@id\":\"https:\/\/www.fraczinet.cl\/sitio\/2009\/03\/20\/wall-mapu-kimun-la-universidad-de-la-vida\/#article\",\"isPartOf\":{\"@id\":\"https:\/\/www.fraczinet.cl\/sitio\/2009\/03\/20\/wall-mapu-kimun-la-universidad-de-la-vida\/\"},\"author\":{\"name\":\"admin\",\"@id\":\"https:\/\/www.fraczinet.cl\/sitio\/#\/schema\/person\/bc30f98e9cb10ae7e119dbe14bc93784\"},\"headline\":\"Wall Mapu Kim\u00fcn La universidad de la vida\",\"datePublished\":\"2009-03-20T18:30:00+00:00\",\"mainEntityOfPage\":{\"@id\":\"https:\/\/www.fraczinet.cl\/sitio\/2009\/03\/20\/wall-mapu-kimun-la-universidad-de-la-vida\/\"},\"wordCount\":163,\"commentCount\":0,\"publisher\":{\"@id\":\"https:\/\/www.fraczinet.cl\/sitio\/#\/schema\/person\/aec8ee4da68df2b9b0eefdad24a0d582\"},\"articleSection\":[\"Alto Bio B\u00edo\",\"Cine\",\"Documentales\"],\"inLanguage\":\"es\",\"potentialAction\":[{\"@type\":\"CommentAction\",\"name\":\"Comment\",\"target\":[\"https:\/\/www.fraczinet.cl\/sitio\/2009\/03\/20\/wall-mapu-kimun-la-universidad-de-la-vida\/#respond\"]}]},{\"@type\":\"WebPage\",\"@id\":\"https:\/\/www.fraczinet.cl\/sitio\/2009\/03\/20\/wall-mapu-kimun-la-universidad-de-la-vida\/\",\"url\":\"https:\/\/www.fraczinet.cl\/sitio\/2009\/03\/20\/wall-mapu-kimun-la-universidad-de-la-vida\/\",\"name\":\"Wall Mapu Kim\u00fcn La universidad de la vida - Nuestro Bio B\u00edo\",\"isPartOf\":{\"@id\":\"https:\/\/www.fraczinet.cl\/sitio\/#website\"},\"datePublished\":\"2009-03-20T18:30:00+00:00\",\"breadcrumb\":{\"@id\":\"https:\/\/www.fraczinet.cl\/sitio\/2009\/03\/20\/wall-mapu-kimun-la-universidad-de-la-vida\/#breadcrumb\"},\"inLanguage\":\"es\",\"potentialAction\":[{\"@type\":\"ReadAction\",\"target\":[\"https:\/\/www.fraczinet.cl\/sitio\/2009\/03\/20\/wall-mapu-kimun-la-universidad-de-la-vida\/\"]}]},{\"@type\":\"BreadcrumbList\",\"@id\":\"https:\/\/www.fraczinet.cl\/sitio\/2009\/03\/20\/wall-mapu-kimun-la-universidad-de-la-vida\/#breadcrumb\",\"itemListElement\":[{\"@type\":\"ListItem\",\"position\":1,\"name\":\"Portada\",\"item\":\"https:\/\/www.fraczinet.cl\/sitio\/\"},{\"@type\":\"ListItem\",\"position\":2,\"name\":\"Wall Mapu Kim\u00fcn La universidad de la vida\"}]},{\"@type\":\"WebSite\",\"@id\":\"https:\/\/www.fraczinet.cl\/sitio\/#website\",\"url\":\"https:\/\/www.fraczinet.cl\/sitio\/\",\"name\":\"Nuestro Bio B\u00edo\",\"description\":\"Tierra de Encuentros\",\"publisher\":{\"@id\":\"https:\/\/www.fraczinet.cl\/sitio\/#\/schema\/person\/aec8ee4da68df2b9b0eefdad24a0d582\"},\"potentialAction\":[{\"@type\":\"SearchAction\",\"target\":{\"@type\":\"EntryPoint\",\"urlTemplate\":\"https:\/\/www.fraczinet.cl\/sitio\/?s={search_term_string}\"},\"query-input\":{\"@type\":\"PropertyValueSpecification\",\"valueRequired\":true,\"valueName\":\"search_term_string\"}}],\"inLanguage\":\"es\"},{\"@type\":[\"Person\",\"Organization\"],\"@id\":\"https:\/\/www.fraczinet.cl\/sitio\/#\/schema\/person\/aec8ee4da68df2b9b0eefdad24a0d582\",\"name\":\"Luis Fernando Fraczinet\",\"image\":{\"@type\":\"ImageObject\",\"inLanguage\":\"es\",\"@id\":\"https:\/\/www.fraczinet.cl\/sitio\/#\/schema\/person\/image\/\",\"url\":\"https:\/\/www.fraczinet.cl\/sitio\/wp-content\/uploads\/2021\/07\/bannerlogo-1.gif\",\"contentUrl\":\"https:\/\/www.fraczinet.cl\/sitio\/wp-content\/uploads\/2021\/07\/bannerlogo-1.gif\",\"width\":159,\"height\":79,\"caption\":\"Luis Fernando Fraczinet\"},\"logo\":{\"@id\":\"https:\/\/www.fraczinet.cl\/sitio\/#\/schema\/person\/image\/\"},\"sameAs\":[\"https:\/\/www.fraczinet.cl\/sitio\/\"]},{\"@type\":\"Person\",\"@id\":\"https:\/\/www.fraczinet.cl\/sitio\/#\/schema\/person\/bc30f98e9cb10ae7e119dbe14bc93784\",\"name\":\"admin\",\"image\":{\"@type\":\"ImageObject\",\"inLanguage\":\"es\",\"@id\":\"https:\/\/www.fraczinet.cl\/sitio\/#\/schema\/person\/image\/\",\"url\":\"https:\/\/secure.gravatar.com\/avatar\/d5ad3cf7ef3b23a2bb5be73be780c86b2fc8545c3ad6b149f3913ff458c00099?s=96&d=mm&r=g\",\"contentUrl\":\"https:\/\/secure.gravatar.com\/avatar\/d5ad3cf7ef3b23a2bb5be73be780c86b2fc8545c3ad6b149f3913ff458c00099?s=96&d=mm&r=g\",\"caption\":\"admin\"},\"sameAs\":[\"https:\/\/www.fraczinet.cl\/sitio\"]}]}<\/script>\n<!-- \/ Yoast SEO plugin. -->","yoast_head_json":{"title":"Wall Mapu Kim\u00fcn La universidad de la vida - Nuestro Bio B\u00edo","robots":{"index":"index","follow":"follow","max-snippet":"max-snippet:-1","max-image-preview":"max-image-preview:large","max-video-preview":"max-video-preview:-1"},"canonical":"https:\/\/www.fraczinet.cl\/sitio\/2009\/03\/20\/wall-mapu-kimun-la-universidad-de-la-vida\/","og_locale":"es_ES","og_type":"article","og_title":"Wall Mapu Kim\u00fcn La universidad de la vida - Nuestro Bio B\u00edo","og_description":"Iv\u00e1n Ancat\u00e9n, curandero Mapuche, viaja hacia Alto B\u00edo B\u00edo en busca de un agua sanadora que emana del cr\u00e1ter del Volc\u00e1n Copahue. All\u00ed se relaciona \u00edntimamente con la naturaleza y comparte con sus pobladores, se sorprende al ver su cultura en estado puro, pero tambi\u00e9n, toma conciencia de la perdida de identidad que ha sufrido [&hellip;]","og_url":"https:\/\/www.fraczinet.cl\/sitio\/2009\/03\/20\/wall-mapu-kimun-la-universidad-de-la-vida\/","og_site_name":"Nuestro Bio B\u00edo","article_published_time":"2009-03-20T18:30:00+00:00","og_image":[{"width":159,"height":79,"url":"https:\/\/www.fraczinet.cl\/sitio\/wp-content\/uploads\/2021\/07\/bannerlogo-1.gif","type":"image\/gif"}],"author":"admin","twitter_card":"summary_large_image","twitter_creator":"@nuestrobiobio","twitter_site":"@nuestrobiobio","twitter_misc":{"Escrito por":"admin","Tiempo de lectura":"1 minuto"},"schema":{"@context":"https:\/\/schema.org","@graph":[{"@type":"Article","@id":"https:\/\/www.fraczinet.cl\/sitio\/2009\/03\/20\/wall-mapu-kimun-la-universidad-de-la-vida\/#article","isPartOf":{"@id":"https:\/\/www.fraczinet.cl\/sitio\/2009\/03\/20\/wall-mapu-kimun-la-universidad-de-la-vida\/"},"author":{"name":"admin","@id":"https:\/\/www.fraczinet.cl\/sitio\/#\/schema\/person\/bc30f98e9cb10ae7e119dbe14bc93784"},"headline":"Wall Mapu Kim\u00fcn La universidad de la vida","datePublished":"2009-03-20T18:30:00+00:00","mainEntityOfPage":{"@id":"https:\/\/www.fraczinet.cl\/sitio\/2009\/03\/20\/wall-mapu-kimun-la-universidad-de-la-vida\/"},"wordCount":163,"commentCount":0,"publisher":{"@id":"https:\/\/www.fraczinet.cl\/sitio\/#\/schema\/person\/aec8ee4da68df2b9b0eefdad24a0d582"},"articleSection":["Alto Bio B\u00edo","Cine","Documentales"],"inLanguage":"es","potentialAction":[{"@type":"CommentAction","name":"Comment","target":["https:\/\/www.fraczinet.cl\/sitio\/2009\/03\/20\/wall-mapu-kimun-la-universidad-de-la-vida\/#respond"]}]},{"@type":"WebPage","@id":"https:\/\/www.fraczinet.cl\/sitio\/2009\/03\/20\/wall-mapu-kimun-la-universidad-de-la-vida\/","url":"https:\/\/www.fraczinet.cl\/sitio\/2009\/03\/20\/wall-mapu-kimun-la-universidad-de-la-vida\/","name":"Wall Mapu Kim\u00fcn La universidad de la vida - Nuestro Bio B\u00edo","isPartOf":{"@id":"https:\/\/www.fraczinet.cl\/sitio\/#website"},"datePublished":"2009-03-20T18:30:00+00:00","breadcrumb":{"@id":"https:\/\/www.fraczinet.cl\/sitio\/2009\/03\/20\/wall-mapu-kimun-la-universidad-de-la-vida\/#breadcrumb"},"inLanguage":"es","potentialAction":[{"@type":"ReadAction","target":["https:\/\/www.fraczinet.cl\/sitio\/2009\/03\/20\/wall-mapu-kimun-la-universidad-de-la-vida\/"]}]},{"@type":"BreadcrumbList","@id":"https:\/\/www.fraczinet.cl\/sitio\/2009\/03\/20\/wall-mapu-kimun-la-universidad-de-la-vida\/#breadcrumb","itemListElement":[{"@type":"ListItem","position":1,"name":"Portada","item":"https:\/\/www.fraczinet.cl\/sitio\/"},{"@type":"ListItem","position":2,"name":"Wall Mapu Kim\u00fcn La universidad de la vida"}]},{"@type":"WebSite","@id":"https:\/\/www.fraczinet.cl\/sitio\/#website","url":"https:\/\/www.fraczinet.cl\/sitio\/","name":"Nuestro Bio B\u00edo","description":"Tierra de Encuentros","publisher":{"@id":"https:\/\/www.fraczinet.cl\/sitio\/#\/schema\/person\/aec8ee4da68df2b9b0eefdad24a0d582"},"potentialAction":[{"@type":"SearchAction","target":{"@type":"EntryPoint","urlTemplate":"https:\/\/www.fraczinet.cl\/sitio\/?s={search_term_string}"},"query-input":{"@type":"PropertyValueSpecification","valueRequired":true,"valueName":"search_term_string"}}],"inLanguage":"es"},{"@type":["Person","Organization"],"@id":"https:\/\/www.fraczinet.cl\/sitio\/#\/schema\/person\/aec8ee4da68df2b9b0eefdad24a0d582","name":"Luis Fernando Fraczinet","image":{"@type":"ImageObject","inLanguage":"es","@id":"https:\/\/www.fraczinet.cl\/sitio\/#\/schema\/person\/image\/","url":"https:\/\/www.fraczinet.cl\/sitio\/wp-content\/uploads\/2021\/07\/bannerlogo-1.gif","contentUrl":"https:\/\/www.fraczinet.cl\/sitio\/wp-content\/uploads\/2021\/07\/bannerlogo-1.gif","width":159,"height":79,"caption":"Luis Fernando Fraczinet"},"logo":{"@id":"https:\/\/www.fraczinet.cl\/sitio\/#\/schema\/person\/image\/"},"sameAs":["https:\/\/www.fraczinet.cl\/sitio\/"]},{"@type":"Person","@id":"https:\/\/www.fraczinet.cl\/sitio\/#\/schema\/person\/bc30f98e9cb10ae7e119dbe14bc93784","name":"admin","image":{"@type":"ImageObject","inLanguage":"es","@id":"https:\/\/www.fraczinet.cl\/sitio\/#\/schema\/person\/image\/","url":"https:\/\/secure.gravatar.com\/avatar\/d5ad3cf7ef3b23a2bb5be73be780c86b2fc8545c3ad6b149f3913ff458c00099?s=96&d=mm&r=g","contentUrl":"https:\/\/secure.gravatar.com\/avatar\/d5ad3cf7ef3b23a2bb5be73be780c86b2fc8545c3ad6b149f3913ff458c00099?s=96&d=mm&r=g","caption":"admin"},"sameAs":["https:\/\/www.fraczinet.cl\/sitio"]}]}},"_links":{"self":[{"href":"https:\/\/www.fraczinet.cl\/sitio\/wp-json\/wp\/v2\/posts\/5079","targetHints":{"allow":["GET"]}}],"collection":[{"href":"https:\/\/www.fraczinet.cl\/sitio\/wp-json\/wp\/v2\/posts"}],"about":[{"href":"https:\/\/www.fraczinet.cl\/sitio\/wp-json\/wp\/v2\/types\/post"}],"author":[{"embeddable":true,"href":"https:\/\/www.fraczinet.cl\/sitio\/wp-json\/wp\/v2\/users\/1"}],"replies":[{"embeddable":true,"href":"https:\/\/www.fraczinet.cl\/sitio\/wp-json\/wp\/v2\/comments?post=5079"}],"version-history":[{"count":0,"href":"https:\/\/www.fraczinet.cl\/sitio\/wp-json\/wp\/v2\/posts\/5079\/revisions"}],"wp:attachment":[{"href":"https:\/\/www.fraczinet.cl\/sitio\/wp-json\/wp\/v2\/media?parent=5079"}],"wp:term":[{"taxonomy":"category","embeddable":true,"href":"https:\/\/www.fraczinet.cl\/sitio\/wp-json\/wp\/v2\/categories?post=5079"},{"taxonomy":"post_tag","embeddable":true,"href":"https:\/\/www.fraczinet.cl\/sitio\/wp-json\/wp\/v2\/tags?post=5079"}],"curies":[{"name":"wp","href":"https:\/\/api.w.org\/{rel}","templated":true}]}}